{"id":43282,"date":"2025-05-27T19:30:00","date_gmt":"2025-05-27T22:30:00","guid":{"rendered":"https:\/\/www.correiobraziliense.com.br\/cbradar\/?p=43282"},"modified":"2025-05-26T21:12:08","modified_gmt":"2025-05-27T00:12:08","slug":"esse-filme-vai-tocar-seu-coracao-a-cada-cena","status":"publish","type":"post","link":"https:\/\/www.correiobraziliense.com.br\/cbradar\/esse-filme-vai-tocar-seu-coracao-a-cada-cena\/","title":{"rendered":"Esse filme vai tocar seu cora\u00e7\u00e3o a cada cena"},"content":{"rendered":"\n<p><strong>Extraordin\u00e1rio<\/strong> (<em>Wonder<\/em>) \u00e9 um filme de drama e fam\u00edlia lan\u00e7ado em 2017, dirigido por <strong>Stephen Chbosky<\/strong>, baseado no best-seller de <strong>R.J. Palacio<\/strong>. A hist\u00f3ria acompanha <strong>Auggie Pullman<\/strong>, um garoto que nasceu com uma s\u00edndrome gen\u00e9tica rara que causou deforma\u00e7\u00f5es faciais. Ap\u00f3s anos sendo educado em casa, ele come\u00e7a a frequentar a escola pela primeira vez.<\/p>\n\n\n\n<p>Com o apoio dos pais e da irm\u00e3, Auggie enfrenta o desafio de ser aceito por seus colegas enquanto aprende \u2014 e ensina \u2014 li\u00e7\u00f5es valiosas sobre coragem, amizade e gentileza.<\/p>\n\n\n\n<h2 class=\"wp-block-heading\">Quem s\u00e3o os personagens principais?<\/h2>\n\n\n\n<ul class=\"wp-block-list\">\n<li><strong>Auggie Pullman<\/strong> (Jacob Tremblay): garoto inteligente, sens\u00edvel e corajoso.<\/li>\n\n\n\n<li><strong>Isabel Pullman<\/strong> (Julia Roberts): m\u00e3e protetora e dedicada.<\/li>\n\n\n\n<li><strong>Nate Pullman<\/strong> (Owen Wilson): pai afetuoso e brincalh\u00e3o.<\/li>\n\n\n\n<li><strong>Via Pullman<\/strong> (Izabela Vidovic): irm\u00e3 que aprende a lidar com sua pr\u00f3pria jornada.<\/li>\n\n\n\n<li><strong>Jack Will<\/strong>, <strong>Summer<\/strong>, <strong>Julian<\/strong>: colegas de Auggie que mostram diferentes rea\u00e7\u00f5es ao conv\u00edvio escolar.<\/li>\n<\/ul>\n\n\n\n<figure class=\"wp-block-image size-large\"><img decoding=\"async\" width=\"1024\" height=\"576\" src=\"https:\/\/www.correiobraziliense.com.br\/cbradar\/wp-content\/uploads\/2025\/05\/Extraordinario-2-1024x576.png\" alt=\"Esse filme vai tocar seu cora\u00e7\u00e3o com cada cena\" class=\"wp-image-43283\" srcset=\"https:\/\/www.correiobraziliense.com.br\/cbradar\/wp-content\/uploads\/2025\/05\/Extraordinario-2-1024x576.png 1024w, https:\/\/www.correiobraziliense.com.br\/cbradar\/wp-content\/uploads\/2025\/05\/Extraordinario-2-300x169.png 300w, https:\/\/www.correiobraziliense.com.br\/cbradar\/wp-content\/uploads\/2025\/05\/Extraordinario-2-768x432.png 768w, https:\/\/www.correiobraziliense.com.br\/cbradar\/wp-content\/uploads\/2025\/05\/Extraordinario-2-750x422.png 750w, https:\/\/www.correiobraziliense.com.br\/cbradar\/wp-content\/uploads\/2025\/05\/Extraordinario-2-1140x641.png 1140w, https:\/\/www.correiobraziliense.com.br\/cbradar\/wp-content\/uploads\/2025\/05\/Extraordinario-2.png 1280w\" sizes=\"(max-width: 1024px) 100vw, 1024px\" \/><figcaption class=\"wp-element-caption\">Extraordin\u00e1rio. Fonte: divulga\u00e7\u00e3o \/ Lionsgate<\/figcaption><\/figure>\n\n\n\n<h2 class=\"wp-block-heading\">Como o filme transmite empatia e supera\u00e7\u00e3o?<\/h2>\n\n\n\n<p><em>Extraordin\u00e1rio<\/em> emociona por sua honestidade e sensibilidade. A trama n\u00e3o foca apenas na dor, mas na for\u00e7a de um menino que, com bom humor e cora\u00e7\u00e3o aberto, conquista o respeito de todos ao seu redor. A hist\u00f3ria tamb\u00e9m explora os impactos na fam\u00edlia, mostrando que cada um tem sua batalha invis\u00edvel.<\/p>\n\n\n\n<p>A frase \u201cquando tiver que escolher entre estar certo e ser gentil, escolha ser gentil\u201d resume a ess\u00eancia do filme.<\/p>\n\n\n\n<h2 class=\"wp-block-heading\">Vale a pena assistir Extraordin\u00e1rio?<\/h2>\n\n\n\n<p>Sim. <em>Extraordin\u00e1rio<\/em> \u00e9 uma obra que aquece o cora\u00e7\u00e3o e promove reflex\u00e3o sobre empatia, inclus\u00e3o e aceita\u00e7\u00e3o. \u00c9 perfeito para assistir em fam\u00edlia, com mensagens que tocam crian\u00e7as e adultos.<\/p>\n\n\n\n<p>Um filme simples em forma, mas grandioso em impacto emocional e humano.<\/p>\n\n\n\n<h2 class=\"wp-block-heading\">Curiosidades sobre Extraordin\u00e1rio<\/h2>\n\n\n\n<ul class=\"wp-block-list\">\n<li>O autor R.J. Palacio se inspirou em uma situa\u00e7\u00e3o real com seu filho.<\/li>\n\n\n\n<li>Jacob Tremblay usou pr\u00f3teses e maquiagem para viver Auggie.<\/li>\n\n\n\n<li>O filme arrecadou mais de 300 milh\u00f5es de d\u00f3lares no mundo.<\/li>\n\n\n\n<li>Indicada ao Oscar de Melhor Maquiagem e Cabelo.<\/li>\n<\/ul>\n\n\n\n<iframe loading=\"lazy\" width=\"560\" height=\"315\" src=\"https:\/\/www.youtube.com\/embed\/7lyJtY_TPvk?si=pB2mFi9JwKH2oSwi\" title=\"YouTube video player\" frameborder=\"0\" allow=\"accelerometer; autoplay; clipboard-write; encrypted-media; gyroscope; picture-in-picture; web-share\" referrerpolicy=\"strict-origin-when-cross-origin\" allowfullscreen><\/iframe>\n\n\n\n<h2 class=\"wp-block-heading\">FAQ &#8211; Perguntas frequentes<\/h2>\n\n\n\n<ul class=\"wp-block-list\">\n<li><strong>Onde assistir Extraordin\u00e1rio?<\/strong>\n<ul class=\"wp-block-list\">\n<li>Dispon\u00edvel na <strong>Globoplay<\/strong>, <strong>Prime Video<\/strong>, <strong>Netflix<\/strong> e <strong>Apple TV<\/strong>.<\/li>\n<\/ul>\n<\/li>\n\n\n\n<li><strong>Quem est\u00e1 no elenco principal?<\/strong>\n<ul class=\"wp-block-list\">\n<li><strong>Jacob Tremblay<\/strong>, <strong>Julia Roberts<\/strong>, <strong>Owen Wilson<\/strong>, <strong>Izabela Vidovic<\/strong>, <strong>Noah Jupe<\/strong>.<\/li>\n<\/ul>\n<\/li>\n\n\n\n<li><strong>Qual o ano de lan\u00e7amento do filme?<\/strong>\n<ul class=\"wp-block-list\">\n<li><em>Extraordin\u00e1rio<\/em> foi lan\u00e7ado em 2017.<\/li>\n<\/ul>\n<\/li>\n\n\n\n<li><strong>Qual a produtora respons\u00e1vel pelo filme?<\/strong>\n<ul class=\"wp-block-list\">\n<li>Produzido pela <strong>Lionsgate<\/strong> e <strong>Participant Media<\/strong> em parceria com a <strong>Mandeville Films<\/strong>.<\/li>\n<\/ul>\n<\/li>\n<\/ul>\n","protected":false},"excerpt":{"rendered":"<p>Gentileza, empatia e supera\u00e7\u00e3o em um filme tocante sobre um menino que ensina o mundo a ver al\u00e9m das apar\u00eancias.<\/p>\n","protected":false},"author":3,"featured_media":43284,"comment_status":"open","ping_status":"open","sticky":false,"template":"","format":"standard","meta":{"_yoast_wpseo_focuskw":"Extraordin\u00e1rio","_yoast_wpseo_title":"%%title%%","_yoast_wpseo_metadesc":"Gentileza, empatia e supera\u00e7\u00e3o em um filme tocante sobre um menino que ensina o mundo a ver al\u00e9m das apar\u00eancias.","jnews-multi-image_gallery":[],"jnews_single_post":{"format":"standard"},"jnews_primary_category":[],"jnews_social_meta":[],"jnews_override_counter":[],"footnotes":""},"categories":[140],"post_tag":[568],"class_list":["post-43282","post","type-post","status-publish","format-standard","has-post-thumbnail","hentry","category-entretenimento","tag-series-e-filmes"],"yoast_head":"<!-- This site is optimized with the Yoast SEO plugin v24.6 - https:\/\/yoast.com\/wordpress\/plugins\/seo\/ -->\n<title>Esse filme vai tocar seu cora\u00e7\u00e3o a cada cena<\/title>\n<meta name=\"description\" content=\"Gentileza, empatia e supera\u00e7\u00e3o em um filme tocante sobre um menino que ensina o mundo a ver al\u00e9m das apar\u00eancias.\" \/>\n<meta name=\"robots\" content=\"index, follow, max-snippet:-1, max-image-preview:large, max-video-preview:-1\" \/>\n<link rel=\"canonical\" href=\"https:\/\/www.correiobraziliense.com.br\/cbradar\/esse-filme-vai-tocar-seu-coracao-a-cada-cena\/\" \/>\n<meta property=\"og:locale\" content=\"pt_BR\" \/>\n<meta property=\"og:type\" content=\"article\" \/>\n<meta property=\"og:title\" content=\"Esse filme vai tocar seu cora\u00e7\u00e3o a cada cena\" \/>\n<meta property=\"og:description\" content=\"Gentileza, empatia e supera\u00e7\u00e3o em um filme tocante sobre um menino que ensina o mundo a ver al\u00e9m das apar\u00eancias.\" \/>\n<meta property=\"og:url\" content=\"https:\/\/www.correiobraziliense.com.br\/cbradar\/esse-filme-vai-tocar-seu-coracao-a-cada-cena\/\" \/>\n<meta property=\"og:site_name\" content=\"Correio Braziliense - Radar\" \/>\n<meta property=\"article:published_time\" content=\"2025-05-27T22:30:00+00:00\" \/>\n<meta property=\"og:image\" content=\"https:\/\/www.correiobraziliense.com.br\/cbradar\/wp-content\/uploads\/2025\/05\/Extraordinario.png\" \/>\n\t<meta property=\"og:image:width\" content=\"1280\" \/>\n\t<meta property=\"og:image:height\" content=\"720\" \/>\n\t<meta property=\"og:image:type\" content=\"image\/png\" \/>\n<meta name=\"author\" content=\"Larissa Carvalho\" \/>\n<meta name=\"twitter:card\" content=\"summary_large_image\" \/>\n<meta name=\"twitter:label1\" content=\"Escrito por\" \/>\n\t<meta name=\"twitter:data1\" content=\"Larissa Carvalho\" \/>\n\t<meta name=\"twitter:label2\" content=\"Est. tempo de leitura\" \/>\n\t<meta name=\"twitter:data2\" content=\"3 minutos\" \/>\n<!-- \/ Yoast SEO plugin. -->","yoast_head_json":{"title":"Esse filme vai tocar seu cora\u00e7\u00e3o a cada cena","description":"Gentileza, empatia e supera\u00e7\u00e3o em um filme tocante sobre um menino que ensina o mundo a ver al\u00e9m das apar\u00eancias.","robots":{"index":"index","follow":"follow","max-snippet":"max-snippet:-1","max-image-preview":"max-image-preview:large","max-video-preview":"max-video-preview:-1"},"canonical":"https:\/\/www.correiobraziliense.com.br\/cbradar\/esse-filme-vai-tocar-seu-coracao-a-cada-cena\/","og_locale":"pt_BR","og_type":"article","og_title":"Esse filme vai tocar seu cora\u00e7\u00e3o a cada cena","og_description":"Gentileza, empatia e supera\u00e7\u00e3o em um filme tocante sobre um menino que ensina o mundo a ver al\u00e9m das apar\u00eancias.","og_url":"https:\/\/www.correiobraziliense.com.br\/cbradar\/esse-filme-vai-tocar-seu-coracao-a-cada-cena\/","og_site_name":"Correio Braziliense - Radar","article_published_time":"2025-05-27T22:30:00+00:00","og_image":[{"width":1280,"height":720,"url":"https:\/\/www.correiobraziliense.com.br\/cbradar\/wp-content\/uploads\/2025\/05\/Extraordinario.png","type":"image\/png"}],"author":"Larissa Carvalho","twitter_card":"summary_large_image","twitter_misc":{"Escrito por":"Larissa Carvalho","Est. tempo de leitura":"3 minutos"},"schema":{"@context":"https:\/\/schema.org","@graph":[{"@type":"WebPage","@id":"https:\/\/www.correiobraziliense.com.br\/cbradar\/esse-filme-vai-tocar-seu-coracao-a-cada-cena\/","url":"https:\/\/www.correiobraziliense.com.br\/cbradar\/esse-filme-vai-tocar-seu-coracao-a-cada-cena\/","name":"Esse filme vai tocar seu cora\u00e7\u00e3o a cada cena","isPartOf":{"@id":"https:\/\/www.correiobraziliense.com.br\/cbradar\/#website"},"primaryImageOfPage":{"@id":"https:\/\/www.correiobraziliense.com.br\/cbradar\/esse-filme-vai-tocar-seu-coracao-a-cada-cena\/#primaryimage"},"image":{"@id":"https:\/\/www.correiobraziliense.com.br\/cbradar\/esse-filme-vai-tocar-seu-coracao-a-cada-cena\/#primaryimage"},"thumbnailUrl":"https:\/\/www.correiobraziliense.com.br\/cbradar\/wp-content\/uploads\/2025\/05\/Extraordinario.png","datePublished":"2025-05-27T22:30:00+00:00","author":{"@id":"https:\/\/www.correiobraziliense.com.br\/cbradar\/#\/schema\/person\/58422787644df994b53a19d3e56c1513"},"description":"Gentileza, empatia e supera\u00e7\u00e3o em um filme tocante sobre um menino que ensina o mundo a ver al\u00e9m das apar\u00eancias.","breadcrumb":{"@id":"https:\/\/www.correiobraziliense.com.br\/cbradar\/esse-filme-vai-tocar-seu-coracao-a-cada-cena\/#breadcrumb"},"inLanguage":"pt-BR","potentialAction":[{"@type":"ReadAction","target":["https:\/\/www.correiobraziliense.com.br\/cbradar\/esse-filme-vai-tocar-seu-coracao-a-cada-cena\/"]}]},{"@type":"ImageObject","inLanguage":"pt-BR","@id":"https:\/\/www.correiobraziliense.com.br\/cbradar\/esse-filme-vai-tocar-seu-coracao-a-cada-cena\/#primaryimage","url":"https:\/\/www.correiobraziliense.com.br\/cbradar\/wp-content\/uploads\/2025\/05\/Extraordinario.png","contentUrl":"https:\/\/www.correiobraziliense.com.br\/cbradar\/wp-content\/uploads\/2025\/05\/Extraordinario.png","width":1280,"height":720,"caption":"Extraordin\u00e1rio. Fonte: divulga\u00e7\u00e3o \/ Lionsgate"},{"@type":"BreadcrumbList","@id":"https:\/\/www.correiobraziliense.com.br\/cbradar\/esse-filme-vai-tocar-seu-coracao-a-cada-cena\/#breadcrumb","itemListElement":[{"@type":"ListItem","position":1,"name":"In\u00edcio","item":"https:\/\/www.correiobraziliense.com.br\/cbradar\/"},{"@type":"ListItem","position":2,"name":"Esse filme vai tocar seu cora\u00e7\u00e3o a cada cena"}]},{"@type":"WebSite","@id":"https:\/\/www.correiobraziliense.com.br\/cbradar\/#website","url":"https:\/\/www.correiobraziliense.com.br\/cbradar\/","name":"Correio Braziliense - Radar","description":"Acompanhe as \u00faltimas not\u00edcias e fique bem informado sobre tudo o que acontece no Brasil e no mundo.","potentialAction":[{"@type":"SearchAction","target":{"@type":"EntryPoint","urlTemplate":"https:\/\/www.correiobraziliense.com.br\/cbradar\/?s={search_term_string}"},"query-input":{"@type":"PropertyValueSpecification","valueRequired":true,"valueName":"search_term_string"}}],"inLanguage":"pt-BR"},{"@type":"Person","@id":"https:\/\/www.correiobraziliense.com.br\/cbradar\/#\/schema\/person\/58422787644df994b53a19d3e56c1513","name":"Larissa Carvalho","image":{"@type":"ImageObject","inLanguage":"pt-BR","@id":"https:\/\/www.correiobraziliense.com.br\/cbradar\/#\/schema\/person\/image\/","url":"https:\/\/secure.gravatar.com\/avatar\/fe4f91a0de32b52a838d0d612abdc1aa?s=96&d=mm&r=g","contentUrl":"https:\/\/secure.gravatar.com\/avatar\/fe4f91a0de32b52a838d0d612abdc1aa?s=96&d=mm&r=g","caption":"Larissa Carvalho"},"url":"https:\/\/www.correiobraziliense.com.br\/cbradar\/author\/larissamyth\/"}]}},"_links":{"self":[{"href":"https:\/\/www.correiobraziliense.com.br\/cbradar\/wp-json\/wp\/v2\/posts\/43282","targetHints":{"allow":["GET"]}}],"collection":[{"href":"https:\/\/www.correiobraziliense.com.br\/cbradar\/wp-json\/wp\/v2\/posts"}],"about":[{"href":"https:\/\/www.correiobraziliense.com.br\/cbradar\/wp-json\/wp\/v2\/types\/post"}],"author":[{"embeddable":true,"href":"https:\/\/www.correiobraziliense.com.br\/cbradar\/wp-json\/wp\/v2\/users\/3"}],"replies":[{"embeddable":true,"href":"https:\/\/www.correiobraziliense.com.br\/cbradar\/wp-json\/wp\/v2\/comments?post=43282"}],"version-history":[{"count":2,"href":"https:\/\/www.correiobraziliense.com.br\/cbradar\/wp-json\/wp\/v2\/posts\/43282\/revisions"}],"predecessor-version":[{"id":43388,"href":"https:\/\/www.correiobraziliense.com.br\/cbradar\/wp-json\/wp\/v2\/posts\/43282\/revisions\/43388"}],"wp:featuredmedia":[{"embeddable":true,"href":"https:\/\/www.correiobraziliense.com.br\/cbradar\/wp-json\/wp\/v2\/media\/43284"}],"wp:attachment":[{"href":"https:\/\/www.correiobraziliense.com.br\/cbradar\/wp-json\/wp\/v2\/media?parent=43282"}],"wp:term":[{"taxonomy":"category","embeddable":true,"href":"https:\/\/www.correiobraziliense.com.br\/cbradar\/wp-json\/wp\/v2\/categories?post=43282"},{"taxonomy":"post_tag","embeddable":true,"href":"https:\/\/www.correiobraziliense.com.br\/cbradar\/wp-json\/wp\/v2\/post_tag?post=43282"}],"curies":[{"name":"wp","href":"https:\/\/api.w.org\/{rel}","templated":true}]}}