{"id":43417,"date":"2025-05-27T13:50:00","date_gmt":"2025-05-27T16:50:00","guid":{"rendered":"https:\/\/www.correiobraziliense.com.br\/cbradar\/?p=43417"},"modified":"2025-07-02T15:56:57","modified_gmt":"2025-07-02T18:56:57","slug":"o-culpado-e-o-suspense-ideal-para-quem-ama-tensao-do-inicio-ao-fim","status":"publish","type":"post","link":"https:\/\/www.correiobraziliense.com.br\/cbradar\/o-culpado-e-o-suspense-ideal-para-quem-ama-tensao-do-inicio-ao-fim\/","title":{"rendered":"&#8216;O Culpado&#8217; \u00e9 o suspense ideal para quem ama tens\u00e3o do in\u00edcio ao fim"},"content":{"rendered":"\n<p><strong>O Culpado<\/strong> chegou na <a href=\"https:\/\/www.correiobraziliense.com.br\/cbradar\/netflix-deixara-de-funcionar-nesses-dispositivos-em-junho\/\" target=\"_blank\" rel=\"noreferrer noopener\"><strong>Netflix<\/strong> <\/a>em outubro de 2021 e rapidamente se tornou o filme n\u00famero 1 em 91 pa\u00edses. O thriller estrelado por <strong>Jake Gyllenhaal<\/strong> conseguiu o que poucos filmes fazem: prender a aten\u00e7\u00e3o do p\u00fablico durante 90 minutos usando apenas uma sala e um telefone. A produ\u00e7\u00e3o dirigida por <strong>Antoine Fuqua<\/strong> \u00e9 um remake do filme dinamarqu\u00eas <strong>Culpa<\/strong> de 2018, mas a vers\u00e3o americana trouxe sua pr\u00f3pria personalidade.<\/p>\n\n\n\n<p>O filme conta a hist\u00f3ria de <strong>Joe Baylor<\/strong>, um policial de <strong>Los Angeles<\/strong> que foi rebaixado e agora trabalha como operador do servi\u00e7o de emerg\u00eancia 911. Durante um plant\u00e3o noturno, ele recebe uma liga\u00e7\u00e3o de uma mulher que parece estar pedindo ajuda de forma disfar\u00e7ada. O que come\u00e7a como mais uma chamada de rotina se transforma numa corrida contra o tempo para salvar uma vida. A <strong>Netflix<\/strong> comprou os direitos mundiais por 30 milh\u00f5es de d\u00f3lares, uma aposta que deu certo.<\/p>\n\n\n\n<h2 class=\"wp-block-heading\">Por que Jake Gyllenhaal brilhou tanto neste filme?<\/h2>\n\n\n\n<p><strong>Jake Gyllenhaal<\/strong> carrega o filme inteiro nas costas e faz isso parecer f\u00e1cil. Durante quase toda a hist\u00f3ria, ele est\u00e1 sozinho na tela, conversando apenas por telefone com outros personagens. \u00c9 uma tarefa dif\u00edcil para qualquer ator, mas <strong>Gyllenhaal<\/strong> consegue transmitir toda a tens\u00e3o e desespero do personagem s\u00f3 com suas express\u00f5es faciais e tom de voz.<\/p>\n\n\n\n<p><strong>Joe Baylor<\/strong> \u00e9 um homem atormentado por seu passado e pela situa\u00e7\u00e3o em que se encontra. Ele tem problemas familiares, quest\u00f5es profissionais e est\u00e1 lidando com traumas pessoais. <strong>Gyllenhaal<\/strong> mostra todas essas camadas do personagem de forma natural, fazendo o p\u00fablico se conectar com algu\u00e9m que est\u00e1 claramente passando por momentos dif\u00edceis. A atua\u00e7\u00e3o dele foi t\u00e3o elogiada que muita gente comentou que merecia uma indica\u00e7\u00e3o ao <strong>Oscar<\/strong>.<\/p>\n\n\n\n<h2 class=\"wp-block-heading\">Como conseguiram filmar O Culpado em apenas 11 dias?<\/h2>\n\n\n\n<p>Uma das curiosidades mais impressionantes sobre<a href=\"https:\/\/www.imdb.com\/pt\/title\/tt9421570\/?ref_=fn_all_ttl_1\" target=\"_blank\" rel=\"noreferrer noopener\"> <strong>O Culpado<\/strong> <\/a>\u00e9 que ele foi filmado em apenas 11 dias durante a pandemia de <strong>COVID-19<\/strong> em 2020. <strong>Antoine Fuqua<\/strong> e <strong>Jake Gyllenhaal<\/strong> explicaram que a rapidez foi poss\u00edvel gra\u00e7as a uma organiza\u00e7\u00e3o militar e ao fato de a hist\u00f3ria acontecer praticamente toda num lugar s\u00f3.<\/p>\n\n\n\n<p>A pandemia tamb\u00e9m influenciou as filmagens de formas inesperadas. <strong>Fuqua<\/strong> teve que dirigir o filme de dentro de uma van porque teve contato com algu\u00e9m que testou positivo para COVID. Por isso, se voc\u00ea reparar bem, os outros personagens sempre mant\u00eam dist\u00e2ncia de <strong>Joe<\/strong> durante o filme. O que poderia ter sido um problema virou uma vantagem art\u00edstica, aumentando a sensa\u00e7\u00e3o de isolamento do protagonista.<\/p>\n\n\n\n<h2 class=\"wp-block-heading\">Qual a diferen\u00e7a entre o filme original dinamarqu\u00eas e o remake?<\/h2>\n\n\n\n<p>O filme original <strong>Culpa<\/strong> est\u00e1 dispon\u00edvel no <strong>Amazon Prime Video<\/strong> e vale a pena assistir para comparar as duas vers\u00f5es. A hist\u00f3ria central \u00e9 a mesma, mas o remake americano adicionou elementos que fazem sentido para o contexto dos <strong>Estados Unidos<\/strong>. O maior destaque s\u00e3o os inc\u00eandios florestais que acontecem em <strong>Los Angeles<\/strong> durante a trama.<\/p>\n\n\n\n<p>Esses inc\u00eandios n\u00e3o s\u00e3o apenas cen\u00e1rio. Eles representam o caos que est\u00e1 acontecendo tanto na cidade quanto na mente de <strong>Joe<\/strong>. O roteiro de <strong>Nic Pizzolatto<\/strong>, criador de <strong>True Detective<\/strong>, tamb\u00e9m aprofunda mais o passado do protagonista. Enquanto a vers\u00e3o dinamarquesa \u00e9 mais direta, a americana explora melhor os traumas e motiva\u00e7\u00f5es do personagem principal.<\/p>\n\n\n\n<h2 class=\"wp-block-heading\">Como O Culpado se tornou um fen\u00f4meno mundial?<\/h2>\n\n\n\n<p>Os n\u00fameros impressionam. <strong>O Culpado<\/strong> foi visto por cerca de 69 milh\u00f5es de pessoas nos primeiros 28 dias na <strong>Netflix<\/strong>. Para ter uma ideia, isso fica atr\u00e1s apenas de <strong>Resgate<\/strong>, que at\u00e9 hoje \u00e9 o filme mais assistido da plataforma. O filme conseguiu <strong>69% de aprova\u00e7\u00e3o<\/strong> no <strong>Rotten Tomatoes<\/strong>, com a cr\u00edtica elogiando principalmente a dire\u00e7\u00e3o e a atua\u00e7\u00e3o de <strong>Gyllenhaal<\/strong>.<\/p>\n\n\n\n<p>O sucesso aconteceu porque o filme consegue criar tens\u00e3o usando poucos recursos. \u00c9 o tipo de hist\u00f3ria que funciona em qualquer lugar do mundo porque fala de coisas universais: arrependimento, segunda chances e a vontade de fazer a coisa certa. <strong>Antoine Fuqua<\/strong> provou que n\u00e3o precisa de explos\u00f5es ou persegui\u00e7\u00f5es para fazer um thriller emocionante.<\/p>\n\n\n\n<h2 class=\"wp-block-heading\">Por que hist\u00f3rias claustrof\u00f3bicas funcionam t\u00e3o bem no cinema?<\/h2>\n\n\n\n<figure class=\"wp-block-embed aligncenter is-type-video is-provider-youtube wp-block-embed-youtube wp-embed-aspect-16-9 wp-has-aspect-ratio\"><div class=\"wp-block-embed__wrapper\">\n<div class=\"jeg_video_container jeg_video_content\"><iframe loading=\"lazy\" title=\"O Culpado | Trailer oficial | Jake Gyllenhaal | Netflix\" width=\"500\" height=\"281\" src=\"https:\/\/www.youtube.com\/embed\/Ot-mN7qgYDI?feature=oembed\" frameborder=\"0\" allow=\"accelerometer; autoplay; clipboard-write; encrypted-media; gyroscope; picture-in-picture; web-share\" referrerpolicy=\"strict-origin-when-cross-origin\" allowfullscreen><\/iframe><\/div>\n<\/div><\/figure>\n\n\n\n<p><strong>O Culpado<\/strong> faz parte de um grupo especial de filmes que acontecem basicamente num lugar s\u00f3. Outros exemplos famosos s\u00e3o <strong>Enterrado Vivo<\/strong>, <strong>C\u00e3es de Aluguel<\/strong> e <strong>O Farol<\/strong>. Esse tipo de produ\u00e7\u00e3o for\u00e7a os cineastas a serem criativos e os atores a darem o melhor de si.<\/p>\n\n\n\n<p>A magia acontece quando o p\u00fablico esquece que est\u00e1 vendo um filme feito com recursos limitados. <strong>O Culpado<\/strong> consegue isso porque a hist\u00f3ria \u00e9 envolvente e <strong>Jake Gyllenhaal<\/strong> est\u00e1 em grande forma. O filme prova que uma boa atua\u00e7\u00e3o e um roteiro inteligente valem mais que efeitos especiais caros.<\/p>\n\n\n\n<h2 class=\"wp-block-heading\">O que O Culpado ensina sobre cinema moderno?<\/h2>\n\n\n\n<p><strong>O Culpado<\/strong> mostra que o p\u00fablico est\u00e1 disposto a assistir filmes diferentes, desde que eles sejam bem feitos. Numa \u00e9poca em que muitas produ\u00e7\u00f5es dependem de CGI e or\u00e7amentos milion\u00e1rios, esse filme conseguiu emocionar usando principalmente a voz e as express\u00f5es de <strong>Jake Gyllenhaal<\/strong>.<\/p>\n\n\n\n<p>O filme tamb\u00e9m demonstra como a <strong>Netflix<\/strong> continua apostando em projetos originais e arriscados. Comprar um remake de um filme dinamarqu\u00eas por 30 milh\u00f5es de d\u00f3lares era uma aposta, mas que rendeu frutos. <strong>O Culpado<\/strong> prova que boas hist\u00f3rias s\u00e3o universais e que grandes atores podem carregar um filme inteiro. \u00c9 o tipo de produ\u00e7\u00e3o que lembra por que amamos cinema.<\/p>\n","protected":false},"excerpt":{"rendered":"<p>O Culpado chegou na Netflix em outubro de 2021 e rapidamente se tornou o filme n\u00famero 1 em 91 pa\u00edses. O thriller estrelado por Jake Gyllenhaal conseguiu o que poucos filmes fazem: prender a aten\u00e7\u00e3o do p\u00fablico durante 90 minutos usando apenas uma sala e um telefone. A produ\u00e7\u00e3o dirigida por Antoine Fuqua \u00e9 um [&hellip;]<\/p>\n","protected":false},"author":8,"featured_media":43437,"comment_status":"open","ping_status":"open","sticky":false,"template":"","format":"standard","meta":{"jnews-multi-image_gallery":[],"jnews_single_post":{"format":"standard"},"jnews_primary_category":[],"jnews_social_meta":[],"jnews_override_counter":[],"footnotes":""},"categories":[140],"post_tag":[640,5433,1134],"class_list":["post-43417","post","type-post","status-publish","format-standard","has-post-thumbnail","hentry","category-entretenimento","tag-filme","tag-o-culpado","tag-suspense"],"yoast_head":"<!-- This site is optimized with the Yoast SEO plugin v24.6 - https:\/\/yoast.com\/wordpress\/plugins\/seo\/ -->\n<title>&#039;O Culpado&#039; \u00e9 o suspense ideal para quem ama tens\u00e3o do in\u00edcio ao fim - Correio Braziliense - Radar<\/title>\n<meta name=\"description\" content=\"&quot;O Culpado \u00e9 um suspense psicol\u00f3gico de tirar o f\u00f4lego. Descubra por que esse filme prende do in\u00edcio ao fim.\" \/>\n<meta name=\"robots\" content=\"index, follow, max-snippet:-1, max-image-preview:large, max-video-preview:-1\" \/>\n<link rel=\"canonical\" href=\"https:\/\/www.correiobraziliense.com.br\/cbradar\/o-culpado-e-o-suspense-ideal-para-quem-ama-tensao-do-inicio-ao-fim\/\" \/>\n<meta property=\"og:locale\" content=\"pt_BR\" \/>\n<meta property=\"og:type\" content=\"article\" \/>\n<meta property=\"og:title\" content=\"&#039;O Culpado&#039; \u00e9 o suspense ideal para quem ama tens\u00e3o do in\u00edcio ao fim - Correio Braziliense - Radar\" \/>\n<meta property=\"og:description\" content=\"&quot;O Culpado \u00e9 um suspense psicol\u00f3gico de tirar o f\u00f4lego. Descubra por que esse filme prende do in\u00edcio ao fim.\" \/>\n<meta property=\"og:url\" content=\"https:\/\/www.correiobraziliense.com.br\/cbradar\/o-culpado-e-o-suspense-ideal-para-quem-ama-tensao-do-inicio-ao-fim\/\" \/>\n<meta property=\"og:site_name\" content=\"Correio Braziliense - Radar\" \/>\n<meta property=\"article:published_time\" content=\"2025-05-27T16:50:00+00:00\" \/>\n<meta property=\"article:modified_time\" content=\"2025-07-02T18:56:57+00:00\" \/>\n<meta property=\"og:image\" content=\"https:\/\/www.correiobraziliense.com.br\/cbradar\/wp-content\/uploads\/2025\/05\/Edicoes-31.png\" \/>\n\t<meta property=\"og:image:width\" content=\"1280\" \/>\n\t<meta property=\"og:image:height\" content=\"720\" \/>\n\t<meta property=\"og:image:type\" content=\"image\/png\" \/>\n<meta name=\"author\" content=\"Maura Pereira\" \/>\n<meta name=\"twitter:card\" content=\"summary_large_image\" \/>\n<meta name=\"twitter:label1\" content=\"Escrito por\" \/>\n\t<meta name=\"twitter:data1\" content=\"Maura Pereira\" \/>\n\t<meta name=\"twitter:label2\" content=\"Est. tempo de leitura\" \/>\n\t<meta name=\"twitter:data2\" content=\"6 minutos\" \/>\n<!-- \/ Yoast SEO plugin. -->","yoast_head_json":{"title":"'O Culpado' \u00e9 o suspense ideal para quem ama tens\u00e3o do in\u00edcio ao fim - Correio Braziliense - Radar","description":"\"O Culpado \u00e9 um suspense psicol\u00f3gico de tirar o f\u00f4lego. Descubra por que esse filme prende do in\u00edcio ao fim.","robots":{"index":"index","follow":"follow","max-snippet":"max-snippet:-1","max-image-preview":"max-image-preview:large","max-video-preview":"max-video-preview:-1"},"canonical":"https:\/\/www.correiobraziliense.com.br\/cbradar\/o-culpado-e-o-suspense-ideal-para-quem-ama-tensao-do-inicio-ao-fim\/","og_locale":"pt_BR","og_type":"article","og_title":"'O Culpado' \u00e9 o suspense ideal para quem ama tens\u00e3o do in\u00edcio ao fim - Correio Braziliense - Radar","og_description":"\"O Culpado \u00e9 um suspense psicol\u00f3gico de tirar o f\u00f4lego. Descubra por que esse filme prende do in\u00edcio ao fim.","og_url":"https:\/\/www.correiobraziliense.com.br\/cbradar\/o-culpado-e-o-suspense-ideal-para-quem-ama-tensao-do-inicio-ao-fim\/","og_site_name":"Correio Braziliense - Radar","article_published_time":"2025-05-27T16:50:00+00:00","article_modified_time":"2025-07-02T18:56:57+00:00","og_image":[{"width":1280,"height":720,"url":"https:\/\/www.correiobraziliense.com.br\/cbradar\/wp-content\/uploads\/2025\/05\/Edicoes-31.png","type":"image\/png"}],"author":"Maura Pereira","twitter_card":"summary_large_image","twitter_misc":{"Escrito por":"Maura Pereira","Est. tempo de leitura":"6 minutos"},"schema":{"@context":"https:\/\/schema.org","@graph":[{"@type":"WebPage","@id":"https:\/\/www.correiobraziliense.com.br\/cbradar\/o-culpado-e-o-suspense-ideal-para-quem-ama-tensao-do-inicio-ao-fim\/","url":"https:\/\/www.correiobraziliense.com.br\/cbradar\/o-culpado-e-o-suspense-ideal-para-quem-ama-tensao-do-inicio-ao-fim\/","name":"'O Culpado' \u00e9 o suspense ideal para quem ama tens\u00e3o do in\u00edcio ao fim - Correio Braziliense - Radar","isPartOf":{"@id":"https:\/\/www.correiobraziliense.com.br\/cbradar\/#website"},"primaryImageOfPage":{"@id":"https:\/\/www.correiobraziliense.com.br\/cbradar\/o-culpado-e-o-suspense-ideal-para-quem-ama-tensao-do-inicio-ao-fim\/#primaryimage"},"image":{"@id":"https:\/\/www.correiobraziliense.com.br\/cbradar\/o-culpado-e-o-suspense-ideal-para-quem-ama-tensao-do-inicio-ao-fim\/#primaryimage"},"thumbnailUrl":"https:\/\/www.correiobraziliense.com.br\/cbradar\/wp-content\/uploads\/2025\/05\/Edicoes-31.png","datePublished":"2025-05-27T16:50:00+00:00","dateModified":"2025-07-02T18:56:57+00:00","author":{"@id":"https:\/\/www.correiobraziliense.com.br\/cbradar\/#\/schema\/person\/4053c651a9bfc785afc6f4cbc9032fd3"},"description":"\"O Culpado \u00e9 um suspense psicol\u00f3gico de tirar o f\u00f4lego. Descubra por que esse filme prende do in\u00edcio ao fim.","breadcrumb":{"@id":"https:\/\/www.correiobraziliense.com.br\/cbradar\/o-culpado-e-o-suspense-ideal-para-quem-ama-tensao-do-inicio-ao-fim\/#breadcrumb"},"inLanguage":"pt-BR","potentialAction":[{"@type":"ReadAction","target":["https:\/\/www.correiobraziliense.com.br\/cbradar\/o-culpado-e-o-suspense-ideal-para-quem-ama-tensao-do-inicio-ao-fim\/"]}]},{"@type":"ImageObject","inLanguage":"pt-BR","@id":"https:\/\/www.correiobraziliense.com.br\/cbradar\/o-culpado-e-o-suspense-ideal-para-quem-ama-tensao-do-inicio-ao-fim\/#primaryimage","url":"https:\/\/www.correiobraziliense.com.br\/cbradar\/wp-content\/uploads\/2025\/05\/Edicoes-31.png","contentUrl":"https:\/\/www.correiobraziliense.com.br\/cbradar\/wp-content\/uploads\/2025\/05\/Edicoes-31.png","width":1280,"height":720,"caption":"O Culpado \/\/ Cr\u00e9ditos: IMDb (Foto\/Divulga\u00e7\u00e3o)"},{"@type":"BreadcrumbList","@id":"https:\/\/www.correiobraziliense.com.br\/cbradar\/o-culpado-e-o-suspense-ideal-para-quem-ama-tensao-do-inicio-ao-fim\/#breadcrumb","itemListElement":[{"@type":"ListItem","position":1,"name":"In\u00edcio","item":"https:\/\/www.correiobraziliense.com.br\/cbradar\/"},{"@type":"ListItem","position":2,"name":"&#8216;O Culpado&#8217; \u00e9 o suspense ideal para quem ama tens\u00e3o do in\u00edcio ao fim"}]},{"@type":"WebSite","@id":"https:\/\/www.correiobraziliense.com.br\/cbradar\/#website","url":"https:\/\/www.correiobraziliense.com.br\/cbradar\/","name":"Correio Braziliense - Radar","description":"Acompanhe as \u00faltimas not\u00edcias e fique bem informado sobre tudo o que acontece no Brasil e no mundo.","potentialAction":[{"@type":"SearchAction","target":{"@type":"EntryPoint","urlTemplate":"https:\/\/www.correiobraziliense.com.br\/cbradar\/?s={search_term_string}"},"query-input":{"@type":"PropertyValueSpecification","valueRequired":true,"valueName":"search_term_string"}}],"inLanguage":"pt-BR"},{"@type":"Person","@id":"https:\/\/www.correiobraziliense.com.br\/cbradar\/#\/schema\/person\/4053c651a9bfc785afc6f4cbc9032fd3","name":"Maura Pereira","image":{"@type":"ImageObject","inLanguage":"pt-BR","@id":"https:\/\/www.correiobraziliense.com.br\/cbradar\/#\/schema\/person\/image\/","url":"https:\/\/secure.gravatar.com\/avatar\/3effd6bdadfa447f15089c7f7144eaa6?s=96&d=mm&r=g","contentUrl":"https:\/\/secure.gravatar.com\/avatar\/3effd6bdadfa447f15089c7f7144eaa6?s=96&d=mm&r=g","caption":"Maura Pereira"},"sameAs":["https:\/\/www.correiobraziliense.com.br\/"],"url":"https:\/\/www.correiobraziliense.com.br\/cbradar\/author\/mauramyth\/"}]}},"_links":{"self":[{"href":"https:\/\/www.correiobraziliense.com.br\/cbradar\/wp-json\/wp\/v2\/posts\/43417","targetHints":{"allow":["GET"]}}],"collection":[{"href":"https:\/\/www.correiobraziliense.com.br\/cbradar\/wp-json\/wp\/v2\/posts"}],"about":[{"href":"https:\/\/www.correiobraziliense.com.br\/cbradar\/wp-json\/wp\/v2\/types\/post"}],"author":[{"embeddable":true,"href":"https:\/\/www.correiobraziliense.com.br\/cbradar\/wp-json\/wp\/v2\/users\/8"}],"replies":[{"embeddable":true,"href":"https:\/\/www.correiobraziliense.com.br\/cbradar\/wp-json\/wp\/v2\/comments?post=43417"}],"version-history":[{"count":7,"href":"https:\/\/www.correiobraziliense.com.br\/cbradar\/wp-json\/wp\/v2\/posts\/43417\/revisions"}],"predecessor-version":[{"id":63460,"href":"https:\/\/www.correiobraziliense.com.br\/cbradar\/wp-json\/wp\/v2\/posts\/43417\/revisions\/63460"}],"wp:featuredmedia":[{"embeddable":true,"href":"https:\/\/www.correiobraziliense.com.br\/cbradar\/wp-json\/wp\/v2\/media\/43437"}],"wp:attachment":[{"href":"https:\/\/www.correiobraziliense.com.br\/cbradar\/wp-json\/wp\/v2\/media?parent=43417"}],"wp:term":[{"taxonomy":"category","embeddable":true,"href":"https:\/\/www.correiobraziliense.com.br\/cbradar\/wp-json\/wp\/v2\/categories?post=43417"},{"taxonomy":"post_tag","embeddable":true,"href":"https:\/\/www.correiobraziliense.com.br\/cbradar\/wp-json\/wp\/v2\/post_tag?post=43417"}],"curies":[{"name":"wp","href":"https:\/\/api.w.org\/{rel}","templated":true}]}}