{"id":43489,"date":"2025-06-01T18:23:00","date_gmt":"2025-06-01T21:23:00","guid":{"rendered":"https:\/\/www.correiobraziliense.com.br\/cbradar\/?p=43489"},"modified":"2025-05-28T23:40:50","modified_gmt":"2025-05-29T02:40:50","slug":"esses-sintomas-podem-aparecer-se-o-seu-corpo-ficar-sem-este-mineral","status":"publish","type":"post","link":"https:\/\/www.correiobraziliense.com.br\/cbradar\/esses-sintomas-podem-aparecer-se-o-seu-corpo-ficar-sem-este-mineral\/","title":{"rendered":"Esses sintomas podem aparecer se o seu corpo ficar sem este mineral"},"content":{"rendered":"\n<p>O <a href=\"https:\/\/pt.wikipedia.org\/wiki\/Ferro\" target=\"_blank\" rel=\"noreferrer noopener\"><strong>ferro<\/strong> <\/a>\u00e9 um mineral vital para o funcionamento adequado de in\u00fameros processos biol\u00f3gicos em nosso corpo. Sua fun\u00e7\u00e3o mais conhecida \u00e9 a de componente essencial da <strong>hemoglobina<\/strong>, a prote\u00edna encontrada nas c\u00e9lulas vermelhas do sangue respons\u00e1vel por transportar o oxig\u00eanio dos pulm\u00f5es para todos os tecidos do corpo. Sem ferro suficiente, o corpo n\u00e3o consegue produzir hemoglobina em quantidade adequada, resultando em uma condi\u00e7\u00e3o conhecida como <strong>anemia ferropriva<\/strong>, o tipo mais comum de anemia.<\/p>\n\n\n\n<p>Os riscos da defici\u00eancia de ferro v\u00e3o al\u00e9m da fadiga. A falta desse mineral pode comprometer:<\/p>\n\n\n\n<ul class=\"wp-block-list\">\n<li><strong>Transporte de oxig\u00eanio<\/strong>: Levando a cansa\u00e7o extremo, fraqueza, palidez, falta de ar e tontura.<\/li>\n\n\n\n<li><strong>Fun\u00e7\u00e3o cognitiva<\/strong>: Impactando a concentra\u00e7\u00e3o, a mem\u00f3ria e o desempenho acad\u00eamico ou profissional.<\/li>\n\n\n\n<li><strong>Sistema imunol\u00f3gico<\/strong>: Diminuindo a capacidade do corpo de combater infec\u00e7\u00f5es.<\/li>\n\n\n\n<li><strong>Regula\u00e7\u00e3o da temperatura corporal<\/strong>: Causando sensibilidade ao frio.<\/li>\n\n\n\n<li><strong><a href=\"https:\/\/www.correiobraziliense.com.br\/cbradar\/seus-antebracos-punhos-e-maos-ficarao-mais-fortes-se-voce-seguir-essas-dicas\/\" target=\"_blank\" rel=\"noreferrer noopener\">Sa\u00fade <\/a>do cabelo e unhas<\/strong>: Resultando em unhas quebradi\u00e7as e queda de cabelo.<\/li>\n\n\n\n<li><strong>Desenvolvimento em crian\u00e7as<\/strong>: A defici\u00eancia em fases cruciais pode afetar o crescimento e o desenvolvimento neurol\u00f3gico.<\/li>\n\n\n\n<li><strong>Gravidez<\/strong>: Aumentando o risco de parto prematuro e baixo peso ao nascer.<\/li>\n<\/ul>\n\n\n\n<p>Reconhecer a import\u00e2ncia do ferro e os sinais de sua defici\u00eancia \u00e9 o primeiro passo para considerar a necessidade de suplementa\u00e7\u00e3o, que deve ser feita com cautela e sob orienta\u00e7\u00e3o profissional.<\/p>\n\n\n\n<h2 class=\"wp-block-heading\">Quais s\u00e3o as principais causas e sintomas da defici\u00eancia de ferro?<\/h2>\n\n\n<div class=\"wp-block-image\">\n<figure class=\"aligncenter size-large\"><img decoding=\"async\" width=\"1024\" height=\"576\" src=\"https:\/\/www.correiobraziliense.com.br\/cbradar\/wp-content\/uploads\/2025\/03\/nutrientesaaaaaaaaaaaaaaaaaaaaaaa_1741093879377-1024x576.jpg\" alt=\"Esses sintomas podem aparecer se o seu corpo ficar sem este mineral\" class=\"wp-image-8865\" srcset=\"https:\/\/www.correiobraziliense.com.br\/cbradar\/wp-content\/uploads\/2025\/03\/nutrientesaaaaaaaaaaaaaaaaaaaaaaa_1741093879377-1024x576.jpg 1024w, https:\/\/www.correiobraziliense.com.br\/cbradar\/wp-content\/uploads\/2025\/03\/nutrientesaaaaaaaaaaaaaaaaaaaaaaa_1741093879377-300x169.jpg 300w, https:\/\/www.correiobraziliense.com.br\/cbradar\/wp-content\/uploads\/2025\/03\/nutrientesaaaaaaaaaaaaaaaaaaaaaaa_1741093879377-768x432.jpg 768w, https:\/\/www.correiobraziliense.com.br\/cbradar\/wp-content\/uploads\/2025\/03\/nutrientesaaaaaaaaaaaaaaaaaaaaaaa_1741093879377-750x422.jpg 750w, https:\/\/www.correiobraziliense.com.br\/cbradar\/wp-content\/uploads\/2025\/03\/nutrientesaaaaaaaaaaaaaaaaaaaaaaa_1741093879377-1140x641.jpg 1140w, https:\/\/www.correiobraziliense.com.br\/cbradar\/wp-content\/uploads\/2025\/03\/nutrientesaaaaaaaaaaaaaaaaaaaaaaa_1741093879377.jpg 1280w\" sizes=\"(max-width: 1024px) 100vw, 1024px\" \/><figcaption class=\"wp-element-caption\">Alimentos &#8211; Cr\u00e9ditos: depositphotos.com \/ VadimVasenin<\/figcaption><\/figure><\/div>\n\n\n<p>A <strong>defici\u00eancia de ferro<\/strong> pode ser causada por diversos fatores, e seus sintomas variam em intensidade, desde leves at\u00e9 severos, dependendo do grau da car\u00eancia.<\/p>\n\n\n\n<p><strong>Principais causas:<\/strong><\/p>\n\n\n\n<ul class=\"wp-block-list\">\n<li><strong>Ingest\u00e3o alimentar insuficiente<\/strong>: Uma dieta pobre em alimentos ricos em ferro, especialmente em dietas vegetarianas e veganas que n\u00e3o s\u00e3o bem planejadas.<\/li>\n\n\n\n<li><strong>M\u00e1 absor\u00e7\u00e3o<\/strong>: Condi\u00e7\u00f5es como a <strong>doen\u00e7a cel\u00edaca<\/strong>, doen\u00e7a de Crohn ou cirurgias bari\u00e1tricas podem prejudicar a absor\u00e7\u00e3o de ferro no intestino.<\/li>\n\n\n\n<li><strong>Perda de sangue cr\u00f4nica<\/strong>: Causas comuns incluem menstrua\u00e7\u00e3o intensa (principal causa em mulheres em idade f\u00e9rtil), sangramentos gastrointestinais (\u00falceras, hemorroidas, c\u00e2ncer de c\u00f3lon) ou doa\u00e7\u00e3o de sangue frequente.<\/li>\n\n\n\n<li><strong>Aumento da demanda<\/strong>: Per\u00edodos de r\u00e1pido crescimento em crian\u00e7as e adolescentes, gravidez e lacta\u00e7\u00e3o aumentam significativamente a necessidade de ferro.<\/li>\n<\/ul>\n\n\n\n<p><strong>Sintomas comuns da defici\u00eancia de ferro (anemia ferropriva):<\/strong><\/p>\n\n\n\n<ul class=\"wp-block-list\">\n<li><strong>Fadiga e cansa\u00e7o extremo<\/strong>: Sensa\u00e7\u00e3o de exaust\u00e3o constante, mesmo ap\u00f3s descanso.<\/li>\n\n\n\n<li><strong>Palidez<\/strong>: Pele e mucosas (parte interna da p\u00e1lpebra, gengivas) com colora\u00e7\u00e3o menos rosada.<\/li>\n\n\n\n<li><strong>Fraqueza<\/strong>: Dificuldade em realizar tarefas cotidianas.<\/li>\n\n\n\n<li><strong>Falta de ar<\/strong>: Mesmo com pouco esfor\u00e7o.<\/li>\n\n\n\n<li><strong>Tontura ou vertigem<\/strong>: Sensa\u00e7\u00e3o de cabe\u00e7a leve.<\/li>\n\n\n\n<li><strong>Unhas quebradi\u00e7as ou em forma de colher (coilon\u00edquia)<\/strong>: Podem se curvar para cima.<\/li>\n\n\n\n<li><strong>Queda de cabelo excessiva<\/strong>.<\/li>\n\n\n\n<li><strong>L\u00edngua inchada e dolorida (glossite)<\/strong>.<\/li>\n\n\n\n<li><strong>S\u00edndrome das pernas inquietas<\/strong>: Um desejo incontrol\u00e1vel de mover as pernas, especialmente \u00e0 noite.<\/li>\n\n\n\n<li><strong>Pica<\/strong>: Desejo de comer subst\u00e2ncias n\u00e3o alimentares, como gelo, terra ou amido.<\/li>\n\n\n\n<li><strong>Palpita\u00e7\u00f5es card\u00edacas<\/strong>: Sensa\u00e7\u00e3o de que o cora\u00e7\u00e3o est\u00e1 acelerado ou batendo forte.<\/li>\n<\/ul>\n\n\n\n<p>Se voc\u00ea suspeita de defici\u00eancia de ferro com base nesses sintomas, \u00e9 fundamental procurar um m\u00e9dico para um diagn\u00f3stico preciso.<\/p>\n\n\n\n<h2 class=\"wp-block-heading\">Como o diagn\u00f3stico de defici\u00eancia de ferro \u00e9 feito e quando a suplementa\u00e7\u00e3o \u00e9 indicada?<\/h2>\n\n\n\n<p>O diagn\u00f3stico da <strong>defici\u00eancia de ferro<\/strong> e da <strong>anemia ferropriva<\/strong> \u00e9 feito por meio de exames de sangue que avaliam os n\u00edveis de ferro no organismo e a sa\u00fade das c\u00e9lulas vermelhas. Apenas um profissional de sa\u00fade pode interpretar esses resultados e indicar a suplementa\u00e7\u00e3o.<\/p>\n\n\n\n<p><strong>Exames de sangue comuns incluem:<\/strong><\/p>\n\n\n\n<ul class=\"wp-block-list\">\n<li><strong>Hemograma completo<\/strong>: Avalia o n\u00famero e as caracter\u00edsticas das c\u00e9lulas vermelhas (gl\u00f3bulos vermelhos, hemoglobina, hemat\u00f3crito).<\/li>\n\n\n\n<li><strong>Ferritina s\u00e9rica<\/strong>: \u00c9 a principal prote\u00edna de armazenamento de ferro no corpo e um indicador sens\u00edvel das reservas de ferro. N\u00edveis baixos de ferritina geralmente indicam defici\u00eancia de ferro, mesmo antes do desenvolvimento da anemia.<\/li>\n\n\n\n<li><strong>Satura\u00e7\u00e3o de transferrina<\/strong>: Mede a quantidade de ferro ligada \u00e0 transferrina, a prote\u00edna que transporta o ferro no sangue.<\/li>\n\n\n\n<li><strong>Ferro s\u00e9rico total<\/strong>: Mede a quantidade de ferro circulante no sangue.<\/li>\n<\/ul>\n\n\n\n<p>A <strong>suplementa\u00e7\u00e3o de ferro<\/strong> \u00e9 indicada quando h\u00e1 um diagn\u00f3stico confirmado de defici\u00eancia de ferro ou anemia ferropriva. A automedica\u00e7\u00e3o com suplementos de ferro \u00e9 desaconselhada, pois o excesso de ferro pode ser t\u00f3xico para o organismo e levar a condi\u00e7\u00f5es graves, como a <strong>hemocromatose<\/strong> (ac\u00famulo de ferro nos \u00f3rg\u00e3os). A dose e a dura\u00e7\u00e3o do tratamento ser\u00e3o determinadas pelo m\u00e9dico com base na gravidade da defici\u00eancia e na resposta individual do paciente. A suplementa\u00e7\u00e3o \u00e9 um tratamento e n\u00e3o deve ser usada como preven\u00e7\u00e3o indiscriminada sem uma necessidade comprovada.<\/p>\n\n\n\n<h2 class=\"wp-block-heading\">Quais s\u00e3o os tipos de suplementos de ferro dispon\u00edveis e como escolher o mais adequado?<\/h2>\n\n\n\n<p>Existem diferentes formas de <strong>suplementos de ferro<\/strong>, e a escolha do mais adequado depende de fatores como a tolerabilidade individual, a absor\u00e7\u00e3o e a recomenda\u00e7\u00e3o m\u00e9dica.<\/p>\n\n\n\n<p><strong>Tipos comuns de suplementos de ferro:<\/strong><\/p>\n\n\n\n<ul class=\"wp-block-list\">\n<li><strong>Sulfato ferroso<\/strong>: \u00c9 a forma mais comum e de baixo custo. Cont\u00e9m uma boa quantidade de ferro elementar e \u00e9 eficaz, mas pode causar mais efeitos colaterais gastrointestinais (n\u00e1useas, dor abdominal, constipa\u00e7\u00e3o) em algumas pessoas.<\/li>\n\n\n\n<li><strong>Fumarato ferroso<\/strong>: Cont\u00e9m uma porcentagem ligeiramente maior de ferro elementar que o sulfato ferroso e \u00e9 geralmente bem absorvido. Os efeitos colaterais gastrointestinais s\u00e3o semelhantes ao sulfato ferroso.<\/li>\n\n\n\n<li><strong>Gluconato ferroso<\/strong>: Possui uma menor quantidade de ferro elementar por dose, mas \u00e9 frequentemente melhor tolerado por quem tem sensibilidade gastrointestinal ao sulfato ou fumarato.<\/li>\n\n\n\n<li><strong>Ferro polimaltosado<\/strong>: Uma forma mais nova, com melhor tolerabilidade gastrointestinal em compara\u00e7\u00e3o com os sais ferrosos, pois \u00e9 menos propenso a interagir com alimentos e outros nutrientes. No entanto, sua absor\u00e7\u00e3o pode ser mais lenta.<\/li>\n\n\n\n<li><strong>Ferro quelato (bisglicinato de ferro)<\/strong>: \u00c9 uma forma de ferro ligada a amino\u00e1cidos, o que melhora sua absor\u00e7\u00e3o e reduz a irrita\u00e7\u00e3o gastrointestinal. \u00c9 considerado uma das formas mais bem toleradas e eficazes.<\/li>\n<\/ul>\n\n\n\n<p><strong>Como escolher:<\/strong><\/p>\n\n\n\n<ul class=\"wp-block-list\">\n<li><strong>Consulta m\u00e9dica<\/strong>: O tipo, a dose e a dura\u00e7\u00e3o do tratamento devem ser sempre prescritos pelo m\u00e9dico ou nutricionista.<\/li>\n\n\n\n<li><strong>Tolerabilidade<\/strong>: Se voc\u00ea experimentar muitos efeitos colaterais com uma forma de ferro, converse com seu m\u00e9dico para mudar para outra que seja mais bem tolerada.<\/li>\n\n\n\n<li><strong>Ferro elementar<\/strong>: Preste aten\u00e7\u00e3o \u00e0 quantidade de <strong>ferro elementar<\/strong> no suplemento, que \u00e9 o que realmente importa para a reposi\u00e7\u00e3o. Por exemplo, 325 mg de sulfato ferroso cont\u00eam aproximadamente 65 mg de ferro elementar.<\/li>\n\n\n\n<li><strong>Intera\u00e7\u00f5es<\/strong>: Algumas formas s\u00e3o menos propensas a interagir com alimentos, o que pode ser uma vantagem.<\/li>\n<\/ul>\n\n\n\n<p>Nunca inicie a suplementa\u00e7\u00e3o de ferro por conta pr\u00f3pria.<\/p>\n\n\n\n<h2 class=\"wp-block-heading\">Como otimizar a absor\u00e7\u00e3o de ferro e gerenciar os efeitos colaterais?<\/h2>\n\n\n\n<p>A <strong>absor\u00e7\u00e3o de ferro<\/strong> pode ser influenciada por v\u00e1rios fatores, e gerenciar os efeitos colaterais \u00e9 crucial para a ades\u00e3o ao tratamento.<\/p>\n\n\n\n<p><strong>Para otimizar a absor\u00e7\u00e3o:<\/strong><\/p>\n\n\n\n<ul class=\"wp-block-list\">\n<li><strong>Vitamina C<\/strong>: A ingest\u00e3o de <strong>vitamina C<\/strong> (\u00e1cido asc\u00f3rbico) junto com o suplemento de ferro (ou alimentos ricos em ferro) pode aumentar significativamente a absor\u00e7\u00e3o do ferro n\u00e3o-heme (presente em vegetais e suplementos). Ex: tomar o suplemento com um copo de suco de laranja ou comer uma fruta c\u00edtrica.<\/li>\n\n\n\n<li><strong>Est\u00f4mago vazio<\/strong>: O ferro \u00e9 melhor absorvido com o est\u00f4mago vazio. No entanto, se isso causar desconforto gastrointestinal, tome-o com uma pequena refei\u00e7\u00e3o que n\u00e3o contenha inibidores da absor\u00e7\u00e3o.<\/li>\n\n\n\n<li><strong>Evitar inibidores da absor\u00e7\u00e3o<\/strong>:\n<ul class=\"wp-block-list\">\n<li><strong>C\u00e1lcio<\/strong>: Evite tomar suplementos de c\u00e1lcio, latic\u00ednios e outros alimentos ricos em c\u00e1lcio (como leite, iogurte, queijo) junto com o suplemento de ferro. Espere algumas horas entre as doses.<\/li>\n\n\n\n<li><strong>Cafe\u00edna e taninos<\/strong>: Ch\u00e1, caf\u00e9 e cacau cont\u00eam taninos que podem inibir a absor\u00e7\u00e3o de ferro. Evite consumi-los junto com o suplemento.<\/li>\n\n\n\n<li><strong>Fitatos<\/strong>: Presentes em gr\u00e3os integrais, leguminosas e algumas nozes, os fitatos tamb\u00e9m podem reduzir a absor\u00e7\u00e3o. A fermenta\u00e7\u00e3o, germina\u00e7\u00e3o ou demolho desses alimentos pode reduzir o teor de fitatos.<\/li>\n\n\n\n<li><strong>Oxalatos<\/strong>: Encontrados em espinafre, ruibarbo e acelga, tamb\u00e9m podem inibir a absor\u00e7\u00e3o.<\/li>\n<\/ul>\n<\/li>\n<\/ul>\n\n\n\n<p><strong>Para gerenciar os efeitos colaterais:<\/strong><\/p>\n\n\n\n<ul class=\"wp-block-list\">\n<li><strong>Comece com doses menores<\/strong>: O m\u00e9dico pode iniciar com uma dose menor e aument\u00e1-la gradualmente para ajudar o corpo a se adaptar.<\/li>\n\n\n\n<li><strong>Tome com alimentos (se necess\u00e1rio)<\/strong>: Se a n\u00e1usea e a dor de est\u00f4mago forem um problema, tomar o suplemento com uma pequena refei\u00e7\u00e3o (mas evitando os inibidores de absor\u00e7\u00e3o) pode ajudar.<\/li>\n\n\n\n<li><strong>Divida a dose<\/strong>: Se a dose for alta, o m\u00e9dico pode recomendar dividi-la em duas ou mais vezes ao dia.<\/li>\n\n\n\n<li><strong>Aumente a ingest\u00e3o de fibras e \u00e1gua<\/strong>: Para combater a <strong>constipa\u00e7\u00e3o<\/strong>, beba bastante \u00e1gua e aumente o consumo de fibras na dieta (frutas, vegetais, gr\u00e3os integrais).<\/li>\n<\/ul>\n\n\n\n<p>O acompanhamento m\u00e9dico \u00e9 essencial para monitorar os n\u00edveis de ferro, ajustar a dose e garantir que a suplementa\u00e7\u00e3o seja eficaz e segura, prevenindo tanto a defici\u00eancia quanto o excesso de ferro. Lembre-se de que a sa\u00fade da tireoide, por exemplo, tamb\u00e9m depende de n\u00edveis adequados de ferro, sel\u00eanio, zinco, entre outros nutrientes, refor\u00e7ando a import\u00e2ncia de um equil\u00edbrio nutricional geral.<\/p>\n","protected":false},"excerpt":{"rendered":"<p>O ferro \u00e9 um mineral vital para o funcionamento adequado de in\u00fameros processos biol\u00f3gicos em nosso corpo. Sua fun\u00e7\u00e3o mais conhecida \u00e9 a de componente essencial da hemoglobina, a prote\u00edna encontrada nas c\u00e9lulas vermelhas do sangue respons\u00e1vel por transportar o oxig\u00eanio dos pulm\u00f5es para todos os tecidos do corpo. Sem ferro suficiente, o corpo n\u00e3o [&hellip;]<\/p>\n","protected":false},"author":11,"featured_media":13105,"comment_status":"open","ping_status":"open","sticky":false,"template":"","format":"standard","meta":{"_yoast_wpseo_focuskw":"mineral","_yoast_wpseo_title":"","_yoast_wpseo_metadesc":"Falta desse mineral essencial no organismo pode provocar sintomas que afetam o funcionamento e o bem-estar geral do corpo","jnews-multi-image_gallery":[],"jnews_single_post":{"format":"standard"},"jnews_primary_category":[],"jnews_social_meta":[],"jnews_override_counter":[],"footnotes":""},"categories":[119],"tags":[120,5435,565],"class_list":["post-43489","post","type-post","status-publish","format-standard","has-post-thumbnail","hentry","category-bem-estar","tag-bem-estar","tag-mineral","tag-saude"],"yoast_head":"<!-- This site is optimized with the Yoast SEO plugin v24.6 - https:\/\/yoast.com\/wordpress\/plugins\/seo\/ -->\n<title>Esses sintomas podem aparecer se o seu corpo ficar sem este mineral - Correio Braziliense - Radar<\/title>\n<meta name=\"description\" content=\"Falta desse mineral essencial no organismo pode provocar sintomas que afetam o funcionamento e o bem-estar geral do corpo\" \/>\n<meta name=\"robots\" content=\"index, follow, max-snippet:-1, max-image-preview:large, max-video-preview:-1\" \/>\n<link rel=\"canonical\" href=\"https:\/\/www.correiobraziliense.com.br\/cbradar\/esses-sintomas-podem-aparecer-se-o-seu-corpo-ficar-sem-este-mineral\/\" \/>\n<meta property=\"og:locale\" content=\"pt_BR\" \/>\n<meta property=\"og:type\" content=\"article\" \/>\n<meta property=\"og:title\" content=\"Esses sintomas podem aparecer se o seu corpo ficar sem este mineral - Correio Braziliense - Radar\" \/>\n<meta property=\"og:description\" content=\"Falta desse mineral essencial no organismo pode provocar sintomas que afetam o funcionamento e o bem-estar geral do corpo\" \/>\n<meta property=\"og:url\" content=\"https:\/\/www.correiobraziliense.com.br\/cbradar\/esses-sintomas-podem-aparecer-se-o-seu-corpo-ficar-sem-este-mineral\/\" \/>\n<meta property=\"og:site_name\" content=\"Correio Braziliense - Radar\" \/>\n<meta property=\"article:published_time\" content=\"2025-06-01T21:23:00+00:00\" \/>\n<meta property=\"og:image\" content=\"https:\/\/www.correiobraziliense.com.br\/cbradar\/wp-content\/uploads\/2025\/03\/polucao-sonora_1742216000309.jpg\" \/>\n\t<meta property=\"og:image:width\" content=\"1280\" \/>\n\t<meta property=\"og:image:height\" content=\"720\" \/>\n\t<meta property=\"og:image:type\" content=\"image\/jpeg\" \/>\n<meta name=\"author\" content=\"Paulo Custodio\" \/>\n<meta name=\"twitter:card\" content=\"summary_large_image\" \/>\n<meta name=\"twitter:label1\" content=\"Escrito por\" \/>\n\t<meta name=\"twitter:data1\" content=\"Paulo Custodio\" \/>\n\t<meta name=\"twitter:label2\" content=\"Est. tempo de leitura\" \/>\n\t<meta name=\"twitter:data2\" content=\"9 minutos\" \/>\n<!-- \/ Yoast SEO plugin. -->","yoast_head_json":{"title":"Esses sintomas podem aparecer se o seu corpo ficar sem este mineral - Correio Braziliense - Radar","description":"Falta desse mineral essencial no organismo pode provocar sintomas que afetam o funcionamento e o bem-estar geral do corpo","robots":{"index":"index","follow":"follow","max-snippet":"max-snippet:-1","max-image-preview":"max-image-preview:large","max-video-preview":"max-video-preview:-1"},"canonical":"https:\/\/www.correiobraziliense.com.br\/cbradar\/esses-sintomas-podem-aparecer-se-o-seu-corpo-ficar-sem-este-mineral\/","og_locale":"pt_BR","og_type":"article","og_title":"Esses sintomas podem aparecer se o seu corpo ficar sem este mineral - Correio Braziliense - Radar","og_description":"Falta desse mineral essencial no organismo pode provocar sintomas que afetam o funcionamento e o bem-estar geral do corpo","og_url":"https:\/\/www.correiobraziliense.com.br\/cbradar\/esses-sintomas-podem-aparecer-se-o-seu-corpo-ficar-sem-este-mineral\/","og_site_name":"Correio Braziliense - Radar","article_published_time":"2025-06-01T21:23:00+00:00","og_image":[{"width":1280,"height":720,"url":"https:\/\/www.correiobraziliense.com.br\/cbradar\/wp-content\/uploads\/2025\/03\/polucao-sonora_1742216000309.jpg","type":"image\/jpeg"}],"author":"Paulo Custodio","twitter_card":"summary_large_image","twitter_misc":{"Escrito por":"Paulo Custodio","Est. tempo de leitura":"9 minutos"},"schema":{"@context":"https:\/\/schema.org","@graph":[{"@type":"WebPage","@id":"https:\/\/www.correiobraziliense.com.br\/cbradar\/esses-sintomas-podem-aparecer-se-o-seu-corpo-ficar-sem-este-mineral\/","url":"https:\/\/www.correiobraziliense.com.br\/cbradar\/esses-sintomas-podem-aparecer-se-o-seu-corpo-ficar-sem-este-mineral\/","name":"Esses sintomas podem aparecer se o seu corpo ficar sem este mineral - Correio Braziliense - Radar","isPartOf":{"@id":"https:\/\/www.correiobraziliense.com.br\/cbradar\/#website"},"primaryImageOfPage":{"@id":"https:\/\/www.correiobraziliense.com.br\/cbradar\/esses-sintomas-podem-aparecer-se-o-seu-corpo-ficar-sem-este-mineral\/#primaryimage"},"image":{"@id":"https:\/\/www.correiobraziliense.com.br\/cbradar\/esses-sintomas-podem-aparecer-se-o-seu-corpo-ficar-sem-este-mineral\/#primaryimage"},"thumbnailUrl":"https:\/\/www.correiobraziliense.com.br\/cbradar\/wp-content\/uploads\/2025\/03\/polucao-sonora_1742216000309.jpg","datePublished":"2025-06-01T21:23:00+00:00","author":{"@id":"https:\/\/www.correiobraziliense.com.br\/cbradar\/#\/schema\/person\/4cec7857301a9a1a2ef249893cd908d3"},"description":"Falta desse mineral essencial no organismo pode provocar sintomas que afetam o funcionamento e o bem-estar geral do corpo","breadcrumb":{"@id":"https:\/\/www.correiobraziliense.com.br\/cbradar\/esses-sintomas-podem-aparecer-se-o-seu-corpo-ficar-sem-este-mineral\/#breadcrumb"},"inLanguage":"pt-BR","potentialAction":[{"@type":"ReadAction","target":["https:\/\/www.correiobraziliense.com.br\/cbradar\/esses-sintomas-podem-aparecer-se-o-seu-corpo-ficar-sem-este-mineral\/"]}]},{"@type":"ImageObject","inLanguage":"pt-BR","@id":"https:\/\/www.correiobraziliense.com.br\/cbradar\/esses-sintomas-podem-aparecer-se-o-seu-corpo-ficar-sem-este-mineral\/#primaryimage","url":"https:\/\/www.correiobraziliense.com.br\/cbradar\/wp-content\/uploads\/2025\/03\/polucao-sonora_1742216000309.jpg","contentUrl":"https:\/\/www.correiobraziliense.com.br\/cbradar\/wp-content\/uploads\/2025\/03\/polucao-sonora_1742216000309.jpg","width":1280,"height":720,"caption":"Mulher - Cr\u00e9ditos: depositphotos.com \/ Vonschonertagen"},{"@type":"BreadcrumbList","@id":"https:\/\/www.correiobraziliense.com.br\/cbradar\/esses-sintomas-podem-aparecer-se-o-seu-corpo-ficar-sem-este-mineral\/#breadcrumb","itemListElement":[{"@type":"ListItem","position":1,"name":"In\u00edcio","item":"https:\/\/www.correiobraziliense.com.br\/cbradar\/"},{"@type":"ListItem","position":2,"name":"Esses sintomas podem aparecer se o seu corpo ficar sem este mineral"}]},{"@type":"WebSite","@id":"https:\/\/www.correiobraziliense.com.br\/cbradar\/#website","url":"https:\/\/www.correiobraziliense.com.br\/cbradar\/","name":"Correio Braziliense - Radar","description":"Acompanhe as \u00faltimas not\u00edcias e fique bem informado sobre tudo o que acontece no Brasil e no mundo.","potentialAction":[{"@type":"SearchAction","target":{"@type":"EntryPoint","urlTemplate":"https:\/\/www.correiobraziliense.com.br\/cbradar\/?s={search_term_string}"},"query-input":{"@type":"PropertyValueSpecification","valueRequired":true,"valueName":"search_term_string"}}],"inLanguage":"pt-BR"},{"@type":"Person","@id":"https:\/\/www.correiobraziliense.com.br\/cbradar\/#\/schema\/person\/4cec7857301a9a1a2ef249893cd908d3","name":"Paulo Custodio","image":{"@type":"ImageObject","inLanguage":"pt-BR","@id":"https:\/\/www.correiobraziliense.com.br\/cbradar\/#\/schema\/person\/image\/","url":"https:\/\/secure.gravatar.com\/avatar\/bcd67168d1534e8fcf4f45c726a87cea?s=96&d=mm&r=g","contentUrl":"https:\/\/secure.gravatar.com\/avatar\/bcd67168d1534e8fcf4f45c726a87cea?s=96&d=mm&r=g","caption":"Paulo Custodio"},"sameAs":["https:\/\/www.correiobraziliense.com.br\/cbradar"],"url":"https:\/\/www.correiobraziliense.com.br\/cbradar\/author\/paulomyth\/"}]}},"_links":{"self":[{"href":"https:\/\/www.correiobraziliense.com.br\/cbradar\/wp-json\/wp\/v2\/posts\/43489","targetHints":{"allow":["GET"]}}],"collection":[{"href":"https:\/\/www.correiobraziliense.com.br\/cbradar\/wp-json\/wp\/v2\/posts"}],"about":[{"href":"https:\/\/www.correiobraziliense.com.br\/cbradar\/wp-json\/wp\/v2\/types\/post"}],"author":[{"embeddable":true,"href":"https:\/\/www.correiobraziliense.com.br\/cbradar\/wp-json\/wp\/v2\/users\/11"}],"replies":[{"embeddable":true,"href":"https:\/\/www.correiobraziliense.com.br\/cbradar\/wp-json\/wp\/v2\/comments?post=43489"}],"version-history":[{"count":2,"href":"https:\/\/www.correiobraziliense.com.br\/cbradar\/wp-json\/wp\/v2\/posts\/43489\/revisions"}],"predecessor-version":[{"id":43548,"href":"https:\/\/www.correiobraziliense.com.br\/cbradar\/wp-json\/wp\/v2\/posts\/43489\/revisions\/43548"}],"wp:featuredmedia":[{"embeddable":true,"href":"https:\/\/www.correiobraziliense.com.br\/cbradar\/wp-json\/wp\/v2\/media\/13105"}],"wp:attachment":[{"href":"https:\/\/www.correiobraziliense.com.br\/cbradar\/wp-json\/wp\/v2\/media?parent=43489"}],"wp:term":[{"taxonomy":"category","embeddable":true,"href":"https:\/\/www.correiobraziliense.com.br\/cbradar\/wp-json\/wp\/v2\/categories?post=43489"},{"taxonomy":"post_tag","embeddable":true,"href":"https:\/\/www.correiobraziliense.com.br\/cbradar\/wp-json\/wp\/v2\/tags?post=43489"}],"curies":[{"name":"wp","href":"https:\/\/api.w.org\/{rel}","templated":true}]}}