{"id":43627,"date":"2025-05-28T09:30:00","date_gmt":"2025-05-28T12:30:00","guid":{"rendered":"https:\/\/www.correiobraziliense.com.br\/cbradar\/?p=43627"},"modified":"2025-05-28T06:42:19","modified_gmt":"2025-05-28T09:42:19","slug":"essa-cidade-da-amazonia-combina-mineracao-estrutura-urbana-e-qualidade-de-vida","status":"publish","type":"post","link":"https:\/\/www.correiobraziliense.com.br\/cbradar\/essa-cidade-da-amazonia-combina-mineracao-estrutura-urbana-e-qualidade-de-vida\/","title":{"rendered":"Essa cidade da Amaz\u00f4nia combina minera\u00e7\u00e3o, estrutura urbana e qualidade de vida"},"content":{"rendered":"\n<p><strong><a href=\"https:\/\/parauapebas.pa.gov.br\/\" target=\"_blank\" rel=\"noreferrer noopener\">Parauapebas<\/a><\/strong>, localizada no sudeste do <strong><a href=\"https:\/\/www.correiobraziliense.com.br\/cbradar\/as-melhores-cidades-do-brasil-para-recomecar-com-qualidade-de-vida\/\" target=\"_blank\" rel=\"noreferrer noopener\">Par\u00e1<\/a><\/strong>, \u00e9 uma das cidades que mais crescem na regi\u00e3o Norte do Brasil. Com mais de 200 mil habitantes, o munic\u00edpio se consolidou como um dos maiores polos de minera\u00e7\u00e3o do pa\u00eds, impulsionado pelas atividades da <strong>Vale<\/strong> e pela extra\u00e7\u00e3o de ferro da <strong>Serra dos Caraj\u00e1s<\/strong>. A cidade alia desenvolvimento urbano, oportunidades de trabalho e estrutura em ascens\u00e3o.<\/p>\n\n\n\n<p>Com economia aquecida, urbanismo funcional e vida comunit\u00e1ria ativa, <strong>Parauapebas<\/strong> \u00e9 refer\u00eancia em crescimento planejado na Amaz\u00f4nia.<\/p>\n\n\n\n<h2 class=\"wp-block-heading\">Qualidade de vida com infraestrutura em expans\u00e3o<\/h2>\n\n\n\n<p>A cidade tem uma estrutura urbana moderna, com bairros planejados, servi\u00e7os p\u00fablicos em crescimento e mobilidade urbana em constante melhoria. <strong>Parauapebas<\/strong> investe em pavimenta\u00e7\u00e3o, ilumina\u00e7\u00e3o, arboriza\u00e7\u00e3o e transporte coletivo, al\u00e9m de priorizar o acesso \u00e0 sa\u00fade, educa\u00e7\u00e3o e lazer.<\/p>\n\n\n\n<p>Apesar de sua origem recente, a cidade j\u00e1 apresenta bons \u00edndices de desenvolvimento e atrai pessoas de todo o Brasil em busca de oportunidades.<\/p>\n\n\n\n<h2 class=\"wp-block-heading\">Economia forte impulsionada pela minera\u00e7\u00e3o<\/h2>\n\n\n\n<p>A base da economia local \u00e9 a <strong>minera\u00e7\u00e3o de ferro<\/strong>, com destaque para o <strong>Projeto Caraj\u00e1s<\/strong>, um dos maiores do mundo. A cidade abriga centros operacionais, trabalhadores e empresas que integram toda a cadeia produtiva mineral. Isso reflete em gera\u00e7\u00e3o de empregos, arrecada\u00e7\u00e3o p\u00fablica e dinamismo comercial.<\/p>\n\n\n\n<p>Outros setores, como constru\u00e7\u00e3o civil, servi\u00e7os, com\u00e9rcio e transporte, tamb\u00e9m crescem de forma acelerada.<\/p>\n\n\n\n<figure class=\"wp-block-image size-large\"><img decoding=\"async\" width=\"1024\" height=\"576\" src=\"https:\/\/www.correiobraziliense.com.br\/cbradar\/wp-content\/uploads\/2025\/05\/Parauapebas-3-1024x576.png\" alt=\"Essa cidade da Amaz\u00f4nia combina minera\u00e7\u00e3o, estrutura urbana e qualidade de vida\" class=\"wp-image-43630\" srcset=\"https:\/\/www.correiobraziliense.com.br\/cbradar\/wp-content\/uploads\/2025\/05\/Parauapebas-3-1024x576.png 1024w, https:\/\/www.correiobraziliense.com.br\/cbradar\/wp-content\/uploads\/2025\/05\/Parauapebas-3-300x169.png 300w, https:\/\/www.correiobraziliense.com.br\/cbradar\/wp-content\/uploads\/2025\/05\/Parauapebas-3-768x432.png 768w, https:\/\/www.correiobraziliense.com.br\/cbradar\/wp-content\/uploads\/2025\/05\/Parauapebas-3-750x422.png 750w, https:\/\/www.correiobraziliense.com.br\/cbradar\/wp-content\/uploads\/2025\/05\/Parauapebas-3-1140x641.png 1140w, https:\/\/www.correiobraziliense.com.br\/cbradar\/wp-content\/uploads\/2025\/05\/Parauapebas-3.png 1280w\" sizes=\"(max-width: 1024px) 100vw, 1024px\" \/><figcaption class=\"wp-element-caption\">Parauapebas. Hallel, CC BY-SA 4.0, via Wikimedia Commons<\/figcaption><\/figure>\n\n\n\n<h2 class=\"wp-block-heading\">Educa\u00e7\u00e3o e qualifica\u00e7\u00e3o t\u00e9cnica<\/h2>\n\n\n\n<p><strong>Parauapebas<\/strong> investe em educa\u00e7\u00e3o b\u00e1sica e t\u00e9cnica, com escolas p\u00fablicas e privadas em expans\u00e3o. Institui\u00e7\u00f5es de ensino superior e cursos de capacita\u00e7\u00e3o profissional voltados para minera\u00e7\u00e3o, tecnologia, log\u00edstica e gest\u00e3o atendem \u00e0 demanda por m\u00e3o de obra qualificada.<\/p>\n\n\n\n<p>A cidade tamb\u00e9m tem projetos voltados \u00e0 inclus\u00e3o educacional e \u00e0 valoriza\u00e7\u00e3o dos jovens.<\/p>\n\n\n\n<h2 class=\"wp-block-heading\">Urbanismo planejado e pol\u00edticas p\u00fablicas de inclus\u00e3o<\/h2>\n\n\n\n<p>Com uma expans\u00e3o urbana recente, a cidade conseguiu evitar problemas t\u00edpicos de grandes centros. A ocupa\u00e7\u00e3o \u00e9 planejada, com foco em sustentabilidade, acesso a moradias populares e valoriza\u00e7\u00e3o dos espa\u00e7os p\u00fablicos.<\/p>\n\n\n\n<p><strong>Parauapebas<\/strong> tamb\u00e9m possui parques, centros culturais e equipamentos de lazer que promovem a conviv\u00eancia e a integra\u00e7\u00e3o social.<\/p>\n\n\n\n<h2 class=\"wp-block-heading\">Cultura regional e diversidade populacional<\/h2>\n\n\n\n<p>Por ser um destino de migra\u00e7\u00e3o, <strong>Parauapebas<\/strong> re\u00fane pessoas de v\u00e1rias partes do pa\u00eds, o que resulta em uma cultura diversa e din\u00e2mica. Festas regionais, eventos culturais, culin\u00e1ria t\u00edpica e tradi\u00e7\u00f5es amaz\u00f4nicas s\u00e3o valorizadas no cotidiano.<\/p>\n\n\n\n<p>O contato com a floresta e a rica biodiversidade da regi\u00e3o tamb\u00e9m marcam a identidade local.<\/p>\n\n\n\n<figure class=\"wp-block-image size-large\"><img decoding=\"async\" width=\"1024\" height=\"576\" src=\"https:\/\/www.correiobraziliense.com.br\/cbradar\/wp-content\/uploads\/2025\/05\/Parauapebas-2-1024x576.png\" alt=\"Essa cidade da Amaz\u00f4nia combina minera\u00e7\u00e3o, estrutura urbana e qualidade de vida\" class=\"wp-image-43631\" srcset=\"https:\/\/www.correiobraziliense.com.br\/cbradar\/wp-content\/uploads\/2025\/05\/Parauapebas-2-1024x576.png 1024w, https:\/\/www.correiobraziliense.com.br\/cbradar\/wp-content\/uploads\/2025\/05\/Parauapebas-2-300x169.png 300w, https:\/\/www.correiobraziliense.com.br\/cbradar\/wp-content\/uploads\/2025\/05\/Parauapebas-2-768x432.png 768w, https:\/\/www.correiobraziliense.com.br\/cbradar\/wp-content\/uploads\/2025\/05\/Parauapebas-2-750x422.png 750w, https:\/\/www.correiobraziliense.com.br\/cbradar\/wp-content\/uploads\/2025\/05\/Parauapebas-2-1140x641.png 1140w, https:\/\/www.correiobraziliense.com.br\/cbradar\/wp-content\/uploads\/2025\/05\/Parauapebas-2.png 1280w\" sizes=\"(max-width: 1024px) 100vw, 1024px\" \/><figcaption class=\"wp-element-caption\">Parauapebas. Fonte: T\u00fallio F, CC BY-SA 4.0, via Wikimedia Commons<\/figcaption><\/figure>\n\n\n\n<h2 class=\"wp-block-heading\">Quais s\u00e3o os principais pontos tur\u00edsticos para visitar?<\/h2>\n\n\n\n<ul class=\"wp-block-list\">\n<li><strong>Serra dos Caraj\u00e1s<\/strong>: \u00e1rea de preserva\u00e7\u00e3o e minera\u00e7\u00e3o.<\/li>\n\n\n\n<li><strong>Parque Zoobot\u00e2nico Vale<\/strong>: lazer, educa\u00e7\u00e3o ambiental e biodiversidade.<\/li>\n\n\n\n<li><strong>Complexo Tur\u00edstico de Parauapebas<\/strong>: trilhas, lagos e atividades ao ar livre.<\/li>\n\n\n\n<li><strong>Feiras e eventos culturais<\/strong>: m\u00fasica, culin\u00e1ria e tradi\u00e7\u00e3o popular.<\/li>\n\n\n\n<li><strong>Rio Parauapebas e \u00e1reas de balne\u00e1rio<\/strong>: lazer e turismo regional.<\/li>\n<\/ul>\n\n\n\n<h2 class=\"wp-block-heading\">Vale a pena morar?<\/h2>\n\n\n\n<p>Sim! <strong>Parauapebas<\/strong> oferece oportunidades reais de emprego, urbanismo funcional, bons sal\u00e1rios, seguran\u00e7a e acesso crescente a educa\u00e7\u00e3o e sa\u00fade. Ideal para profissionais do setor mineral, empreendedores e fam\u00edlias que buscam qualidade de vida em uma cidade em ascens\u00e3o.<\/p>\n\n\n\n<h2 class=\"wp-block-heading\">Vale a pena visitar?<\/h2>\n\n\n\n<p>Com certeza! A cidade tem muito a oferecer em termos de turismo de natureza, hist\u00f3ria recente, cultura regional e curiosidades sobre um dos maiores polos de minera\u00e7\u00e3o do mundo. Um destino fora do comum na Amaz\u00f4nia brasileira.<\/p>\n","protected":false},"excerpt":{"rendered":"<p>Essa cidade amaz\u00f4nica \u00e9 polo da minera\u00e7\u00e3o, com urbanismo moderno, servi\u00e7os em expans\u00e3o e qualidade de vida. Um destino para viver ou crescer com estrutura!<\/p>\n","protected":false},"author":3,"featured_media":43629,"comment_status":"open","ping_status":"open","sticky":false,"template":"","format":"standard","meta":{"_yoast_wpseo_focuskw":"Parauapebas","_yoast_wpseo_title":"%%title%%","_yoast_wpseo_metadesc":"Essa cidade amaz\u00f4nica \u00e9 polo da minera\u00e7\u00e3o, com urbanismo moderno, servi\u00e7os em expans\u00e3o e qualidade de vida. Um destino para viver ou crescer com estrutura!","jnews-multi-image_gallery":[],"jnews_single_post":{"format":"standard"},"jnews_primary_category":[],"jnews_social_meta":[],"jnews_override_counter":[],"footnotes":""},"categories":[108],"tags":[109],"class_list":["post-43627","post","type-post","status-publish","format-standard","has-post-thumbnail","hentry","category-cidades","tag-cidades"],"yoast_head":"<!-- This site is optimized with the Yoast SEO plugin v24.6 - https:\/\/yoast.com\/wordpress\/plugins\/seo\/ -->\n<title>Essa cidade da Amaz\u00f4nia combina minera\u00e7\u00e3o, estrutura urbana e qualidade de vida<\/title>\n<meta name=\"description\" content=\"Essa cidade amaz\u00f4nica \u00e9 polo da minera\u00e7\u00e3o, com urbanismo moderno, servi\u00e7os em expans\u00e3o e qualidade de vida. Um destino para viver ou crescer com estrutura!\" \/>\n<meta name=\"robots\" content=\"index, follow, max-snippet:-1, max-image-preview:large, max-video-preview:-1\" \/>\n<link rel=\"canonical\" href=\"https:\/\/www.correiobraziliense.com.br\/cbradar\/essa-cidade-da-amazonia-combina-mineracao-estrutura-urbana-e-qualidade-de-vida\/\" \/>\n<meta property=\"og:locale\" content=\"pt_BR\" \/>\n<meta property=\"og:type\" content=\"article\" \/>\n<meta property=\"og:title\" content=\"Essa cidade da Amaz\u00f4nia combina minera\u00e7\u00e3o, estrutura urbana e qualidade de vida\" \/>\n<meta property=\"og:description\" content=\"Essa cidade amaz\u00f4nica \u00e9 polo da minera\u00e7\u00e3o, com urbanismo moderno, servi\u00e7os em expans\u00e3o e qualidade de vida. Um destino para viver ou crescer com estrutura!\" \/>\n<meta property=\"og:url\" content=\"https:\/\/www.correiobraziliense.com.br\/cbradar\/essa-cidade-da-amazonia-combina-mineracao-estrutura-urbana-e-qualidade-de-vida\/\" \/>\n<meta property=\"og:site_name\" content=\"Correio Braziliense - Radar\" \/>\n<meta property=\"article:published_time\" content=\"2025-05-28T12:30:00+00:00\" \/>\n<meta property=\"og:image\" content=\"https:\/\/www.correiobraziliense.com.br\/cbradar\/wp-content\/uploads\/2025\/05\/Parauapebas.png\" \/>\n\t<meta property=\"og:image:width\" content=\"1280\" \/>\n\t<meta property=\"og:image:height\" content=\"720\" \/>\n\t<meta property=\"og:image:type\" content=\"image\/png\" \/>\n<meta name=\"author\" content=\"Larissa Carvalho\" \/>\n<meta name=\"twitter:card\" content=\"summary_large_image\" \/>\n<meta name=\"twitter:label1\" content=\"Escrito por\" \/>\n\t<meta name=\"twitter:data1\" content=\"Larissa Carvalho\" \/>\n\t<meta name=\"twitter:label2\" content=\"Est. tempo de leitura\" \/>\n\t<meta name=\"twitter:data2\" content=\"4 minutos\" \/>\n<!-- \/ Yoast SEO plugin. -->","yoast_head_json":{"title":"Essa cidade da Amaz\u00f4nia combina minera\u00e7\u00e3o, estrutura urbana e qualidade de vida","description":"Essa cidade amaz\u00f4nica \u00e9 polo da minera\u00e7\u00e3o, com urbanismo moderno, servi\u00e7os em expans\u00e3o e qualidade de vida. Um destino para viver ou crescer com estrutura!","robots":{"index":"index","follow":"follow","max-snippet":"max-snippet:-1","max-image-preview":"max-image-preview:large","max-video-preview":"max-video-preview:-1"},"canonical":"https:\/\/www.correiobraziliense.com.br\/cbradar\/essa-cidade-da-amazonia-combina-mineracao-estrutura-urbana-e-qualidade-de-vida\/","og_locale":"pt_BR","og_type":"article","og_title":"Essa cidade da Amaz\u00f4nia combina minera\u00e7\u00e3o, estrutura urbana e qualidade de vida","og_description":"Essa cidade amaz\u00f4nica \u00e9 polo da minera\u00e7\u00e3o, com urbanismo moderno, servi\u00e7os em expans\u00e3o e qualidade de vida. Um destino para viver ou crescer com estrutura!","og_url":"https:\/\/www.correiobraziliense.com.br\/cbradar\/essa-cidade-da-amazonia-combina-mineracao-estrutura-urbana-e-qualidade-de-vida\/","og_site_name":"Correio Braziliense - Radar","article_published_time":"2025-05-28T12:30:00+00:00","og_image":[{"width":1280,"height":720,"url":"https:\/\/www.correiobraziliense.com.br\/cbradar\/wp-content\/uploads\/2025\/05\/Parauapebas.png","type":"image\/png"}],"author":"Larissa Carvalho","twitter_card":"summary_large_image","twitter_misc":{"Escrito por":"Larissa Carvalho","Est. tempo de leitura":"4 minutos"},"schema":{"@context":"https:\/\/schema.org","@graph":[{"@type":"WebPage","@id":"https:\/\/www.correiobraziliense.com.br\/cbradar\/essa-cidade-da-amazonia-combina-mineracao-estrutura-urbana-e-qualidade-de-vida\/","url":"https:\/\/www.correiobraziliense.com.br\/cbradar\/essa-cidade-da-amazonia-combina-mineracao-estrutura-urbana-e-qualidade-de-vida\/","name":"Essa cidade da Amaz\u00f4nia combina minera\u00e7\u00e3o, estrutura urbana e qualidade de vida","isPartOf":{"@id":"https:\/\/www.correiobraziliense.com.br\/cbradar\/#website"},"primaryImageOfPage":{"@id":"https:\/\/www.correiobraziliense.com.br\/cbradar\/essa-cidade-da-amazonia-combina-mineracao-estrutura-urbana-e-qualidade-de-vida\/#primaryimage"},"image":{"@id":"https:\/\/www.correiobraziliense.com.br\/cbradar\/essa-cidade-da-amazonia-combina-mineracao-estrutura-urbana-e-qualidade-de-vida\/#primaryimage"},"thumbnailUrl":"https:\/\/www.correiobraziliense.com.br\/cbradar\/wp-content\/uploads\/2025\/05\/Parauapebas.png","datePublished":"2025-05-28T12:30:00+00:00","author":{"@id":"https:\/\/www.correiobraziliense.com.br\/cbradar\/#\/schema\/person\/58422787644df994b53a19d3e56c1513"},"description":"Essa cidade amaz\u00f4nica \u00e9 polo da minera\u00e7\u00e3o, com urbanismo moderno, servi\u00e7os em expans\u00e3o e qualidade de vida. Um destino para viver ou crescer com estrutura!","breadcrumb":{"@id":"https:\/\/www.correiobraziliense.com.br\/cbradar\/essa-cidade-da-amazonia-combina-mineracao-estrutura-urbana-e-qualidade-de-vida\/#breadcrumb"},"inLanguage":"pt-BR","potentialAction":[{"@type":"ReadAction","target":["https:\/\/www.correiobraziliense.com.br\/cbradar\/essa-cidade-da-amazonia-combina-mineracao-estrutura-urbana-e-qualidade-de-vida\/"]}]},{"@type":"ImageObject","inLanguage":"pt-BR","@id":"https:\/\/www.correiobraziliense.com.br\/cbradar\/essa-cidade-da-amazonia-combina-mineracao-estrutura-urbana-e-qualidade-de-vida\/#primaryimage","url":"https:\/\/www.correiobraziliense.com.br\/cbradar\/wp-content\/uploads\/2025\/05\/Parauapebas.png","contentUrl":"https:\/\/www.correiobraziliense.com.br\/cbradar\/wp-content\/uploads\/2025\/05\/Parauapebas.png","width":1280,"height":720,"caption":"Parauapebas. Fonte: T\u00fallio F, CC BY-SA 4.0, via Wikimedia Commons"},{"@type":"BreadcrumbList","@id":"https:\/\/www.correiobraziliense.com.br\/cbradar\/essa-cidade-da-amazonia-combina-mineracao-estrutura-urbana-e-qualidade-de-vida\/#breadcrumb","itemListElement":[{"@type":"ListItem","position":1,"name":"In\u00edcio","item":"https:\/\/www.correiobraziliense.com.br\/cbradar\/"},{"@type":"ListItem","position":2,"name":"Essa cidade da Amaz\u00f4nia combina minera\u00e7\u00e3o, estrutura urbana e qualidade de vida"}]},{"@type":"WebSite","@id":"https:\/\/www.correiobraziliense.com.br\/cbradar\/#website","url":"https:\/\/www.correiobraziliense.com.br\/cbradar\/","name":"Correio Braziliense - Radar","description":"Acompanhe as \u00faltimas not\u00edcias e fique bem informado sobre tudo o que acontece no Brasil e no mundo.","potentialAction":[{"@type":"SearchAction","target":{"@type":"EntryPoint","urlTemplate":"https:\/\/www.correiobraziliense.com.br\/cbradar\/?s={search_term_string}"},"query-input":{"@type":"PropertyValueSpecification","valueRequired":true,"valueName":"search_term_string"}}],"inLanguage":"pt-BR"},{"@type":"Person","@id":"https:\/\/www.correiobraziliense.com.br\/cbradar\/#\/schema\/person\/58422787644df994b53a19d3e56c1513","name":"Larissa Carvalho","image":{"@type":"ImageObject","inLanguage":"pt-BR","@id":"https:\/\/www.correiobraziliense.com.br\/cbradar\/#\/schema\/person\/image\/","url":"https:\/\/secure.gravatar.com\/avatar\/fe4f91a0de32b52a838d0d612abdc1aa?s=96&d=mm&r=g","contentUrl":"https:\/\/secure.gravatar.com\/avatar\/fe4f91a0de32b52a838d0d612abdc1aa?s=96&d=mm&r=g","caption":"Larissa Carvalho"},"url":"https:\/\/www.correiobraziliense.com.br\/cbradar\/author\/larissamyth\/"}]}},"_links":{"self":[{"href":"https:\/\/www.correiobraziliense.com.br\/cbradar\/wp-json\/wp\/v2\/posts\/43627","targetHints":{"allow":["GET"]}}],"collection":[{"href":"https:\/\/www.correiobraziliense.com.br\/cbradar\/wp-json\/wp\/v2\/posts"}],"about":[{"href":"https:\/\/www.correiobraziliense.com.br\/cbradar\/wp-json\/wp\/v2\/types\/post"}],"author":[{"embeddable":true,"href":"https:\/\/www.correiobraziliense.com.br\/cbradar\/wp-json\/wp\/v2\/users\/3"}],"replies":[{"embeddable":true,"href":"https:\/\/www.correiobraziliense.com.br\/cbradar\/wp-json\/wp\/v2\/comments?post=43627"}],"version-history":[{"count":2,"href":"https:\/\/www.correiobraziliense.com.br\/cbradar\/wp-json\/wp\/v2\/posts\/43627\/revisions"}],"predecessor-version":[{"id":44069,"href":"https:\/\/www.correiobraziliense.com.br\/cbradar\/wp-json\/wp\/v2\/posts\/43627\/revisions\/44069"}],"wp:featuredmedia":[{"embeddable":true,"href":"https:\/\/www.correiobraziliense.com.br\/cbradar\/wp-json\/wp\/v2\/media\/43629"}],"wp:attachment":[{"href":"https:\/\/www.correiobraziliense.com.br\/cbradar\/wp-json\/wp\/v2\/media?parent=43627"}],"wp:term":[{"taxonomy":"category","embeddable":true,"href":"https:\/\/www.correiobraziliense.com.br\/cbradar\/wp-json\/wp\/v2\/categories?post=43627"},{"taxonomy":"post_tag","embeddable":true,"href":"https:\/\/www.correiobraziliense.com.br\/cbradar\/wp-json\/wp\/v2\/tags?post=43627"}],"curies":[{"name":"wp","href":"https:\/\/api.w.org\/{rel}","templated":true}]}}