{"id":43647,"date":"2025-05-27T13:14:41","date_gmt":"2025-05-27T16:14:41","guid":{"rendered":"https:\/\/www.correiobraziliense.com.br\/cbradar\/?p=43647"},"modified":"2025-05-27T13:14:42","modified_gmt":"2025-05-27T16:14:42","slug":"nao-faca-isso-com-o-repolho-antes-de-ver-aqui","status":"publish","type":"post","link":"https:\/\/www.correiobraziliense.com.br\/cbradar\/nao-faca-isso-com-o-repolho-antes-de-ver-aqui\/","title":{"rendered":"N\u00e3o fa\u00e7a isso com o repolho antes de ver aqui"},"content":{"rendered":"\n<p>A <strong>salada de repolho cremosa para churrasco<\/strong> \u00e9 um daqueles acompanhamentos que nunca saem de moda. Leve, crocante e refrescante, ela \u00e9 tradicionalmente usada para equilibrar pratos mais gordurosos, como carnes assadas, hamb\u00fargueres e, claro, o bom e velho churrasco. Seu preparo simples e sabor marcante conquistam todos os tipos de paladar.<\/p>\n\n\n\n<p>Al\u00e9m disso, essa receita cl\u00e1ssica \u00e9 uma excelente aliada na rotina de quem busca uma <strong>alimenta\u00e7\u00e3o mais natural e pr\u00e1tica<\/strong>, com o b\u00f4nus de poder ser feita com ingredientes frescos e acess\u00edveis. Se voc\u00ea cultiva <strong>hortali\u00e7as em casa<\/strong>, essa salada pode se tornar ainda mais especial e funcional, integrando sua <strong>horta dom\u00e9stica<\/strong> ao seu prato de forma deliciosa.<\/p>\n\n\n\n<h2 class=\"wp-block-heading\">O que torna a salada de repolho ideal para churrasco?<\/h2>\n\n\n\n<p>A combina\u00e7\u00e3o do repolho crocante com um molho levemente \u00e1cido e cremoso cria um contraste perfeito com carnes grelhadas. Essa <strong>salada de repolho cremosa para churrasco<\/strong> pode ajudar a suavizar sabores fortes e trazer frescor ao prato. H\u00e1 quem use tamb\u00e9m em sandu\u00edches ou como base para wraps saud\u00e1veis.<\/p>\n\n\n\n<p>Outro ponto forte \u00e9 sua versatilidade: aceita varia\u00e7\u00f5es com frutas, sementes ou temperos extras. Al\u00e9m disso, seu preparo \u00e9 r\u00e1pido e n\u00e3o exige nenhum equipamento especial, sendo perfeita para quem quer praticidade na cozinha com um toque de <strong>jardinagem dom\u00e9stica funcional<\/strong>.<\/p>\n\n\n\n<h2 class=\"wp-block-heading\">Como fazer salada de repolho cremosa passo a passo?<\/h2>\n\n\n\n<p>Voc\u00ea s\u00f3 precisa de alguns ingredientes simples e um pouco de aten\u00e7\u00e3o no corte para obter uma salada equilibrada e saborosa:<\/p>\n\n\n\n<ul class=\"wp-block-list\">\n<li>4 x\u00edcaras de repolho branco fatiado bem fino<\/li>\n\n\n\n<li>1 x\u00edcara de cenoura ralada<\/li>\n\n\n\n<li>1\/2 x\u00edcara de cebola roxa em tiras finas<\/li>\n\n\n\n<li>1\/2 x\u00edcara de maionese<\/li>\n\n\n\n<li>1\/4 x\u00edcara de creme de leite<\/li>\n\n\n\n<li>1 colher (sopa) de vinagre de ma\u00e7\u00e3<\/li>\n\n\n\n<li>1 colher (ch\u00e1) de a\u00e7\u00facar<\/li>\n\n\n\n<li>Sal e pimenta-do-reino a gosto<\/li>\n<\/ul>\n\n\n\n<p><strong>Modo de preparo:<\/strong><\/p>\n\n\n\n<ol class=\"wp-block-list\">\n<li>Misture o repolho, a cenoura e a cebola em uma tigela grande.<\/li>\n\n\n\n<li>Em outro recipiente, bata os ingredientes do molho at\u00e9 ficar homog\u00eaneo.<\/li>\n\n\n\n<li>Junte tudo e mexa bem at\u00e9 cobrir os vegetais.<\/li>\n\n\n\n<li>Leve \u00e0 geladeira por 30 minutos antes de servir para real\u00e7ar os sabores.<\/li>\n<\/ol>\n\n\n\n<h2 class=\"wp-block-heading\">Quais varia\u00e7\u00f5es posso testar na salada de repolho?<\/h2>\n\n\n\n<p>Essa salada aceita muitas adapta\u00e7\u00f5es! Se voc\u00ea gosta de um toque agridoce, experimente incluir:<\/p>\n\n\n\n<ul class=\"wp-block-list\">\n<li>Ma\u00e7\u00e3 verde ralada<\/li>\n\n\n\n<li>Uvas-passas claras<\/li>\n\n\n\n<li>Sementes de girassol ou chia<\/li>\n\n\n\n<li>Um toque de iogurte natural no lugar da maionese<\/li>\n\n\n\n<li>Mostarda ou lim\u00e3o no molho para mais acidez<\/li>\n<\/ul>\n\n\n\n<p>Essas varia\u00e7\u00f5es mant\u00eam o car\u00e1ter leve e funcional da salada, aproximando-a ainda mais de um <strong>autocuidado com plantas e alimentos naturais<\/strong>.<\/p>\n\n\n\n<h2 class=\"wp-block-heading\">Como cultivar repolho em casa para sua salada?<\/h2>\n\n\n\n<p>Voc\u00ea pode ter repolhos fresquinhos cultivados na sua pr\u00f3pria <strong>horta para sa\u00fade<\/strong>. Apesar de exigir um pouco de espa\u00e7o e paci\u00eancia, o cultivo \u00e9 recompensador:<\/p>\n\n\n\n<ul class=\"wp-block-list\">\n<li>Escolha um local com sol direto por pelo menos 4 horas di\u00e1rias.<\/li>\n\n\n\n<li>Use um solo rico em mat\u00e9ria org\u00e2nica e bem drenado.<\/li>\n\n\n\n<li>Plante as mudas com espa\u00e7amento de cerca de 40 cm entre elas.<\/li>\n\n\n\n<li>Regue regularmente, mantendo o solo \u00famido, sem encharcar.<\/li>\n\n\n\n<li>Colha quando as cabe\u00e7as estiverem firmes e bem formadas.<\/li>\n<\/ul>\n\n\n\n<p>Com esses cuidados simples, voc\u00ea fortalece seu v\u00ednculo com a <strong>jardinagem terap\u00eautica<\/strong> e tem sempre ingredientes frescos \u00e0 m\u00e3o.<\/p>\n\n\n\n<h2 class=\"wp-block-heading\">Quais os poss\u00edveis benef\u00edcios dessa salada para o bem-estar?<\/h2>\n\n\n\n<p>Embora n\u00e3o substitua nenhum tratamento m\u00e9dico, a <strong>salada de repolho cremosa<\/strong> \u00e9 tradicionalmente associada a alguns benef\u00edcios interessantes:<\/p>\n\n\n\n<ul class=\"wp-block-list\">\n<li>O repolho \u00e9 fonte de fibras e vitamina C, podendo ajudar na digest\u00e3o.<\/li>\n\n\n\n<li>A cenoura traz betacaroteno, um antioxidante natural.<\/li>\n\n\n\n<li>O vinagre de ma\u00e7\u00e3 pode auxiliar no equil\u00edbrio do pH do corpo.<\/li>\n<\/ul>\n\n\n\n<p>Essa combina\u00e7\u00e3o \u00e9 frequentemente usada como parte de uma alimenta\u00e7\u00e3o equilibrada, sendo popular entre quem busca uma <strong>planta digestiva<\/strong> para refei\u00e7\u00f5es mais leves.<\/p>\n\n\n\n<h2 class=\"wp-block-heading\">Posso incluir essa salada em outras refei\u00e7\u00f5es?<\/h2>\n\n\n\n<p>Sim! Al\u00e9m do churrasco, essa <strong>salada funcional<\/strong> vai bem com frango grelhado, peixe assado, arroz integral e at\u00e9 como recheio de sandu\u00edches naturais. Sua textura e sabor combinam com:<\/p>\n\n\n\n<ul class=\"wp-block-list\">\n<li>Pratos quentes, como escondidinhos ou arroz de forno<\/li>\n\n\n\n<li>Lanches saud\u00e1veis no jantar<\/li>\n\n\n\n<li>Marmitas para o trabalho<\/li>\n<\/ul>\n\n\n\n<p>Voc\u00ea pode inclusive usar sobras para compor outras receitas, evitando desperd\u00edcios e mantendo o foco em uma alimenta\u00e7\u00e3o mais natural e sustent\u00e1vel.<\/p>\n\n\n\n<h2 class=\"wp-block-heading\">Vale a pena ter essa salada sempre pronta na geladeira?<\/h2>\n\n\n\n<p>Com certeza! Ter uma por\u00e7\u00e3o dessa <strong>salada de repolho cremosa<\/strong> pronta na geladeira pode facilitar muito o dia a dia. Ela dura at\u00e9 3 dias refrigerada e continua saborosa, perfeita para refei\u00e7\u00f5es r\u00e1pidas.<\/p>\n\n\n\n<p>Agora que voc\u00ea conhece seus usos e como preparar, que tal reservar um cantinho na sua <strong>horta dom\u00e9stica<\/strong> para plantar repolho? Assim, sua pr\u00f3xima salada ser\u00e1 ainda mais fresca e funcional.<\/p>\n\n\n\n<h2 class=\"wp-block-heading\">Que tal come\u00e7ar sua pr\u00f3pria horta com repolho hoje mesmo?<\/h2>\n\n\n\n<p>Cultivar e preparar sua <strong>salada de repolho cremosa para churrasco<\/strong> \u00e9 mais do que cozinhar: \u00e9 uma forma de cuidar de si mesmo com simplicidade e sabor. Aplique essas dicas e explore o prazer de integrar a natureza ao seu prato, todos os dias.<\/p>\n\n\n\n<p>Seja para um almo\u00e7o especial ou para acompanhar aquele churrasco de fim de semana, essa salada \u00e9 uma escolha leve, pr\u00e1tica e cheia de possibilidades. Que tal experimentar hoje mesmo?<\/p>\n","protected":false},"excerpt":{"rendered":"<p>A salada de repolho cremosa para churrasco \u00e9 um daqueles acompanhamentos que nunca saem de moda. Leve, crocante e refrescante, ela \u00e9 tradicionalmente usada para equilibrar pratos mais gordurosos, como carnes assadas, hamb\u00fargueres e, claro, o bom e velho churrasco. Seu preparo simples e sabor marcante conquistam todos os tipos de paladar. Al\u00e9m disso, essa [&hellip;]<\/p>\n","protected":false},"author":4,"featured_media":43661,"comment_status":"open","ping_status":"open","sticky":false,"template":"","format":"standard","meta":{"_yoast_wpseo_focuskw":"repolho","_yoast_wpseo_title":"","_yoast_wpseo_metadesc":"A salada de repolho cremosa para churrasco \u00e9 um daqueles acompanhamentos que nunca saem de moda. Leve, crocante e refrescante","jnews-multi-image_gallery":[],"jnews_single_post":{"format":"standard"},"jnews_primary_category":[],"jnews_social_meta":[],"jnews_override_counter":[],"footnotes":""},"categories":[112,136],"tags":[5458,5459,5456,5457],"class_list":["post-43647","post","type-post","status-publish","format-standard","has-post-thumbnail","hentry","category-curiosidades","category-jardinagem","tag-acompanhamento-leve","tag-receita-com-repolho","tag-salada-de-repolho-cremosa","tag-salada-para-churrasco"],"yoast_head":"<!-- This site is optimized with the Yoast SEO plugin v24.6 - https:\/\/yoast.com\/wordpress\/plugins\/seo\/ -->\n<title>N\u00e3o fa\u00e7a isso com o repolho antes de ver aqui - Correio Braziliense - Radar<\/title>\n<meta name=\"description\" content=\"A salada de repolho cremosa para churrasco \u00e9 um daqueles acompanhamentos que nunca saem de moda. Leve, crocante e refrescante\" \/>\n<meta name=\"robots\" content=\"index, follow, max-snippet:-1, max-image-preview:large, max-video-preview:-1\" \/>\n<link rel=\"canonical\" href=\"https:\/\/www.correiobraziliense.com.br\/cbradar\/nao-faca-isso-com-o-repolho-antes-de-ver-aqui\/\" \/>\n<meta property=\"og:locale\" content=\"pt_BR\" \/>\n<meta property=\"og:type\" content=\"article\" \/>\n<meta property=\"og:title\" content=\"N\u00e3o fa\u00e7a isso com o repolho antes de ver aqui - Correio Braziliense - Radar\" \/>\n<meta property=\"og:description\" content=\"A salada de repolho cremosa para churrasco \u00e9 um daqueles acompanhamentos que nunca saem de moda. Leve, crocante e refrescante\" \/>\n<meta property=\"og:url\" content=\"https:\/\/www.correiobraziliense.com.br\/cbradar\/nao-faca-isso-com-o-repolho-antes-de-ver-aqui\/\" \/>\n<meta property=\"og:site_name\" content=\"Correio Braziliense - Radar\" \/>\n<meta property=\"article:published_time\" content=\"2025-05-27T16:14:41+00:00\" \/>\n<meta property=\"article:modified_time\" content=\"2025-05-27T16:14:42+00:00\" \/>\n<meta property=\"og:image\" content=\"https:\/\/www.correiobraziliense.com.br\/cbradar\/wp-content\/uploads\/2025\/05\/combined_image_inverted_1280x720.jpg\" \/>\n\t<meta property=\"og:image:width\" content=\"1280\" \/>\n\t<meta property=\"og:image:height\" content=\"720\" \/>\n\t<meta property=\"og:image:type\" content=\"image\/jpeg\" \/>\n<meta name=\"author\" content=\"Guilherme Cremaschi\" \/>\n<meta name=\"twitter:card\" content=\"summary_large_image\" \/>\n<meta name=\"twitter:label1\" content=\"Escrito por\" \/>\n\t<meta name=\"twitter:data1\" content=\"Guilherme Cremaschi\" \/>\n\t<meta name=\"twitter:label2\" content=\"Est. tempo de leitura\" \/>\n\t<meta name=\"twitter:data2\" content=\"5 minutos\" \/>\n<!-- \/ Yoast SEO plugin. -->","yoast_head_json":{"title":"N\u00e3o fa\u00e7a isso com o repolho antes de ver aqui - Correio Braziliense - Radar","description":"A salada de repolho cremosa para churrasco \u00e9 um daqueles acompanhamentos que nunca saem de moda. Leve, crocante e refrescante","robots":{"index":"index","follow":"follow","max-snippet":"max-snippet:-1","max-image-preview":"max-image-preview:large","max-video-preview":"max-video-preview:-1"},"canonical":"https:\/\/www.correiobraziliense.com.br\/cbradar\/nao-faca-isso-com-o-repolho-antes-de-ver-aqui\/","og_locale":"pt_BR","og_type":"article","og_title":"N\u00e3o fa\u00e7a isso com o repolho antes de ver aqui - Correio Braziliense - Radar","og_description":"A salada de repolho cremosa para churrasco \u00e9 um daqueles acompanhamentos que nunca saem de moda. Leve, crocante e refrescante","og_url":"https:\/\/www.correiobraziliense.com.br\/cbradar\/nao-faca-isso-com-o-repolho-antes-de-ver-aqui\/","og_site_name":"Correio Braziliense - Radar","article_published_time":"2025-05-27T16:14:41+00:00","article_modified_time":"2025-05-27T16:14:42+00:00","og_image":[{"width":1280,"height":720,"url":"https:\/\/www.correiobraziliense.com.br\/cbradar\/wp-content\/uploads\/2025\/05\/combined_image_inverted_1280x720.jpg","type":"image\/jpeg"}],"author":"Guilherme Cremaschi","twitter_card":"summary_large_image","twitter_misc":{"Escrito por":"Guilherme Cremaschi","Est. tempo de leitura":"5 minutos"},"schema":{"@context":"https:\/\/schema.org","@graph":[{"@type":"WebPage","@id":"https:\/\/www.correiobraziliense.com.br\/cbradar\/nao-faca-isso-com-o-repolho-antes-de-ver-aqui\/","url":"https:\/\/www.correiobraziliense.com.br\/cbradar\/nao-faca-isso-com-o-repolho-antes-de-ver-aqui\/","name":"N\u00e3o fa\u00e7a isso com o repolho antes de ver aqui - Correio Braziliense - Radar","isPartOf":{"@id":"https:\/\/www.correiobraziliense.com.br\/cbradar\/#website"},"primaryImageOfPage":{"@id":"https:\/\/www.correiobraziliense.com.br\/cbradar\/nao-faca-isso-com-o-repolho-antes-de-ver-aqui\/#primaryimage"},"image":{"@id":"https:\/\/www.correiobraziliense.com.br\/cbradar\/nao-faca-isso-com-o-repolho-antes-de-ver-aqui\/#primaryimage"},"thumbnailUrl":"https:\/\/www.correiobraziliense.com.br\/cbradar\/wp-content\/uploads\/2025\/05\/combined_image_inverted_1280x720.jpg","datePublished":"2025-05-27T16:14:41+00:00","dateModified":"2025-05-27T16:14:42+00:00","author":{"@id":"https:\/\/www.correiobraziliense.com.br\/cbradar\/#\/schema\/person\/4760856b25506e84ce34d5de2b0d95f1"},"description":"A salada de repolho cremosa para churrasco \u00e9 um daqueles acompanhamentos que nunca saem de moda. Leve, crocante e refrescante","breadcrumb":{"@id":"https:\/\/www.correiobraziliense.com.br\/cbradar\/nao-faca-isso-com-o-repolho-antes-de-ver-aqui\/#breadcrumb"},"inLanguage":"pt-BR","potentialAction":[{"@type":"ReadAction","target":["https:\/\/www.correiobraziliense.com.br\/cbradar\/nao-faca-isso-com-o-repolho-antes-de-ver-aqui\/"]}]},{"@type":"ImageObject","inLanguage":"pt-BR","@id":"https:\/\/www.correiobraziliense.com.br\/cbradar\/nao-faca-isso-com-o-repolho-antes-de-ver-aqui\/#primaryimage","url":"https:\/\/www.correiobraziliense.com.br\/cbradar\/wp-content\/uploads\/2025\/05\/combined_image_inverted_1280x720.jpg","contentUrl":"https:\/\/www.correiobraziliense.com.br\/cbradar\/wp-content\/uploads\/2025\/05\/combined_image_inverted_1280x720.jpg","width":1280,"height":720,"caption":"N\u00e3o fa\u00e7a isso com o repolho antes de ver aqui Cr\u00e9ditos: depositphotos.com \/ mrkornflakes Cr\u00e9ditos: depositphotos.com \/ HayDmitriy"},{"@type":"BreadcrumbList","@id":"https:\/\/www.correiobraziliense.com.br\/cbradar\/nao-faca-isso-com-o-repolho-antes-de-ver-aqui\/#breadcrumb","itemListElement":[{"@type":"ListItem","position":1,"name":"In\u00edcio","item":"https:\/\/www.correiobraziliense.com.br\/cbradar\/"},{"@type":"ListItem","position":2,"name":"N\u00e3o fa\u00e7a isso com o repolho antes de ver aqui"}]},{"@type":"WebSite","@id":"https:\/\/www.correiobraziliense.com.br\/cbradar\/#website","url":"https:\/\/www.correiobraziliense.com.br\/cbradar\/","name":"Correio Braziliense - Radar","description":"Acompanhe as \u00faltimas not\u00edcias e fique bem informado sobre tudo o que acontece no Brasil e no mundo.","potentialAction":[{"@type":"SearchAction","target":{"@type":"EntryPoint","urlTemplate":"https:\/\/www.correiobraziliense.com.br\/cbradar\/?s={search_term_string}"},"query-input":{"@type":"PropertyValueSpecification","valueRequired":true,"valueName":"search_term_string"}}],"inLanguage":"pt-BR"},{"@type":"Person","@id":"https:\/\/www.correiobraziliense.com.br\/cbradar\/#\/schema\/person\/4760856b25506e84ce34d5de2b0d95f1","name":"Guilherme Cremaschi","image":{"@type":"ImageObject","inLanguage":"pt-BR","@id":"https:\/\/www.correiobraziliense.com.br\/cbradar\/#\/schema\/person\/image\/","url":"https:\/\/secure.gravatar.com\/avatar\/6a059d20d980bdeb1d1d6b0fa2b4633c?s=96&d=mm&r=g","contentUrl":"https:\/\/secure.gravatar.com\/avatar\/6a059d20d980bdeb1d1d6b0fa2b4633c?s=96&d=mm&r=g","caption":"Guilherme Cremaschi"},"sameAs":["https:\/\/www.correiobraziliense.com.br\/"],"url":"https:\/\/www.correiobraziliense.com.br\/cbradar\/author\/guilhermemyth\/"}]}},"_links":{"self":[{"href":"https:\/\/www.correiobraziliense.com.br\/cbradar\/wp-json\/wp\/v2\/posts\/43647","targetHints":{"allow":["GET"]}}],"collection":[{"href":"https:\/\/www.correiobraziliense.com.br\/cbradar\/wp-json\/wp\/v2\/posts"}],"about":[{"href":"https:\/\/www.correiobraziliense.com.br\/cbradar\/wp-json\/wp\/v2\/types\/post"}],"author":[{"embeddable":true,"href":"https:\/\/www.correiobraziliense.com.br\/cbradar\/wp-json\/wp\/v2\/users\/4"}],"replies":[{"embeddable":true,"href":"https:\/\/www.correiobraziliense.com.br\/cbradar\/wp-json\/wp\/v2\/comments?post=43647"}],"version-history":[{"count":2,"href":"https:\/\/www.correiobraziliense.com.br\/cbradar\/wp-json\/wp\/v2\/posts\/43647\/revisions"}],"predecessor-version":[{"id":43652,"href":"https:\/\/www.correiobraziliense.com.br\/cbradar\/wp-json\/wp\/v2\/posts\/43647\/revisions\/43652"}],"wp:featuredmedia":[{"embeddable":true,"href":"https:\/\/www.correiobraziliense.com.br\/cbradar\/wp-json\/wp\/v2\/media\/43661"}],"wp:attachment":[{"href":"https:\/\/www.correiobraziliense.com.br\/cbradar\/wp-json\/wp\/v2\/media?parent=43647"}],"wp:term":[{"taxonomy":"category","embeddable":true,"href":"https:\/\/www.correiobraziliense.com.br\/cbradar\/wp-json\/wp\/v2\/categories?post=43647"},{"taxonomy":"post_tag","embeddable":true,"href":"https:\/\/www.correiobraziliense.com.br\/cbradar\/wp-json\/wp\/v2\/tags?post=43647"}],"curies":[{"name":"wp","href":"https:\/\/api.w.org\/{rel}","templated":true}]}}