{"id":4365,"date":"2025-02-21T13:30:00","date_gmt":"2025-02-21T16:30:00","guid":{"rendered":"https:\/\/www.correiobraziliense.com.br\/cbradar\/?p=4365"},"modified":"2025-02-20T16:11:24","modified_gmt":"2025-02-20T19:11:24","slug":"qual-o-jeito-certo-de-plantar-arroz","status":"publish","type":"post","link":"https:\/\/www.correiobraziliense.com.br\/cbradar\/qual-o-jeito-certo-de-plantar-arroz\/","title":{"rendered":"Qual o jeito certo de plantar arroz?"},"content":{"rendered":"\n<p>O arroz \u00e9 um dos alimentos mais consumidos no <strong>Brasil<\/strong>, ocupando a terceira posi\u00e7\u00e3o entre as culturas mais produzidas no pa\u00eds, atr\u00e1s apenas da soja e do milho. Introduzido por <strong>Pedro \u00c1lvares Cabral,<\/strong> o gr\u00e3o tornou-se essencial na dieta dos brasileiros, frequentemente acompanhado do feij\u00e3o. A safra de 2022\/2023, segundo a Companhia Nacional de Abastecimento (Conab), prev\u00ea uma colheita de 10 milh\u00f5es de toneladas, das quais 90% s\u00e3o destinadas ao consumo interno.<\/p>\n\n\n\n<p>O Rio Grande do Sul lidera a produ\u00e7\u00e3o nacional de arroz, mas outras regi\u00f5es, como Mato Grosso e Tocantins, t\u00eam mostrado crescimento significativo nesse cultivo. A versatilidade do arroz permite que ele seja plantado em diversas regi\u00f5es do pa\u00eds, adaptando-se a diferentes condi\u00e7\u00f5es clim\u00e1ticas e de solo.<\/p>\n\n\n\n<h2 class=\"wp-block-heading\"><strong>Como cultivar arroz de forma eficiente?<\/strong><\/h2>\n\n\n\n<p>O cultivo do arroz requer aten\u00e7\u00e3o a diversos fatores para garantir uma colheita abundante e de qualidade. A escolha do local \u00e9 crucial, pois o arroz necessita de solos \u00famidos e bem drenados. Al\u00e9m disso, o solo deve ser rico em nutrientes e ter um pH entre 5,5 e 6,5 para favorecer o crescimento das plantas.<\/p>\n\n\n\n<p>O preparo do solo deve ser feito com anteced\u00eancia, entre 30 e 45 dias antes do plantio. \u00c9 importante arar e nivelar a terra, al\u00e9m de considerar a rota\u00e7\u00e3o de culturas para evitar pragas e doen\u00e7as. A escolha da variedade de arroz tamb\u00e9m \u00e9 essencial, devendo ser baseada no sistema de plantio e nas condi\u00e7\u00f5es clim\u00e1ticas da regi\u00e3o.<\/p>\n\n\n\n<figure class=\"wp-block-image size-large\"><img decoding=\"async\" width=\"1024\" height=\"576\" src=\"https:\/\/www.correiobraziliense.com.br\/cbradar\/wp-content\/uploads\/2025\/02\/arroz_1740076044963-1024x576.jpg\" alt=\"Qual o jeito certo de plantar arroz?\" class=\"wp-image-4367\" srcset=\"https:\/\/www.correiobraziliense.com.br\/cbradar\/wp-content\/uploads\/2025\/02\/arroz_1740076044963-1024x576.jpg 1024w, https:\/\/www.correiobraziliense.com.br\/cbradar\/wp-content\/uploads\/2025\/02\/arroz_1740076044963-300x169.jpg 300w, https:\/\/www.correiobraziliense.com.br\/cbradar\/wp-content\/uploads\/2025\/02\/arroz_1740076044963-768x432.jpg 768w, https:\/\/www.correiobraziliense.com.br\/cbradar\/wp-content\/uploads\/2025\/02\/arroz_1740076044963-750x422.jpg 750w, https:\/\/www.correiobraziliense.com.br\/cbradar\/wp-content\/uploads\/2025\/02\/arroz_1740076044963-1140x641.jpg 1140w, https:\/\/www.correiobraziliense.com.br\/cbradar\/wp-content\/uploads\/2025\/02\/arroz_1740076044963.jpg 1280w\" sizes=\"(max-width: 1024px) 100vw, 1024px\" \/><figcaption class=\"wp-element-caption\">Gr\u00e3os de arroz. Cr\u00e9ditos: depositphotos.com \/ AntonMatyukha<\/figcaption><\/figure>\n\n\n\n<h2 class=\"wp-block-heading\"><strong>Quais s\u00e3o as etapas do plantio de arroz?<\/strong><\/h2>\n\n\n\n<p>O plantio do arroz pode ser realizado por semeadura direta ou transplante de mudas. As sementes devem ser plantadas em fileiras, com espa\u00e7amento adequado, e a profundidade de plantio deve ser de 2 a 4 cent\u00edmetros. A irriga\u00e7\u00e3o \u00e9 uma etapa cr\u00edtica, pois o arroz necessita de muita \u00e1gua. O m\u00e9todo de irriga\u00e7\u00e3o por inunda\u00e7\u00e3o \u00e9 o mais indicado, mantendo a l\u00e2mina de \u00e1gua entre 2 e 5 cent\u00edmetros durante o desenvolvimento da cultura.<\/p>\n\n\n\n<p>O controle de pragas e doen\u00e7as \u00e9 fundamental para proteger a lavoura. Pragas como a lagarta do cartucho e doen\u00e7as como a brusone podem afetar significativamente a produ\u00e7\u00e3o. O manejo adequado, incluindo a elimina\u00e7\u00e3o de plantas daninhas e o uso controlado de defensivos agr\u00edcolas, \u00e9 essencial para minimizar os impactos negativos.<\/p>\n\n\n\n<h2 class=\"wp-block-heading\"><strong>Colheita e armazenamento do arroz<\/strong><\/h2>\n\n\n\n<p>A colheita do arroz ocorre entre 100 e 150 dias ap\u00f3s o plantio, quando as espigas adquirem colora\u00e7\u00e3o amarela e as folhas est\u00e3o secas. O teor de umidade ideal para a colheita \u00e9 entre 18% e 22%. O processo pode ser realizado manualmente ou de forma mecanizada, dependendo da escala de produ\u00e7\u00e3o.<\/p>\n\n\n\n<p>Ap\u00f3s a colheita, o arroz deve ser armazenado adequadamente para preservar sua qualidade. O armazenamento em casca \u00e9 recomendado, em locais secos e arejados, protegidos da luz direta e da umidade. \u00c9 importante remover impurezas antes do armazenamento para evitar a prolifera\u00e7\u00e3o de fungos e insetos.<\/p>\n","protected":false},"excerpt":{"rendered":"<p>Explore os m\u00e9todos de cultivo e plantio de arroz no Brasil, al\u00e9m das etapas de colheita e armazenamento, com foco na import\u00e2ncia desta cultura para a agricultura brasileira.<\/p>\n","protected":false},"author":3,"featured_media":4366,"comment_status":"open","ping_status":"open","sticky":false,"template":"","format":"standard","meta":{"_yoast_wpseo_focuskw":"plantar arroz","_yoast_wpseo_title":"%%title%%","_yoast_wpseo_metadesc":"Explore os m\u00e9todos de cultivo e plantio de arroz no Brasil, al\u00e9m das etapas de colheita e armazenamento, com foco na import\u00e2ncia desta cultura para a agricultura brasileira.","jnews-multi-image_gallery":[],"jnews_single_post":{"format":"standard"},"jnews_primary_category":[],"jnews_social_meta":[],"jnews_override_counter":[],"footnotes":""},"categories":[136],"post_tag":[899,900],"class_list":["post-4365","post","type-post","status-publish","format-standard","has-post-thumbnail","hentry","category-jardinagem","tag-arroz","tag-plantar-arroz"],"yoast_head":"<!-- This site is optimized with the Yoast SEO plugin v24.6 - https:\/\/yoast.com\/wordpress\/plugins\/seo\/ -->\n<title>Qual o jeito certo de plantar arroz?<\/title>\n<meta name=\"description\" content=\"Explore os m\u00e9todos de cultivo e plantio de arroz no Brasil, al\u00e9m das etapas de colheita e armazenamento, com foco na import\u00e2ncia desta cultura para a agricultura brasileira.\" \/>\n<meta name=\"robots\" content=\"index, follow, max-snippet:-1, max-image-preview:large, max-video-preview:-1\" \/>\n<link rel=\"canonical\" href=\"https:\/\/www.correiobraziliense.com.br\/cbradar\/qual-o-jeito-certo-de-plantar-arroz\/\" \/>\n<meta property=\"og:locale\" content=\"pt_BR\" \/>\n<meta property=\"og:type\" content=\"article\" \/>\n<meta property=\"og:title\" content=\"Qual o jeito certo de plantar arroz?\" \/>\n<meta property=\"og:description\" content=\"Explore os m\u00e9todos de cultivo e plantio de arroz no Brasil, al\u00e9m das etapas de colheita e armazenamento, com foco na import\u00e2ncia desta cultura para a agricultura brasileira.\" \/>\n<meta property=\"og:url\" content=\"https:\/\/www.correiobraziliense.com.br\/cbradar\/qual-o-jeito-certo-de-plantar-arroz\/\" \/>\n<meta property=\"og:site_name\" content=\"Correio Braziliense - Radar\" \/>\n<meta property=\"article:published_time\" content=\"2025-02-21T16:30:00+00:00\" \/>\n<meta property=\"og:image\" content=\"https:\/\/www.correiobraziliense.com.br\/cbradar\/wp-content\/uploads\/2025\/02\/arroz_1740075998910.jpg\" \/>\n\t<meta property=\"og:image:width\" content=\"1280\" \/>\n\t<meta property=\"og:image:height\" content=\"720\" \/>\n\t<meta property=\"og:image:type\" content=\"image\/jpeg\" \/>\n<meta name=\"author\" content=\"Larissa Carvalho\" \/>\n<meta name=\"twitter:card\" content=\"summary_large_image\" \/>\n<meta name=\"twitter:label1\" content=\"Escrito por\" \/>\n\t<meta name=\"twitter:data1\" content=\"Larissa Carvalho\" \/>\n\t<meta name=\"twitter:label2\" content=\"Est. tempo de leitura\" \/>\n\t<meta name=\"twitter:data2\" content=\"4 minutos\" \/>\n<!-- \/ Yoast SEO plugin. -->","yoast_head_json":{"title":"Qual o jeito certo de plantar arroz?","description":"Explore os m\u00e9todos de cultivo e plantio de arroz no Brasil, al\u00e9m das etapas de colheita e armazenamento, com foco na import\u00e2ncia desta cultura para a agricultura brasileira.","robots":{"index":"index","follow":"follow","max-snippet":"max-snippet:-1","max-image-preview":"max-image-preview:large","max-video-preview":"max-video-preview:-1"},"canonical":"https:\/\/www.correiobraziliense.com.br\/cbradar\/qual-o-jeito-certo-de-plantar-arroz\/","og_locale":"pt_BR","og_type":"article","og_title":"Qual o jeito certo de plantar arroz?","og_description":"Explore os m\u00e9todos de cultivo e plantio de arroz no Brasil, al\u00e9m das etapas de colheita e armazenamento, com foco na import\u00e2ncia desta cultura para a agricultura brasileira.","og_url":"https:\/\/www.correiobraziliense.com.br\/cbradar\/qual-o-jeito-certo-de-plantar-arroz\/","og_site_name":"Correio Braziliense - Radar","article_published_time":"2025-02-21T16:30:00+00:00","og_image":[{"width":1280,"height":720,"url":"https:\/\/www.correiobraziliense.com.br\/cbradar\/wp-content\/uploads\/2025\/02\/arroz_1740075998910.jpg","type":"image\/jpeg"}],"author":"Larissa Carvalho","twitter_card":"summary_large_image","twitter_misc":{"Escrito por":"Larissa Carvalho","Est. tempo de leitura":"4 minutos"},"schema":{"@context":"https:\/\/schema.org","@graph":[{"@type":"WebPage","@id":"https:\/\/www.correiobraziliense.com.br\/cbradar\/qual-o-jeito-certo-de-plantar-arroz\/","url":"https:\/\/www.correiobraziliense.com.br\/cbradar\/qual-o-jeito-certo-de-plantar-arroz\/","name":"Qual o jeito certo de plantar arroz?","isPartOf":{"@id":"https:\/\/www.correiobraziliense.com.br\/cbradar\/#website"},"primaryImageOfPage":{"@id":"https:\/\/www.correiobraziliense.com.br\/cbradar\/qual-o-jeito-certo-de-plantar-arroz\/#primaryimage"},"image":{"@id":"https:\/\/www.correiobraziliense.com.br\/cbradar\/qual-o-jeito-certo-de-plantar-arroz\/#primaryimage"},"thumbnailUrl":"https:\/\/www.correiobraziliense.com.br\/cbradar\/wp-content\/uploads\/2025\/02\/arroz_1740075998910.jpg","datePublished":"2025-02-21T16:30:00+00:00","author":{"@id":"https:\/\/www.correiobraziliense.com.br\/cbradar\/#\/schema\/person\/58422787644df994b53a19d3e56c1513"},"description":"Explore os m\u00e9todos de cultivo e plantio de arroz no Brasil, al\u00e9m das etapas de colheita e armazenamento, com foco na import\u00e2ncia desta cultura para a agricultura brasileira.","breadcrumb":{"@id":"https:\/\/www.correiobraziliense.com.br\/cbradar\/qual-o-jeito-certo-de-plantar-arroz\/#breadcrumb"},"inLanguage":"pt-BR","potentialAction":[{"@type":"ReadAction","target":["https:\/\/www.correiobraziliense.com.br\/cbradar\/qual-o-jeito-certo-de-plantar-arroz\/"]}]},{"@type":"ImageObject","inLanguage":"pt-BR","@id":"https:\/\/www.correiobraziliense.com.br\/cbradar\/qual-o-jeito-certo-de-plantar-arroz\/#primaryimage","url":"https:\/\/www.correiobraziliense.com.br\/cbradar\/wp-content\/uploads\/2025\/02\/arroz_1740075998910.jpg","contentUrl":"https:\/\/www.correiobraziliense.com.br\/cbradar\/wp-content\/uploads\/2025\/02\/arroz_1740075998910.jpg","width":1280,"height":720,"caption":"O jeito certo para cultivar arroz. Cr\u00e9ditos: depositphotos.com \/ AntonMatyukha"},{"@type":"BreadcrumbList","@id":"https:\/\/www.correiobraziliense.com.br\/cbradar\/qual-o-jeito-certo-de-plantar-arroz\/#breadcrumb","itemListElement":[{"@type":"ListItem","position":1,"name":"In\u00edcio","item":"https:\/\/www.correiobraziliense.com.br\/cbradar\/"},{"@type":"ListItem","position":2,"name":"Qual o jeito certo de plantar arroz?"}]},{"@type":"WebSite","@id":"https:\/\/www.correiobraziliense.com.br\/cbradar\/#website","url":"https:\/\/www.correiobraziliense.com.br\/cbradar\/","name":"Correio Braziliense - Radar","description":"Acompanhe as \u00faltimas not\u00edcias e fique bem informado sobre tudo o que acontece no Brasil e no mundo.","potentialAction":[{"@type":"SearchAction","target":{"@type":"EntryPoint","urlTemplate":"https:\/\/www.correiobraziliense.com.br\/cbradar\/?s={search_term_string}"},"query-input":{"@type":"PropertyValueSpecification","valueRequired":true,"valueName":"search_term_string"}}],"inLanguage":"pt-BR"},{"@type":"Person","@id":"https:\/\/www.correiobraziliense.com.br\/cbradar\/#\/schema\/person\/58422787644df994b53a19d3e56c1513","name":"Larissa Carvalho","image":{"@type":"ImageObject","inLanguage":"pt-BR","@id":"https:\/\/www.correiobraziliense.com.br\/cbradar\/#\/schema\/person\/image\/","url":"https:\/\/secure.gravatar.com\/avatar\/fe4f91a0de32b52a838d0d612abdc1aa?s=96&d=mm&r=g","contentUrl":"https:\/\/secure.gravatar.com\/avatar\/fe4f91a0de32b52a838d0d612abdc1aa?s=96&d=mm&r=g","caption":"Larissa Carvalho"},"url":"https:\/\/www.correiobraziliense.com.br\/cbradar\/author\/larissamyth\/"}]}},"_links":{"self":[{"href":"https:\/\/www.correiobraziliense.com.br\/cbradar\/wp-json\/wp\/v2\/posts\/4365","targetHints":{"allow":["GET"]}}],"collection":[{"href":"https:\/\/www.correiobraziliense.com.br\/cbradar\/wp-json\/wp\/v2\/posts"}],"about":[{"href":"https:\/\/www.correiobraziliense.com.br\/cbradar\/wp-json\/wp\/v2\/types\/post"}],"author":[{"embeddable":true,"href":"https:\/\/www.correiobraziliense.com.br\/cbradar\/wp-json\/wp\/v2\/users\/3"}],"replies":[{"embeddable":true,"href":"https:\/\/www.correiobraziliense.com.br\/cbradar\/wp-json\/wp\/v2\/comments?post=4365"}],"version-history":[{"count":1,"href":"https:\/\/www.correiobraziliense.com.br\/cbradar\/wp-json\/wp\/v2\/posts\/4365\/revisions"}],"predecessor-version":[{"id":4370,"href":"https:\/\/www.correiobraziliense.com.br\/cbradar\/wp-json\/wp\/v2\/posts\/4365\/revisions\/4370"}],"wp:featuredmedia":[{"embeddable":true,"href":"https:\/\/www.correiobraziliense.com.br\/cbradar\/wp-json\/wp\/v2\/media\/4366"}],"wp:attachment":[{"href":"https:\/\/www.correiobraziliense.com.br\/cbradar\/wp-json\/wp\/v2\/media?parent=4365"}],"wp:term":[{"taxonomy":"category","embeddable":true,"href":"https:\/\/www.correiobraziliense.com.br\/cbradar\/wp-json\/wp\/v2\/categories?post=4365"},{"taxonomy":"post_tag","embeddable":true,"href":"https:\/\/www.correiobraziliense.com.br\/cbradar\/wp-json\/wp\/v2\/post_tag?post=4365"}],"curies":[{"name":"wp","href":"https:\/\/api.w.org\/{rel}","templated":true}]}}