{"id":43668,"date":"2025-05-28T21:30:00","date_gmt":"2025-05-29T00:30:00","guid":{"rendered":"https:\/\/www.correiobraziliense.com.br\/cbradar\/?p=43668"},"modified":"2025-05-27T16:59:31","modified_gmt":"2025-05-27T19:59:31","slug":"a-cidade-ideal-para-quem-busca-empreender-estudar-ou-viver-com-tranquilidade","status":"publish","type":"post","link":"https:\/\/www.correiobraziliense.com.br\/cbradar\/a-cidade-ideal-para-quem-busca-empreender-estudar-ou-viver-com-tranquilidade\/","title":{"rendered":"A cidade ideal para quem busca empreender, estudar ou viver com tranquilidade"},"content":{"rendered":"\n<p><strong><a href=\"https:\/\/teofilootoni.mg.gov.br\/\" target=\"_blank\" rel=\"noreferrer noopener\">Te\u00f3filo Otoni<\/a><\/strong>, localizada no nordeste de <strong><a href=\"https:\/\/www.correiobraziliense.com.br\/cbradar\/o-que-torna-esse-um-refugio-tao-especial-nas-montanhas-de-minas-gerais\/\" target=\"_blank\" rel=\"noreferrer noopener\">Minas Gerais<\/a><\/strong>, \u00e9 uma cidade com forte presen\u00e7a comercial, tradi\u00e7\u00e3o no setor de pedras preciosas e uma crescente estrutura em educa\u00e7\u00e3o e servi\u00e7os. Com cerca de 140 mil habitantes, \u00e9 refer\u00eancia regional, servindo como centro administrativo, econ\u00f4mico e universit\u00e1rio para dezenas de munic\u00edpios vizinhos.<\/p>\n\n\n\n<p>Com urbanismo funcional, identidade pr\u00f3pria e voca\u00e7\u00e3o empreendedora, <strong>Te\u00f3filo Otoni<\/strong> \u00e9 um ponto estrat\u00e9gico do interior mineiro.<\/p>\n\n\n\n<h2 class=\"wp-block-heading\">Qualidade de vida com estrutura regional eficiente<\/h2>\n\n\n\n<p>A cidade oferece uma rotina urbana tranquila, com bairros bem distribu\u00eddos, mobilidade acess\u00edvel e servi\u00e7os p\u00fablicos b\u00e1sicos bem posicionados. Apesar dos desafios t\u00edpicos de uma cidade m\u00e9dia, <strong>Te\u00f3filo Otoni<\/strong> investe em melhorias em infraestrutura, sa\u00fade e acessibilidade.<\/p>\n\n\n\n<p>A arboriza\u00e7\u00e3o urbana e o relevo montanhoso garantem um ambiente natural agrad\u00e1vel para viver.<\/p>\n\n\n\n<h2 class=\"wp-block-heading\">Economia com base no com\u00e9rcio e nas gemas<\/h2>\n\n\n\n<p>Conhecida como a \u201c<strong>Capital Mundial das Pedras Preciosas<\/strong>\u201d, a cidade \u00e9 internacionalmente reconhecida por sua produ\u00e7\u00e3o e comercializa\u00e7\u00e3o de gemas e joias. Al\u00e9m disso, o com\u00e9rcio varejista e atacadista \u00e9 extremamente ativo, movimentando a economia regional.<\/p>\n\n\n\n<p>Feiras, exposi\u00e7\u00f5es e eventos voltados ao setor joalheiro e artesanal impulsionam neg\u00f3cios e o turismo especializado.<\/p>\n\n\n\n<figure class=\"wp-block-image size-large\"><img decoding=\"async\" width=\"1024\" height=\"576\" src=\"https:\/\/www.correiobraziliense.com.br\/cbradar\/wp-content\/uploads\/2025\/05\/Teofilo-Otoni-2-1024x576.png\" alt=\"A cidade ideal para quem busca empreender, estudar ou viver com tranquilidade\" class=\"wp-image-43670\" srcset=\"https:\/\/www.correiobraziliense.com.br\/cbradar\/wp-content\/uploads\/2025\/05\/Teofilo-Otoni-2-1024x576.png 1024w, https:\/\/www.correiobraziliense.com.br\/cbradar\/wp-content\/uploads\/2025\/05\/Teofilo-Otoni-2-300x169.png 300w, https:\/\/www.correiobraziliense.com.br\/cbradar\/wp-content\/uploads\/2025\/05\/Teofilo-Otoni-2-768x432.png 768w, https:\/\/www.correiobraziliense.com.br\/cbradar\/wp-content\/uploads\/2025\/05\/Teofilo-Otoni-2-750x422.png 750w, https:\/\/www.correiobraziliense.com.br\/cbradar\/wp-content\/uploads\/2025\/05\/Teofilo-Otoni-2-1140x641.png 1140w, https:\/\/www.correiobraziliense.com.br\/cbradar\/wp-content\/uploads\/2025\/05\/Teofilo-Otoni-2.png 1280w\" sizes=\"(max-width: 1024px) 100vw, 1024px\" \/><figcaption class=\"wp-element-caption\">Te\u00f3filo Otoni. Fonte: Jo\u00e3o Vitor Mello, CC BY-SA 4.0, via Wikimedia Commons<\/figcaption><\/figure>\n\n\n\n<h2 class=\"wp-block-heading\">Ensino superior e forma\u00e7\u00e3o regional<\/h2>\n\n\n\n<p><strong>Te\u00f3filo Otoni<\/strong> conta com institui\u00e7\u00f5es como a <strong>UFVJM<\/strong> e centros universit\u00e1rios privados, al\u00e9m de escolas t\u00e9cnicas e cursos voltados para gest\u00e3o, sa\u00fade, educa\u00e7\u00e3o e engenharia. A cidade atrai estudantes do nordeste mineiro, fortalecendo sua fun\u00e7\u00e3o como polo educacional.<\/p>\n\n\n\n<p>O setor educacional tamb\u00e9m colabora com a profissionaliza\u00e7\u00e3o do mercado local e o crescimento de novos servi\u00e7os.<\/p>\n\n\n\n<h2 class=\"wp-block-heading\">Cultura local e forte identidade regional<\/h2>\n\n\n\n<p>A cidade tem cultura interiorana vibrante, com festas tradicionais, manifesta\u00e7\u00f5es religiosas, festivais culturais e uma m\u00fasica marcada pelo forr\u00f3, MPB e sertanejo. A culin\u00e1ria regional, com pratos t\u00edpicos mineiros, tamb\u00e9m \u00e9 muito valorizada na vida cotidiana.<\/p>\n\n\n\n<p>A presen\u00e7a de comunidades rurais e tradicionais refor\u00e7a os la\u00e7os com o passado e as ra\u00edzes do munic\u00edpio.<\/p>\n\n\n\n<h2 class=\"wp-block-heading\">Urbanismo funcional e expans\u00e3o planejada<\/h2>\n\n\n\n<p>A cidade cresce com foco no equil\u00edbrio entre o centro urbano e os bairros mais afastados, com obras de infraestrutura, pavimenta\u00e7\u00e3o, ilumina\u00e7\u00e3o e melhorias no saneamento b\u00e1sico. O transporte p\u00fablico cobre bem as principais \u00e1reas, e o com\u00e9rcio descentralizado facilita o acesso aos servi\u00e7os.<\/p>\n\n\n\n<p><strong>Te\u00f3filo Otoni<\/strong> tamb\u00e9m investe em novas \u00e1reas comerciais e empreendimentos habitacionais.<\/p>\n\n\n\n<figure class=\"wp-block-image size-large\"><img decoding=\"async\" width=\"1024\" height=\"576\" src=\"https:\/\/www.correiobraziliense.com.br\/cbradar\/wp-content\/uploads\/2025\/05\/Teofilo-Otoni-3-1024x576.png\" alt=\"A cidade ideal para quem busca empreender, estudar ou viver com tranquilidade\" class=\"wp-image-43669\" srcset=\"https:\/\/www.correiobraziliense.com.br\/cbradar\/wp-content\/uploads\/2025\/05\/Teofilo-Otoni-3-1024x576.png 1024w, https:\/\/www.correiobraziliense.com.br\/cbradar\/wp-content\/uploads\/2025\/05\/Teofilo-Otoni-3-300x169.png 300w, https:\/\/www.correiobraziliense.com.br\/cbradar\/wp-content\/uploads\/2025\/05\/Teofilo-Otoni-3-768x432.png 768w, https:\/\/www.correiobraziliense.com.br\/cbradar\/wp-content\/uploads\/2025\/05\/Teofilo-Otoni-3-750x422.png 750w, https:\/\/www.correiobraziliense.com.br\/cbradar\/wp-content\/uploads\/2025\/05\/Teofilo-Otoni-3-1140x641.png 1140w, https:\/\/www.correiobraziliense.com.br\/cbradar\/wp-content\/uploads\/2025\/05\/Teofilo-Otoni-3.png 1280w\" sizes=\"(max-width: 1024px) 100vw, 1024px\" \/><figcaption class=\"wp-element-caption\">Te\u00f3filo Otoni. Fonte: Diogo Squaysh, CC BY-SA 3.0, via Wikimedia Commons<\/figcaption><\/figure>\n\n\n\n<h2 class=\"wp-block-heading\">Quais s\u00e3o os principais pontos tur\u00edsticos para visitar?<\/h2>\n\n\n\n<ul class=\"wp-block-list\">\n<li><strong>Feira Internacional de Pedras Preciosas (FIPP)<\/strong>: destaque mundial no setor.<\/li>\n\n\n\n<li><strong>Igreja Matriz de S\u00e3o Sebasti\u00e3o<\/strong>: hist\u00f3ria e arquitetura.<\/li>\n\n\n\n<li><strong>Parque Municipal da Matinha<\/strong>: lazer e natureza.<\/li>\n\n\n\n<li><strong>Museu Hist\u00f3rico e Cultural<\/strong>: acervo da hist\u00f3ria local.<\/li>\n\n\n\n<li><strong>Pra\u00e7a Tiradentes<\/strong>: conviv\u00eancia, eventos e vida cotidiana.<\/li>\n<\/ul>\n\n\n\n<h2 class=\"wp-block-heading\">Vale a pena morar?<\/h2>\n\n\n\n<p>Sim! <strong>Te\u00f3filo Otoni<\/strong> oferece estrutura funcional, com\u00e9rcio ativo, ensino acess\u00edvel e uma vida com ritmo interiorano. \u00c9 uma cidade ideal para empreendedores, estudantes e fam\u00edlias que desejam viver com tranquilidade e acesso a servi\u00e7os essenciais.<\/p>\n\n\n\n<h2 class=\"wp-block-heading\">Vale a pena visitar?<\/h2>\n\n\n\n<p>Com certeza! A cidade surpreende com sua tradi\u00e7\u00e3o em pedras preciosas, seu com\u00e9rcio diversificado e a hospitalidade t\u00edpica de <strong>Minas Gerais<\/strong>. Um destino \u00fanico para quem quer conhecer o interior mineiro com identidade pr\u00f3pria.<\/p>\n","protected":false},"excerpt":{"rendered":"<p>Essa cidade mineira une com\u00e9rcio forte, tradi\u00e7\u00e3o em pedras preciosas e ensino regional. Um destino ideal para morar com prop\u00f3sito ou visitar com curiosidade!<\/p>\n","protected":false},"author":3,"featured_media":43671,"comment_status":"open","ping_status":"open","sticky":false,"template":"","format":"standard","meta":{"_yoast_wpseo_focuskw":"Te\u00f3filo Otoni","_yoast_wpseo_title":"%%title%%","_yoast_wpseo_metadesc":"Essa cidade mineira une com\u00e9rcio forte, tradi\u00e7\u00e3o em pedras preciosas e ensino regional. Um destino ideal para morar com prop\u00f3sito ou visitar com curiosidade!","jnews-multi-image_gallery":[],"jnews_single_post":{"format":"standard"},"jnews_primary_category":[],"jnews_social_meta":[],"jnews_override_counter":[],"footnotes":""},"categories":[108],"tags":[109],"class_list":["post-43668","post","type-post","status-publish","format-standard","has-post-thumbnail","hentry","category-cidades","tag-cidades"],"yoast_head":"<!-- This site is optimized with the Yoast SEO plugin v24.6 - https:\/\/yoast.com\/wordpress\/plugins\/seo\/ -->\n<title>A cidade ideal para quem busca empreender, estudar ou viver com tranquilidade<\/title>\n<meta name=\"description\" content=\"Essa cidade mineira une com\u00e9rcio forte, tradi\u00e7\u00e3o em pedras preciosas e ensino regional. Um destino ideal para morar com prop\u00f3sito ou visitar com curiosidade!\" \/>\n<meta name=\"robots\" content=\"index, follow, max-snippet:-1, max-image-preview:large, max-video-preview:-1\" \/>\n<link rel=\"canonical\" href=\"https:\/\/www.correiobraziliense.com.br\/cbradar\/a-cidade-ideal-para-quem-busca-empreender-estudar-ou-viver-com-tranquilidade\/\" \/>\n<meta property=\"og:locale\" content=\"pt_BR\" \/>\n<meta property=\"og:type\" content=\"article\" \/>\n<meta property=\"og:title\" content=\"A cidade ideal para quem busca empreender, estudar ou viver com tranquilidade\" \/>\n<meta property=\"og:description\" content=\"Essa cidade mineira une com\u00e9rcio forte, tradi\u00e7\u00e3o em pedras preciosas e ensino regional. Um destino ideal para morar com prop\u00f3sito ou visitar com curiosidade!\" \/>\n<meta property=\"og:url\" content=\"https:\/\/www.correiobraziliense.com.br\/cbradar\/a-cidade-ideal-para-quem-busca-empreender-estudar-ou-viver-com-tranquilidade\/\" \/>\n<meta property=\"og:site_name\" content=\"Correio Braziliense - Radar\" \/>\n<meta property=\"article:published_time\" content=\"2025-05-29T00:30:00+00:00\" \/>\n<meta property=\"og:image\" content=\"https:\/\/www.correiobraziliense.com.br\/cbradar\/wp-content\/uploads\/2025\/05\/Teofilo-Otoni.png\" \/>\n\t<meta property=\"og:image:width\" content=\"1280\" \/>\n\t<meta property=\"og:image:height\" content=\"720\" \/>\n\t<meta property=\"og:image:type\" content=\"image\/png\" \/>\n<meta name=\"author\" content=\"Larissa Carvalho\" \/>\n<meta name=\"twitter:card\" content=\"summary_large_image\" \/>\n<meta name=\"twitter:label1\" content=\"Escrito por\" \/>\n\t<meta name=\"twitter:data1\" content=\"Larissa Carvalho\" \/>\n\t<meta name=\"twitter:label2\" content=\"Est. tempo de leitura\" \/>\n\t<meta name=\"twitter:data2\" content=\"4 minutos\" \/>\n<!-- \/ Yoast SEO plugin. -->","yoast_head_json":{"title":"A cidade ideal para quem busca empreender, estudar ou viver com tranquilidade","description":"Essa cidade mineira une com\u00e9rcio forte, tradi\u00e7\u00e3o em pedras preciosas e ensino regional. Um destino ideal para morar com prop\u00f3sito ou visitar com curiosidade!","robots":{"index":"index","follow":"follow","max-snippet":"max-snippet:-1","max-image-preview":"max-image-preview:large","max-video-preview":"max-video-preview:-1"},"canonical":"https:\/\/www.correiobraziliense.com.br\/cbradar\/a-cidade-ideal-para-quem-busca-empreender-estudar-ou-viver-com-tranquilidade\/","og_locale":"pt_BR","og_type":"article","og_title":"A cidade ideal para quem busca empreender, estudar ou viver com tranquilidade","og_description":"Essa cidade mineira une com\u00e9rcio forte, tradi\u00e7\u00e3o em pedras preciosas e ensino regional. Um destino ideal para morar com prop\u00f3sito ou visitar com curiosidade!","og_url":"https:\/\/www.correiobraziliense.com.br\/cbradar\/a-cidade-ideal-para-quem-busca-empreender-estudar-ou-viver-com-tranquilidade\/","og_site_name":"Correio Braziliense - Radar","article_published_time":"2025-05-29T00:30:00+00:00","og_image":[{"width":1280,"height":720,"url":"https:\/\/www.correiobraziliense.com.br\/cbradar\/wp-content\/uploads\/2025\/05\/Teofilo-Otoni.png","type":"image\/png"}],"author":"Larissa Carvalho","twitter_card":"summary_large_image","twitter_misc":{"Escrito por":"Larissa Carvalho","Est. tempo de leitura":"4 minutos"},"schema":{"@context":"https:\/\/schema.org","@graph":[{"@type":"WebPage","@id":"https:\/\/www.correiobraziliense.com.br\/cbradar\/a-cidade-ideal-para-quem-busca-empreender-estudar-ou-viver-com-tranquilidade\/","url":"https:\/\/www.correiobraziliense.com.br\/cbradar\/a-cidade-ideal-para-quem-busca-empreender-estudar-ou-viver-com-tranquilidade\/","name":"A cidade ideal para quem busca empreender, estudar ou viver com tranquilidade","isPartOf":{"@id":"https:\/\/www.correiobraziliense.com.br\/cbradar\/#website"},"primaryImageOfPage":{"@id":"https:\/\/www.correiobraziliense.com.br\/cbradar\/a-cidade-ideal-para-quem-busca-empreender-estudar-ou-viver-com-tranquilidade\/#primaryimage"},"image":{"@id":"https:\/\/www.correiobraziliense.com.br\/cbradar\/a-cidade-ideal-para-quem-busca-empreender-estudar-ou-viver-com-tranquilidade\/#primaryimage"},"thumbnailUrl":"https:\/\/www.correiobraziliense.com.br\/cbradar\/wp-content\/uploads\/2025\/05\/Teofilo-Otoni.png","datePublished":"2025-05-29T00:30:00+00:00","author":{"@id":"https:\/\/www.correiobraziliense.com.br\/cbradar\/#\/schema\/person\/58422787644df994b53a19d3e56c1513"},"description":"Essa cidade mineira une com\u00e9rcio forte, tradi\u00e7\u00e3o em pedras preciosas e ensino regional. Um destino ideal para morar com prop\u00f3sito ou visitar com curiosidade!","breadcrumb":{"@id":"https:\/\/www.correiobraziliense.com.br\/cbradar\/a-cidade-ideal-para-quem-busca-empreender-estudar-ou-viver-com-tranquilidade\/#breadcrumb"},"inLanguage":"pt-BR","potentialAction":[{"@type":"ReadAction","target":["https:\/\/www.correiobraziliense.com.br\/cbradar\/a-cidade-ideal-para-quem-busca-empreender-estudar-ou-viver-com-tranquilidade\/"]}]},{"@type":"ImageObject","inLanguage":"pt-BR","@id":"https:\/\/www.correiobraziliense.com.br\/cbradar\/a-cidade-ideal-para-quem-busca-empreender-estudar-ou-viver-com-tranquilidade\/#primaryimage","url":"https:\/\/www.correiobraziliense.com.br\/cbradar\/wp-content\/uploads\/2025\/05\/Teofilo-Otoni.png","contentUrl":"https:\/\/www.correiobraziliense.com.br\/cbradar\/wp-content\/uploads\/2025\/05\/Teofilo-Otoni.png","width":1280,"height":720,"caption":"Te\u00f3filo Otoni. Fonte: Vlad Radu Poenaru, CC BY-SA 3.0, via Wikimedia Commons"},{"@type":"BreadcrumbList","@id":"https:\/\/www.correiobraziliense.com.br\/cbradar\/a-cidade-ideal-para-quem-busca-empreender-estudar-ou-viver-com-tranquilidade\/#breadcrumb","itemListElement":[{"@type":"ListItem","position":1,"name":"In\u00edcio","item":"https:\/\/www.correiobraziliense.com.br\/cbradar\/"},{"@type":"ListItem","position":2,"name":"A cidade ideal para quem busca empreender, estudar ou viver com tranquilidade"}]},{"@type":"WebSite","@id":"https:\/\/www.correiobraziliense.com.br\/cbradar\/#website","url":"https:\/\/www.correiobraziliense.com.br\/cbradar\/","name":"Correio Braziliense - Radar","description":"Acompanhe as \u00faltimas not\u00edcias e fique bem informado sobre tudo o que acontece no Brasil e no mundo.","potentialAction":[{"@type":"SearchAction","target":{"@type":"EntryPoint","urlTemplate":"https:\/\/www.correiobraziliense.com.br\/cbradar\/?s={search_term_string}"},"query-input":{"@type":"PropertyValueSpecification","valueRequired":true,"valueName":"search_term_string"}}],"inLanguage":"pt-BR"},{"@type":"Person","@id":"https:\/\/www.correiobraziliense.com.br\/cbradar\/#\/schema\/person\/58422787644df994b53a19d3e56c1513","name":"Larissa Carvalho","image":{"@type":"ImageObject","inLanguage":"pt-BR","@id":"https:\/\/www.correiobraziliense.com.br\/cbradar\/#\/schema\/person\/image\/","url":"https:\/\/secure.gravatar.com\/avatar\/fe4f91a0de32b52a838d0d612abdc1aa?s=96&d=mm&r=g","contentUrl":"https:\/\/secure.gravatar.com\/avatar\/fe4f91a0de32b52a838d0d612abdc1aa?s=96&d=mm&r=g","caption":"Larissa Carvalho"},"url":"https:\/\/www.correiobraziliense.com.br\/cbradar\/author\/larissamyth\/"}]}},"_links":{"self":[{"href":"https:\/\/www.correiobraziliense.com.br\/cbradar\/wp-json\/wp\/v2\/posts\/43668","targetHints":{"allow":["GET"]}}],"collection":[{"href":"https:\/\/www.correiobraziliense.com.br\/cbradar\/wp-json\/wp\/v2\/posts"}],"about":[{"href":"https:\/\/www.correiobraziliense.com.br\/cbradar\/wp-json\/wp\/v2\/types\/post"}],"author":[{"embeddable":true,"href":"https:\/\/www.correiobraziliense.com.br\/cbradar\/wp-json\/wp\/v2\/users\/3"}],"replies":[{"embeddable":true,"href":"https:\/\/www.correiobraziliense.com.br\/cbradar\/wp-json\/wp\/v2\/comments?post=43668"}],"version-history":[{"count":1,"href":"https:\/\/www.correiobraziliense.com.br\/cbradar\/wp-json\/wp\/v2\/posts\/43668\/revisions"}],"predecessor-version":[{"id":43672,"href":"https:\/\/www.correiobraziliense.com.br\/cbradar\/wp-json\/wp\/v2\/posts\/43668\/revisions\/43672"}],"wp:featuredmedia":[{"embeddable":true,"href":"https:\/\/www.correiobraziliense.com.br\/cbradar\/wp-json\/wp\/v2\/media\/43671"}],"wp:attachment":[{"href":"https:\/\/www.correiobraziliense.com.br\/cbradar\/wp-json\/wp\/v2\/media?parent=43668"}],"wp:term":[{"taxonomy":"category","embeddable":true,"href":"https:\/\/www.correiobraziliense.com.br\/cbradar\/wp-json\/wp\/v2\/categories?post=43668"},{"taxonomy":"post_tag","embeddable":true,"href":"https:\/\/www.correiobraziliense.com.br\/cbradar\/wp-json\/wp\/v2\/tags?post=43668"}],"curies":[{"name":"wp","href":"https:\/\/api.w.org\/{rel}","templated":true}]}}