{"id":43688,"date":"2025-05-28T07:23:00","date_gmt":"2025-05-28T10:23:00","guid":{"rendered":"https:\/\/www.correiobraziliense.com.br\/cbradar\/?p=43688"},"modified":"2025-05-27T17:00:46","modified_gmt":"2025-05-27T20:00:46","slug":"essa-serie-vai-te-fazer-rir-e-refletir-ao-mesmo-tempo","status":"publish","type":"post","link":"https:\/\/www.correiobraziliense.com.br\/cbradar\/essa-serie-vai-te-fazer-rir-e-refletir-ao-mesmo-tempo\/","title":{"rendered":"Essa s\u00e9rie vai te fazer rir e refletir ao mesmo tempo"},"content":{"rendered":"\n<p><strong>The Good Place<\/strong> \u00e9 uma s\u00e9rie de com\u00e9dia filos\u00f3fica criada por <strong>Michael Schur<\/strong> e lan\u00e7ada em 2016 pela <strong>NBC<\/strong>. A hist\u00f3ria come\u00e7a quando <strong>Eleanor Shellstrop<\/strong>, uma mulher ego\u00edsta e c\u00ednica, morre e acorda no \u201cLugar Bom\u201d, uma esp\u00e9cie de para\u00edso do p\u00f3s-vida. Mas h\u00e1 um problema: ela est\u00e1 l\u00e1 por engano.<\/p>\n\n\n\n<p>Para n\u00e3o ser descoberta e enviada ao \u201cLugar Ruim\u201d, Eleanor tenta se tornar uma pessoa melhor, com a ajuda do fil\u00f3sofo <strong>Chidi Anagonye<\/strong>, enquanto convive com os tamb\u00e9m exc\u00eantricos <strong>Tahani<\/strong> e <strong>Jason<\/strong>, e o enigm\u00e1tico arquiteto <strong>Michael<\/strong>.<\/p>\n\n\n\n<h2 class=\"wp-block-heading\">Quem s\u00e3o os personagens principais?<\/h2>\n\n\n\n<ul class=\"wp-block-list\">\n<li><strong>Eleanor Shellstrop<\/strong> (Kristen Bell): protagonista imperfeita e hil\u00e1ria.<\/li>\n\n\n\n<li><strong>Chidi Anagonye<\/strong> (William Jackson Harper): professor de \u00e9tica ansioso e indeciso.<\/li>\n\n\n\n<li><strong>Tahani Al-Jamil<\/strong> (Jameela Jamil): socialite carente de valida\u00e7\u00e3o.<\/li>\n\n\n\n<li><strong>Jason Mendoza<\/strong> (Manny Jacinto): DJ de Jacksonville, puro cora\u00e7\u00e3o.<\/li>\n\n\n\n<li><strong>Michael<\/strong> (Ted Danson): arquiteto celestial cheio de segredos.<\/li>\n\n\n\n<li><strong>Janet<\/strong> (D&#8217;Arcy Carden): assistente rob\u00f3tica com sabedoria infinita.<\/li>\n<\/ul>\n\n\n\n<figure class=\"wp-block-image size-large\"><img decoding=\"async\" width=\"1024\" height=\"576\" src=\"https:\/\/www.correiobraziliense.com.br\/cbradar\/wp-content\/uploads\/2025\/05\/The-Good-Place-2-1024x576.png\" alt=\"Essa s\u00e9rie vai te fazer rir e refletir ao mesmo tempo\" class=\"wp-image-43698\" srcset=\"https:\/\/www.correiobraziliense.com.br\/cbradar\/wp-content\/uploads\/2025\/05\/The-Good-Place-2-1024x576.png 1024w, https:\/\/www.correiobraziliense.com.br\/cbradar\/wp-content\/uploads\/2025\/05\/The-Good-Place-2-300x169.png 300w, https:\/\/www.correiobraziliense.com.br\/cbradar\/wp-content\/uploads\/2025\/05\/The-Good-Place-2-768x432.png 768w, https:\/\/www.correiobraziliense.com.br\/cbradar\/wp-content\/uploads\/2025\/05\/The-Good-Place-2-750x422.png 750w, https:\/\/www.correiobraziliense.com.br\/cbradar\/wp-content\/uploads\/2025\/05\/The-Good-Place-2-1140x641.png 1140w, https:\/\/www.correiobraziliense.com.br\/cbradar\/wp-content\/uploads\/2025\/05\/The-Good-Place-2.png 1280w\" sizes=\"(max-width: 1024px) 100vw, 1024px\" \/><figcaption class=\"wp-element-caption\">The Good Place. Fonte: divulga\u00e7\u00e3o \/ Universal Television<\/figcaption><\/figure>\n\n\n\n<h2 class=\"wp-block-heading\">Como a s\u00e9rie mistura com\u00e9dia e filosofia?<\/h2>\n\n\n\n<p><em>The Good Place<\/em> se diferencia por introduzir conceitos filos\u00f3ficos complexos \u2014 como moralidade, altru\u00edsmo, dilemas \u00e9ticos \u2014 de forma leve, divertida e acess\u00edvel. Cada epis\u00f3dio traz reflex\u00f5es reais sobre o que significa \u201cser bom\u201d em um mundo cheio de contradi\u00e7\u00f5es.<\/p>\n\n\n\n<p>Ao mesmo tempo, a s\u00e9rie \u00e9 recheada de reviravoltas criativas, di\u00e1logos inteligentes e um elenco carism\u00e1tico que torna a experi\u00eancia t\u00e3o divertida quanto profunda.<\/p>\n\n\n\n<h2 class=\"wp-block-heading\">Vale a pena assistir The Good Place?<\/h2>\n\n\n\n<p>Sim. <em>The Good Place<\/em> \u00e9 uma das com\u00e9dias mais originais da \u00faltima d\u00e9cada. Com apenas quatro temporadas, entrega uma jornada emocional e filos\u00f3fica completa, com um final po\u00e9tico e satisfat\u00f3rio.<\/p>\n\n\n\n<p>Ideal para quem quer rir, pensar e se encantar com uma hist\u00f3ria inusitada sobre crescimento pessoal e reden\u00e7\u00e3o.<\/p>\n\n\n\n<iframe loading=\"lazy\" width=\"560\" height=\"315\" src=\"https:\/\/www.youtube.com\/embed\/22PDaEUC120?si=00QXV3lp3OB0rvxl\" title=\"YouTube video player\" frameborder=\"0\" allow=\"accelerometer; autoplay; clipboard-write; encrypted-media; gyroscope; picture-in-picture; web-share\" referrerpolicy=\"strict-origin-when-cross-origin\" allowfullscreen><\/iframe>\n\n\n\n<h2 class=\"wp-block-heading\">Curiosidades sobre The Good Place<\/h2>\n\n\n\n<ul class=\"wp-block-list\">\n<li>Cada temporada muda drasticamente a din\u00e2mica da s\u00e9rie, sempre surpreendendo.<\/li>\n\n\n\n<li>A s\u00e9rie consultou fil\u00f3sofos reais para tratar os temas com rigor e humor.<\/li>\n\n\n\n<li>D&#8217;Arcy Carden (Janet) teve destaque e reconhecimento pela versatilidade.<\/li>\n\n\n\n<li>O criador Michael Schur tamb\u00e9m \u00e9 respons\u00e1vel por <em>The Office<\/em> e <em>Parks and Recreation<\/em>.<\/li>\n<\/ul>\n\n\n\n<h2 class=\"wp-block-heading\">FAQ &#8211; Perguntas frequentes<\/h2>\n\n\n\n<ul class=\"wp-block-list\">\n<li><strong>Onde assistir The Good Place?<\/strong>\n<ul class=\"wp-block-list\">\n<li>Dispon\u00edvel na <strong>Netflix<\/strong>.<\/li>\n<\/ul>\n<\/li>\n\n\n\n<li><strong>Quem est\u00e1 no elenco principal?<\/strong>\n<ul class=\"wp-block-list\">\n<li><strong>Kristen Bell<\/strong>, <strong>Ted Danson<\/strong>, <strong>William Jackson Harper<\/strong>, <strong>Jameela Jamil<\/strong>, <strong>Manny Jacinto<\/strong>, <strong>D&#8217;Arcy Carden<\/strong>.<\/li>\n<\/ul>\n<\/li>\n\n\n\n<li><strong>Qual o ano de lan\u00e7amento da s\u00e9rie?<\/strong>\n<ul class=\"wp-block-list\">\n<li><em>The Good Place<\/em> estreou em 2016 e foi finalizada em 2020.<\/li>\n<\/ul>\n<\/li>\n\n\n\n<li><strong>Qual a produtora respons\u00e1vel pela s\u00e9rie?<\/strong>\n<ul class=\"wp-block-list\">\n<li>Produzida pela <strong>Fremulon<\/strong>, <strong>3 Arts Entertainment<\/strong> e <strong>Universal Television<\/strong>.<\/li>\n<\/ul>\n<\/li>\n<\/ul>\n","protected":false},"excerpt":{"rendered":"<p>Filosofia, humor e surpresas em uma s\u00e9rie que questiona o que \u00e9 ser bom \u2014 mesmo depois da morte.<\/p>\n","protected":false},"author":3,"featured_media":43699,"comment_status":"open","ping_status":"open","sticky":false,"template":"","format":"standard","meta":{"_yoast_wpseo_focuskw":"The Good Place","_yoast_wpseo_title":"%%title%%","_yoast_wpseo_metadesc":"Filosofia, humor e surpresas em uma s\u00e9rie que questiona o que \u00e9 ser bom \u2014 mesmo depois da morte.","jnews-multi-image_gallery":[],"jnews_single_post":{"format":"standard"},"jnews_primary_category":[],"jnews_social_meta":[],"jnews_override_counter":[],"footnotes":""},"categories":[140],"post_tag":[568],"class_list":["post-43688","post","type-post","status-publish","format-standard","has-post-thumbnail","hentry","category-entretenimento","tag-series-e-filmes"],"yoast_head":"<!-- This site is optimized with the Yoast SEO plugin v24.6 - https:\/\/yoast.com\/wordpress\/plugins\/seo\/ -->\n<title>Essa s\u00e9rie vai te fazer rir e refletir ao mesmo tempo<\/title>\n<meta name=\"description\" content=\"Filosofia, humor e surpresas em uma s\u00e9rie que questiona o que \u00e9 ser bom \u2014 mesmo depois da morte.\" \/>\n<meta name=\"robots\" content=\"index, follow, max-snippet:-1, max-image-preview:large, max-video-preview:-1\" \/>\n<link rel=\"canonical\" href=\"https:\/\/www.correiobraziliense.com.br\/cbradar\/essa-serie-vai-te-fazer-rir-e-refletir-ao-mesmo-tempo\/\" \/>\n<meta property=\"og:locale\" content=\"pt_BR\" \/>\n<meta property=\"og:type\" content=\"article\" \/>\n<meta property=\"og:title\" content=\"Essa s\u00e9rie vai te fazer rir e refletir ao mesmo tempo\" \/>\n<meta property=\"og:description\" content=\"Filosofia, humor e surpresas em uma s\u00e9rie que questiona o que \u00e9 ser bom \u2014 mesmo depois da morte.\" \/>\n<meta property=\"og:url\" content=\"https:\/\/www.correiobraziliense.com.br\/cbradar\/essa-serie-vai-te-fazer-rir-e-refletir-ao-mesmo-tempo\/\" \/>\n<meta property=\"og:site_name\" content=\"Correio Braziliense - Radar\" \/>\n<meta property=\"article:published_time\" content=\"2025-05-28T10:23:00+00:00\" \/>\n<meta property=\"og:image\" content=\"https:\/\/www.correiobraziliense.com.br\/cbradar\/wp-content\/uploads\/2025\/05\/The-Good-Place.png\" \/>\n\t<meta property=\"og:image:width\" content=\"1280\" \/>\n\t<meta property=\"og:image:height\" content=\"720\" \/>\n\t<meta property=\"og:image:type\" content=\"image\/png\" \/>\n<meta name=\"author\" content=\"Larissa Carvalho\" \/>\n<meta name=\"twitter:card\" content=\"summary_large_image\" \/>\n<meta name=\"twitter:label1\" content=\"Escrito por\" \/>\n\t<meta name=\"twitter:data1\" content=\"Larissa Carvalho\" \/>\n\t<meta name=\"twitter:label2\" content=\"Est. tempo de leitura\" \/>\n\t<meta name=\"twitter:data2\" content=\"3 minutos\" \/>\n<!-- \/ Yoast SEO plugin. -->","yoast_head_json":{"title":"Essa s\u00e9rie vai te fazer rir e refletir ao mesmo tempo","description":"Filosofia, humor e surpresas em uma s\u00e9rie que questiona o que \u00e9 ser bom \u2014 mesmo depois da morte.","robots":{"index":"index","follow":"follow","max-snippet":"max-snippet:-1","max-image-preview":"max-image-preview:large","max-video-preview":"max-video-preview:-1"},"canonical":"https:\/\/www.correiobraziliense.com.br\/cbradar\/essa-serie-vai-te-fazer-rir-e-refletir-ao-mesmo-tempo\/","og_locale":"pt_BR","og_type":"article","og_title":"Essa s\u00e9rie vai te fazer rir e refletir ao mesmo tempo","og_description":"Filosofia, humor e surpresas em uma s\u00e9rie que questiona o que \u00e9 ser bom \u2014 mesmo depois da morte.","og_url":"https:\/\/www.correiobraziliense.com.br\/cbradar\/essa-serie-vai-te-fazer-rir-e-refletir-ao-mesmo-tempo\/","og_site_name":"Correio Braziliense - Radar","article_published_time":"2025-05-28T10:23:00+00:00","og_image":[{"width":1280,"height":720,"url":"https:\/\/www.correiobraziliense.com.br\/cbradar\/wp-content\/uploads\/2025\/05\/The-Good-Place.png","type":"image\/png"}],"author":"Larissa Carvalho","twitter_card":"summary_large_image","twitter_misc":{"Escrito por":"Larissa Carvalho","Est. tempo de leitura":"3 minutos"},"schema":{"@context":"https:\/\/schema.org","@graph":[{"@type":"WebPage","@id":"https:\/\/www.correiobraziliense.com.br\/cbradar\/essa-serie-vai-te-fazer-rir-e-refletir-ao-mesmo-tempo\/","url":"https:\/\/www.correiobraziliense.com.br\/cbradar\/essa-serie-vai-te-fazer-rir-e-refletir-ao-mesmo-tempo\/","name":"Essa s\u00e9rie vai te fazer rir e refletir ao mesmo tempo","isPartOf":{"@id":"https:\/\/www.correiobraziliense.com.br\/cbradar\/#website"},"primaryImageOfPage":{"@id":"https:\/\/www.correiobraziliense.com.br\/cbradar\/essa-serie-vai-te-fazer-rir-e-refletir-ao-mesmo-tempo\/#primaryimage"},"image":{"@id":"https:\/\/www.correiobraziliense.com.br\/cbradar\/essa-serie-vai-te-fazer-rir-e-refletir-ao-mesmo-tempo\/#primaryimage"},"thumbnailUrl":"https:\/\/www.correiobraziliense.com.br\/cbradar\/wp-content\/uploads\/2025\/05\/The-Good-Place.png","datePublished":"2025-05-28T10:23:00+00:00","author":{"@id":"https:\/\/www.correiobraziliense.com.br\/cbradar\/#\/schema\/person\/58422787644df994b53a19d3e56c1513"},"description":"Filosofia, humor e surpresas em uma s\u00e9rie que questiona o que \u00e9 ser bom \u2014 mesmo depois da morte.","breadcrumb":{"@id":"https:\/\/www.correiobraziliense.com.br\/cbradar\/essa-serie-vai-te-fazer-rir-e-refletir-ao-mesmo-tempo\/#breadcrumb"},"inLanguage":"pt-BR","potentialAction":[{"@type":"ReadAction","target":["https:\/\/www.correiobraziliense.com.br\/cbradar\/essa-serie-vai-te-fazer-rir-e-refletir-ao-mesmo-tempo\/"]}]},{"@type":"ImageObject","inLanguage":"pt-BR","@id":"https:\/\/www.correiobraziliense.com.br\/cbradar\/essa-serie-vai-te-fazer-rir-e-refletir-ao-mesmo-tempo\/#primaryimage","url":"https:\/\/www.correiobraziliense.com.br\/cbradar\/wp-content\/uploads\/2025\/05\/The-Good-Place.png","contentUrl":"https:\/\/www.correiobraziliense.com.br\/cbradar\/wp-content\/uploads\/2025\/05\/The-Good-Place.png","width":1280,"height":720,"caption":"The Good Place. Fonte: divulga\u00e7\u00e3o \/ Universal Television"},{"@type":"BreadcrumbList","@id":"https:\/\/www.correiobraziliense.com.br\/cbradar\/essa-serie-vai-te-fazer-rir-e-refletir-ao-mesmo-tempo\/#breadcrumb","itemListElement":[{"@type":"ListItem","position":1,"name":"In\u00edcio","item":"https:\/\/www.correiobraziliense.com.br\/cbradar\/"},{"@type":"ListItem","position":2,"name":"Essa s\u00e9rie vai te fazer rir e refletir ao mesmo tempo"}]},{"@type":"WebSite","@id":"https:\/\/www.correiobraziliense.com.br\/cbradar\/#website","url":"https:\/\/www.correiobraziliense.com.br\/cbradar\/","name":"Correio Braziliense - Radar","description":"Acompanhe as \u00faltimas not\u00edcias e fique bem informado sobre tudo o que acontece no Brasil e no mundo.","potentialAction":[{"@type":"SearchAction","target":{"@type":"EntryPoint","urlTemplate":"https:\/\/www.correiobraziliense.com.br\/cbradar\/?s={search_term_string}"},"query-input":{"@type":"PropertyValueSpecification","valueRequired":true,"valueName":"search_term_string"}}],"inLanguage":"pt-BR"},{"@type":"Person","@id":"https:\/\/www.correiobraziliense.com.br\/cbradar\/#\/schema\/person\/58422787644df994b53a19d3e56c1513","name":"Larissa Carvalho","image":{"@type":"ImageObject","inLanguage":"pt-BR","@id":"https:\/\/www.correiobraziliense.com.br\/cbradar\/#\/schema\/person\/image\/","url":"https:\/\/secure.gravatar.com\/avatar\/fe4f91a0de32b52a838d0d612abdc1aa?s=96&d=mm&r=g","contentUrl":"https:\/\/secure.gravatar.com\/avatar\/fe4f91a0de32b52a838d0d612abdc1aa?s=96&d=mm&r=g","caption":"Larissa Carvalho"},"url":"https:\/\/www.correiobraziliense.com.br\/cbradar\/author\/larissamyth\/"}]}},"_links":{"self":[{"href":"https:\/\/www.correiobraziliense.com.br\/cbradar\/wp-json\/wp\/v2\/posts\/43688","targetHints":{"allow":["GET"]}}],"collection":[{"href":"https:\/\/www.correiobraziliense.com.br\/cbradar\/wp-json\/wp\/v2\/posts"}],"about":[{"href":"https:\/\/www.correiobraziliense.com.br\/cbradar\/wp-json\/wp\/v2\/types\/post"}],"author":[{"embeddable":true,"href":"https:\/\/www.correiobraziliense.com.br\/cbradar\/wp-json\/wp\/v2\/users\/3"}],"replies":[{"embeddable":true,"href":"https:\/\/www.correiobraziliense.com.br\/cbradar\/wp-json\/wp\/v2\/comments?post=43688"}],"version-history":[{"count":1,"href":"https:\/\/www.correiobraziliense.com.br\/cbradar\/wp-json\/wp\/v2\/posts\/43688\/revisions"}],"predecessor-version":[{"id":43702,"href":"https:\/\/www.correiobraziliense.com.br\/cbradar\/wp-json\/wp\/v2\/posts\/43688\/revisions\/43702"}],"wp:featuredmedia":[{"embeddable":true,"href":"https:\/\/www.correiobraziliense.com.br\/cbradar\/wp-json\/wp\/v2\/media\/43699"}],"wp:attachment":[{"href":"https:\/\/www.correiobraziliense.com.br\/cbradar\/wp-json\/wp\/v2\/media?parent=43688"}],"wp:term":[{"taxonomy":"category","embeddable":true,"href":"https:\/\/www.correiobraziliense.com.br\/cbradar\/wp-json\/wp\/v2\/categories?post=43688"},{"taxonomy":"post_tag","embeddable":true,"href":"https:\/\/www.correiobraziliense.com.br\/cbradar\/wp-json\/wp\/v2\/post_tag?post=43688"}],"curies":[{"name":"wp","href":"https:\/\/api.w.org\/{rel}","templated":true}]}}