{"id":43703,"date":"2025-05-28T13:30:00","date_gmt":"2025-05-28T16:30:00","guid":{"rendered":"https:\/\/www.correiobraziliense.com.br\/cbradar\/?p=43703"},"modified":"2025-05-27T17:00:19","modified_gmt":"2025-05-27T20:00:19","slug":"esse-filme-vai-te-levar-ao-limite-da-sanidade","status":"publish","type":"post","link":"https:\/\/www.correiobraziliense.com.br\/cbradar\/esse-filme-vai-te-levar-ao-limite-da-sanidade\/","title":{"rendered":"Esse filme vai te levar ao limite da sanidade"},"content":{"rendered":"\n<p><strong>Cisne Negro<\/strong> (<em>Black Swan<\/em>) \u00e9 um thriller psicol\u00f3gico lan\u00e7ado em 2010, dirigido por <strong>Darren Aronofsky<\/strong>, com roteiro de <strong>Mark Heyman<\/strong>, <strong>John McLaughlin<\/strong> e <strong>Andres Heinz<\/strong>. O filme acompanha <strong>Nina Sayers<\/strong>, uma bailarina obcecada pela perfei\u00e7\u00e3o que conquista o papel principal em uma nova montagem de <em>O Lago dos Cisnes<\/em>.<\/p>\n\n\n\n<p>No entanto, ao tentar incorporar tanto a pureza do Cisne Branco quanto a sensualidade do Cisne Negro, Nina mergulha em uma espiral de paranoia, alucina\u00e7\u00f5es e autodestrui\u00e7\u00e3o.<\/p>\n\n\n\n<h2 class=\"wp-block-heading\">Quem s\u00e3o os personagens principais?<\/h2>\n\n\n\n<ul class=\"wp-block-list\">\n<li><strong>Nina Sayers<\/strong> (Natalie Portman): protagonista fr\u00e1gil e obsessiva.<\/li>\n\n\n\n<li><strong>Thomas Leroy<\/strong> (Vincent Cassel): diretor exigente e manipulador.<\/li>\n\n\n\n<li><strong>Lily<\/strong> (Mila Kunis): colega de elenco ousada e enigm\u00e1tica.<\/li>\n\n\n\n<li><strong>Erica Sayers<\/strong> (Barbara Hershey): m\u00e3e controladora e sufocante.<\/li>\n\n\n\n<li><strong>Beth MacIntyre<\/strong> (Winona Ryder): bailarina veterana substitu\u00edda por Nina.<\/li>\n<\/ul>\n\n\n\n<figure class=\"wp-block-image size-large\"><img decoding=\"async\" width=\"1024\" height=\"576\" src=\"https:\/\/www.correiobraziliense.com.br\/cbradar\/wp-content\/uploads\/2025\/05\/Cisne-Negro-2-1024x576.png\" alt=\"Esse filme vai te levar ao limite da sanidade\" class=\"wp-image-43705\" srcset=\"https:\/\/www.correiobraziliense.com.br\/cbradar\/wp-content\/uploads\/2025\/05\/Cisne-Negro-2-1024x576.png 1024w, https:\/\/www.correiobraziliense.com.br\/cbradar\/wp-content\/uploads\/2025\/05\/Cisne-Negro-2-300x169.png 300w, https:\/\/www.correiobraziliense.com.br\/cbradar\/wp-content\/uploads\/2025\/05\/Cisne-Negro-2-768x432.png 768w, https:\/\/www.correiobraziliense.com.br\/cbradar\/wp-content\/uploads\/2025\/05\/Cisne-Negro-2-750x422.png 750w, https:\/\/www.correiobraziliense.com.br\/cbradar\/wp-content\/uploads\/2025\/05\/Cisne-Negro-2-1140x641.png 1140w, https:\/\/www.correiobraziliense.com.br\/cbradar\/wp-content\/uploads\/2025\/05\/Cisne-Negro-2.png 1280w\" sizes=\"(max-width: 1024px) 100vw, 1024px\" \/><figcaption class=\"wp-element-caption\">Cisne Negro. Fonte: divulga\u00e7\u00e3o \/ Protozoa Pictures<\/figcaption><\/figure>\n\n\n\n<h2 class=\"wp-block-heading\">Como o filme explora a mente humana atrav\u00e9s da arte?<\/h2>\n\n\n\n<p><em>Cisne Negro<\/em> usa o bal\u00e9 como met\u00e1fora para o sacrif\u00edcio e a perda de identidade em nome da perfei\u00e7\u00e3o. A c\u00e2mera acompanha Nina em closes sufocantes, refletindo sua psique cada vez mais inst\u00e1vel. A dualidade entre o Cisne Branco e o Cisne Negro reflete os extremos da sua personalidade, entre controle e liberta\u00e7\u00e3o.<\/p>\n\n\n\n<p>\u00c9 uma experi\u00eancia sensorial, com dire\u00e7\u00e3o intensa, trilha sonora imersiva e atua\u00e7\u00f5es arrebatadoras.<\/p>\n\n\n\n<h2 class=\"wp-block-heading\">Vale a pena assistir Cisne Negro?<\/h2>\n\n\n\n<p>Sim. <em>Cisne Negro<\/em> \u00e9 um dos thrillers psicol\u00f3gicos mais impactantes do cinema contempor\u00e2neo. A performance de <strong>Natalie Portman<\/strong> \u00e9 extraordin\u00e1ria, rendendo-lhe o Oscar de Melhor Atriz. O filme provoca, incomoda e hipnotiza, sendo ideal para quem aprecia obras densas, simb\u00f3licas e esteticamente sofisticadas.<\/p>\n\n\n\n<iframe loading=\"lazy\" width=\"560\" height=\"315\" src=\"https:\/\/www.youtube.com\/embed\/4LxWFX5LGq0?si=GmCxU1_9_hQQ6tR-\" title=\"YouTube video player\" frameborder=\"0\" allow=\"accelerometer; autoplay; clipboard-write; encrypted-media; gyroscope; picture-in-picture; web-share\" referrerpolicy=\"strict-origin-when-cross-origin\" allowfullscreen><\/iframe>\n\n\n\n<h2 class=\"wp-block-heading\">Curiosidades sobre Cisne Negro<\/h2>\n\n\n\n<ul class=\"wp-block-list\">\n<li>Natalie Portman treinou bal\u00e9 por mais de um ano para o papel.<\/li>\n\n\n\n<li>Foi indicado a 5 Oscars e venceu como Melhor Atriz.<\/li>\n\n\n\n<li>\u00c9 inspirado livremente em <em>O Lago dos Cisnes<\/em>, de Tchaikovsky.<\/li>\n\n\n\n<li>As cenas com espelhos e distor\u00e7\u00f5es refletem a fragmenta\u00e7\u00e3o da identidade de Nina.<\/li>\n<\/ul>\n\n\n\n<h2 class=\"wp-block-heading\">FAQ &#8211; Perguntas frequentes<\/h2>\n\n\n\n<ul class=\"wp-block-list\">\n<li><strong>Onde assistir Cisne Negro?<\/strong>\n<ul class=\"wp-block-list\">\n<li>Dispon\u00edvel na <strong>Star+<\/strong>, <strong>Amazon Prime Video<\/strong>, <strong>Apple TV<\/strong> e outras plataformas digitais.<\/li>\n<\/ul>\n<\/li>\n\n\n\n<li><strong>Quem est\u00e1 no elenco principal?<\/strong>\n<ul class=\"wp-block-list\">\n<li><strong>Natalie Portman<\/strong>, <strong>Mila Kunis<\/strong>, <strong>Vincent Cassel<\/strong>, <strong>Barbara Hershey<\/strong>, <strong>Winona Ryder<\/strong>.<\/li>\n<\/ul>\n<\/li>\n\n\n\n<li><strong>Qual o ano de lan\u00e7amento do filme?<\/strong>\n<ul class=\"wp-block-list\">\n<li><em>Cisne Negro<\/em> foi lan\u00e7ado em 2010.<\/li>\n<\/ul>\n<\/li>\n\n\n\n<li><strong>Qual a produtora respons\u00e1vel pelo filme?<\/strong>\n<ul class=\"wp-block-list\">\n<li>Produzido pela <strong>Fox Searchlight Pictures<\/strong>, em parceria com <strong>Cross Creek Pictures<\/strong> e <strong>Protozoa Pictures<\/strong>.<\/li>\n<\/ul>\n<\/li>\n<\/ul>\n","protected":false},"excerpt":{"rendered":"<p>Obsess\u00e3o, arte e destrui\u00e7\u00e3o colidem em um thriller psicol\u00f3gico sobre o pre\u00e7o da perfei\u00e7\u00e3o no mundo do bal\u00e9.<\/p>\n","protected":false},"author":3,"featured_media":43706,"comment_status":"open","ping_status":"open","sticky":false,"template":"","format":"standard","meta":{"_yoast_wpseo_focuskw":"Cisne Negro","_yoast_wpseo_title":"%%title%%","_yoast_wpseo_metadesc":"Obsess\u00e3o, arte e destrui\u00e7\u00e3o colidem em um thriller psicol\u00f3gico sobre o pre\u00e7o da perfei\u00e7\u00e3o no mundo do bal\u00e9.","jnews-multi-image_gallery":[],"jnews_single_post":{"format":"standard"},"jnews_primary_category":[],"jnews_social_meta":[],"jnews_override_counter":[],"footnotes":""},"categories":[140],"post_tag":[568],"class_list":["post-43703","post","type-post","status-publish","format-standard","has-post-thumbnail","hentry","category-entretenimento","tag-series-e-filmes"],"yoast_head":"<!-- This site is optimized with the Yoast SEO plugin v24.6 - https:\/\/yoast.com\/wordpress\/plugins\/seo\/ -->\n<title>Esse filme vai te levar ao limite da sanidade<\/title>\n<meta name=\"description\" content=\"Obsess\u00e3o, arte e destrui\u00e7\u00e3o colidem em um thriller psicol\u00f3gico sobre o pre\u00e7o da perfei\u00e7\u00e3o no mundo do bal\u00e9.\" \/>\n<meta name=\"robots\" content=\"index, follow, max-snippet:-1, max-image-preview:large, max-video-preview:-1\" \/>\n<link rel=\"canonical\" href=\"https:\/\/www.correiobraziliense.com.br\/cbradar\/esse-filme-vai-te-levar-ao-limite-da-sanidade\/\" \/>\n<meta property=\"og:locale\" content=\"pt_BR\" \/>\n<meta property=\"og:type\" content=\"article\" \/>\n<meta property=\"og:title\" content=\"Esse filme vai te levar ao limite da sanidade\" \/>\n<meta property=\"og:description\" content=\"Obsess\u00e3o, arte e destrui\u00e7\u00e3o colidem em um thriller psicol\u00f3gico sobre o pre\u00e7o da perfei\u00e7\u00e3o no mundo do bal\u00e9.\" \/>\n<meta property=\"og:url\" content=\"https:\/\/www.correiobraziliense.com.br\/cbradar\/esse-filme-vai-te-levar-ao-limite-da-sanidade\/\" \/>\n<meta property=\"og:site_name\" content=\"Correio Braziliense - Radar\" \/>\n<meta property=\"article:published_time\" content=\"2025-05-28T16:30:00+00:00\" \/>\n<meta property=\"og:image\" content=\"https:\/\/www.correiobraziliense.com.br\/cbradar\/wp-content\/uploads\/2025\/05\/Cisne-Negro.png\" \/>\n\t<meta property=\"og:image:width\" content=\"1280\" \/>\n\t<meta property=\"og:image:height\" content=\"720\" \/>\n\t<meta property=\"og:image:type\" content=\"image\/png\" \/>\n<meta name=\"author\" content=\"Larissa Carvalho\" \/>\n<meta name=\"twitter:card\" content=\"summary_large_image\" \/>\n<meta name=\"twitter:label1\" content=\"Escrito por\" \/>\n\t<meta name=\"twitter:data1\" content=\"Larissa Carvalho\" \/>\n\t<meta name=\"twitter:label2\" content=\"Est. tempo de leitura\" \/>\n\t<meta name=\"twitter:data2\" content=\"3 minutos\" \/>\n<!-- \/ Yoast SEO plugin. -->","yoast_head_json":{"title":"Esse filme vai te levar ao limite da sanidade","description":"Obsess\u00e3o, arte e destrui\u00e7\u00e3o colidem em um thriller psicol\u00f3gico sobre o pre\u00e7o da perfei\u00e7\u00e3o no mundo do bal\u00e9.","robots":{"index":"index","follow":"follow","max-snippet":"max-snippet:-1","max-image-preview":"max-image-preview:large","max-video-preview":"max-video-preview:-1"},"canonical":"https:\/\/www.correiobraziliense.com.br\/cbradar\/esse-filme-vai-te-levar-ao-limite-da-sanidade\/","og_locale":"pt_BR","og_type":"article","og_title":"Esse filme vai te levar ao limite da sanidade","og_description":"Obsess\u00e3o, arte e destrui\u00e7\u00e3o colidem em um thriller psicol\u00f3gico sobre o pre\u00e7o da perfei\u00e7\u00e3o no mundo do bal\u00e9.","og_url":"https:\/\/www.correiobraziliense.com.br\/cbradar\/esse-filme-vai-te-levar-ao-limite-da-sanidade\/","og_site_name":"Correio Braziliense - Radar","article_published_time":"2025-05-28T16:30:00+00:00","og_image":[{"width":1280,"height":720,"url":"https:\/\/www.correiobraziliense.com.br\/cbradar\/wp-content\/uploads\/2025\/05\/Cisne-Negro.png","type":"image\/png"}],"author":"Larissa Carvalho","twitter_card":"summary_large_image","twitter_misc":{"Escrito por":"Larissa Carvalho","Est. tempo de leitura":"3 minutos"},"schema":{"@context":"https:\/\/schema.org","@graph":[{"@type":"WebPage","@id":"https:\/\/www.correiobraziliense.com.br\/cbradar\/esse-filme-vai-te-levar-ao-limite-da-sanidade\/","url":"https:\/\/www.correiobraziliense.com.br\/cbradar\/esse-filme-vai-te-levar-ao-limite-da-sanidade\/","name":"Esse filme vai te levar ao limite da sanidade","isPartOf":{"@id":"https:\/\/www.correiobraziliense.com.br\/cbradar\/#website"},"primaryImageOfPage":{"@id":"https:\/\/www.correiobraziliense.com.br\/cbradar\/esse-filme-vai-te-levar-ao-limite-da-sanidade\/#primaryimage"},"image":{"@id":"https:\/\/www.correiobraziliense.com.br\/cbradar\/esse-filme-vai-te-levar-ao-limite-da-sanidade\/#primaryimage"},"thumbnailUrl":"https:\/\/www.correiobraziliense.com.br\/cbradar\/wp-content\/uploads\/2025\/05\/Cisne-Negro.png","datePublished":"2025-05-28T16:30:00+00:00","author":{"@id":"https:\/\/www.correiobraziliense.com.br\/cbradar\/#\/schema\/person\/58422787644df994b53a19d3e56c1513"},"description":"Obsess\u00e3o, arte e destrui\u00e7\u00e3o colidem em um thriller psicol\u00f3gico sobre o pre\u00e7o da perfei\u00e7\u00e3o no mundo do bal\u00e9.","breadcrumb":{"@id":"https:\/\/www.correiobraziliense.com.br\/cbradar\/esse-filme-vai-te-levar-ao-limite-da-sanidade\/#breadcrumb"},"inLanguage":"pt-BR","potentialAction":[{"@type":"ReadAction","target":["https:\/\/www.correiobraziliense.com.br\/cbradar\/esse-filme-vai-te-levar-ao-limite-da-sanidade\/"]}]},{"@type":"ImageObject","inLanguage":"pt-BR","@id":"https:\/\/www.correiobraziliense.com.br\/cbradar\/esse-filme-vai-te-levar-ao-limite-da-sanidade\/#primaryimage","url":"https:\/\/www.correiobraziliense.com.br\/cbradar\/wp-content\/uploads\/2025\/05\/Cisne-Negro.png","contentUrl":"https:\/\/www.correiobraziliense.com.br\/cbradar\/wp-content\/uploads\/2025\/05\/Cisne-Negro.png","width":1280,"height":720,"caption":"Cisne Negro. Fonte: divulga\u00e7\u00e3o \/ Protozoa Pictures"},{"@type":"BreadcrumbList","@id":"https:\/\/www.correiobraziliense.com.br\/cbradar\/esse-filme-vai-te-levar-ao-limite-da-sanidade\/#breadcrumb","itemListElement":[{"@type":"ListItem","position":1,"name":"In\u00edcio","item":"https:\/\/www.correiobraziliense.com.br\/cbradar\/"},{"@type":"ListItem","position":2,"name":"Esse filme vai te levar ao limite da sanidade"}]},{"@type":"WebSite","@id":"https:\/\/www.correiobraziliense.com.br\/cbradar\/#website","url":"https:\/\/www.correiobraziliense.com.br\/cbradar\/","name":"Correio Braziliense - Radar","description":"Acompanhe as \u00faltimas not\u00edcias e fique bem informado sobre tudo o que acontece no Brasil e no mundo.","potentialAction":[{"@type":"SearchAction","target":{"@type":"EntryPoint","urlTemplate":"https:\/\/www.correiobraziliense.com.br\/cbradar\/?s={search_term_string}"},"query-input":{"@type":"PropertyValueSpecification","valueRequired":true,"valueName":"search_term_string"}}],"inLanguage":"pt-BR"},{"@type":"Person","@id":"https:\/\/www.correiobraziliense.com.br\/cbradar\/#\/schema\/person\/58422787644df994b53a19d3e56c1513","name":"Larissa Carvalho","image":{"@type":"ImageObject","inLanguage":"pt-BR","@id":"https:\/\/www.correiobraziliense.com.br\/cbradar\/#\/schema\/person\/image\/","url":"https:\/\/secure.gravatar.com\/avatar\/fe4f91a0de32b52a838d0d612abdc1aa?s=96&d=mm&r=g","contentUrl":"https:\/\/secure.gravatar.com\/avatar\/fe4f91a0de32b52a838d0d612abdc1aa?s=96&d=mm&r=g","caption":"Larissa Carvalho"},"url":"https:\/\/www.correiobraziliense.com.br\/cbradar\/author\/larissamyth\/"}]}},"_links":{"self":[{"href":"https:\/\/www.correiobraziliense.com.br\/cbradar\/wp-json\/wp\/v2\/posts\/43703","targetHints":{"allow":["GET"]}}],"collection":[{"href":"https:\/\/www.correiobraziliense.com.br\/cbradar\/wp-json\/wp\/v2\/posts"}],"about":[{"href":"https:\/\/www.correiobraziliense.com.br\/cbradar\/wp-json\/wp\/v2\/types\/post"}],"author":[{"embeddable":true,"href":"https:\/\/www.correiobraziliense.com.br\/cbradar\/wp-json\/wp\/v2\/users\/3"}],"replies":[{"embeddable":true,"href":"https:\/\/www.correiobraziliense.com.br\/cbradar\/wp-json\/wp\/v2\/comments?post=43703"}],"version-history":[{"count":1,"href":"https:\/\/www.correiobraziliense.com.br\/cbradar\/wp-json\/wp\/v2\/posts\/43703\/revisions"}],"predecessor-version":[{"id":43709,"href":"https:\/\/www.correiobraziliense.com.br\/cbradar\/wp-json\/wp\/v2\/posts\/43703\/revisions\/43709"}],"wp:featuredmedia":[{"embeddable":true,"href":"https:\/\/www.correiobraziliense.com.br\/cbradar\/wp-json\/wp\/v2\/media\/43706"}],"wp:attachment":[{"href":"https:\/\/www.correiobraziliense.com.br\/cbradar\/wp-json\/wp\/v2\/media?parent=43703"}],"wp:term":[{"taxonomy":"category","embeddable":true,"href":"https:\/\/www.correiobraziliense.com.br\/cbradar\/wp-json\/wp\/v2\/categories?post=43703"},{"taxonomy":"post_tag","embeddable":true,"href":"https:\/\/www.correiobraziliense.com.br\/cbradar\/wp-json\/wp\/v2\/post_tag?post=43703"}],"curies":[{"name":"wp","href":"https:\/\/api.w.org\/{rel}","templated":true}]}}