{"id":43710,"date":"2025-05-28T18:10:00","date_gmt":"2025-05-28T21:10:00","guid":{"rendered":"https:\/\/www.correiobraziliense.com.br\/cbradar\/?p=43710"},"modified":"2025-05-27T16:59:58","modified_gmt":"2025-05-27T19:59:58","slug":"melhor-escolha-para-fas-de-ficcao-e-misterio","status":"publish","type":"post","link":"https:\/\/www.correiobraziliense.com.br\/cbradar\/melhor-escolha-para-fas-de-ficcao-e-misterio\/","title":{"rendered":"Melhor escolha para f\u00e3s de fic\u00e7\u00e3o e mist\u00e9rio"},"content":{"rendered":"\n<p><strong>Dark<\/strong> \u00e9 uma s\u00e9rie de fic\u00e7\u00e3o cient\u00edfica e suspense da <strong>Netflix<\/strong>, criada por <strong>Baran bo Odar<\/strong> e <strong>Jantje Friese<\/strong>, lan\u00e7ada em 2017. A trama se passa na pequena cidade alem\u00e3 de Winden, onde o desaparecimento de uma crian\u00e7a desencadeia a descoberta de segredos profundos envolvendo quatro fam\u00edlias e viagens no tempo que atravessam diferentes gera\u00e7\u00f5es.<\/p>\n\n\n\n<p>A s\u00e9rie revela que os eventos do presente est\u00e3o ligados ao passado e ao futuro de forma c\u00edclica, criando um enigma complexo onde tudo est\u00e1 conectado.<\/p>\n\n\n\n<h2 class=\"wp-block-heading\">Quem s\u00e3o os personagens principais?<\/h2>\n\n\n\n<ul class=\"wp-block-list\">\n<li><strong>Jonas Kahnwald<\/strong> (Louis Hofmann): adolescente que se torna pe\u00e7a central no ciclo temporal.<\/li>\n\n\n\n<li><strong>Martha Nielsen<\/strong>, <strong>Ulrich Nielsen<\/strong>, <strong>Charlotte Doppler<\/strong>, <strong>Claudia Tiedemann<\/strong>: figuras-chave nas diferentes linhas do tempo.<\/li>\n\n\n\n<li><strong>O Desconhecido<\/strong>, <strong>Noah<\/strong>, <strong>Eva<\/strong> e <strong>Adam<\/strong>: personagens misteriosos que manipulam o tempo e os destinos dos demais.<\/li>\n<\/ul>\n\n\n\n<figure class=\"wp-block-image size-large\"><img decoding=\"async\" width=\"1024\" height=\"576\" src=\"https:\/\/www.correiobraziliense.com.br\/cbradar\/wp-content\/uploads\/2025\/05\/Dark-2-1024x576.png\" alt=\"Melhor escolha para f\u00e3s de fic\u00e7\u00e3o e mist\u00e9rio\" class=\"wp-image-43714\" srcset=\"https:\/\/www.correiobraziliense.com.br\/cbradar\/wp-content\/uploads\/2025\/05\/Dark-2-1024x576.png 1024w, https:\/\/www.correiobraziliense.com.br\/cbradar\/wp-content\/uploads\/2025\/05\/Dark-2-300x169.png 300w, https:\/\/www.correiobraziliense.com.br\/cbradar\/wp-content\/uploads\/2025\/05\/Dark-2-768x432.png 768w, https:\/\/www.correiobraziliense.com.br\/cbradar\/wp-content\/uploads\/2025\/05\/Dark-2-750x422.png 750w, https:\/\/www.correiobraziliense.com.br\/cbradar\/wp-content\/uploads\/2025\/05\/Dark-2-1140x641.png 1140w, https:\/\/www.correiobraziliense.com.br\/cbradar\/wp-content\/uploads\/2025\/05\/Dark-2.png 1280w\" sizes=\"(max-width: 1024px) 100vw, 1024px\" \/><figcaption class=\"wp-element-caption\">Dark. Fonte: divulga\u00e7\u00e3o \/ Netflix<\/figcaption><\/figure>\n\n\n\n<h2 class=\"wp-block-heading\">Como a s\u00e9rie explora o tempo, o livre-arb\u00edtrio e a identidade?<\/h2>\n\n\n\n<p><em>Dark<\/em> \u00e9 uma s\u00e9rie densa e cerebral que mistura f\u00edsica qu\u00e2ntica, filosofia e dilemas existenciais. Cada temporada aprofunda os mist\u00e9rios e apresenta novos paradoxos, ampliando a complexidade da trama e exigindo aten\u00e7\u00e3o total do espectador.<\/p>\n\n\n\n<p>A s\u00e9rie questiona at\u00e9 que ponto nossas escolhas s\u00e3o livres ou determinadas por um ciclo eterno de repeti\u00e7\u00e3o.<\/p>\n\n\n\n<h2 class=\"wp-block-heading\">Vale a pena assistir Dark?<\/h2>\n\n\n\n<p>Sim. <em>Dark<\/em> \u00e9 considerada uma das melhores s\u00e9ries de fic\u00e7\u00e3o cient\u00edfica da d\u00e9cada. \u00c9 ideal para quem gosta de hist\u00f3rias desafiadoras, com camadas de significado, constru\u00e7\u00e3o minuciosa e reviravoltas impactantes.<\/p>\n\n\n\n<p>\u00c9 visualmente impressionante, emocionalmente intensa e intelectualmente estimulante.<\/p>\n\n\n\n<iframe loading=\"lazy\" width=\"560\" height=\"315\" src=\"https:\/\/www.youtube.com\/embed\/JCCssUOtn2E?si=HaqDwiNmhMSqDfc6\" title=\"YouTube video player\" frameborder=\"0\" allow=\"accelerometer; autoplay; clipboard-write; encrypted-media; gyroscope; picture-in-picture; web-share\" referrerpolicy=\"strict-origin-when-cross-origin\" allowfullscreen><\/iframe>\n\n\n\n<h2 class=\"wp-block-heading\">Curiosidades sobre Dark<\/h2>\n\n\n\n<ul class=\"wp-block-list\">\n<li>\u00c9 a primeira s\u00e9rie original alem\u00e3 da Netflix.<\/li>\n\n\n\n<li>Cada temporada tem 8 epis\u00f3dios densos e interligados.<\/li>\n\n\n\n<li>A trilha sonora e a fotografia s\u00e3o elementos marcantes e atmosf\u00e9ricos.<\/li>\n\n\n\n<li>Criou uma base de f\u00e3s global e in\u00fameras teorias online.<\/li>\n<\/ul>\n\n\n\n<h2 class=\"wp-block-heading\">FAQ &#8211; Perguntas frequentes<\/h2>\n\n\n\n<ul class=\"wp-block-list\">\n<li><strong>Onde assistir Dark?<\/strong>\n<ul class=\"wp-block-list\">\n<li>Dispon\u00edvel exclusivamente na <strong>Netflix<\/strong>.<\/li>\n<\/ul>\n<\/li>\n\n\n\n<li><strong>Quem est\u00e1 no elenco principal?<\/strong>\n<ul class=\"wp-block-list\">\n<li><strong>Louis Hofmann<\/strong>, <strong>Lisa Vicari<\/strong>, <strong>Andreas Pietschmann<\/strong>, <strong>Maja Sch\u00f6ne<\/strong>, <strong>Karoline Eichhorn<\/strong>, <strong>Oliver Masucci<\/strong>.<\/li>\n<\/ul>\n<\/li>\n\n\n\n<li><strong>Qual o ano de lan\u00e7amento da s\u00e9rie?<\/strong>\n<ul class=\"wp-block-list\">\n<li><em>Dark<\/em> estreou em 2017 e foi conclu\u00edda em 2020.<\/li>\n<\/ul>\n<\/li>\n\n\n\n<li><strong>Qual a produtora respons\u00e1vel pela s\u00e9rie?<\/strong>\n<ul class=\"wp-block-list\">\n<li>Produzida pela <strong>Wiedemann &amp; Berg Television<\/strong> em parceria com a <strong>Netflix<\/strong>.<\/li>\n<\/ul>\n<\/li>\n<\/ul>\n","protected":false},"excerpt":{"rendered":"<p>Viagens no tempo, segredos de fam\u00edlia e um ciclo sombrio se entrela\u00e7am em uma s\u00e9rie alem\u00e3 que desafia a l\u00f3gica.<\/p>\n","protected":false},"author":3,"featured_media":43712,"comment_status":"open","ping_status":"open","sticky":false,"template":"","format":"standard","meta":{"_yoast_wpseo_focuskw":"Dark","_yoast_wpseo_title":"%%title%%","_yoast_wpseo_metadesc":"Viagens no tempo, segredos de fam\u00edlia e um ciclo sombrio se entrela\u00e7am em uma s\u00e9rie alem\u00e3 que desafia a l\u00f3gica.","jnews-multi-image_gallery":[],"jnews_single_post":{"format":"standard"},"jnews_primary_category":[],"jnews_social_meta":[],"jnews_override_counter":[],"footnotes":""},"categories":[140],"post_tag":[568],"class_list":["post-43710","post","type-post","status-publish","format-standard","has-post-thumbnail","hentry","category-entretenimento","tag-series-e-filmes"],"yoast_head":"<!-- This site is optimized with the Yoast SEO plugin v24.6 - https:\/\/yoast.com\/wordpress\/plugins\/seo\/ -->\n<title>Melhor escolha para f\u00e3s de fic\u00e7\u00e3o e mist\u00e9rio<\/title>\n<meta name=\"description\" content=\"Viagens no tempo, segredos de fam\u00edlia e um ciclo sombrio se entrela\u00e7am em uma s\u00e9rie alem\u00e3 que desafia a l\u00f3gica.\" \/>\n<meta name=\"robots\" content=\"index, follow, max-snippet:-1, max-image-preview:large, max-video-preview:-1\" \/>\n<link rel=\"canonical\" href=\"https:\/\/www.correiobraziliense.com.br\/cbradar\/melhor-escolha-para-fas-de-ficcao-e-misterio\/\" \/>\n<meta property=\"og:locale\" content=\"pt_BR\" \/>\n<meta property=\"og:type\" content=\"article\" \/>\n<meta property=\"og:title\" content=\"Melhor escolha para f\u00e3s de fic\u00e7\u00e3o e mist\u00e9rio\" \/>\n<meta property=\"og:description\" content=\"Viagens no tempo, segredos de fam\u00edlia e um ciclo sombrio se entrela\u00e7am em uma s\u00e9rie alem\u00e3 que desafia a l\u00f3gica.\" \/>\n<meta property=\"og:url\" content=\"https:\/\/www.correiobraziliense.com.br\/cbradar\/melhor-escolha-para-fas-de-ficcao-e-misterio\/\" \/>\n<meta property=\"og:site_name\" content=\"Correio Braziliense - Radar\" \/>\n<meta property=\"article:published_time\" content=\"2025-05-28T21:10:00+00:00\" \/>\n<meta property=\"og:image\" content=\"https:\/\/www.correiobraziliense.com.br\/cbradar\/wp-content\/uploads\/2025\/05\/Dark.png\" \/>\n\t<meta property=\"og:image:width\" content=\"1280\" \/>\n\t<meta property=\"og:image:height\" content=\"720\" \/>\n\t<meta property=\"og:image:type\" content=\"image\/png\" \/>\n<meta name=\"author\" content=\"Larissa Carvalho\" \/>\n<meta name=\"twitter:card\" content=\"summary_large_image\" \/>\n<meta name=\"twitter:label1\" content=\"Escrito por\" \/>\n\t<meta name=\"twitter:data1\" content=\"Larissa Carvalho\" \/>\n\t<meta name=\"twitter:label2\" content=\"Est. tempo de leitura\" \/>\n\t<meta name=\"twitter:data2\" content=\"3 minutos\" \/>\n<!-- \/ Yoast SEO plugin. -->","yoast_head_json":{"title":"Melhor escolha para f\u00e3s de fic\u00e7\u00e3o e mist\u00e9rio","description":"Viagens no tempo, segredos de fam\u00edlia e um ciclo sombrio se entrela\u00e7am em uma s\u00e9rie alem\u00e3 que desafia a l\u00f3gica.","robots":{"index":"index","follow":"follow","max-snippet":"max-snippet:-1","max-image-preview":"max-image-preview:large","max-video-preview":"max-video-preview:-1"},"canonical":"https:\/\/www.correiobraziliense.com.br\/cbradar\/melhor-escolha-para-fas-de-ficcao-e-misterio\/","og_locale":"pt_BR","og_type":"article","og_title":"Melhor escolha para f\u00e3s de fic\u00e7\u00e3o e mist\u00e9rio","og_description":"Viagens no tempo, segredos de fam\u00edlia e um ciclo sombrio se entrela\u00e7am em uma s\u00e9rie alem\u00e3 que desafia a l\u00f3gica.","og_url":"https:\/\/www.correiobraziliense.com.br\/cbradar\/melhor-escolha-para-fas-de-ficcao-e-misterio\/","og_site_name":"Correio Braziliense - Radar","article_published_time":"2025-05-28T21:10:00+00:00","og_image":[{"width":1280,"height":720,"url":"https:\/\/www.correiobraziliense.com.br\/cbradar\/wp-content\/uploads\/2025\/05\/Dark.png","type":"image\/png"}],"author":"Larissa Carvalho","twitter_card":"summary_large_image","twitter_misc":{"Escrito por":"Larissa Carvalho","Est. tempo de leitura":"3 minutos"},"schema":{"@context":"https:\/\/schema.org","@graph":[{"@type":"WebPage","@id":"https:\/\/www.correiobraziliense.com.br\/cbradar\/melhor-escolha-para-fas-de-ficcao-e-misterio\/","url":"https:\/\/www.correiobraziliense.com.br\/cbradar\/melhor-escolha-para-fas-de-ficcao-e-misterio\/","name":"Melhor escolha para f\u00e3s de fic\u00e7\u00e3o e mist\u00e9rio","isPartOf":{"@id":"https:\/\/www.correiobraziliense.com.br\/cbradar\/#website"},"primaryImageOfPage":{"@id":"https:\/\/www.correiobraziliense.com.br\/cbradar\/melhor-escolha-para-fas-de-ficcao-e-misterio\/#primaryimage"},"image":{"@id":"https:\/\/www.correiobraziliense.com.br\/cbradar\/melhor-escolha-para-fas-de-ficcao-e-misterio\/#primaryimage"},"thumbnailUrl":"https:\/\/www.correiobraziliense.com.br\/cbradar\/wp-content\/uploads\/2025\/05\/Dark.png","datePublished":"2025-05-28T21:10:00+00:00","author":{"@id":"https:\/\/www.correiobraziliense.com.br\/cbradar\/#\/schema\/person\/58422787644df994b53a19d3e56c1513"},"description":"Viagens no tempo, segredos de fam\u00edlia e um ciclo sombrio se entrela\u00e7am em uma s\u00e9rie alem\u00e3 que desafia a l\u00f3gica.","breadcrumb":{"@id":"https:\/\/www.correiobraziliense.com.br\/cbradar\/melhor-escolha-para-fas-de-ficcao-e-misterio\/#breadcrumb"},"inLanguage":"pt-BR","potentialAction":[{"@type":"ReadAction","target":["https:\/\/www.correiobraziliense.com.br\/cbradar\/melhor-escolha-para-fas-de-ficcao-e-misterio\/"]}]},{"@type":"ImageObject","inLanguage":"pt-BR","@id":"https:\/\/www.correiobraziliense.com.br\/cbradar\/melhor-escolha-para-fas-de-ficcao-e-misterio\/#primaryimage","url":"https:\/\/www.correiobraziliense.com.br\/cbradar\/wp-content\/uploads\/2025\/05\/Dark.png","contentUrl":"https:\/\/www.correiobraziliense.com.br\/cbradar\/wp-content\/uploads\/2025\/05\/Dark.png","width":1280,"height":720,"caption":"Dark. Fonte: divulga\u00e7\u00e3o \/ Netflix"},{"@type":"BreadcrumbList","@id":"https:\/\/www.correiobraziliense.com.br\/cbradar\/melhor-escolha-para-fas-de-ficcao-e-misterio\/#breadcrumb","itemListElement":[{"@type":"ListItem","position":1,"name":"In\u00edcio","item":"https:\/\/www.correiobraziliense.com.br\/cbradar\/"},{"@type":"ListItem","position":2,"name":"Melhor escolha para f\u00e3s de fic\u00e7\u00e3o e mist\u00e9rio"}]},{"@type":"WebSite","@id":"https:\/\/www.correiobraziliense.com.br\/cbradar\/#website","url":"https:\/\/www.correiobraziliense.com.br\/cbradar\/","name":"Correio Braziliense - Radar","description":"Acompanhe as \u00faltimas not\u00edcias e fique bem informado sobre tudo o que acontece no Brasil e no mundo.","potentialAction":[{"@type":"SearchAction","target":{"@type":"EntryPoint","urlTemplate":"https:\/\/www.correiobraziliense.com.br\/cbradar\/?s={search_term_string}"},"query-input":{"@type":"PropertyValueSpecification","valueRequired":true,"valueName":"search_term_string"}}],"inLanguage":"pt-BR"},{"@type":"Person","@id":"https:\/\/www.correiobraziliense.com.br\/cbradar\/#\/schema\/person\/58422787644df994b53a19d3e56c1513","name":"Larissa Carvalho","image":{"@type":"ImageObject","inLanguage":"pt-BR","@id":"https:\/\/www.correiobraziliense.com.br\/cbradar\/#\/schema\/person\/image\/","url":"https:\/\/secure.gravatar.com\/avatar\/fe4f91a0de32b52a838d0d612abdc1aa?s=96&d=mm&r=g","contentUrl":"https:\/\/secure.gravatar.com\/avatar\/fe4f91a0de32b52a838d0d612abdc1aa?s=96&d=mm&r=g","caption":"Larissa Carvalho"},"url":"https:\/\/www.correiobraziliense.com.br\/cbradar\/author\/larissamyth\/"}]}},"_links":{"self":[{"href":"https:\/\/www.correiobraziliense.com.br\/cbradar\/wp-json\/wp\/v2\/posts\/43710","targetHints":{"allow":["GET"]}}],"collection":[{"href":"https:\/\/www.correiobraziliense.com.br\/cbradar\/wp-json\/wp\/v2\/posts"}],"about":[{"href":"https:\/\/www.correiobraziliense.com.br\/cbradar\/wp-json\/wp\/v2\/types\/post"}],"author":[{"embeddable":true,"href":"https:\/\/www.correiobraziliense.com.br\/cbradar\/wp-json\/wp\/v2\/users\/3"}],"replies":[{"embeddable":true,"href":"https:\/\/www.correiobraziliense.com.br\/cbradar\/wp-json\/wp\/v2\/comments?post=43710"}],"version-history":[{"count":1,"href":"https:\/\/www.correiobraziliense.com.br\/cbradar\/wp-json\/wp\/v2\/posts\/43710\/revisions"}],"predecessor-version":[{"id":43716,"href":"https:\/\/www.correiobraziliense.com.br\/cbradar\/wp-json\/wp\/v2\/posts\/43710\/revisions\/43716"}],"wp:featuredmedia":[{"embeddable":true,"href":"https:\/\/www.correiobraziliense.com.br\/cbradar\/wp-json\/wp\/v2\/media\/43712"}],"wp:attachment":[{"href":"https:\/\/www.correiobraziliense.com.br\/cbradar\/wp-json\/wp\/v2\/media?parent=43710"}],"wp:term":[{"taxonomy":"category","embeddable":true,"href":"https:\/\/www.correiobraziliense.com.br\/cbradar\/wp-json\/wp\/v2\/categories?post=43710"},{"taxonomy":"post_tag","embeddable":true,"href":"https:\/\/www.correiobraziliense.com.br\/cbradar\/wp-json\/wp\/v2\/post_tag?post=43710"}],"curies":[{"name":"wp","href":"https:\/\/api.w.org\/{rel}","templated":true}]}}