{"id":43717,"date":"2025-05-28T19:30:00","date_gmt":"2025-05-28T22:30:00","guid":{"rendered":"https:\/\/www.correiobraziliense.com.br\/cbradar\/?p=43717"},"modified":"2025-05-27T16:59:42","modified_gmt":"2025-05-27T19:59:42","slug":"essa-serie-vai-fazer-voce-rir-e-se-emocionar-ao-mesmo-tempo","status":"publish","type":"post","link":"https:\/\/www.correiobraziliense.com.br\/cbradar\/essa-serie-vai-fazer-voce-rir-e-se-emocionar-ao-mesmo-tempo\/","title":{"rendered":"Essa s\u00e9rie vai fazer voc\u00ea rir e se emocionar ao mesmo tempo"},"content":{"rendered":"\n<p><strong>Fleabag<\/strong> \u00e9 uma s\u00e9rie brit\u00e2nica criada, escrita e estrelada por <strong>Phoebe Waller-Bridge<\/strong>, lan\u00e7ada pela <strong>BBC Three<\/strong> e <strong>Amazon Prime Video<\/strong> entre 2016 e 2019. A trama acompanha uma mulher londrina sarc\u00e1stica e desajustada \u2014 cujo nome nunca \u00e9 revelado \u2014 enquanto ela tenta lidar com o luto, relacionamentos complicados e conflitos familiares, tudo com muito humor \u00e1cido.<\/p>\n\n\n\n<p>A protagonista frequentemente quebra a quarta parede, conversando com o p\u00fablico de forma \u00edntima e provocadora, revelando suas contradi\u00e7\u00f5es, vulnerabilidades e desejos reprimidos.<\/p>\n\n\n\n<h2 class=\"wp-block-heading\">Quem s\u00e3o os personagens principais?<\/h2>\n\n\n\n<ul class=\"wp-block-list\">\n<li><strong>Fleabag<\/strong> (Phoebe Waller-Bridge): mulher inteligente, espirituosa e autodestrutiva.<\/li>\n\n\n\n<li><strong>Claire<\/strong> (Sian Clifford): irm\u00e3 controladora, bem-sucedida e emocionalmente reprimida.<\/li>\n\n\n\n<li><strong>Godmother<\/strong> (Olivia Colman): madrasta manipuladora e passivo-agressiva.<\/li>\n\n\n\n<li><strong>O Padre<\/strong> (Andrew Scott): interesse amoroso da segunda temporada, complexo e carism\u00e1tico.<\/li>\n\n\n\n<li><strong>Harry<\/strong>, <strong>Boo<\/strong>, <strong>Martin<\/strong>: personagens que orbitam a vida ca\u00f3tica de Fleabag.<\/li>\n<\/ul>\n\n\n\n<figure class=\"wp-block-image size-large\"><img decoding=\"async\" width=\"1024\" height=\"576\" src=\"https:\/\/www.correiobraziliense.com.br\/cbradar\/wp-content\/uploads\/2025\/05\/Fleabag-2-1-1024x576.png\" alt=\"Essa s\u00e9rie vai fazer voc\u00ea rir e se emocionar ao mesmo tempo\" class=\"wp-image-43757\" srcset=\"https:\/\/www.correiobraziliense.com.br\/cbradar\/wp-content\/uploads\/2025\/05\/Fleabag-2-1-1024x576.png 1024w, https:\/\/www.correiobraziliense.com.br\/cbradar\/wp-content\/uploads\/2025\/05\/Fleabag-2-1-300x169.png 300w, https:\/\/www.correiobraziliense.com.br\/cbradar\/wp-content\/uploads\/2025\/05\/Fleabag-2-1-768x432.png 768w, https:\/\/www.correiobraziliense.com.br\/cbradar\/wp-content\/uploads\/2025\/05\/Fleabag-2-1-750x422.png 750w, https:\/\/www.correiobraziliense.com.br\/cbradar\/wp-content\/uploads\/2025\/05\/Fleabag-2-1-1140x641.png 1140w, https:\/\/www.correiobraziliense.com.br\/cbradar\/wp-content\/uploads\/2025\/05\/Fleabag-2-1.png 1280w\" sizes=\"(max-width: 1024px) 100vw, 1024px\" \/><figcaption class=\"wp-element-caption\">Fleabag. Fonte: divulga\u00e7\u00e3o \/ BBC<\/figcaption><\/figure>\n\n\n\n<h2 class=\"wp-block-heading\">Como a s\u00e9rie mistura com\u00e9dia, dor e autenticidade?<\/h2>\n\n\n\n<p><em>Fleabag<\/em> \u00e9 uma com\u00e9dia dram\u00e1tica \u00fanica. Sua for\u00e7a est\u00e1 na honestidade brutal com que aborda temas como luto, sexualidade, culpa e vazio existencial. A quebra da quarta parede cria um v\u00ednculo direto com o p\u00fablico, revelando o que h\u00e1 por tr\u00e1s das piadas e do sarcasmo: uma busca desesperada por conex\u00e3o e sentido.<\/p>\n\n\n\n<p>A s\u00e9rie equilibra momentos hil\u00e1rios com cenas profundamente emocionais, sem jamais soar artificial.<\/p>\n\n\n\n<h2 class=\"wp-block-heading\">Vale a pena assistir Fleabag?<\/h2>\n\n\n\n<p>Sim. <em>Fleabag<\/em> \u00e9 considerada uma das s\u00e9ries mais aclamadas da d\u00e9cada. Inteligente, provocadora e com atua\u00e7\u00f5es brilhantes, especialmente de Phoebe Waller-Bridge, a s\u00e9rie mostra que \u00e9 poss\u00edvel rir da dor sem perder a humanidade.<\/p>\n\n\n\n<p>\u00c9 uma obra curta (duas temporadas) e intensa, ideal para quem busca narrativas femininas aut\u00eanticas e inovadoras.<\/p>\n\n\n\n<h2 class=\"wp-block-heading\">Curiosidades sobre Fleabag<\/h2>\n\n\n\n<ul class=\"wp-block-list\">\n<li>Originou-se de uma pe\u00e7a solo escrita e encenada por Phoebe Waller-Bridge.<\/li>\n\n\n\n<li>Ganhou 6 pr\u00eamios <strong>Emmy<\/strong>, incluindo Melhor S\u00e9rie de Com\u00e9dia e Melhor Atriz.<\/li>\n\n\n\n<li>Andrew Scott, o \u201cpadre gostoso\u201d, se tornou \u00edcone cultural ap\u00f3s a segunda temporada.<\/li>\n\n\n\n<li>A s\u00e9rie \u00e9 elogiada por sua originalidade narrativa e profundidade emocional.<\/li>\n<\/ul>\n\n\n\n<iframe loading=\"lazy\" width=\"560\" height=\"315\" src=\"https:\/\/www.youtube.com\/embed\/Nd3Qlo0qspU?si=iDKzJ9F0NrOxKcZ2\" title=\"YouTube video player\" frameborder=\"0\" allow=\"accelerometer; autoplay; clipboard-write; encrypted-media; gyroscope; picture-in-picture; web-share\" referrerpolicy=\"strict-origin-when-cross-origin\" allowfullscreen><\/iframe>\n\n\n\n<h2 class=\"wp-block-heading\">FAQ &#8211; Perguntas frequentes<\/h2>\n\n\n\n<ul class=\"wp-block-list\">\n<li><strong>Onde assistir Fleabag?<\/strong>\n<ul class=\"wp-block-list\">\n<li>Dispon\u00edvel na <strong>Amazon Prime Video<\/strong>.<\/li>\n<\/ul>\n<\/li>\n\n\n\n<li><strong>Quem est\u00e1 no elenco principal?<\/strong>\n<ul class=\"wp-block-list\">\n<li><strong>Phoebe Waller-Bridge<\/strong>, <strong>Sian Clifford<\/strong>, <strong>Olivia Colman<\/strong>, <strong>Andrew Scott<\/strong>, <strong>Brett Gelman<\/strong>, <strong>Hugh Skinner<\/strong>.<\/li>\n<\/ul>\n<\/li>\n\n\n\n<li><strong>Qual o ano de lan\u00e7amento da s\u00e9rie?<\/strong>\n<ul class=\"wp-block-list\">\n<li><em>Fleabag<\/em> estreou em 2016 e foi conclu\u00edda em 2019.<\/li>\n<\/ul>\n<\/li>\n\n\n\n<li><strong>Qual a produtora respons\u00e1vel pela s\u00e9rie?<\/strong>\n<ul class=\"wp-block-list\">\n<li>Produzida pela <strong>Two Brothers Pictures<\/strong> em parceria com a <strong>BBC<\/strong> e distribu\u00edda mundialmente pela <strong>Amazon Studios<\/strong>.<\/li>\n<\/ul>\n<\/li>\n<\/ul>\n","protected":false},"excerpt":{"rendered":"<p>Uma protagonista afiada, solit\u00e1ria e hil\u00e1ria guia essa com\u00e9dia dram\u00e1tica brit\u00e2nica que transforma dor em riso sincero.<\/p>\n","protected":false},"author":3,"featured_media":43758,"comment_status":"open","ping_status":"open","sticky":false,"template":"","format":"standard","meta":{"_yoast_wpseo_focuskw":"Fleabag","_yoast_wpseo_title":"%%title%% %%page%%","_yoast_wpseo_metadesc":"Uma protagonista afiada, solit\u00e1ria e hil\u00e1ria guia essa com\u00e9dia dram\u00e1tica brit\u00e2nica que transforma dor em riso sincero.","jnews-multi-image_gallery":[],"jnews_single_post":{"format":"standard"},"jnews_primary_category":[],"jnews_social_meta":[],"jnews_override_counter":[],"footnotes":""},"categories":[140],"post_tag":[568],"class_list":["post-43717","post","type-post","status-publish","format-standard","has-post-thumbnail","hentry","category-entretenimento","tag-series-e-filmes"],"yoast_head":"<!-- This site is optimized with the Yoast SEO plugin v24.6 - https:\/\/yoast.com\/wordpress\/plugins\/seo\/ -->\n<title>Essa s\u00e9rie vai fazer voc\u00ea rir e se emocionar ao mesmo tempo<\/title>\n<meta name=\"description\" content=\"Uma protagonista afiada, solit\u00e1ria e hil\u00e1ria guia essa com\u00e9dia dram\u00e1tica brit\u00e2nica que transforma dor em riso sincero.\" \/>\n<meta name=\"robots\" content=\"index, follow, max-snippet:-1, max-image-preview:large, max-video-preview:-1\" \/>\n<link rel=\"canonical\" href=\"https:\/\/www.correiobraziliense.com.br\/cbradar\/essa-serie-vai-fazer-voce-rir-e-se-emocionar-ao-mesmo-tempo\/\" \/>\n<meta property=\"og:locale\" content=\"pt_BR\" \/>\n<meta property=\"og:type\" content=\"article\" \/>\n<meta property=\"og:title\" content=\"Essa s\u00e9rie vai fazer voc\u00ea rir e se emocionar ao mesmo tempo\" \/>\n<meta property=\"og:description\" content=\"Uma protagonista afiada, solit\u00e1ria e hil\u00e1ria guia essa com\u00e9dia dram\u00e1tica brit\u00e2nica que transforma dor em riso sincero.\" \/>\n<meta property=\"og:url\" content=\"https:\/\/www.correiobraziliense.com.br\/cbradar\/essa-serie-vai-fazer-voce-rir-e-se-emocionar-ao-mesmo-tempo\/\" \/>\n<meta property=\"og:site_name\" content=\"Correio Braziliense - Radar\" \/>\n<meta property=\"article:published_time\" content=\"2025-05-28T22:30:00+00:00\" \/>\n<meta property=\"og:image\" content=\"https:\/\/www.correiobraziliense.com.br\/cbradar\/wp-content\/uploads\/2025\/05\/Fleabag.png\" \/>\n\t<meta property=\"og:image:width\" content=\"1280\" \/>\n\t<meta property=\"og:image:height\" content=\"720\" \/>\n\t<meta property=\"og:image:type\" content=\"image\/png\" \/>\n<meta name=\"author\" content=\"Larissa Carvalho\" \/>\n<meta name=\"twitter:card\" content=\"summary_large_image\" \/>\n<meta name=\"twitter:label1\" content=\"Escrito por\" \/>\n\t<meta name=\"twitter:data1\" content=\"Larissa Carvalho\" \/>\n\t<meta name=\"twitter:label2\" content=\"Est. tempo de leitura\" \/>\n\t<meta name=\"twitter:data2\" content=\"3 minutos\" \/>\n<!-- \/ Yoast SEO plugin. -->","yoast_head_json":{"title":"Essa s\u00e9rie vai fazer voc\u00ea rir e se emocionar ao mesmo tempo","description":"Uma protagonista afiada, solit\u00e1ria e hil\u00e1ria guia essa com\u00e9dia dram\u00e1tica brit\u00e2nica que transforma dor em riso sincero.","robots":{"index":"index","follow":"follow","max-snippet":"max-snippet:-1","max-image-preview":"max-image-preview:large","max-video-preview":"max-video-preview:-1"},"canonical":"https:\/\/www.correiobraziliense.com.br\/cbradar\/essa-serie-vai-fazer-voce-rir-e-se-emocionar-ao-mesmo-tempo\/","og_locale":"pt_BR","og_type":"article","og_title":"Essa s\u00e9rie vai fazer voc\u00ea rir e se emocionar ao mesmo tempo","og_description":"Uma protagonista afiada, solit\u00e1ria e hil\u00e1ria guia essa com\u00e9dia dram\u00e1tica brit\u00e2nica que transforma dor em riso sincero.","og_url":"https:\/\/www.correiobraziliense.com.br\/cbradar\/essa-serie-vai-fazer-voce-rir-e-se-emocionar-ao-mesmo-tempo\/","og_site_name":"Correio Braziliense - Radar","article_published_time":"2025-05-28T22:30:00+00:00","og_image":[{"width":1280,"height":720,"url":"https:\/\/www.correiobraziliense.com.br\/cbradar\/wp-content\/uploads\/2025\/05\/Fleabag.png","type":"image\/png"}],"author":"Larissa Carvalho","twitter_card":"summary_large_image","twitter_misc":{"Escrito por":"Larissa Carvalho","Est. tempo de leitura":"3 minutos"},"schema":{"@context":"https:\/\/schema.org","@graph":[{"@type":"WebPage","@id":"https:\/\/www.correiobraziliense.com.br\/cbradar\/essa-serie-vai-fazer-voce-rir-e-se-emocionar-ao-mesmo-tempo\/","url":"https:\/\/www.correiobraziliense.com.br\/cbradar\/essa-serie-vai-fazer-voce-rir-e-se-emocionar-ao-mesmo-tempo\/","name":"Essa s\u00e9rie vai fazer voc\u00ea rir e se emocionar ao mesmo tempo","isPartOf":{"@id":"https:\/\/www.correiobraziliense.com.br\/cbradar\/#website"},"primaryImageOfPage":{"@id":"https:\/\/www.correiobraziliense.com.br\/cbradar\/essa-serie-vai-fazer-voce-rir-e-se-emocionar-ao-mesmo-tempo\/#primaryimage"},"image":{"@id":"https:\/\/www.correiobraziliense.com.br\/cbradar\/essa-serie-vai-fazer-voce-rir-e-se-emocionar-ao-mesmo-tempo\/#primaryimage"},"thumbnailUrl":"https:\/\/www.correiobraziliense.com.br\/cbradar\/wp-content\/uploads\/2025\/05\/Fleabag.png","datePublished":"2025-05-28T22:30:00+00:00","author":{"@id":"https:\/\/www.correiobraziliense.com.br\/cbradar\/#\/schema\/person\/58422787644df994b53a19d3e56c1513"},"description":"Uma protagonista afiada, solit\u00e1ria e hil\u00e1ria guia essa com\u00e9dia dram\u00e1tica brit\u00e2nica que transforma dor em riso sincero.","breadcrumb":{"@id":"https:\/\/www.correiobraziliense.com.br\/cbradar\/essa-serie-vai-fazer-voce-rir-e-se-emocionar-ao-mesmo-tempo\/#breadcrumb"},"inLanguage":"pt-BR","potentialAction":[{"@type":"ReadAction","target":["https:\/\/www.correiobraziliense.com.br\/cbradar\/essa-serie-vai-fazer-voce-rir-e-se-emocionar-ao-mesmo-tempo\/"]}]},{"@type":"ImageObject","inLanguage":"pt-BR","@id":"https:\/\/www.correiobraziliense.com.br\/cbradar\/essa-serie-vai-fazer-voce-rir-e-se-emocionar-ao-mesmo-tempo\/#primaryimage","url":"https:\/\/www.correiobraziliense.com.br\/cbradar\/wp-content\/uploads\/2025\/05\/Fleabag.png","contentUrl":"https:\/\/www.correiobraziliense.com.br\/cbradar\/wp-content\/uploads\/2025\/05\/Fleabag.png","width":1280,"height":720,"caption":"Fleabag. Fonte: divulga\u00e7\u00e3o \/ BBC"},{"@type":"BreadcrumbList","@id":"https:\/\/www.correiobraziliense.com.br\/cbradar\/essa-serie-vai-fazer-voce-rir-e-se-emocionar-ao-mesmo-tempo\/#breadcrumb","itemListElement":[{"@type":"ListItem","position":1,"name":"In\u00edcio","item":"https:\/\/www.correiobraziliense.com.br\/cbradar\/"},{"@type":"ListItem","position":2,"name":"Essa s\u00e9rie vai fazer voc\u00ea rir e se emocionar ao mesmo tempo"}]},{"@type":"WebSite","@id":"https:\/\/www.correiobraziliense.com.br\/cbradar\/#website","url":"https:\/\/www.correiobraziliense.com.br\/cbradar\/","name":"Correio Braziliense - Radar","description":"Acompanhe as \u00faltimas not\u00edcias e fique bem informado sobre tudo o que acontece no Brasil e no mundo.","potentialAction":[{"@type":"SearchAction","target":{"@type":"EntryPoint","urlTemplate":"https:\/\/www.correiobraziliense.com.br\/cbradar\/?s={search_term_string}"},"query-input":{"@type":"PropertyValueSpecification","valueRequired":true,"valueName":"search_term_string"}}],"inLanguage":"pt-BR"},{"@type":"Person","@id":"https:\/\/www.correiobraziliense.com.br\/cbradar\/#\/schema\/person\/58422787644df994b53a19d3e56c1513","name":"Larissa Carvalho","image":{"@type":"ImageObject","inLanguage":"pt-BR","@id":"https:\/\/www.correiobraziliense.com.br\/cbradar\/#\/schema\/person\/image\/","url":"https:\/\/secure.gravatar.com\/avatar\/fe4f91a0de32b52a838d0d612abdc1aa?s=96&d=mm&r=g","contentUrl":"https:\/\/secure.gravatar.com\/avatar\/fe4f91a0de32b52a838d0d612abdc1aa?s=96&d=mm&r=g","caption":"Larissa Carvalho"},"url":"https:\/\/www.correiobraziliense.com.br\/cbradar\/author\/larissamyth\/"}]}},"_links":{"self":[{"href":"https:\/\/www.correiobraziliense.com.br\/cbradar\/wp-json\/wp\/v2\/posts\/43717","targetHints":{"allow":["GET"]}}],"collection":[{"href":"https:\/\/www.correiobraziliense.com.br\/cbradar\/wp-json\/wp\/v2\/posts"}],"about":[{"href":"https:\/\/www.correiobraziliense.com.br\/cbradar\/wp-json\/wp\/v2\/types\/post"}],"author":[{"embeddable":true,"href":"https:\/\/www.correiobraziliense.com.br\/cbradar\/wp-json\/wp\/v2\/users\/3"}],"replies":[{"embeddable":true,"href":"https:\/\/www.correiobraziliense.com.br\/cbradar\/wp-json\/wp\/v2\/comments?post=43717"}],"version-history":[{"count":1,"href":"https:\/\/www.correiobraziliense.com.br\/cbradar\/wp-json\/wp\/v2\/posts\/43717\/revisions"}],"predecessor-version":[{"id":43759,"href":"https:\/\/www.correiobraziliense.com.br\/cbradar\/wp-json\/wp\/v2\/posts\/43717\/revisions\/43759"}],"wp:featuredmedia":[{"embeddable":true,"href":"https:\/\/www.correiobraziliense.com.br\/cbradar\/wp-json\/wp\/v2\/media\/43758"}],"wp:attachment":[{"href":"https:\/\/www.correiobraziliense.com.br\/cbradar\/wp-json\/wp\/v2\/media?parent=43717"}],"wp:term":[{"taxonomy":"category","embeddable":true,"href":"https:\/\/www.correiobraziliense.com.br\/cbradar\/wp-json\/wp\/v2\/categories?post=43717"},{"taxonomy":"post_tag","embeddable":true,"href":"https:\/\/www.correiobraziliense.com.br\/cbradar\/wp-json\/wp\/v2\/post_tag?post=43717"}],"curies":[{"name":"wp","href":"https:\/\/api.w.org\/{rel}","templated":true}]}}