{"id":44028,"date":"2025-05-28T15:50:00","date_gmt":"2025-05-28T18:50:00","guid":{"rendered":"https:\/\/www.correiobraziliense.com.br\/cbradar\/?p=44028"},"modified":"2025-05-29T20:22:13","modified_gmt":"2025-05-29T23:22:13","slug":"a-cidade-com-a-melhor-qualidade-de-vida-que-impressiona-sao-paulo","status":"publish","type":"post","link":"https:\/\/www.correiobraziliense.com.br\/cbradar\/a-cidade-com-a-melhor-qualidade-de-vida-que-impressiona-sao-paulo\/","title":{"rendered":"A cidade com a melhor qualidade de vida que impressiona em S\u00e3o Paulo"},"content":{"rendered":"\n<p>Situada na regi\u00e3o metropolitana de <strong>S\u00e3o Paulo<\/strong>,<a href=\"https:\/\/www.saocaetanodosul.sp.gov.br\/home\" target=\"_blank\" rel=\"noreferrer noopener\"> <strong>S\u00e3o Caetano do Sul<\/strong><\/a> \u00e9 conhecida por sua excelente infraestrutura urbana, altos \u00edndices de desenvolvimento humano e uma das melhores qualidades de vida do <strong><a href=\"https:\/\/www.correiobraziliense.com.br\/cbradar\/a-cidade-brasileira-que-entrega-qualidade-de-vida-exemplar-europeia\/\" target=\"_blank\" rel=\"noreferrer noopener\">Brasil<\/a><\/strong>. Com um territ\u00f3rio compacto e bem organizado, a cidade se destaca como refer\u00eancia em servi\u00e7os p\u00fablicos, educa\u00e7\u00e3o de ponta e oportunidades profissionais, sendo um dos munic\u00edpios mais atrativos para se viver e trabalhar na Grande S\u00e3o Paulo.<\/p>\n\n\n\n<h2 class=\"wp-block-heading\">Como \u00e9 a qualidade de vida em S\u00e3o Caetano do Sul?<\/h2>\n\n\n\n<p>A qualidade de vida em <strong>S\u00e3o Caetano do Sul<\/strong> \u00e9 frequentemente apontada como uma das melhores do pa\u00eds. O munic\u00edpio conta com baixos \u00edndices de criminalidade, ruas bem sinalizadas e uma ilumina\u00e7\u00e3o p\u00fablica eficiente. A seguran\u00e7a \u00e9 refor\u00e7ada pela atua\u00e7\u00e3o da <strong>Guarda Civil Municipal<\/strong> e pelas pol\u00edticas p\u00fablicas voltadas \u00e0 preven\u00e7\u00e3o da viol\u00eancia.<\/p>\n\n\n\n<p>Na \u00e1rea da <strong>sa\u00fade p\u00fablica<\/strong>, a cidade \u00e9 refer\u00eancia, com unidades bem distribu\u00eddas, atendimento eficiente e programas voltados ao bem-estar da popula\u00e7\u00e3o. O <strong>Hospital Municipal de Emerg\u00eancias Albert Sabin<\/strong> e diversas UBSs oferecem cobertura ampla \u00e0 popula\u00e7\u00e3o local.<\/p>\n\n\n\n<p>O <strong>transporte p\u00fablico<\/strong> \u00e9 eficaz, integrando-se facilmente \u00e0 rede metropolitana com linhas de \u00f4nibus municipais e o <strong>trem da CPTM<\/strong>, al\u00e9m de ciclovias e cal\u00e7adas acess\u00edveis. A <strong>infraestrutura urbana<\/strong> \u00e9 moderna, com saneamento b\u00e1sico universalizado e ampla rede de servi\u00e7os. Esses fatores, somados a parques e centros esportivos, promovem qualidade de vida e bem-estar aos moradores.<\/p>\n\n\n<div class=\"wp-block-image\">\n<figure class=\"aligncenter size-large\"><img decoding=\"async\" src=\"https:\/\/www.correiobraziliense.com.br\/cbradar\/wp-content\/uploads\/2025\/02\/TKeDJEqqTdbWDOCg1BjCMpHfRTkVe5Nvlx29Y54H-1024x682.jpg\" alt=\"Voc\u00ea sabe qual \u00e9 a cidade que mais investe em educa\u00e7\u00e3o no Brasil?\" class=\"wp-image-4894\"\/><figcaption class=\"wp-element-caption\">S\u00e3o Caetano do Sul \/\/ Reprodu\u00e7\u00e3o: Prefeitura municipal de S\u00e3o Caetano do Sul (https:\/\/www.saocaetanodosul.sp.gov.br\/home)<\/figcaption><\/figure><\/div>\n\n\n<h2 class=\"wp-block-heading\">S\u00e3o Caetano do Sul \u00e9 uma cidade sustent\u00e1vel?<\/h2>\n\n\n\n<p>Apesar de ser altamente urbanizada, <strong>S\u00e3o Caetano do Sul<\/strong> investe em pr\u00e1ticas de sustentabilidade. A coleta seletiva \u00e9 presente em todos os bairros, e a cidade realiza campanhas cont\u00ednuas de <strong>educa\u00e7\u00e3o ambiental<\/strong>. O incentivo \u00e0 mobilidade ativa, como o uso de bicicletas, tamb\u00e9m \u00e9 um diferencial, com ciclovias em expans\u00e3o.<\/p>\n\n\n\n<p>H\u00e1 parques como o <strong>Bosque do Povo<\/strong> e o <strong>Parque Chico Mendes<\/strong>, que contribuem para a preserva\u00e7\u00e3o de \u00e1reas verdes e promovem o lazer sustent\u00e1vel. As pol\u00edticas p\u00fablicas voltadas \u00e0 gest\u00e3o de res\u00edduos, economia de energia e uso racional da \u00e1gua mostram o compromisso do munic\u00edpio com o meio ambiente, mesmo com suas limita\u00e7\u00f5es territoriais.<\/p>\n\n\n\n<h2 class=\"wp-block-heading\">Como \u00e9 a educa\u00e7\u00e3o em S\u00e3o Caetano do Sul?<\/h2>\n\n\n\n<p>A <strong>educa\u00e7\u00e3o<\/strong> \u00e9 um dos pilares de desenvolvimento de <strong>S\u00e3o Caetano do Sul<\/strong>. A cidade possui uma das melhores redes de ensino do pa\u00eds, com investimentos constantes em infraestrutura, qualifica\u00e7\u00e3o de professores e tecnologia. Desde a <strong>educa\u00e7\u00e3o infantil<\/strong>, com creches e pr\u00e9-escolas modernas, at\u00e9 o <strong>ensino m\u00e9dio<\/strong>, os alunos contam com ambientes de aprendizagem completos e acolhedores.<\/p>\n\n\n\n<p>No ensino superior, o munic\u00edpio abriga a prestigiada <strong>Universidade Municipal de S\u00e3o Caetano do Sul (USCS)<\/strong>, que oferece cursos de gradua\u00e7\u00e3o e p\u00f3s-gradua\u00e7\u00e3o em diversas \u00e1reas, com foco em inova\u00e7\u00e3o, neg\u00f3cios, sa\u00fade e tecnologia. A presen\u00e7a de institui\u00e7\u00f5es como o <strong>Col\u00e9gio Eduardo Gomes<\/strong> e o <strong>Col\u00e9gio Arbos<\/strong> tamb\u00e9m refor\u00e7a a qualidade da educa\u00e7\u00e3o privada na cidade.<\/p>\n\n\n\n<blockquote class=\"instagram-media\" data-instgrm-captioned data-instgrm-permalink=\"https:\/\/www.instagram.com\/p\/DIoWwUFMkVc\/?utm_source=ig_embed&amp;utm_campaign=loading\" data-instgrm-version=\"14\" style=\" background:#FFF; border:0; border-radius:3px; box-shadow:0 0 1px 0 rgba(0,0,0,0.5),0 1px 10px 0 rgba(0,0,0,0.15); margin: 1px; max-width:540px; min-width:326px; padding:0; width:99.375%; width:-webkit-calc(100% - 2px); width:calc(100% - 2px);\"><div style=\"padding:16px;\"> <a href=\"https:\/\/www.instagram.com\/p\/DIoWwUFMkVc\/?utm_source=ig_embed&amp;utm_campaign=loading\" style=\" background:#FFFFFF; line-height:0; padding:0 0; text-align:center; text-decoration:none; width:100%;\" target=\"_blank\"> <div style=\" display: flex; flex-direction: row; align-items: center;\"> <div style=\"background-color: #F4F4F4; border-radius: 50%; flex-grow: 0; height: 40px; margin-right: 14px; width: 40px;\"><\/div> <div style=\"display: flex; flex-direction: column; flex-grow: 1; justify-content: center;\"> <div style=\" background-color: #F4F4F4; border-radius: 4px; flex-grow: 0; height: 14px; margin-bottom: 6px; width: 100px;\"><\/div> <div style=\" background-color: #F4F4F4; border-radius: 4px; flex-grow: 0; height: 14px; width: 60px;\"><\/div><\/div><\/div><div style=\"padding: 19% 0;\"><\/div> <div style=\"display:block; height:50px; margin:0 auto 12px; width:50px;\"><svg width=\"50px\" height=\"50px\" viewBox=\"0 0 60 60\" version=\"1.1\" xmlns=\"https:\/\/www.w3.org\/2000\/svg\" xmlns:xlink=\"https:\/\/www.w3.org\/1999\/xlink\"><g stroke=\"none\" stroke-width=\"1\" fill=\"none\" fill-rule=\"evenodd\"><g transform=\"translate(-511.000000, -20.000000)\" fill=\"#000000\"><g><path d=\"M556.869,30.41 C554.814,30.41 553.148,32.076 553.148,34.131 C553.148,36.186 554.814,37.852 556.869,37.852 C558.924,37.852 560.59,36.186 560.59,34.131 C560.59,32.076 558.924,30.41 556.869,30.41 M541,60.657 C535.114,60.657 530.342,55.887 530.342,50 C530.342,44.114 535.114,39.342 541,39.342 C546.887,39.342 551.658,44.114 551.658,50 C551.658,55.887 546.887,60.657 541,60.657 M541,33.886 C532.1,33.886 524.886,41.1 524.886,50 C524.886,58.899 532.1,66.113 541,66.113 C549.9,66.113 557.115,58.899 557.115,50 C557.115,41.1 549.9,33.886 541,33.886 M565.378,62.101 C565.244,65.022 564.756,66.606 564.346,67.663 C563.803,69.06 563.154,70.057 562.106,71.106 C561.058,72.155 560.06,72.803 558.662,73.347 C557.607,73.757 556.021,74.244 553.102,74.378 C549.944,74.521 548.997,74.552 541,74.552 C533.003,74.552 532.056,74.521 528.898,74.378 C525.979,74.244 524.393,73.757 523.338,73.347 C521.94,72.803 520.942,72.155 519.894,71.106 C518.846,70.057 518.197,69.06 517.654,67.663 C517.244,66.606 516.755,65.022 516.623,62.101 C516.479,58.943 516.448,57.996 516.448,50 C516.448,42.003 516.479,41.056 516.623,37.899 C516.755,34.978 517.244,33.391 517.654,32.338 C518.197,30.938 518.846,29.942 519.894,28.894 C520.942,27.846 521.94,27.196 523.338,26.654 C524.393,26.244 525.979,25.756 528.898,25.623 C532.057,25.479 533.004,25.448 541,25.448 C548.997,25.448 549.943,25.479 553.102,25.623 C556.021,25.756 557.607,26.244 558.662,26.654 C560.06,27.196 561.058,27.846 562.106,28.894 C563.154,29.942 563.803,30.938 564.346,32.338 C564.756,33.391 565.244,34.978 565.378,37.899 C565.522,41.056 565.552,42.003 565.552,50 C565.552,57.996 565.522,58.943 565.378,62.101 M570.82,37.631 C570.674,34.438 570.167,32.258 569.425,30.349 C568.659,28.377 567.633,26.702 565.965,25.035 C564.297,23.368 562.623,22.342 560.652,21.575 C558.743,20.834 556.562,20.326 553.369,20.18 C550.169,20.033 549.148,20 541,20 C532.853,20 531.831,20.033 528.631,20.18 C525.438,20.326 523.257,20.834 521.349,21.575 C519.376,22.342 517.703,23.368 516.035,25.035 C514.368,26.702 513.342,28.377 512.574,30.349 C511.834,32.258 511.326,34.438 511.181,37.631 C511.035,40.831 511,41.851 511,50 C511,58.147 511.035,59.17 511.181,62.369 C511.326,65.562 511.834,67.743 512.574,69.651 C513.342,71.625 514.368,73.296 516.035,74.965 C517.703,76.634 519.376,77.658 521.349,78.425 C523.257,79.167 525.438,79.673 528.631,79.82 C531.831,79.965 532.853,80.001 541,80.001 C549.148,80.001 550.169,79.965 553.369,79.82 C556.562,79.673 558.743,79.167 560.652,78.425 C562.623,77.658 564.297,76.634 565.965,74.965 C567.633,73.296 568.659,71.625 569.425,69.651 C570.167,67.743 570.674,65.562 570.82,62.369 C570.966,59.17 571,58.147 571,50 C571,41.851 570.966,40.831 570.82,37.631\"><\/path><\/g><\/g><\/g><\/svg><\/div><div style=\"padding-top: 8px;\"> <div style=\" color:#3897f0; font-family:Arial,sans-serif; font-size:14px; font-style:normal; font-weight:550; line-height:18px;\">Ver essa foto no Instagram<\/div><\/div><div style=\"padding: 12.5% 0;\"><\/div> <div style=\"display: flex; flex-direction: row; margin-bottom: 14px; align-items: center;\"><div> <div style=\"background-color: #F4F4F4; border-radius: 50%; height: 12.5px; width: 12.5px; transform: translateX(0px) translateY(7px);\"><\/div> <div style=\"background-color: #F4F4F4; height: 12.5px; transform: rotate(-45deg) translateX(3px) translateY(1px); width: 12.5px; flex-grow: 0; margin-right: 14px; margin-left: 2px;\"><\/div> <div style=\"background-color: #F4F4F4; border-radius: 50%; height: 12.5px; width: 12.5px; transform: translateX(9px) translateY(-18px);\"><\/div><\/div><div style=\"margin-left: 8px;\"> <div style=\" background-color: #F4F4F4; border-radius: 50%; flex-grow: 0; height: 20px; width: 20px;\"><\/div> <div style=\" width: 0; height: 0; border-top: 2px solid transparent; border-left: 6px solid #f4f4f4; border-bottom: 2px solid transparent; transform: translateX(16px) translateY(-4px) rotate(30deg)\"><\/div><\/div><div style=\"margin-left: auto;\"> <div style=\" width: 0px; border-top: 8px solid #F4F4F4; border-right: 8px solid transparent; transform: translateY(16px);\"><\/div> <div style=\" background-color: #F4F4F4; flex-grow: 0; height: 12px; width: 16px; transform: translateY(-4px);\"><\/div> <div style=\" width: 0; height: 0; border-top: 8px solid #F4F4F4; border-left: 8px solid transparent; transform: translateY(-4px) translateX(8px);\"><\/div><\/div><\/div> <div style=\"display: flex; flex-direction: column; flex-grow: 1; justify-content: center; margin-bottom: 24px;\"> <div style=\" background-color: #F4F4F4; border-radius: 4px; flex-grow: 0; height: 14px; margin-bottom: 6px; width: 224px;\"><\/div> <div style=\" background-color: #F4F4F4; border-radius: 4px; flex-grow: 0; height: 14px; width: 144px;\"><\/div><\/div><\/a><p style=\" color:#c9c8cd; font-family:Arial,sans-serif; font-size:14px; line-height:17px; margin-bottom:0; margin-top:8px; overflow:hidden; padding:8px 0 7px; text-align:center; text-overflow:ellipsis; white-space:nowrap;\"><a href=\"https:\/\/www.instagram.com\/p\/DIoWwUFMkVc\/?utm_source=ig_embed&amp;utm_campaign=loading\" style=\" color:#c9c8cd; font-family:Arial,sans-serif; font-size:14px; font-style:normal; font-weight:normal; line-height:17px; text-decoration:none;\" target=\"_blank\">Uma publica\u00e7\u00e3o compartilhada por Prefeitura Sa\u0303o Caetano do Sul (@prefeitura_saocaetanodosul)<\/a><\/p><\/div><\/blockquote>\n<script async src=\"\/\/www.instagram.com\/embed.js\"><\/script>\n\n\n\n<h2 class=\"wp-block-heading\">Como \u00e9 a economia local e as oportunidades de trabalho?<\/h2>\n\n\n\n<p>A economia de <strong>S\u00e3o Caetano do Sul<\/strong> \u00e9 diversificada e din\u00e2mica. O setor de servi\u00e7os \u00e9 predominante, seguido pela ind\u00fastria e pelo com\u00e9rcio. A cidade abriga sedes de empresas importantes, como a <strong>General Motors<\/strong>, al\u00e9m de centros de tecnologia, startups e prestadores de servi\u00e7os de alto n\u00edvel.<\/p>\n\n\n\n<p>Por estar estrategicamente localizada, com f\u00e1cil acesso \u00e0 capital e \u00e0s demais cidades do ABC, <strong>S\u00e3o Caetano do Sul<\/strong> oferece amplas oportunidades de trabalho e uma renda per capita elevada. O ambiente \u00e9 prop\u00edcio para empreendedores, profissionais liberais e trabalhadores da ind\u00fastria e do setor corporativo. A presen\u00e7a de um centro tecnol\u00f3gico e iniciativas de inova\u00e7\u00e3o contribuem para manter a economia aquecida e geradora de empregos.<\/p>\n\n\n\n<h2 class=\"wp-block-heading\">Quais s\u00e3o os principais pontos tur\u00edsticos de S\u00e3o Caetano do Sul?<\/h2>\n\n\n\n<p>Embora mais conhecida por sua qualidade urbana, <strong>S\u00e3o Caetano do Sul<\/strong> tamb\u00e9m oferece boas op\u00e7\u00f5es culturais e de lazer. O <strong>Teatro Paulo Machado de Carvalho<\/strong> \u00e9 um dos principais espa\u00e7os culturais da cidade, recebendo pe\u00e7as, shows e eventos diversos. O <strong>Ateli\u00ea de Artes<\/strong> e o <strong>Museu Hist\u00f3rico Municipal<\/strong> preservam e promovem a hist\u00f3ria local.<\/p>\n\n\n\n<p>O <strong>Parque Chico Mendes<\/strong> \u00e9 um dos lugares preferidos para caminhadas, piqueniques e contato com a natureza. J\u00e1 o <strong>Espa\u00e7o Verde Chico Mendes<\/strong> combina lazer, esporte e eventos comunit\u00e1rios. A cidade tamb\u00e9m conta com centros esportivos modernos, como o <strong>Complexo Esportivo Lauro Gomes<\/strong>, que promove atividades f\u00edsicas e bem-estar para todas as idades.<\/p>\n\n\n\n<h2 class=\"wp-block-heading\">Vale a pena morar em S\u00e3o Caetano do Sul?<\/h2>\n\n\n\n<p>Sim. <strong>S\u00e3o Caetano do Sul<\/strong> \u00e9 uma das melhores cidades para se viver no Brasil, especialmente para quem busca qualidade de vida com acesso facilitado \u00e0 capital paulista. A cidade \u00e9 segura, limpa, organizada e possui excelentes escolas, hospitais e infraestrutura. Ideal para fam\u00edlias, estudantes e profissionais de diversas \u00e1reas, o munic\u00edpio combina um estilo de vida urbano com um ambiente acolhedor e eficiente. Apesar do custo de vida mais elevado, o retorno em qualidade de vida compensa o investimento.<\/p>\n\n\n\n<h2 class=\"wp-block-heading\">Vale a pena visitar S\u00e3o Caetano do Sul?<\/h2>\n\n\n\n<p>Apesar de n\u00e3o ser um destino tur\u00edstico tradicional, <strong>S\u00e3o Caetano do Sul<\/strong> oferece atra\u00e7\u00f5es interessantes para quem busca cultura, hist\u00f3ria e lazer na regi\u00e3o metropolitana de <strong>S\u00e3o Paulo<\/strong>. Parques, teatros, museus e centros comerciais tornam a cidade uma boa op\u00e7\u00e3o para passeios de fim de semana ou para conhecer uma das cidades mais organizadas e bem geridas do Brasil. Uma visita a <strong>S\u00e3o Caetano do Sul<\/strong> tamb\u00e9m permite descobrir como uma cidade pequena em extens\u00e3o pode ser refer\u00eancia nacional em qualidade de vida.<\/p>\n","protected":false},"excerpt":{"rendered":"<p>Situada na regi\u00e3o metropolitana de S\u00e3o Paulo, S\u00e3o Caetano do Sul \u00e9 conhecida por sua excelente infraestrutura urbana, altos \u00edndices de desenvolvimento humano e uma das melhores qualidades de vida do Brasil. Com um territ\u00f3rio compacto e bem organizado, a cidade se destaca como refer\u00eancia em servi\u00e7os p\u00fablicos, educa\u00e7\u00e3o de ponta e oportunidades profissionais, sendo [&hellip;]<\/p>\n","protected":false},"author":8,"featured_media":0,"comment_status":"open","ping_status":"open","sticky":false,"template":"","format":"standard","meta":{"_yoast_wpseo_focuskw":"cidade","_yoast_wpseo_title":"","_yoast_wpseo_metadesc":"Com \u00edndices de educa\u00e7\u00e3o e bem-estar que impressionam, essa cidade virou refer\u00eancia entre paulistas em busca de mudan\u00e7a.","jnews-multi-image_gallery":[],"jnews_single_post":{"format":"standard"},"jnews_primary_category":[],"jnews_social_meta":[],"jnews_override_counter":[],"footnotes":""},"categories":[108,111],"tags":[247,955,278],"class_list":["post-44028","post","type-post","status-publish","format-standard","hentry","category-cidades","category-turismo","tag-qualidade-de-vida","tag-sao-caetano-do-sul","tag-sao-paulo"],"yoast_head":"<!-- This site is optimized with the Yoast SEO plugin v24.6 - https:\/\/yoast.com\/wordpress\/plugins\/seo\/ -->\n<title>A cidade com a melhor qualidade de vida que impressiona em S\u00e3o Paulo - Correio Braziliense - Radar<\/title>\n<meta name=\"description\" content=\"Com \u00edndices de educa\u00e7\u00e3o e bem-estar que impressionam, essa cidade virou refer\u00eancia entre paulistas em busca de mudan\u00e7a.\" \/>\n<meta name=\"robots\" content=\"index, follow, max-snippet:-1, max-image-preview:large, max-video-preview:-1\" \/>\n<link rel=\"canonical\" href=\"https:\/\/www.correiobraziliense.com.br\/cbradar\/a-cidade-com-a-melhor-qualidade-de-vida-que-impressiona-sao-paulo\/\" \/>\n<meta property=\"og:locale\" content=\"pt_BR\" \/>\n<meta property=\"og:type\" content=\"article\" \/>\n<meta property=\"og:title\" content=\"A cidade com a melhor qualidade de vida que impressiona em S\u00e3o Paulo - Correio Braziliense - Radar\" \/>\n<meta property=\"og:description\" content=\"Com \u00edndices de educa\u00e7\u00e3o e bem-estar que impressionam, essa cidade virou refer\u00eancia entre paulistas em busca de mudan\u00e7a.\" \/>\n<meta property=\"og:url\" content=\"https:\/\/www.correiobraziliense.com.br\/cbradar\/a-cidade-com-a-melhor-qualidade-de-vida-que-impressiona-sao-paulo\/\" \/>\n<meta property=\"og:site_name\" content=\"Correio Braziliense - Radar\" \/>\n<meta property=\"article:published_time\" content=\"2025-05-28T18:50:00+00:00\" \/>\n<meta property=\"article:modified_time\" content=\"2025-05-29T23:22:13+00:00\" \/>\n<meta property=\"og:image\" content=\"https:\/\/www.correiobraziliense.com.br\/cbradar\/wp-content\/uploads\/2025\/05\/Edicoes-96-1.png\" \/>\n\t<meta property=\"og:image:width\" content=\"1280\" \/>\n\t<meta property=\"og:image:height\" content=\"720\" \/>\n\t<meta property=\"og:image:type\" content=\"image\/png\" \/>\n<meta name=\"author\" content=\"Maura Pereira\" \/>\n<meta name=\"twitter:card\" content=\"summary_large_image\" \/>\n<meta name=\"twitter:label1\" content=\"Escrito por\" \/>\n\t<meta name=\"twitter:data1\" content=\"Maura Pereira\" \/>\n\t<meta name=\"twitter:label2\" content=\"Est. tempo de leitura\" \/>\n\t<meta name=\"twitter:data2\" content=\"6 minutos\" \/>\n<!-- \/ Yoast SEO plugin. -->","yoast_head_json":{"title":"A cidade com a melhor qualidade de vida que impressiona em S\u00e3o Paulo - Correio Braziliense - Radar","description":"Com \u00edndices de educa\u00e7\u00e3o e bem-estar que impressionam, essa cidade virou refer\u00eancia entre paulistas em busca de mudan\u00e7a.","robots":{"index":"index","follow":"follow","max-snippet":"max-snippet:-1","max-image-preview":"max-image-preview:large","max-video-preview":"max-video-preview:-1"},"canonical":"https:\/\/www.correiobraziliense.com.br\/cbradar\/a-cidade-com-a-melhor-qualidade-de-vida-que-impressiona-sao-paulo\/","og_locale":"pt_BR","og_type":"article","og_title":"A cidade com a melhor qualidade de vida que impressiona em S\u00e3o Paulo - Correio Braziliense - Radar","og_description":"Com \u00edndices de educa\u00e7\u00e3o e bem-estar que impressionam, essa cidade virou refer\u00eancia entre paulistas em busca de mudan\u00e7a.","og_url":"https:\/\/www.correiobraziliense.com.br\/cbradar\/a-cidade-com-a-melhor-qualidade-de-vida-que-impressiona-sao-paulo\/","og_site_name":"Correio Braziliense - Radar","article_published_time":"2025-05-28T18:50:00+00:00","article_modified_time":"2025-05-29T23:22:13+00:00","og_image":[{"width":1280,"height":720,"url":"https:\/\/www.correiobraziliense.com.br\/cbradar\/wp-content\/uploads\/2025\/05\/Edicoes-96-1.png","type":"image\/png"}],"author":"Maura Pereira","twitter_card":"summary_large_image","twitter_misc":{"Escrito por":"Maura Pereira","Est. tempo de leitura":"6 minutos"},"schema":{"@context":"https:\/\/schema.org","@graph":[{"@type":"WebPage","@id":"https:\/\/www.correiobraziliense.com.br\/cbradar\/a-cidade-com-a-melhor-qualidade-de-vida-que-impressiona-sao-paulo\/","url":"https:\/\/www.correiobraziliense.com.br\/cbradar\/a-cidade-com-a-melhor-qualidade-de-vida-que-impressiona-sao-paulo\/","name":"A cidade com a melhor qualidade de vida que impressiona em S\u00e3o Paulo - Correio Braziliense - Radar","isPartOf":{"@id":"https:\/\/www.correiobraziliense.com.br\/cbradar\/#website"},"primaryImageOfPage":{"@id":"https:\/\/www.correiobraziliense.com.br\/cbradar\/a-cidade-com-a-melhor-qualidade-de-vida-que-impressiona-sao-paulo\/#primaryimage"},"image":{"@id":"https:\/\/www.correiobraziliense.com.br\/cbradar\/a-cidade-com-a-melhor-qualidade-de-vida-que-impressiona-sao-paulo\/#primaryimage"},"thumbnailUrl":"https:\/\/www.correiobraziliense.com.br\/cbradar\/wp-content\/uploads\/2025\/02\/TKeDJEqqTdbWDOCg1BjCMpHfRTkVe5Nvlx29Y54H-1024x682.jpg","datePublished":"2025-05-28T18:50:00+00:00","dateModified":"2025-05-29T23:22:13+00:00","author":{"@id":"https:\/\/www.correiobraziliense.com.br\/cbradar\/#\/schema\/person\/4053c651a9bfc785afc6f4cbc9032fd3"},"description":"Com \u00edndices de educa\u00e7\u00e3o e bem-estar que impressionam, essa cidade virou refer\u00eancia entre paulistas em busca de mudan\u00e7a.","breadcrumb":{"@id":"https:\/\/www.correiobraziliense.com.br\/cbradar\/a-cidade-com-a-melhor-qualidade-de-vida-que-impressiona-sao-paulo\/#breadcrumb"},"inLanguage":"pt-BR","potentialAction":[{"@type":"ReadAction","target":["https:\/\/www.correiobraziliense.com.br\/cbradar\/a-cidade-com-a-melhor-qualidade-de-vida-que-impressiona-sao-paulo\/"]}]},{"@type":"ImageObject","inLanguage":"pt-BR","@id":"https:\/\/www.correiobraziliense.com.br\/cbradar\/a-cidade-com-a-melhor-qualidade-de-vida-que-impressiona-sao-paulo\/#primaryimage","url":"","contentUrl":""},{"@type":"BreadcrumbList","@id":"https:\/\/www.correiobraziliense.com.br\/cbradar\/a-cidade-com-a-melhor-qualidade-de-vida-que-impressiona-sao-paulo\/#breadcrumb","itemListElement":[{"@type":"ListItem","position":1,"name":"In\u00edcio","item":"https:\/\/www.correiobraziliense.com.br\/cbradar\/"},{"@type":"ListItem","position":2,"name":"A cidade com a melhor qualidade de vida que impressiona em S\u00e3o Paulo"}]},{"@type":"WebSite","@id":"https:\/\/www.correiobraziliense.com.br\/cbradar\/#website","url":"https:\/\/www.correiobraziliense.com.br\/cbradar\/","name":"Correio Braziliense - Radar","description":"Acompanhe as \u00faltimas not\u00edcias e fique bem informado sobre tudo o que acontece no Brasil e no mundo.","potentialAction":[{"@type":"SearchAction","target":{"@type":"EntryPoint","urlTemplate":"https:\/\/www.correiobraziliense.com.br\/cbradar\/?s={search_term_string}"},"query-input":{"@type":"PropertyValueSpecification","valueRequired":true,"valueName":"search_term_string"}}],"inLanguage":"pt-BR"},{"@type":"Person","@id":"https:\/\/www.correiobraziliense.com.br\/cbradar\/#\/schema\/person\/4053c651a9bfc785afc6f4cbc9032fd3","name":"Maura Pereira","image":{"@type":"ImageObject","inLanguage":"pt-BR","@id":"https:\/\/www.correiobraziliense.com.br\/cbradar\/#\/schema\/person\/image\/","url":"https:\/\/secure.gravatar.com\/avatar\/3effd6bdadfa447f15089c7f7144eaa6?s=96&d=mm&r=g","contentUrl":"https:\/\/secure.gravatar.com\/avatar\/3effd6bdadfa447f15089c7f7144eaa6?s=96&d=mm&r=g","caption":"Maura Pereira"},"sameAs":["https:\/\/www.correiobraziliense.com.br\/"],"url":"https:\/\/www.correiobraziliense.com.br\/cbradar\/author\/mauramyth\/"}]}},"_links":{"self":[{"href":"https:\/\/www.correiobraziliense.com.br\/cbradar\/wp-json\/wp\/v2\/posts\/44028","targetHints":{"allow":["GET"]}}],"collection":[{"href":"https:\/\/www.correiobraziliense.com.br\/cbradar\/wp-json\/wp\/v2\/posts"}],"about":[{"href":"https:\/\/www.correiobraziliense.com.br\/cbradar\/wp-json\/wp\/v2\/types\/post"}],"author":[{"embeddable":true,"href":"https:\/\/www.correiobraziliense.com.br\/cbradar\/wp-json\/wp\/v2\/users\/8"}],"replies":[{"embeddable":true,"href":"https:\/\/www.correiobraziliense.com.br\/cbradar\/wp-json\/wp\/v2\/comments?post=44028"}],"version-history":[{"count":9,"href":"https:\/\/www.correiobraziliense.com.br\/cbradar\/wp-json\/wp\/v2\/posts\/44028\/revisions"}],"predecessor-version":[{"id":45144,"href":"https:\/\/www.correiobraziliense.com.br\/cbradar\/wp-json\/wp\/v2\/posts\/44028\/revisions\/45144"}],"wp:attachment":[{"href":"https:\/\/www.correiobraziliense.com.br\/cbradar\/wp-json\/wp\/v2\/media?parent=44028"}],"wp:term":[{"taxonomy":"category","embeddable":true,"href":"https:\/\/www.correiobraziliense.com.br\/cbradar\/wp-json\/wp\/v2\/categories?post=44028"},{"taxonomy":"post_tag","embeddable":true,"href":"https:\/\/www.correiobraziliense.com.br\/cbradar\/wp-json\/wp\/v2\/tags?post=44028"}],"curies":[{"name":"wp","href":"https:\/\/api.w.org\/{rel}","templated":true}]}}