{"id":44174,"date":"2025-05-29T20:10:00","date_gmt":"2025-05-29T23:10:00","guid":{"rendered":"https:\/\/www.correiobraziliense.com.br\/cbradar\/?p=44174"},"modified":"2025-05-28T12:31:13","modified_gmt":"2025-05-28T15:31:13","slug":"essa-cidade-do-sul-une-industria-infraestrutura-urbana-e-qualidade-de-vida","status":"publish","type":"post","link":"https:\/\/www.correiobraziliense.com.br\/cbradar\/essa-cidade-do-sul-une-industria-infraestrutura-urbana-e-qualidade-de-vida\/","title":{"rendered":"Essa cidade do Sul une ind\u00fastria, infraestrutura urbana e qualidade de vida"},"content":{"rendered":"\n<p><strong><a href=\"https:\/\/www.sjp.pr.gov.br\/\">S\u00e3o Jos\u00e9 dos Pinhais<\/a><\/strong>, localizada na Regi\u00e3o Metropolitana de <strong>Curitiba<\/strong>, \u00e9 uma das cidades mais importantes do sul do <strong><a href=\"https:\/\/www.correiobraziliense.com.br\/cbradar\/o-segredo-do-interior-do-parana-para-ter-a-melhor-qualidade-de-vida\/\" target=\"_blank\" rel=\"noreferrer noopener\">Paran\u00e1<\/a><\/strong>. Com mais de 330 mil habitantes, o munic\u00edpio combina forte presen\u00e7a industrial, excelente infraestrutura urbana e uma posi\u00e7\u00e3o estrat\u00e9gica pr\u00f3xima \u00e0 capital e ao Aeroporto Internacional Afonso Pena.<\/p>\n\n\n\n<p>Com urbanismo funcional, economia pujante e servi\u00e7os de qualidade, <strong>S\u00e3o Jos\u00e9 dos Pinhais<\/strong> \u00e9 destaque em desenvolvimento e qualidade de vida no Sul do Brasil.<\/p>\n\n\n\n<h2 class=\"wp-block-heading\">Qualidade de vida com urbanismo eficiente<\/h2>\n\n\n\n<p>A cidade oferece bairros planejados, transporte p\u00fablico integrado, ruas arborizadas e \u00e1reas de lazer distribu\u00eddas por toda a regi\u00e3o urbana. Parques, pra\u00e7as e centros comunit\u00e1rios garantem bem-estar e conviv\u00eancia social.<\/p>\n\n\n\n<p>A proximidade com Curitiba amplia o acesso a servi\u00e7os de alto padr\u00e3o, sem perder o ritmo interiorano em v\u00e1rias regi\u00f5es da cidade.<\/p>\n\n\n\n<h2 class=\"wp-block-heading\">Economia industrial e log\u00edstica privilegiada<\/h2>\n\n\n\n<p>O munic\u00edpio \u00e9 um dos principais polos industriais do Paran\u00e1, com destaque para o setor automotivo, metal\u00fargico, de alimentos e bebidas, al\u00e9m de centros log\u00edsticos que atendem todo o estado. Grandes montadoras e ind\u00fastrias mant\u00eam unidades na cidade.<\/p>\n\n\n\n<p>A log\u00edstica \u00e9 favorecida pela localiza\u00e7\u00e3o ao lado da capital, pelas rodovias bem estruturadas e pelo aeroporto internacional instalado no munic\u00edpio.<\/p>\n\n\n\n<figure class=\"wp-block-image size-large\"><img decoding=\"async\" width=\"1024\" height=\"576\" src=\"https:\/\/www.correiobraziliense.com.br\/cbradar\/wp-content\/uploads\/2025\/05\/Sao-Jose-dos-Pinhais-1024x576.png\" alt=\"Essa cidade do Sul une ind\u00fastria, infraestrutura urbana e qualidade de vida\" class=\"wp-image-44182\" srcset=\"https:\/\/www.correiobraziliense.com.br\/cbradar\/wp-content\/uploads\/2025\/05\/Sao-Jose-dos-Pinhais-1024x576.png 1024w, https:\/\/www.correiobraziliense.com.br\/cbradar\/wp-content\/uploads\/2025\/05\/Sao-Jose-dos-Pinhais-300x169.png 300w, https:\/\/www.correiobraziliense.com.br\/cbradar\/wp-content\/uploads\/2025\/05\/Sao-Jose-dos-Pinhais-768x432.png 768w, https:\/\/www.correiobraziliense.com.br\/cbradar\/wp-content\/uploads\/2025\/05\/Sao-Jose-dos-Pinhais-750x422.png 750w, https:\/\/www.correiobraziliense.com.br\/cbradar\/wp-content\/uploads\/2025\/05\/Sao-Jose-dos-Pinhais-1140x641.png 1140w, https:\/\/www.correiobraziliense.com.br\/cbradar\/wp-content\/uploads\/2025\/05\/Sao-Jose-dos-Pinhais.png 1280w\" sizes=\"(max-width: 1024px) 100vw, 1024px\" \/><figcaption class=\"wp-element-caption\">S\u00e3o Jos\u00e9 dos Pinhais. Fonte: Clediney Boeira da S\u2026, CC BY 3.0, via Wikimedia Commons<\/figcaption><\/figure>\n\n\n\n<h2 class=\"wp-block-heading\">Ensino t\u00e9cnico e qualifica\u00e7\u00e3o profissional<\/h2>\n\n\n\n<p><strong>S\u00e3o Jos\u00e9 dos Pinhais<\/strong> investe fortemente em educa\u00e7\u00e3o profissional e ensino t\u00e9cnico. A cidade conta com escolas estaduais de refer\u00eancia, unidades do SENAI e institui\u00e7\u00f5es de ensino superior que preparam a m\u00e3o de obra local para o mercado industrial e tecnol\u00f3gico.<\/p>\n\n\n\n<p>O ensino b\u00e1sico tamb\u00e9m apresenta bons \u00edndices de cobertura e qualidade, com destaque para as redes municipal e privada.<\/p>\n\n\n\n<h2 class=\"wp-block-heading\">Cultura regional e tradi\u00e7\u00e3o local<\/h2>\n\n\n\n<p>Apesar da moderniza\u00e7\u00e3o, a cidade preserva tradi\u00e7\u00f5es culturais herdadas de imigrantes europeus, especialmente poloneses e italianos. Festas t\u00edpicas, culin\u00e1ria caseira e eventos religiosos movimentam a vida local.<\/p>\n\n\n\n<p>Feiras livres, manifesta\u00e7\u00f5es folcl\u00f3ricas e eventos comunit\u00e1rios refor\u00e7am o esp\u00edrito de pertencimento e a cultura regional.<\/p>\n\n\n\n<h2 class=\"wp-block-heading\">Crescimento urbano com equil\u00edbrio e planejamento<\/h2>\n\n\n\n<p>A cidade tem crescido de forma equilibrada, com investimentos em habita\u00e7\u00e3o, saneamento, mobilidade urbana e infraestrutura. Novos bairros planejados e empreendimentos imobili\u00e1rios refor\u00e7am a organiza\u00e7\u00e3o urbana.<\/p>\n\n\n\n<p>A gest\u00e3o p\u00fablica tem como foco a sustentabilidade, com obras voltadas \u00e0 preserva\u00e7\u00e3o ambiental e \u00e0 qualidade de vida dos moradores.<\/p>\n\n\n\n<figure class=\"wp-block-image size-large\"><img decoding=\"async\" width=\"1024\" height=\"576\" src=\"https:\/\/www.correiobraziliense.com.br\/cbradar\/wp-content\/uploads\/2025\/05\/Sao-Jose-dos-Pinhais-2-1024x576.png\" alt=\"Essa cidade do Sul une ind\u00fastria, infraestrutura urbana e qualidade de vida\" class=\"wp-image-44181\" srcset=\"https:\/\/www.correiobraziliense.com.br\/cbradar\/wp-content\/uploads\/2025\/05\/Sao-Jose-dos-Pinhais-2-1024x576.png 1024w, https:\/\/www.correiobraziliense.com.br\/cbradar\/wp-content\/uploads\/2025\/05\/Sao-Jose-dos-Pinhais-2-300x169.png 300w, https:\/\/www.correiobraziliense.com.br\/cbradar\/wp-content\/uploads\/2025\/05\/Sao-Jose-dos-Pinhais-2-768x432.png 768w, https:\/\/www.correiobraziliense.com.br\/cbradar\/wp-content\/uploads\/2025\/05\/Sao-Jose-dos-Pinhais-2-750x422.png 750w, https:\/\/www.correiobraziliense.com.br\/cbradar\/wp-content\/uploads\/2025\/05\/Sao-Jose-dos-Pinhais-2-1140x641.png 1140w, https:\/\/www.correiobraziliense.com.br\/cbradar\/wp-content\/uploads\/2025\/05\/Sao-Jose-dos-Pinhais-2.png 1280w\" sizes=\"(max-width: 1024px) 100vw, 1024px\" \/><figcaption class=\"wp-element-caption\">S\u00e3o Jos\u00e9 dos Pinhais. Fonte: Clediney Boeira da S\u2026, CC BY 3.0, via Wikimedia Commons<\/figcaption><\/figure>\n\n\n\n<h2 class=\"wp-block-heading\">Quais s\u00e3o os principais pontos tur\u00edsticos para visitar?<\/h2>\n\n\n\n<ul class=\"wp-block-list\">\n<li><strong>Parque S\u00e3o Jos\u00e9<\/strong>: lazer, esportes e natureza.<\/li>\n\n\n\n<li><strong>Aeroporto Internacional Afonso Pena<\/strong>: mobilidade e arquitetura.<\/li>\n\n\n\n<li><strong>Igreja Matriz S\u00e3o Jos\u00e9<\/strong>: f\u00e9 e tradi\u00e7\u00e3o local.<\/li>\n\n\n\n<li><strong>Caminho do Vinho<\/strong>: turismo rural e enogastron\u00f4mico.<\/li>\n\n\n\n<li><strong>Centro Hist\u00f3rico e feiras culturais<\/strong>: hist\u00f3ria e identidade regional.<\/li>\n<\/ul>\n\n\n\n<h2 class=\"wp-block-heading\">Vale a pena morar?<\/h2>\n\n\n\n<p>Sim! <strong>S\u00e3o Jos\u00e9 dos Pinhais<\/strong> \u00e9 uma cidade excelente para quem busca morar perto da capital com qualidade urbana, seguran\u00e7a, op\u00e7\u00f5es de emprego e ensino t\u00e9cnico. Ideal para profissionais da ind\u00fastria, fam\u00edlias e estudantes.<\/p>\n\n\n\n<h2 class=\"wp-block-heading\">Vale a pena visitar?<\/h2>\n\n\n\n<p>Com certeza! O munic\u00edpio oferece atrativos culturais, belezas naturais, turismo rural e excelente infraestrutura. Uma experi\u00eancia enriquecedora na Grande Curitiba.<\/p>\n","protected":false},"excerpt":{"rendered":"<p>Essa cidade paranaense combina ind\u00fastria forte, urbanismo moderno e boa localiza\u00e7\u00e3o. Um destino ideal para viver, trabalhar ou visitar com estrutura!<\/p>\n","protected":false},"author":3,"featured_media":44180,"comment_status":"open","ping_status":"open","sticky":false,"template":"","format":"standard","meta":{"_yoast_wpseo_focuskw":"S\u00e3o Jos\u00e9 dos Pinhais","_yoast_wpseo_title":"%%title%%","_yoast_wpseo_metadesc":"Essa cidade paranaense combina ind\u00fastria forte, urbanismo moderno e boa localiza\u00e7\u00e3o. Um destino ideal para viver, trabalhar ou visitar com estrutura!","jnews-multi-image_gallery":[],"jnews_single_post":{"format":"standard"},"jnews_primary_category":[],"jnews_social_meta":[],"jnews_override_counter":[],"footnotes":""},"categories":[108],"tags":[109],"class_list":["post-44174","post","type-post","status-publish","format-standard","has-post-thumbnail","hentry","category-cidades","tag-cidades"],"yoast_head":"<!-- This site is optimized with the Yoast SEO plugin v24.6 - https:\/\/yoast.com\/wordpress\/plugins\/seo\/ -->\n<title>Essa cidade do Sul une ind\u00fastria, infraestrutura urbana e qualidade de vida<\/title>\n<meta name=\"description\" content=\"Essa cidade paranaense combina ind\u00fastria forte, urbanismo moderno e boa localiza\u00e7\u00e3o. Um destino ideal para viver, trabalhar ou visitar com estrutura!\" \/>\n<meta name=\"robots\" content=\"index, follow, max-snippet:-1, max-image-preview:large, max-video-preview:-1\" \/>\n<link rel=\"canonical\" href=\"https:\/\/www.correiobraziliense.com.br\/cbradar\/essa-cidade-do-sul-une-industria-infraestrutura-urbana-e-qualidade-de-vida\/\" \/>\n<meta property=\"og:locale\" content=\"pt_BR\" \/>\n<meta property=\"og:type\" content=\"article\" \/>\n<meta property=\"og:title\" content=\"Essa cidade do Sul une ind\u00fastria, infraestrutura urbana e qualidade de vida\" \/>\n<meta property=\"og:description\" content=\"Essa cidade paranaense combina ind\u00fastria forte, urbanismo moderno e boa localiza\u00e7\u00e3o. Um destino ideal para viver, trabalhar ou visitar com estrutura!\" \/>\n<meta property=\"og:url\" content=\"https:\/\/www.correiobraziliense.com.br\/cbradar\/essa-cidade-do-sul-une-industria-infraestrutura-urbana-e-qualidade-de-vida\/\" \/>\n<meta property=\"og:site_name\" content=\"Correio Braziliense - Radar\" \/>\n<meta property=\"article:published_time\" content=\"2025-05-29T23:10:00+00:00\" \/>\n<meta property=\"og:image\" content=\"https:\/\/www.correiobraziliense.com.br\/cbradar\/wp-content\/uploads\/2025\/05\/Sao-Jose-dos-Pinhais-3.png\" \/>\n\t<meta property=\"og:image:width\" content=\"1280\" \/>\n\t<meta property=\"og:image:height\" content=\"720\" \/>\n\t<meta property=\"og:image:type\" content=\"image\/png\" \/>\n<meta name=\"author\" content=\"Larissa Carvalho\" \/>\n<meta name=\"twitter:card\" content=\"summary_large_image\" \/>\n<meta name=\"twitter:label1\" content=\"Escrito por\" \/>\n\t<meta name=\"twitter:data1\" content=\"Larissa Carvalho\" \/>\n\t<meta name=\"twitter:label2\" content=\"Est. tempo de leitura\" \/>\n\t<meta name=\"twitter:data2\" content=\"4 minutos\" \/>\n<!-- \/ Yoast SEO plugin. -->","yoast_head_json":{"title":"Essa cidade do Sul une ind\u00fastria, infraestrutura urbana e qualidade de vida","description":"Essa cidade paranaense combina ind\u00fastria forte, urbanismo moderno e boa localiza\u00e7\u00e3o. Um destino ideal para viver, trabalhar ou visitar com estrutura!","robots":{"index":"index","follow":"follow","max-snippet":"max-snippet:-1","max-image-preview":"max-image-preview:large","max-video-preview":"max-video-preview:-1"},"canonical":"https:\/\/www.correiobraziliense.com.br\/cbradar\/essa-cidade-do-sul-une-industria-infraestrutura-urbana-e-qualidade-de-vida\/","og_locale":"pt_BR","og_type":"article","og_title":"Essa cidade do Sul une ind\u00fastria, infraestrutura urbana e qualidade de vida","og_description":"Essa cidade paranaense combina ind\u00fastria forte, urbanismo moderno e boa localiza\u00e7\u00e3o. Um destino ideal para viver, trabalhar ou visitar com estrutura!","og_url":"https:\/\/www.correiobraziliense.com.br\/cbradar\/essa-cidade-do-sul-une-industria-infraestrutura-urbana-e-qualidade-de-vida\/","og_site_name":"Correio Braziliense - Radar","article_published_time":"2025-05-29T23:10:00+00:00","og_image":[{"width":1280,"height":720,"url":"https:\/\/www.correiobraziliense.com.br\/cbradar\/wp-content\/uploads\/2025\/05\/Sao-Jose-dos-Pinhais-3.png","type":"image\/png"}],"author":"Larissa Carvalho","twitter_card":"summary_large_image","twitter_misc":{"Escrito por":"Larissa Carvalho","Est. tempo de leitura":"4 minutos"},"schema":{"@context":"https:\/\/schema.org","@graph":[{"@type":"WebPage","@id":"https:\/\/www.correiobraziliense.com.br\/cbradar\/essa-cidade-do-sul-une-industria-infraestrutura-urbana-e-qualidade-de-vida\/","url":"https:\/\/www.correiobraziliense.com.br\/cbradar\/essa-cidade-do-sul-une-industria-infraestrutura-urbana-e-qualidade-de-vida\/","name":"Essa cidade do Sul une ind\u00fastria, infraestrutura urbana e qualidade de vida","isPartOf":{"@id":"https:\/\/www.correiobraziliense.com.br\/cbradar\/#website"},"primaryImageOfPage":{"@id":"https:\/\/www.correiobraziliense.com.br\/cbradar\/essa-cidade-do-sul-une-industria-infraestrutura-urbana-e-qualidade-de-vida\/#primaryimage"},"image":{"@id":"https:\/\/www.correiobraziliense.com.br\/cbradar\/essa-cidade-do-sul-une-industria-infraestrutura-urbana-e-qualidade-de-vida\/#primaryimage"},"thumbnailUrl":"https:\/\/www.correiobraziliense.com.br\/cbradar\/wp-content\/uploads\/2025\/05\/Sao-Jose-dos-Pinhais-3.png","datePublished":"2025-05-29T23:10:00+00:00","author":{"@id":"https:\/\/www.correiobraziliense.com.br\/cbradar\/#\/schema\/person\/58422787644df994b53a19d3e56c1513"},"description":"Essa cidade paranaense combina ind\u00fastria forte, urbanismo moderno e boa localiza\u00e7\u00e3o. Um destino ideal para viver, trabalhar ou visitar com estrutura!","breadcrumb":{"@id":"https:\/\/www.correiobraziliense.com.br\/cbradar\/essa-cidade-do-sul-une-industria-infraestrutura-urbana-e-qualidade-de-vida\/#breadcrumb"},"inLanguage":"pt-BR","potentialAction":[{"@type":"ReadAction","target":["https:\/\/www.correiobraziliense.com.br\/cbradar\/essa-cidade-do-sul-une-industria-infraestrutura-urbana-e-qualidade-de-vida\/"]}]},{"@type":"ImageObject","inLanguage":"pt-BR","@id":"https:\/\/www.correiobraziliense.com.br\/cbradar\/essa-cidade-do-sul-une-industria-infraestrutura-urbana-e-qualidade-de-vida\/#primaryimage","url":"https:\/\/www.correiobraziliense.com.br\/cbradar\/wp-content\/uploads\/2025\/05\/Sao-Jose-dos-Pinhais-3.png","contentUrl":"https:\/\/www.correiobraziliense.com.br\/cbradar\/wp-content\/uploads\/2025\/05\/Sao-Jose-dos-Pinhais-3.png","width":1280,"height":720,"caption":"S\u00e3o Jos\u00e9 dos Pinhais. Fonte: DECIO CALDEIRA, CC BY-SA 3.0, via Wikimedia Commons"},{"@type":"BreadcrumbList","@id":"https:\/\/www.correiobraziliense.com.br\/cbradar\/essa-cidade-do-sul-une-industria-infraestrutura-urbana-e-qualidade-de-vida\/#breadcrumb","itemListElement":[{"@type":"ListItem","position":1,"name":"In\u00edcio","item":"https:\/\/www.correiobraziliense.com.br\/cbradar\/"},{"@type":"ListItem","position":2,"name":"Essa cidade do Sul une ind\u00fastria, infraestrutura urbana e qualidade de vida"}]},{"@type":"WebSite","@id":"https:\/\/www.correiobraziliense.com.br\/cbradar\/#website","url":"https:\/\/www.correiobraziliense.com.br\/cbradar\/","name":"Correio Braziliense - Radar","description":"Acompanhe as \u00faltimas not\u00edcias e fique bem informado sobre tudo o que acontece no Brasil e no mundo.","potentialAction":[{"@type":"SearchAction","target":{"@type":"EntryPoint","urlTemplate":"https:\/\/www.correiobraziliense.com.br\/cbradar\/?s={search_term_string}"},"query-input":{"@type":"PropertyValueSpecification","valueRequired":true,"valueName":"search_term_string"}}],"inLanguage":"pt-BR"},{"@type":"Person","@id":"https:\/\/www.correiobraziliense.com.br\/cbradar\/#\/schema\/person\/58422787644df994b53a19d3e56c1513","name":"Larissa Carvalho","image":{"@type":"ImageObject","inLanguage":"pt-BR","@id":"https:\/\/www.correiobraziliense.com.br\/cbradar\/#\/schema\/person\/image\/","url":"https:\/\/secure.gravatar.com\/avatar\/fe4f91a0de32b52a838d0d612abdc1aa?s=96&d=mm&r=g","contentUrl":"https:\/\/secure.gravatar.com\/avatar\/fe4f91a0de32b52a838d0d612abdc1aa?s=96&d=mm&r=g","caption":"Larissa Carvalho"},"url":"https:\/\/www.correiobraziliense.com.br\/cbradar\/author\/larissamyth\/"}]}},"_links":{"self":[{"href":"https:\/\/www.correiobraziliense.com.br\/cbradar\/wp-json\/wp\/v2\/posts\/44174","targetHints":{"allow":["GET"]}}],"collection":[{"href":"https:\/\/www.correiobraziliense.com.br\/cbradar\/wp-json\/wp\/v2\/posts"}],"about":[{"href":"https:\/\/www.correiobraziliense.com.br\/cbradar\/wp-json\/wp\/v2\/types\/post"}],"author":[{"embeddable":true,"href":"https:\/\/www.correiobraziliense.com.br\/cbradar\/wp-json\/wp\/v2\/users\/3"}],"replies":[{"embeddable":true,"href":"https:\/\/www.correiobraziliense.com.br\/cbradar\/wp-json\/wp\/v2\/comments?post=44174"}],"version-history":[{"count":1,"href":"https:\/\/www.correiobraziliense.com.br\/cbradar\/wp-json\/wp\/v2\/posts\/44174\/revisions"}],"predecessor-version":[{"id":44184,"href":"https:\/\/www.correiobraziliense.com.br\/cbradar\/wp-json\/wp\/v2\/posts\/44174\/revisions\/44184"}],"wp:featuredmedia":[{"embeddable":true,"href":"https:\/\/www.correiobraziliense.com.br\/cbradar\/wp-json\/wp\/v2\/media\/44180"}],"wp:attachment":[{"href":"https:\/\/www.correiobraziliense.com.br\/cbradar\/wp-json\/wp\/v2\/media?parent=44174"}],"wp:term":[{"taxonomy":"category","embeddable":true,"href":"https:\/\/www.correiobraziliense.com.br\/cbradar\/wp-json\/wp\/v2\/categories?post=44174"},{"taxonomy":"post_tag","embeddable":true,"href":"https:\/\/www.correiobraziliense.com.br\/cbradar\/wp-json\/wp\/v2\/tags?post=44174"}],"curies":[{"name":"wp","href":"https:\/\/api.w.org\/{rel}","templated":true}]}}