{"id":44190,"date":"2025-05-29T22:50:00","date_gmt":"2025-05-30T01:50:00","guid":{"rendered":"https:\/\/www.correiobraziliense.com.br\/cbradar\/?p=44190"},"modified":"2025-05-29T01:11:46","modified_gmt":"2025-05-29T04:11:46","slug":"essa-cidade-surpreende-com-seu-potencial-industrial-e-qualidade-de-vida","status":"publish","type":"post","link":"https:\/\/www.correiobraziliense.com.br\/cbradar\/essa-cidade-surpreende-com-seu-potencial-industrial-e-qualidade-de-vida\/","title":{"rendered":"Essa cidade surpreende com seu potencial industrial e qualidade de vida"},"content":{"rendered":"\n<p><strong><a href=\"https:\/\/www.apucarana.pr.gov.br\/site\/\" target=\"_blank\" rel=\"noreferrer noopener\">Apucarana<\/a><\/strong>, localizada no norte do <strong><a href=\"https:\/\/www.correiobraziliense.com.br\/cbradar\/o-segredo-do-interior-do-parana-para-ter-a-melhor-qualidade-de-vida\/\" target=\"_blank\" rel=\"noreferrer noopener\">Paran\u00e1<\/a><\/strong>, \u00e9 conhecida nacionalmente como a \u201c<strong>Capital do Bon\u00e9<\/strong>\u201d, por sua forte ind\u00fastria t\u00eaxtil e de confec\u00e7\u00e3o. Com cerca de 140 mil habitantes, o munic\u00edpio se destaca tamb\u00e9m pela boa infraestrutura urbana, educa\u00e7\u00e3o b\u00e1sica s\u00f3lida e qualidade de vida t\u00edpica de cidades m\u00e9dias bem organizadas.<\/p>\n\n\n\n<p>Com uma economia forte, tradi\u00e7\u00e3o cultural e urbanismo funcional, <strong>Apucarana<\/strong> se consolidou como uma das refer\u00eancias em desenvolvimento regional no interior do Sul do Brasil.<\/p>\n\n\n\n<h2 class=\"wp-block-heading\">Qualidade de vida com infraestrutura bem distribu\u00edda<\/h2>\n\n\n\n<p>A cidade oferece um ambiente seguro, arborizado e com servi\u00e7os p\u00fablicos eficientes. Bairros organizados, transporte p\u00fablico funcional, \u00e1reas de lazer e acesso \u00e0 sa\u00fade e \u00e0 educa\u00e7\u00e3o garantem conforto aos moradores.<\/p>\n\n\n\n<p><strong>Apucarana<\/strong> \u00e9 conhecida tamb\u00e9m por suas ruas limpas, pra\u00e7as bem cuidadas e um ritmo de vida tranquilo, valorizado por fam\u00edlias e trabalhadores.<\/p>\n\n\n\n<h2 class=\"wp-block-heading\">Economia forte com base na ind\u00fastria e no com\u00e9rcio<\/h2>\n\n\n\n<p>O destaque econ\u00f4mico vai para a ind\u00fastria t\u00eaxtil, com centenas de f\u00e1bricas especializadas na produ\u00e7\u00e3o de bon\u00e9s, camisetas, uniformes e acess\u00f3rios. O munic\u00edpio exporta para todo o Brasil e at\u00e9 para o exterior, sendo respons\u00e1vel por uma grande parcela da produ\u00e7\u00e3o nacional.<\/p>\n\n\n\n<p>O com\u00e9rcio local \u00e9 diversificado, com forte presen\u00e7a de lojas de rua, centros comerciais e servi\u00e7os variados que sustentam a economia interna.<\/p>\n\n\n\n<figure class=\"wp-block-image size-large\"><img decoding=\"async\" width=\"1024\" height=\"576\" src=\"https:\/\/www.correiobraziliense.com.br\/cbradar\/wp-content\/uploads\/2025\/05\/Apucarana-2-1024x576.png\" alt=\"Essa cidade surpreende com seu potencial industrial e qualidade de vida\" class=\"wp-image-44194\" srcset=\"https:\/\/www.correiobraziliense.com.br\/cbradar\/wp-content\/uploads\/2025\/05\/Apucarana-2-1024x576.png 1024w, https:\/\/www.correiobraziliense.com.br\/cbradar\/wp-content\/uploads\/2025\/05\/Apucarana-2-300x169.png 300w, https:\/\/www.correiobraziliense.com.br\/cbradar\/wp-content\/uploads\/2025\/05\/Apucarana-2-768x432.png 768w, https:\/\/www.correiobraziliense.com.br\/cbradar\/wp-content\/uploads\/2025\/05\/Apucarana-2-750x422.png 750w, https:\/\/www.correiobraziliense.com.br\/cbradar\/wp-content\/uploads\/2025\/05\/Apucarana-2-1140x641.png 1140w, https:\/\/www.correiobraziliense.com.br\/cbradar\/wp-content\/uploads\/2025\/05\/Apucarana-2.png 1280w\" sizes=\"(max-width: 1024px) 100vw, 1024px\" \/><figcaption class=\"wp-element-caption\">Apucarana. Fonte: Sidney Schmeiske Men\u2026, CC BY 3.0, via Wikimedia Commons<\/figcaption><\/figure>\n\n\n\n<h2 class=\"wp-block-heading\">Educa\u00e7\u00e3o de qualidade com foco t\u00e9cnico e profissional<\/h2>\n\n\n\n<p><strong>Apucarana<\/strong> tem uma rede de ensino p\u00fablico e privado bem estruturada, com bons indicadores de desempenho escolar. Al\u00e9m disso, o munic\u00edpio abriga institui\u00e7\u00f5es t\u00e9cnicas e de ensino superior voltadas \u00e0 forma\u00e7\u00e3o profissional, especialmente nos setores industrial, administrativo e de sa\u00fade.<\/p>\n\n\n\n<p>Projetos educacionais voltados \u00e0 inclus\u00e3o e qualifica\u00e7\u00e3o ampliam as oportunidades locais.<\/p>\n\n\n\n<h2 class=\"wp-block-heading\">Cultura regional e vida comunit\u00e1ria participativa<\/h2>\n\n\n\n<p>A cidade preserva suas tradi\u00e7\u00f5es com festas t\u00edpicas, eventos culturais e celebra\u00e7\u00f5es religiosas. Destaque para o <strong>Festival de Inverno<\/strong>, as festas juninas e o <strong>Desfile do Trabalhador<\/strong>, que valorizam o orgulho da produ\u00e7\u00e3o local e o esp\u00edrito comunit\u00e1rio.<\/p>\n\n\n\n<p>Clubes, centros culturais e associa\u00e7\u00f5es comunit\u00e1rias refor\u00e7am a integra\u00e7\u00e3o entre moradores.<\/p>\n\n\n\n<h2 class=\"wp-block-heading\">Urbanismo funcional e crescimento equilibrado<\/h2>\n\n\n\n<p><strong>Apucarana<\/strong> tem crescido de forma planejada, com novos loteamentos, moderniza\u00e7\u00e3o do sistema vi\u00e1rio e valoriza\u00e7\u00e3o de \u00e1reas p\u00fablicas. A cidade prioriza o equil\u00edbrio entre desenvolvimento urbano e preserva\u00e7\u00e3o ambiental, com projetos de arboriza\u00e7\u00e3o e recupera\u00e7\u00e3o de espa\u00e7os naturais.<\/p>\n\n\n\n<p>H\u00e1 tamb\u00e9m investimento em infraestrutura digital e acessibilidade urbana.<\/p>\n\n\n\n<figure class=\"wp-block-image size-large\"><img decoding=\"async\" width=\"1024\" height=\"576\" src=\"https:\/\/www.correiobraziliense.com.br\/cbradar\/wp-content\/uploads\/2025\/05\/Apucarana-3-1024x576.png\" alt=\"Essa cidade surpreende com seu potencial industrial e qualidade de vida\" class=\"wp-image-44193\" srcset=\"https:\/\/www.correiobraziliense.com.br\/cbradar\/wp-content\/uploads\/2025\/05\/Apucarana-3-1024x576.png 1024w, https:\/\/www.correiobraziliense.com.br\/cbradar\/wp-content\/uploads\/2025\/05\/Apucarana-3-300x169.png 300w, https:\/\/www.correiobraziliense.com.br\/cbradar\/wp-content\/uploads\/2025\/05\/Apucarana-3-768x432.png 768w, https:\/\/www.correiobraziliense.com.br\/cbradar\/wp-content\/uploads\/2025\/05\/Apucarana-3-750x422.png 750w, https:\/\/www.correiobraziliense.com.br\/cbradar\/wp-content\/uploads\/2025\/05\/Apucarana-3-1140x641.png 1140w, https:\/\/www.correiobraziliense.com.br\/cbradar\/wp-content\/uploads\/2025\/05\/Apucarana-3.png 1280w\" sizes=\"(max-width: 1024px) 100vw, 1024px\" \/><figcaption class=\"wp-element-caption\">Apucarana. Fonte: No machine-readable author provided. Takashina assumed (based on copyright claims)., CC BY-SA 3.0, via Wikimedia Commons<\/figcaption><\/figure>\n\n\n\n<h2 class=\"wp-block-heading\">Quais s\u00e3o os principais pontos tur\u00edsticos para visitar?<\/h2>\n\n\n\n<ul class=\"wp-block-list\">\n<li><strong>Catedral Nossa Senhora de Lourdes<\/strong>: f\u00e9 e arquitetura.<\/li>\n\n\n\n<li><strong>Pra\u00e7a Rui Barbosa<\/strong>: conv\u00edvio e eventos p\u00fablicos.<\/li>\n\n\n\n<li><strong>Parque Jaboti<\/strong>: natureza, esportes e lazer.<\/li>\n\n\n\n<li><strong>Feira Livre Central<\/strong>: cultura e produtos locais.<\/li>\n\n\n\n<li><strong>Museu Hist\u00f3rico de Apucarana<\/strong>: mem\u00f3ria e identidade regional.<\/li>\n<\/ul>\n\n\n\n<h2 class=\"wp-block-heading\">Vale a pena morar?<\/h2>\n\n\n\n<p>Sim! <strong>Apucarana<\/strong> \u00e9 ideal para quem busca viver com seguran\u00e7a, acesso a servi\u00e7os de qualidade, infraestrutura urbana e boas oportunidades no setor t\u00eaxtil. Uma cidade acolhedora, est\u00e1vel e bem estruturada.<\/p>\n\n\n\n<h2 class=\"wp-block-heading\">Vale a pena visitar?<\/h2>\n\n\n\n<p>Com certeza! A cidade \u00e9 um destino interessante para quem aprecia cultura regional, turismo urbano tranquilo e quer conhecer de perto a for\u00e7a da ind\u00fastria paranaense. Uma experi\u00eancia que une tradi\u00e7\u00e3o e modernidade.<\/p>\n","protected":false},"excerpt":{"rendered":"<p>Essa cidade paranaense une ind\u00fastria t\u00eaxtil, urbanismo funcional e vida tranquila. Um lugar ideal para morar com estrutura ou visitar com curiosidade!<\/p>\n","protected":false},"author":3,"featured_media":44195,"comment_status":"open","ping_status":"open","sticky":false,"template":"","format":"standard","meta":{"_yoast_wpseo_focuskw":"Apucarana","_yoast_wpseo_title":"%%title%%","_yoast_wpseo_metadesc":"Essa cidade paranaense une ind\u00fastria t\u00eaxtil, urbanismo funcional e vida tranquila. Um lugar ideal para morar com estrutura ou visitar com curiosidade!","jnews-multi-image_gallery":[],"jnews_single_post":{"format":"standard"},"jnews_primary_category":[],"jnews_social_meta":[],"jnews_override_counter":[],"footnotes":""},"categories":[108],"tags":[109],"class_list":["post-44190","post","type-post","status-publish","format-standard","has-post-thumbnail","hentry","category-cidades","tag-cidades"],"yoast_head":"<!-- This site is optimized with the Yoast SEO plugin v24.6 - https:\/\/yoast.com\/wordpress\/plugins\/seo\/ -->\n<title>Essa cidade surpreende com seu potencial industrial e qualidade de vida<\/title>\n<meta name=\"description\" content=\"Essa cidade paranaense une ind\u00fastria t\u00eaxtil, urbanismo funcional e vida tranquila. Um lugar ideal para morar com estrutura ou visitar com curiosidade!\" \/>\n<meta name=\"robots\" content=\"index, follow, max-snippet:-1, max-image-preview:large, max-video-preview:-1\" \/>\n<link rel=\"canonical\" href=\"https:\/\/www.correiobraziliense.com.br\/cbradar\/essa-cidade-surpreende-com-seu-potencial-industrial-e-qualidade-de-vida\/\" \/>\n<meta property=\"og:locale\" content=\"pt_BR\" \/>\n<meta property=\"og:type\" content=\"article\" \/>\n<meta property=\"og:title\" content=\"Essa cidade surpreende com seu potencial industrial e qualidade de vida\" \/>\n<meta property=\"og:description\" content=\"Essa cidade paranaense une ind\u00fastria t\u00eaxtil, urbanismo funcional e vida tranquila. Um lugar ideal para morar com estrutura ou visitar com curiosidade!\" \/>\n<meta property=\"og:url\" content=\"https:\/\/www.correiobraziliense.com.br\/cbradar\/essa-cidade-surpreende-com-seu-potencial-industrial-e-qualidade-de-vida\/\" \/>\n<meta property=\"og:site_name\" content=\"Correio Braziliense - Radar\" \/>\n<meta property=\"article:published_time\" content=\"2025-05-30T01:50:00+00:00\" \/>\n<meta property=\"og:image\" content=\"https:\/\/www.correiobraziliense.com.br\/cbradar\/wp-content\/uploads\/2025\/05\/Apucarana.png\" \/>\n\t<meta property=\"og:image:width\" content=\"1280\" \/>\n\t<meta property=\"og:image:height\" content=\"720\" \/>\n\t<meta property=\"og:image:type\" content=\"image\/png\" \/>\n<meta name=\"author\" content=\"Larissa Carvalho\" \/>\n<meta name=\"twitter:card\" content=\"summary_large_image\" \/>\n<meta name=\"twitter:label1\" content=\"Escrito por\" \/>\n\t<meta name=\"twitter:data1\" content=\"Larissa Carvalho\" \/>\n\t<meta name=\"twitter:label2\" content=\"Est. tempo de leitura\" \/>\n\t<meta name=\"twitter:data2\" content=\"4 minutos\" \/>\n<!-- \/ Yoast SEO plugin. -->","yoast_head_json":{"title":"Essa cidade surpreende com seu potencial industrial e qualidade de vida","description":"Essa cidade paranaense une ind\u00fastria t\u00eaxtil, urbanismo funcional e vida tranquila. Um lugar ideal para morar com estrutura ou visitar com curiosidade!","robots":{"index":"index","follow":"follow","max-snippet":"max-snippet:-1","max-image-preview":"max-image-preview:large","max-video-preview":"max-video-preview:-1"},"canonical":"https:\/\/www.correiobraziliense.com.br\/cbradar\/essa-cidade-surpreende-com-seu-potencial-industrial-e-qualidade-de-vida\/","og_locale":"pt_BR","og_type":"article","og_title":"Essa cidade surpreende com seu potencial industrial e qualidade de vida","og_description":"Essa cidade paranaense une ind\u00fastria t\u00eaxtil, urbanismo funcional e vida tranquila. Um lugar ideal para morar com estrutura ou visitar com curiosidade!","og_url":"https:\/\/www.correiobraziliense.com.br\/cbradar\/essa-cidade-surpreende-com-seu-potencial-industrial-e-qualidade-de-vida\/","og_site_name":"Correio Braziliense - Radar","article_published_time":"2025-05-30T01:50:00+00:00","og_image":[{"width":1280,"height":720,"url":"https:\/\/www.correiobraziliense.com.br\/cbradar\/wp-content\/uploads\/2025\/05\/Apucarana.png","type":"image\/png"}],"author":"Larissa Carvalho","twitter_card":"summary_large_image","twitter_misc":{"Escrito por":"Larissa Carvalho","Est. tempo de leitura":"4 minutos"},"schema":{"@context":"https:\/\/schema.org","@graph":[{"@type":"WebPage","@id":"https:\/\/www.correiobraziliense.com.br\/cbradar\/essa-cidade-surpreende-com-seu-potencial-industrial-e-qualidade-de-vida\/","url":"https:\/\/www.correiobraziliense.com.br\/cbradar\/essa-cidade-surpreende-com-seu-potencial-industrial-e-qualidade-de-vida\/","name":"Essa cidade surpreende com seu potencial industrial e qualidade de vida","isPartOf":{"@id":"https:\/\/www.correiobraziliense.com.br\/cbradar\/#website"},"primaryImageOfPage":{"@id":"https:\/\/www.correiobraziliense.com.br\/cbradar\/essa-cidade-surpreende-com-seu-potencial-industrial-e-qualidade-de-vida\/#primaryimage"},"image":{"@id":"https:\/\/www.correiobraziliense.com.br\/cbradar\/essa-cidade-surpreende-com-seu-potencial-industrial-e-qualidade-de-vida\/#primaryimage"},"thumbnailUrl":"https:\/\/www.correiobraziliense.com.br\/cbradar\/wp-content\/uploads\/2025\/05\/Apucarana.png","datePublished":"2025-05-30T01:50:00+00:00","author":{"@id":"https:\/\/www.correiobraziliense.com.br\/cbradar\/#\/schema\/person\/58422787644df994b53a19d3e56c1513"},"description":"Essa cidade paranaense une ind\u00fastria t\u00eaxtil, urbanismo funcional e vida tranquila. Um lugar ideal para morar com estrutura ou visitar com curiosidade!","breadcrumb":{"@id":"https:\/\/www.correiobraziliense.com.br\/cbradar\/essa-cidade-surpreende-com-seu-potencial-industrial-e-qualidade-de-vida\/#breadcrumb"},"inLanguage":"pt-BR","potentialAction":[{"@type":"ReadAction","target":["https:\/\/www.correiobraziliense.com.br\/cbradar\/essa-cidade-surpreende-com-seu-potencial-industrial-e-qualidade-de-vida\/"]}]},{"@type":"ImageObject","inLanguage":"pt-BR","@id":"https:\/\/www.correiobraziliense.com.br\/cbradar\/essa-cidade-surpreende-com-seu-potencial-industrial-e-qualidade-de-vida\/#primaryimage","url":"https:\/\/www.correiobraziliense.com.br\/cbradar\/wp-content\/uploads\/2025\/05\/Apucarana.png","contentUrl":"https:\/\/www.correiobraziliense.com.br\/cbradar\/wp-content\/uploads\/2025\/05\/Apucarana.png","width":1280,"height":720,"caption":"Apucarana. Fonte: Sidney Schmeiske Men\u2026, CC BY 3.0, via Wikimedia Commons"},{"@type":"BreadcrumbList","@id":"https:\/\/www.correiobraziliense.com.br\/cbradar\/essa-cidade-surpreende-com-seu-potencial-industrial-e-qualidade-de-vida\/#breadcrumb","itemListElement":[{"@type":"ListItem","position":1,"name":"In\u00edcio","item":"https:\/\/www.correiobraziliense.com.br\/cbradar\/"},{"@type":"ListItem","position":2,"name":"Essa cidade surpreende com seu potencial industrial e qualidade de vida"}]},{"@type":"WebSite","@id":"https:\/\/www.correiobraziliense.com.br\/cbradar\/#website","url":"https:\/\/www.correiobraziliense.com.br\/cbradar\/","name":"Correio Braziliense - Radar","description":"Acompanhe as \u00faltimas not\u00edcias e fique bem informado sobre tudo o que acontece no Brasil e no mundo.","potentialAction":[{"@type":"SearchAction","target":{"@type":"EntryPoint","urlTemplate":"https:\/\/www.correiobraziliense.com.br\/cbradar\/?s={search_term_string}"},"query-input":{"@type":"PropertyValueSpecification","valueRequired":true,"valueName":"search_term_string"}}],"inLanguage":"pt-BR"},{"@type":"Person","@id":"https:\/\/www.correiobraziliense.com.br\/cbradar\/#\/schema\/person\/58422787644df994b53a19d3e56c1513","name":"Larissa Carvalho","image":{"@type":"ImageObject","inLanguage":"pt-BR","@id":"https:\/\/www.correiobraziliense.com.br\/cbradar\/#\/schema\/person\/image\/","url":"https:\/\/secure.gravatar.com\/avatar\/fe4f91a0de32b52a838d0d612abdc1aa?s=96&d=mm&r=g","contentUrl":"https:\/\/secure.gravatar.com\/avatar\/fe4f91a0de32b52a838d0d612abdc1aa?s=96&d=mm&r=g","caption":"Larissa Carvalho"},"url":"https:\/\/www.correiobraziliense.com.br\/cbradar\/author\/larissamyth\/"}]}},"_links":{"self":[{"href":"https:\/\/www.correiobraziliense.com.br\/cbradar\/wp-json\/wp\/v2\/posts\/44190","targetHints":{"allow":["GET"]}}],"collection":[{"href":"https:\/\/www.correiobraziliense.com.br\/cbradar\/wp-json\/wp\/v2\/posts"}],"about":[{"href":"https:\/\/www.correiobraziliense.com.br\/cbradar\/wp-json\/wp\/v2\/types\/post"}],"author":[{"embeddable":true,"href":"https:\/\/www.correiobraziliense.com.br\/cbradar\/wp-json\/wp\/v2\/users\/3"}],"replies":[{"embeddable":true,"href":"https:\/\/www.correiobraziliense.com.br\/cbradar\/wp-json\/wp\/v2\/comments?post=44190"}],"version-history":[{"count":2,"href":"https:\/\/www.correiobraziliense.com.br\/cbradar\/wp-json\/wp\/v2\/posts\/44190\/revisions"}],"predecessor-version":[{"id":44587,"href":"https:\/\/www.correiobraziliense.com.br\/cbradar\/wp-json\/wp\/v2\/posts\/44190\/revisions\/44587"}],"wp:featuredmedia":[{"embeddable":true,"href":"https:\/\/www.correiobraziliense.com.br\/cbradar\/wp-json\/wp\/v2\/media\/44195"}],"wp:attachment":[{"href":"https:\/\/www.correiobraziliense.com.br\/cbradar\/wp-json\/wp\/v2\/media?parent=44190"}],"wp:term":[{"taxonomy":"category","embeddable":true,"href":"https:\/\/www.correiobraziliense.com.br\/cbradar\/wp-json\/wp\/v2\/categories?post=44190"},{"taxonomy":"post_tag","embeddable":true,"href":"https:\/\/www.correiobraziliense.com.br\/cbradar\/wp-json\/wp\/v2\/tags?post=44190"}],"curies":[{"name":"wp","href":"https:\/\/api.w.org\/{rel}","templated":true}]}}