{"id":44207,"date":"2025-05-29T15:30:00","date_gmt":"2025-05-29T18:30:00","guid":{"rendered":"https:\/\/www.correiobraziliense.com.br\/cbradar\/?p=44207"},"modified":"2025-05-28T12:47:05","modified_gmt":"2025-05-28T15:47:05","slug":"essa-serie-vai-expandir-sua-mente-e-tocar-seu-coracao","status":"publish","type":"post","link":"https:\/\/www.correiobraziliense.com.br\/cbradar\/essa-serie-vai-expandir-sua-mente-e-tocar-seu-coracao\/","title":{"rendered":"Essa s\u00e9rie vai expandir sua mente e tocar seu cora\u00e7\u00e3o"},"content":{"rendered":"\n<p><strong>Sense8<\/strong> \u00e9 uma s\u00e9rie de fic\u00e7\u00e3o cient\u00edfica e drama criada pelas irm\u00e3s <strong>Lana e Lilly Wachowski<\/strong> em parceria com <strong>J. Michael Straczynski<\/strong>, lan\u00e7ada pela <strong>Netflix<\/strong> em 2015. A trama gira em torno de oito pessoas de diferentes partes do mundo que, repentinamente, se tornam mental e emocionalmente conectadas.<\/p>\n\n\n\n<p>Esse grupo, conhecido como \u201csensates\u201d, compartilha habilidades, sentimentos e mem\u00f3rias, desenvolvendo uma liga\u00e7\u00e3o profunda enquanto tentam entender o motivo de sua conex\u00e3o e escapar de uma organiza\u00e7\u00e3o que os persegue.<\/p>\n\n\n\n<h2 class=\"wp-block-heading\">Quem s\u00e3o os personagens principais?<\/h2>\n\n\n\n<ul class=\"wp-block-list\">\n<li><strong>Will Gorski<\/strong> (Brian J. Smith): policial de Chicago.<\/li>\n\n\n\n<li><strong>Riley Blue<\/strong> (Tuppence Middleton): DJ islandesa.<\/li>\n\n\n\n<li><strong>Capheus<\/strong> (Aml Ameen \/ Toby Onwumere): motorista em Nair\u00f3bi.<\/li>\n\n\n\n<li><strong>Sun Bak<\/strong> (Doona Bae): empres\u00e1ria e lutadora sul-coreana.<\/li>\n\n\n\n<li><strong>Lito Rodriguez<\/strong> (Miguel \u00c1ngel Silvestre): ator mexicano.<\/li>\n\n\n\n<li><strong>Kala Dandekar<\/strong> (Tina Desai): farmac\u00eautica indiana.<\/li>\n\n\n\n<li><strong>Wolfgang Bogdanow<\/strong> (Max Riemelt): arrombador alem\u00e3o.<\/li>\n\n\n\n<li><strong>Nomi Marks<\/strong> (Jamie Clayton): hacker e mulher trans em S\u00e3o Francisco.<\/li>\n<\/ul>\n\n\n\n<figure class=\"wp-block-image size-large\"><img decoding=\"async\" width=\"1024\" height=\"576\" src=\"https:\/\/www.correiobraziliense.com.br\/cbradar\/wp-content\/uploads\/2025\/05\/Sense8-2-1024x576.png\" alt=\"Essa s\u00e9rie vai expandir sua mente e tocar seu cora\u00e7\u00e3o\" class=\"wp-image-44208\" srcset=\"https:\/\/www.correiobraziliense.com.br\/cbradar\/wp-content\/uploads\/2025\/05\/Sense8-2-1024x576.png 1024w, https:\/\/www.correiobraziliense.com.br\/cbradar\/wp-content\/uploads\/2025\/05\/Sense8-2-300x169.png 300w, https:\/\/www.correiobraziliense.com.br\/cbradar\/wp-content\/uploads\/2025\/05\/Sense8-2-768x432.png 768w, https:\/\/www.correiobraziliense.com.br\/cbradar\/wp-content\/uploads\/2025\/05\/Sense8-2-750x422.png 750w, https:\/\/www.correiobraziliense.com.br\/cbradar\/wp-content\/uploads\/2025\/05\/Sense8-2-1140x641.png 1140w, https:\/\/www.correiobraziliense.com.br\/cbradar\/wp-content\/uploads\/2025\/05\/Sense8-2.png 1280w\" sizes=\"(max-width: 1024px) 100vw, 1024px\" \/><figcaption class=\"wp-element-caption\">Sense8. Fonte: divulga\u00e7\u00e3o \/ Netflix<\/figcaption><\/figure>\n\n\n\n<h2 class=\"wp-block-heading\">Como a s\u00e9rie aborda empatia, identidade e diversidade?<\/h2>\n\n\n\n<p><em>Sense8<\/em> \u00e9 uma celebra\u00e7\u00e3o da diversidade humana, abordando temas como g\u00eanero, sexualidade, pol\u00edtica, espiritualidade e liberdade com sensibilidade e intensidade. Cada epis\u00f3dio \u00e9 filmado em loca\u00e7\u00f5es reais nos pa\u00edses dos personagens, ampliando o realismo e a conex\u00e3o emocional.<\/p>\n\n\n\n<p>A narrativa mistura a\u00e7\u00e3o, drama e filosofia, criando uma experi\u00eancia sensorial e emocional \u00fanica, em que a empatia \u00e9 o elo central entre os protagonistas.<\/p>\n\n\n\n<h2 class=\"wp-block-heading\">Vale a pena assistir Sense8?<\/h2>\n\n\n\n<p>Sim. <em>Sense8<\/em> \u00e9 uma s\u00e9rie ousada, visualmente impressionante e profundamente tocante. \u00c9 ideal para quem busca uma hist\u00f3ria que v\u00e1 al\u00e9m do entretenimento, explorando a conex\u00e3o humana de maneira inovadora. Mesmo cancelada prematuramente, a s\u00e9rie ganhou um epis\u00f3dio final especial que encerra dignamente a trama.<\/p>\n\n\n\n<p>Recomendada para quem acredita na for\u00e7a da uni\u00e3o e da diversidade.<\/p>\n\n\n\n<h2 class=\"wp-block-heading\">Curiosidades sobre Sense8<\/h2>\n\n\n\n<ul class=\"wp-block-list\">\n<li>Filmada em 13 pa\u00edses diferentes com elenco e equipe multiculturais.<\/li>\n\n\n\n<li>As cenas de a\u00e7\u00e3o e sincronia entre os sensates exigiram coreografias complexas.<\/li>\n\n\n\n<li>A trilha sonora e o uso simb\u00f3lico das cores enriquecem a narrativa.<\/li>\n\n\n\n<li>A s\u00e9rie conquistou uma base de f\u00e3s apaixonados e engajados, que lutaram por seu final.<\/li>\n<\/ul>\n\n\n\n<iframe loading=\"lazy\" width=\"560\" height=\"315\" src=\"https:\/\/www.youtube.com\/embed\/VX-TnKoivR8?si=rSkuVK4ugXc4nsXF\" title=\"YouTube video player\" frameborder=\"0\" allow=\"accelerometer; autoplay; clipboard-write; encrypted-media; gyroscope; picture-in-picture; web-share\" referrerpolicy=\"strict-origin-when-cross-origin\" allowfullscreen><\/iframe>\n\n\n\n<h2 class=\"wp-block-heading\">FAQ &#8211; Perguntas frequentes<\/h2>\n\n\n\n<ul class=\"wp-block-list\">\n<li><strong>Onde assistir Sense8?<\/strong>\n<ul class=\"wp-block-list\">\n<li>Dispon\u00edvel exclusivamente na <strong>Netflix<\/strong>.<\/li>\n<\/ul>\n<\/li>\n\n\n\n<li><strong>Quem est\u00e1 no elenco principal?<\/strong>\n<ul class=\"wp-block-list\">\n<li><strong>Tuppence Middleton<\/strong>, <strong>Brian J. Smith<\/strong>, <strong>Doona Bae<\/strong>, <strong>Jamie Clayton<\/strong>, <strong>Miguel \u00c1ngel Silvestre<\/strong>, <strong>Max Riemelt<\/strong>, <strong>Tina Desai<\/strong>, <strong>Aml Ameen \/ Toby Onwumere<\/strong>.<\/li>\n<\/ul>\n<\/li>\n\n\n\n<li><strong>Qual o ano de lan\u00e7amento da s\u00e9rie?<\/strong>\n<ul class=\"wp-block-list\">\n<li><em>Sense8<\/em> estreou em 2015 e foi conclu\u00edda em 2018.<\/li>\n<\/ul>\n<\/li>\n\n\n\n<li><strong>Qual a produtora respons\u00e1vel pela s\u00e9rie?<\/strong>\n<ul class=\"wp-block-list\">\n<li>Produzida pela <strong>Anarchos Productions<\/strong>, <strong>JMS Productions<\/strong> e <strong>Georgeville Television<\/strong>, distribu\u00edda pela <strong>Netflix<\/strong>.<\/li>\n<\/ul>\n<\/li>\n<\/ul>\n","protected":false},"excerpt":{"rendered":"<p>Uma conex\u00e3o inexplic\u00e1vel une oito desconhecidos ao redor do mundo em uma s\u00e9rie emocionante e revolucion\u00e1ria da Netflix.<\/p>\n","protected":false},"author":3,"featured_media":44209,"comment_status":"open","ping_status":"open","sticky":false,"template":"","format":"standard","meta":{"_yoast_wpseo_focuskw":"Sense8","_yoast_wpseo_title":"%%title%%","_yoast_wpseo_metadesc":"Uma conex\u00e3o inexplic\u00e1vel une oito desconhecidos ao redor do mundo em uma s\u00e9rie emocionante e revolucion\u00e1ria da Netflix.","jnews-multi-image_gallery":[],"jnews_single_post":{"format":"standard"},"jnews_primary_category":[],"jnews_social_meta":[],"jnews_override_counter":[],"footnotes":""},"categories":[140],"post_tag":[568],"class_list":["post-44207","post","type-post","status-publish","format-standard","has-post-thumbnail","hentry","category-entretenimento","tag-series-e-filmes"],"yoast_head":"<!-- This site is optimized with the Yoast SEO plugin v24.6 - https:\/\/yoast.com\/wordpress\/plugins\/seo\/ -->\n<title>Essa s\u00e9rie vai expandir sua mente e tocar seu cora\u00e7\u00e3o<\/title>\n<meta name=\"description\" content=\"Uma conex\u00e3o inexplic\u00e1vel une oito desconhecidos ao redor do mundo em uma s\u00e9rie emocionante e revolucion\u00e1ria da Netflix.\" \/>\n<meta name=\"robots\" content=\"index, follow, max-snippet:-1, max-image-preview:large, max-video-preview:-1\" \/>\n<link rel=\"canonical\" href=\"https:\/\/www.correiobraziliense.com.br\/cbradar\/essa-serie-vai-expandir-sua-mente-e-tocar-seu-coracao\/\" \/>\n<meta property=\"og:locale\" content=\"pt_BR\" \/>\n<meta property=\"og:type\" content=\"article\" \/>\n<meta property=\"og:title\" content=\"Essa s\u00e9rie vai expandir sua mente e tocar seu cora\u00e7\u00e3o\" \/>\n<meta property=\"og:description\" content=\"Uma conex\u00e3o inexplic\u00e1vel une oito desconhecidos ao redor do mundo em uma s\u00e9rie emocionante e revolucion\u00e1ria da Netflix.\" \/>\n<meta property=\"og:url\" content=\"https:\/\/www.correiobraziliense.com.br\/cbradar\/essa-serie-vai-expandir-sua-mente-e-tocar-seu-coracao\/\" \/>\n<meta property=\"og:site_name\" content=\"Correio Braziliense - Radar\" \/>\n<meta property=\"article:published_time\" content=\"2025-05-29T18:30:00+00:00\" \/>\n<meta property=\"og:image\" content=\"https:\/\/www.correiobraziliense.com.br\/cbradar\/wp-content\/uploads\/2025\/05\/Sense8.png\" \/>\n\t<meta property=\"og:image:width\" content=\"1280\" \/>\n\t<meta property=\"og:image:height\" content=\"720\" \/>\n\t<meta property=\"og:image:type\" content=\"image\/png\" \/>\n<meta name=\"author\" content=\"Larissa Carvalho\" \/>\n<meta name=\"twitter:card\" content=\"summary_large_image\" \/>\n<meta name=\"twitter:label1\" content=\"Escrito por\" \/>\n\t<meta name=\"twitter:data1\" content=\"Larissa Carvalho\" \/>\n\t<meta name=\"twitter:label2\" content=\"Est. tempo de leitura\" \/>\n\t<meta name=\"twitter:data2\" content=\"3 minutos\" \/>\n<!-- \/ Yoast SEO plugin. -->","yoast_head_json":{"title":"Essa s\u00e9rie vai expandir sua mente e tocar seu cora\u00e7\u00e3o","description":"Uma conex\u00e3o inexplic\u00e1vel une oito desconhecidos ao redor do mundo em uma s\u00e9rie emocionante e revolucion\u00e1ria da Netflix.","robots":{"index":"index","follow":"follow","max-snippet":"max-snippet:-1","max-image-preview":"max-image-preview:large","max-video-preview":"max-video-preview:-1"},"canonical":"https:\/\/www.correiobraziliense.com.br\/cbradar\/essa-serie-vai-expandir-sua-mente-e-tocar-seu-coracao\/","og_locale":"pt_BR","og_type":"article","og_title":"Essa s\u00e9rie vai expandir sua mente e tocar seu cora\u00e7\u00e3o","og_description":"Uma conex\u00e3o inexplic\u00e1vel une oito desconhecidos ao redor do mundo em uma s\u00e9rie emocionante e revolucion\u00e1ria da Netflix.","og_url":"https:\/\/www.correiobraziliense.com.br\/cbradar\/essa-serie-vai-expandir-sua-mente-e-tocar-seu-coracao\/","og_site_name":"Correio Braziliense - Radar","article_published_time":"2025-05-29T18:30:00+00:00","og_image":[{"width":1280,"height":720,"url":"https:\/\/www.correiobraziliense.com.br\/cbradar\/wp-content\/uploads\/2025\/05\/Sense8.png","type":"image\/png"}],"author":"Larissa Carvalho","twitter_card":"summary_large_image","twitter_misc":{"Escrito por":"Larissa Carvalho","Est. tempo de leitura":"3 minutos"},"schema":{"@context":"https:\/\/schema.org","@graph":[{"@type":"WebPage","@id":"https:\/\/www.correiobraziliense.com.br\/cbradar\/essa-serie-vai-expandir-sua-mente-e-tocar-seu-coracao\/","url":"https:\/\/www.correiobraziliense.com.br\/cbradar\/essa-serie-vai-expandir-sua-mente-e-tocar-seu-coracao\/","name":"Essa s\u00e9rie vai expandir sua mente e tocar seu cora\u00e7\u00e3o","isPartOf":{"@id":"https:\/\/www.correiobraziliense.com.br\/cbradar\/#website"},"primaryImageOfPage":{"@id":"https:\/\/www.correiobraziliense.com.br\/cbradar\/essa-serie-vai-expandir-sua-mente-e-tocar-seu-coracao\/#primaryimage"},"image":{"@id":"https:\/\/www.correiobraziliense.com.br\/cbradar\/essa-serie-vai-expandir-sua-mente-e-tocar-seu-coracao\/#primaryimage"},"thumbnailUrl":"https:\/\/www.correiobraziliense.com.br\/cbradar\/wp-content\/uploads\/2025\/05\/Sense8.png","datePublished":"2025-05-29T18:30:00+00:00","author":{"@id":"https:\/\/www.correiobraziliense.com.br\/cbradar\/#\/schema\/person\/58422787644df994b53a19d3e56c1513"},"description":"Uma conex\u00e3o inexplic\u00e1vel une oito desconhecidos ao redor do mundo em uma s\u00e9rie emocionante e revolucion\u00e1ria da Netflix.","breadcrumb":{"@id":"https:\/\/www.correiobraziliense.com.br\/cbradar\/essa-serie-vai-expandir-sua-mente-e-tocar-seu-coracao\/#breadcrumb"},"inLanguage":"pt-BR","potentialAction":[{"@type":"ReadAction","target":["https:\/\/www.correiobraziliense.com.br\/cbradar\/essa-serie-vai-expandir-sua-mente-e-tocar-seu-coracao\/"]}]},{"@type":"ImageObject","inLanguage":"pt-BR","@id":"https:\/\/www.correiobraziliense.com.br\/cbradar\/essa-serie-vai-expandir-sua-mente-e-tocar-seu-coracao\/#primaryimage","url":"https:\/\/www.correiobraziliense.com.br\/cbradar\/wp-content\/uploads\/2025\/05\/Sense8.png","contentUrl":"https:\/\/www.correiobraziliense.com.br\/cbradar\/wp-content\/uploads\/2025\/05\/Sense8.png","width":1280,"height":720,"caption":"Sense8. Fonte: divulga\u00e7\u00e3o \/ Netflix"},{"@type":"BreadcrumbList","@id":"https:\/\/www.correiobraziliense.com.br\/cbradar\/essa-serie-vai-expandir-sua-mente-e-tocar-seu-coracao\/#breadcrumb","itemListElement":[{"@type":"ListItem","position":1,"name":"In\u00edcio","item":"https:\/\/www.correiobraziliense.com.br\/cbradar\/"},{"@type":"ListItem","position":2,"name":"Essa s\u00e9rie vai expandir sua mente e tocar seu cora\u00e7\u00e3o"}]},{"@type":"WebSite","@id":"https:\/\/www.correiobraziliense.com.br\/cbradar\/#website","url":"https:\/\/www.correiobraziliense.com.br\/cbradar\/","name":"Correio Braziliense - Radar","description":"Acompanhe as \u00faltimas not\u00edcias e fique bem informado sobre tudo o que acontece no Brasil e no mundo.","potentialAction":[{"@type":"SearchAction","target":{"@type":"EntryPoint","urlTemplate":"https:\/\/www.correiobraziliense.com.br\/cbradar\/?s={search_term_string}"},"query-input":{"@type":"PropertyValueSpecification","valueRequired":true,"valueName":"search_term_string"}}],"inLanguage":"pt-BR"},{"@type":"Person","@id":"https:\/\/www.correiobraziliense.com.br\/cbradar\/#\/schema\/person\/58422787644df994b53a19d3e56c1513","name":"Larissa Carvalho","image":{"@type":"ImageObject","inLanguage":"pt-BR","@id":"https:\/\/www.correiobraziliense.com.br\/cbradar\/#\/schema\/person\/image\/","url":"https:\/\/secure.gravatar.com\/avatar\/fe4f91a0de32b52a838d0d612abdc1aa?s=96&d=mm&r=g","contentUrl":"https:\/\/secure.gravatar.com\/avatar\/fe4f91a0de32b52a838d0d612abdc1aa?s=96&d=mm&r=g","caption":"Larissa Carvalho"},"url":"https:\/\/www.correiobraziliense.com.br\/cbradar\/author\/larissamyth\/"}]}},"_links":{"self":[{"href":"https:\/\/www.correiobraziliense.com.br\/cbradar\/wp-json\/wp\/v2\/posts\/44207","targetHints":{"allow":["GET"]}}],"collection":[{"href":"https:\/\/www.correiobraziliense.com.br\/cbradar\/wp-json\/wp\/v2\/posts"}],"about":[{"href":"https:\/\/www.correiobraziliense.com.br\/cbradar\/wp-json\/wp\/v2\/types\/post"}],"author":[{"embeddable":true,"href":"https:\/\/www.correiobraziliense.com.br\/cbradar\/wp-json\/wp\/v2\/users\/3"}],"replies":[{"embeddable":true,"href":"https:\/\/www.correiobraziliense.com.br\/cbradar\/wp-json\/wp\/v2\/comments?post=44207"}],"version-history":[{"count":2,"href":"https:\/\/www.correiobraziliense.com.br\/cbradar\/wp-json\/wp\/v2\/posts\/44207\/revisions"}],"predecessor-version":[{"id":44212,"href":"https:\/\/www.correiobraziliense.com.br\/cbradar\/wp-json\/wp\/v2\/posts\/44207\/revisions\/44212"}],"wp:featuredmedia":[{"embeddable":true,"href":"https:\/\/www.correiobraziliense.com.br\/cbradar\/wp-json\/wp\/v2\/media\/44209"}],"wp:attachment":[{"href":"https:\/\/www.correiobraziliense.com.br\/cbradar\/wp-json\/wp\/v2\/media?parent=44207"}],"wp:term":[{"taxonomy":"category","embeddable":true,"href":"https:\/\/www.correiobraziliense.com.br\/cbradar\/wp-json\/wp\/v2\/categories?post=44207"},{"taxonomy":"post_tag","embeddable":true,"href":"https:\/\/www.correiobraziliense.com.br\/cbradar\/wp-json\/wp\/v2\/post_tag?post=44207"}],"curies":[{"name":"wp","href":"https:\/\/api.w.org\/{rel}","templated":true}]}}