{"id":44244,"date":"2025-05-29T16:40:18","date_gmt":"2025-05-29T19:40:18","guid":{"rendered":"https:\/\/www.correiobraziliense.com.br\/cbradar\/?p=44244"},"modified":"2025-05-28T15:17:27","modified_gmt":"2025-05-28T18:17:27","slug":"motoristas-se-surpreendem-com-nova-placa-vermelha-e-branca-nas-estradas","status":"publish","type":"post","link":"https:\/\/www.correiobraziliense.com.br\/cbradar\/motoristas-se-surpreendem-com-nova-placa-vermelha-e-branca-nas-estradas\/","title":{"rendered":"Motoristas se surpreendem com nova placa vermelha e branca nas estradas"},"content":{"rendered":"\n<p>As placas de tr\u00e2nsito desempenham um papel crucial na <a href=\"https:\/\/www.correiobraziliense.com.br\/cbradar\/essa-cidade-do-abc-paulista-une-seguranca-ensino-de-ponta-e-estrutura-urbana\/\" target=\"_blank\" rel=\"noopener\">seguran\u00e7a<\/a> das vias, atuando como guias para motoristas e pedestres. Elas t\u00eam a fun\u00e7\u00e3o de advertir, informar, ordenar e regular o comportamento dos condutores, assegurando que o tr\u00e1fego flua de maneira organizada e segura. Cada placa possui um significado espec\u00edfico, sendo essencial que os motoristas compreendam seu prop\u00f3sito para evitar acidentes e garantir a ordem nas vias p\u00fablicas.<\/p>\n\n\n\n<p>Uma placa de tr\u00e2nsito que frequentemente gera curiosidade \u00e9 a que apresenta um c\u00edrculo vermelho e branco no centro, conhecida como <strong>R-100<\/strong>. Esta sinaliza\u00e7\u00e3o, not\u00e1vel por n\u00e3o conter \u00edcones em seu interior, \u00e9 vista em algumas regi\u00f5es do mundo, mas n\u00e3o faz parte das sinaliza\u00e7\u00f5es oficiais nas estradas brasileiras. O desconhecimento ou a interpreta\u00e7\u00e3o incorreta dessa placa pode resultar em s\u00e9rias consequ\u00eancias para a seguran\u00e7a dos motoristas.<\/p>\n\n\n\n<h2 class=\"wp-block-heading\">Qual \u00e9 o significado da placa R-100?<\/h2>\n\n\n\n<p>A placa R-100, caracterizada por seu design simples de c\u00edrculo vermelho e branco, \u00e9 utilizada em alguns pa\u00edses para indicar restri\u00e7\u00f5es espec\u00edficas de tr\u00e2nsito. Embora n\u00e3o esteja presente nas estradas do <strong>Brasil<\/strong>, ela serve como um lembrete da import\u00e2ncia de entender as sinaliza\u00e7\u00f5es locais ao dirigir em territ\u00f3rios estrangeiros. A falta de um \u00edcone no centro pode confundir motoristas desavisados, mas a recomenda\u00e7\u00e3o geral \u00e9 que, ao avist\u00e1-la, os condutores parem e busquem uma rota alternativa.<\/p>\n\n\n<div class=\"wp-block-image\">\n<figure class=\"aligncenter size-large\"><img decoding=\"async\" width=\"1024\" height=\"576\" src=\"https:\/\/www.correiobraziliense.com.br\/cbradar\/wp-content\/uploads\/2025\/05\/placa-de-transito_1748455771798-1024x576.jpg\" alt=\"Motoristas se surpreendem com nova placa vermelha e branca nas estradas\" class=\"wp-image-44254\" srcset=\"https:\/\/www.correiobraziliense.com.br\/cbradar\/wp-content\/uploads\/2025\/05\/placa-de-transito_1748455771798-1024x576.jpg 1024w, https:\/\/www.correiobraziliense.com.br\/cbradar\/wp-content\/uploads\/2025\/05\/placa-de-transito_1748455771798-300x169.jpg 300w, https:\/\/www.correiobraziliense.com.br\/cbradar\/wp-content\/uploads\/2025\/05\/placa-de-transito_1748455771798-768x432.jpg 768w, https:\/\/www.correiobraziliense.com.br\/cbradar\/wp-content\/uploads\/2025\/05\/placa-de-transito_1748455771798-750x422.jpg 750w, https:\/\/www.correiobraziliense.com.br\/cbradar\/wp-content\/uploads\/2025\/05\/placa-de-transito_1748455771798-1140x641.jpg 1140w, https:\/\/www.correiobraziliense.com.br\/cbradar\/wp-content\/uploads\/2025\/05\/placa-de-transito_1748455771798.jpg 1280w\" sizes=\"(max-width: 1024px) 100vw, 1024px\" \/><figcaption class=\"wp-element-caption\">Placa de tr\u00e2nsito &#8211; Cr\u00e9ditos: depositphotos.com \/ sidneydealmeida<\/figcaption><\/figure><\/div>\n\n\n<h2 class=\"wp-block-heading\">Por que a placa R-100 n\u00e3o existe no Brasil?<\/h2>\n\n\n\n<p>No Brasil, as sinaliza\u00e7\u00f5es de tr\u00e2nsito s\u00e3o regulamentadas por normas espec\u00edficas que visam padronizar a comunica\u00e7\u00e3o nas vias. A placa R-100 n\u00e3o est\u00e1 inclu\u00edda nessas normas, o que significa que n\u00e3o \u00e9 utilizada oficialmente no pa\u00eds. Isso pode ser devido a diferen\u00e7as nas regulamenta\u00e7\u00f5es de tr\u00e2nsito entre pa\u00edses, onde cada na\u00e7\u00e3o adota sinaliza\u00e7\u00f5es que melhor atendem \u00e0s suas necessidades e condi\u00e7\u00f5es de tr\u00e1fego.<\/p>\n\n\n\n<h2 class=\"wp-block-heading\">Quais s\u00e3o os tipos de placas de tr\u00e2nsito?<\/h2>\n\n\n\n<p>As placas de tr\u00e2nsito s\u00e3o categorizadas de acordo com a fun\u00e7\u00e3o que desempenham. Entre os principais tipos, encontram-se:<\/p>\n\n\n\n<ul class=\"wp-block-list\">\n<li><strong>Placas de Advert\u00eancia:<\/strong> Avisam sobre condi\u00e7\u00f5es perigosas ou mudan\u00e7as na via, como curvas acentuadas ou cruzamentos.<\/li>\n\n\n\n<li><strong>Placas de Regulamenta\u00e7\u00e3o:<\/strong> Imp\u00f5em obriga\u00e7\u00f5es, proibi\u00e7\u00f5es ou restri\u00e7\u00f5es, como limites de velocidade e proibi\u00e7\u00e3o de estacionamento.<\/li>\n\n\n\n<li><strong>Placas de Indica\u00e7\u00e3o:<\/strong> Fornecem informa\u00e7\u00f5es \u00fateis, como dire\u00e7\u00f5es, dist\u00e2ncias e servi\u00e7os dispon\u00edveis.<\/li>\n<\/ul>\n\n\n\n<h2 class=\"wp-block-heading\">Qual a import\u00e2ncia de conhecer as placas de tr\u00e2nsito?<\/h2>\n\n\n\n<p>Compreender o significado das placas de tr\u00e2nsito \u00e9 vital para a seguran\u00e7a de todos os usu\u00e1rios das vias. O conhecimento adequado das sinaliza\u00e7\u00f5es ajuda a prevenir acidentes, facilita a fluidez do tr\u00e1fego e garante que as normas de tr\u00e2nsito sejam respeitadas. Motoristas bem informados s\u00e3o capazes de tomar decis\u00f5es r\u00e1pidas e seguras, contribuindo para um ambiente vi\u00e1rio mais seguro e eficiente.<\/p>\n","protected":false},"excerpt":{"rendered":"<p>As placas de tr\u00e2nsito desempenham um papel crucial na seguran\u00e7a das vias, atuando como guias para motoristas e pedestres. Elas t\u00eam a fun\u00e7\u00e3o de advertir, informar, ordenar e regular o comportamento dos condutores, assegurando que o tr\u00e1fego flua de maneira organizada e segura. Cada placa possui um significado espec\u00edfico, sendo essencial que os motoristas compreendam [&hellip;]<\/p>\n","protected":false},"author":9,"featured_media":44253,"comment_status":"open","ping_status":"open","sticky":false,"template":"","format":"standard","meta":{"_yoast_wpseo_focuskw":"Placas","_yoast_wpseo_title":"%%title%% %%page%%","_yoast_wpseo_metadesc":"Essa placa de tr\u00e2nsito viralizou por gerar d\u00favidas e confus\u00e3o entre motoristas. Veja por que ela n\u00e3o existe no Brasil.","jnews-multi-image_gallery":[],"jnews_single_post":{"format":"standard"},"jnews_primary_category":[],"jnews_social_meta":[],"jnews_override_counter":[],"footnotes":""},"categories":[112],"tags":[5523,5524,5521,5522],"class_list":["post-44244","post","type-post","status-publish","format-standard","has-post-thumbnail","hentry","category-curiosidades","tag-codigos-de-transito","tag-dirigir","tag-placas-de-transito","tag-seguranca-viaria"],"yoast_head":"<!-- This site is optimized with the Yoast SEO plugin v24.6 - https:\/\/yoast.com\/wordpress\/plugins\/seo\/ -->\n<title>Motoristas se surpreendem com nova placa vermelha e branca nas estradas<\/title>\n<meta name=\"description\" content=\"Essa placa de tr\u00e2nsito viralizou por gerar d\u00favidas e confus\u00e3o entre motoristas. Veja por que ela n\u00e3o existe no Brasil.\" \/>\n<meta name=\"robots\" content=\"index, follow, max-snippet:-1, max-image-preview:large, max-video-preview:-1\" \/>\n<link rel=\"canonical\" href=\"https:\/\/www.correiobraziliense.com.br\/cbradar\/motoristas-se-surpreendem-com-nova-placa-vermelha-e-branca-nas-estradas\/\" \/>\n<meta property=\"og:locale\" content=\"pt_BR\" \/>\n<meta property=\"og:type\" content=\"article\" \/>\n<meta property=\"og:title\" content=\"Motoristas se surpreendem com nova placa vermelha e branca nas estradas\" \/>\n<meta property=\"og:description\" content=\"Essa placa de tr\u00e2nsito viralizou por gerar d\u00favidas e confus\u00e3o entre motoristas. Veja por que ela n\u00e3o existe no Brasil.\" \/>\n<meta property=\"og:url\" content=\"https:\/\/www.correiobraziliense.com.br\/cbradar\/motoristas-se-surpreendem-com-nova-placa-vermelha-e-branca-nas-estradas\/\" \/>\n<meta property=\"og:site_name\" content=\"Correio Braziliense - Radar\" \/>\n<meta property=\"article:published_time\" content=\"2025-05-29T19:40:18+00:00\" \/>\n<meta property=\"og:image\" content=\"https:\/\/www.correiobraziliense.com.br\/cbradar\/wp-content\/uploads\/2025\/05\/placa-circulo-vermelho-e-branco-sinalizacao_1748455507212.jpg\" \/>\n\t<meta property=\"og:image:width\" content=\"1280\" \/>\n\t<meta property=\"og:image:height\" content=\"720\" \/>\n\t<meta property=\"og:image:type\" content=\"image\/jpeg\" \/>\n<meta name=\"author\" content=\"Daniely Cardoso\" \/>\n<meta name=\"twitter:card\" content=\"summary_large_image\" \/>\n<meta name=\"twitter:label1\" content=\"Escrito por\" \/>\n\t<meta name=\"twitter:data1\" content=\"Daniely Cardoso\" \/>\n\t<meta name=\"twitter:label2\" content=\"Est. tempo de leitura\" \/>\n\t<meta name=\"twitter:data2\" content=\"3 minutos\" \/>\n<!-- \/ Yoast SEO plugin. -->","yoast_head_json":{"title":"Motoristas se surpreendem com nova placa vermelha e branca nas estradas","description":"Essa placa de tr\u00e2nsito viralizou por gerar d\u00favidas e confus\u00e3o entre motoristas. Veja por que ela n\u00e3o existe no Brasil.","robots":{"index":"index","follow":"follow","max-snippet":"max-snippet:-1","max-image-preview":"max-image-preview:large","max-video-preview":"max-video-preview:-1"},"canonical":"https:\/\/www.correiobraziliense.com.br\/cbradar\/motoristas-se-surpreendem-com-nova-placa-vermelha-e-branca-nas-estradas\/","og_locale":"pt_BR","og_type":"article","og_title":"Motoristas se surpreendem com nova placa vermelha e branca nas estradas","og_description":"Essa placa de tr\u00e2nsito viralizou por gerar d\u00favidas e confus\u00e3o entre motoristas. Veja por que ela n\u00e3o existe no Brasil.","og_url":"https:\/\/www.correiobraziliense.com.br\/cbradar\/motoristas-se-surpreendem-com-nova-placa-vermelha-e-branca-nas-estradas\/","og_site_name":"Correio Braziliense - Radar","article_published_time":"2025-05-29T19:40:18+00:00","og_image":[{"width":1280,"height":720,"url":"https:\/\/www.correiobraziliense.com.br\/cbradar\/wp-content\/uploads\/2025\/05\/placa-circulo-vermelho-e-branco-sinalizacao_1748455507212.jpg","type":"image\/jpeg"}],"author":"Daniely Cardoso","twitter_card":"summary_large_image","twitter_misc":{"Escrito por":"Daniely Cardoso","Est. tempo de leitura":"3 minutos"},"schema":{"@context":"https:\/\/schema.org","@graph":[{"@type":"WebPage","@id":"https:\/\/www.correiobraziliense.com.br\/cbradar\/motoristas-se-surpreendem-com-nova-placa-vermelha-e-branca-nas-estradas\/","url":"https:\/\/www.correiobraziliense.com.br\/cbradar\/motoristas-se-surpreendem-com-nova-placa-vermelha-e-branca-nas-estradas\/","name":"Motoristas se surpreendem com nova placa vermelha e branca nas estradas","isPartOf":{"@id":"https:\/\/www.correiobraziliense.com.br\/cbradar\/#website"},"primaryImageOfPage":{"@id":"https:\/\/www.correiobraziliense.com.br\/cbradar\/motoristas-se-surpreendem-com-nova-placa-vermelha-e-branca-nas-estradas\/#primaryimage"},"image":{"@id":"https:\/\/www.correiobraziliense.com.br\/cbradar\/motoristas-se-surpreendem-com-nova-placa-vermelha-e-branca-nas-estradas\/#primaryimage"},"thumbnailUrl":"https:\/\/www.correiobraziliense.com.br\/cbradar\/wp-content\/uploads\/2025\/05\/placa-circulo-vermelho-e-branco-sinalizacao_1748455507212.jpg","datePublished":"2025-05-29T19:40:18+00:00","author":{"@id":"https:\/\/www.correiobraziliense.com.br\/cbradar\/#\/schema\/person\/7356666e12ec0ee53f348ee5db227032"},"description":"Essa placa de tr\u00e2nsito viralizou por gerar d\u00favidas e confus\u00e3o entre motoristas. Veja por que ela n\u00e3o existe no Brasil.","breadcrumb":{"@id":"https:\/\/www.correiobraziliense.com.br\/cbradar\/motoristas-se-surpreendem-com-nova-placa-vermelha-e-branca-nas-estradas\/#breadcrumb"},"inLanguage":"pt-BR","potentialAction":[{"@type":"ReadAction","target":["https:\/\/www.correiobraziliense.com.br\/cbradar\/motoristas-se-surpreendem-com-nova-placa-vermelha-e-branca-nas-estradas\/"]}]},{"@type":"ImageObject","inLanguage":"pt-BR","@id":"https:\/\/www.correiobraziliense.com.br\/cbradar\/motoristas-se-surpreendem-com-nova-placa-vermelha-e-branca-nas-estradas\/#primaryimage","url":"https:\/\/www.correiobraziliense.com.br\/cbradar\/wp-content\/uploads\/2025\/05\/placa-circulo-vermelho-e-branco-sinalizacao_1748455507212.jpg","contentUrl":"https:\/\/www.correiobraziliense.com.br\/cbradar\/wp-content\/uploads\/2025\/05\/placa-circulo-vermelho-e-branco-sinalizacao_1748455507212.jpg","width":1280,"height":720,"caption":"Placa de tr\u00e2nsito - Cr\u00e9ditos: depositphotos.com \/ LeoniekvanderVliet"},{"@type":"BreadcrumbList","@id":"https:\/\/www.correiobraziliense.com.br\/cbradar\/motoristas-se-surpreendem-com-nova-placa-vermelha-e-branca-nas-estradas\/#breadcrumb","itemListElement":[{"@type":"ListItem","position":1,"name":"In\u00edcio","item":"https:\/\/www.correiobraziliense.com.br\/cbradar\/"},{"@type":"ListItem","position":2,"name":"Motoristas se surpreendem com nova placa vermelha e branca nas estradas"}]},{"@type":"WebSite","@id":"https:\/\/www.correiobraziliense.com.br\/cbradar\/#website","url":"https:\/\/www.correiobraziliense.com.br\/cbradar\/","name":"Correio Braziliense - Radar","description":"Acompanhe as \u00faltimas not\u00edcias e fique bem informado sobre tudo o que acontece no Brasil e no mundo.","potentialAction":[{"@type":"SearchAction","target":{"@type":"EntryPoint","urlTemplate":"https:\/\/www.correiobraziliense.com.br\/cbradar\/?s={search_term_string}"},"query-input":{"@type":"PropertyValueSpecification","valueRequired":true,"valueName":"search_term_string"}}],"inLanguage":"pt-BR"},{"@type":"Person","@id":"https:\/\/www.correiobraziliense.com.br\/cbradar\/#\/schema\/person\/7356666e12ec0ee53f348ee5db227032","name":"Daniely Cardoso","image":{"@type":"ImageObject","inLanguage":"pt-BR","@id":"https:\/\/www.correiobraziliense.com.br\/cbradar\/#\/schema\/person\/image\/","url":"https:\/\/secure.gravatar.com\/avatar\/4b80ddbd124d1f071b626d52d62e5dff?s=96&d=mm&r=g","contentUrl":"https:\/\/secure.gravatar.com\/avatar\/4b80ddbd124d1f071b626d52d62e5dff?s=96&d=mm&r=g","caption":"Daniely Cardoso"},"description":"Redatora nos portais CB Radar e EM Foco, formada pela Universidade Federal de Goi\u00e1s, em Goi\u00e2nia. Apaixonada por comunica\u00e7\u00e3o, arte, decora\u00e7\u00e3o e tend\u00eancias, atuo na produ\u00e7\u00e3o de conte\u00fados envolventes sobre curiosidades, moda, beleza e paisagismo, sempre com um olhar atento \u00e0s novidades do momento.","sameAs":["https:\/\/www.correiobraziliense.com.br\/cbradar"],"url":"https:\/\/www.correiobraziliense.com.br\/cbradar\/author\/danielymyth\/"}]}},"_links":{"self":[{"href":"https:\/\/www.correiobraziliense.com.br\/cbradar\/wp-json\/wp\/v2\/posts\/44244","targetHints":{"allow":["GET"]}}],"collection":[{"href":"https:\/\/www.correiobraziliense.com.br\/cbradar\/wp-json\/wp\/v2\/posts"}],"about":[{"href":"https:\/\/www.correiobraziliense.com.br\/cbradar\/wp-json\/wp\/v2\/types\/post"}],"author":[{"embeddable":true,"href":"https:\/\/www.correiobraziliense.com.br\/cbradar\/wp-json\/wp\/v2\/users\/9"}],"replies":[{"embeddable":true,"href":"https:\/\/www.correiobraziliense.com.br\/cbradar\/wp-json\/wp\/v2\/comments?post=44244"}],"version-history":[{"count":3,"href":"https:\/\/www.correiobraziliense.com.br\/cbradar\/wp-json\/wp\/v2\/posts\/44244\/revisions"}],"predecessor-version":[{"id":44258,"href":"https:\/\/www.correiobraziliense.com.br\/cbradar\/wp-json\/wp\/v2\/posts\/44244\/revisions\/44258"}],"wp:featuredmedia":[{"embeddable":true,"href":"https:\/\/www.correiobraziliense.com.br\/cbradar\/wp-json\/wp\/v2\/media\/44253"}],"wp:attachment":[{"href":"https:\/\/www.correiobraziliense.com.br\/cbradar\/wp-json\/wp\/v2\/media?parent=44244"}],"wp:term":[{"taxonomy":"category","embeddable":true,"href":"https:\/\/www.correiobraziliense.com.br\/cbradar\/wp-json\/wp\/v2\/categories?post=44244"},{"taxonomy":"post_tag","embeddable":true,"href":"https:\/\/www.correiobraziliense.com.br\/cbradar\/wp-json\/wp\/v2\/tags?post=44244"}],"curies":[{"name":"wp","href":"https:\/\/api.w.org\/{rel}","templated":true}]}}