{"id":44291,"date":"2025-05-29T06:10:00","date_gmt":"2025-05-29T09:10:00","guid":{"rendered":"https:\/\/www.correiobraziliense.com.br\/cbradar\/?p=44291"},"modified":"2025-05-29T01:59:39","modified_gmt":"2025-05-29T04:59:39","slug":"7-plantas-que-atraem-paz-e-boas-energias-para-dentro-de-casa","status":"publish","type":"post","link":"https:\/\/www.correiobraziliense.com.br\/cbradar\/7-plantas-que-atraem-paz-e-boas-energias-para-dentro-de-casa\/","title":{"rendered":"7 plantas que atraem paz e boas energias para dentro de casa"},"content":{"rendered":"\n<p>Cuidar das plantas vai muito al\u00e9m de est\u00e9tica. Ter plantas em casa \u00e9 uma forma poderosa de renovar as energias, elevar a vibra\u00e7\u00e3o do ambiente e promover bem-estar, equil\u00edbrio e serenidade. Algumas esp\u00e9cies, em especial, s\u00e3o conhecidas por atrair <strong>paz, harmonia, prote\u00e7\u00e3o espiritual e energia positiva<\/strong>, sendo muito utilizadas no <strong>Feng Shui<\/strong>, em pr\u00e1ticas de medita\u00e7\u00e3o, terapias e decora\u00e7\u00e3o consciente.<\/p>\n\n\n\n<p>Essas plantas, al\u00e9m de embelezarem os espa\u00e7os, purificam o ar, acalmam a mente e ajudam a criar uma atmosfera de acolhimento, relaxamento e boas energias. Neste conte\u00fado, voc\u00ea aprender\u00e1 como <a href=\"https:\/\/www.correiobraziliense.com.br\/cbradar\/cultive-um-jardim-aromatico-que-protege-sua-casa-contra-mosquitos-e-insetos\/\" target=\"_blank\" rel=\"noreferrer noopener\">plantar <\/a>e cuidar de <strong>7 plantas que atraem harmonia e paz para dentro de casa<\/strong>, como <strong>lavanda<\/strong>, <strong>jasmim<\/strong>, <strong>l\u00edrio-da-paz<\/strong>, <strong>espada-de-s\u00e3o-jorge<\/strong>, <strong>alecrim<\/strong>, <strong>bambu-da-sorte<\/strong> e <strong>s\u00e1lvia<\/strong>, todas adapt\u00e1veis a ambientes internos.<\/p>\n\n\n\n<h2 class=\"wp-block-heading\">Como plantar lavanda e trazer calma e serenidade para casa?<\/h2>\n\n\n\n<p>A <strong>lavanda<\/strong> \u00e9 uma das plantas mais associadas \u00e0 paz, ao relaxamento e ao equil\u00edbrio energ\u00e9tico. Seu aroma suave tem efeito calmante, reduz o estresse, a ansiedade e favorece a harmonia nos ambientes.<\/p>\n\n\n\n<p>Ela precisa de <strong>sol pleno<\/strong>, recebendo no m\u00ednimo <strong>4 a 6 horas de luz solar direta por dia<\/strong>. As temperaturas ideais ficam entre <strong>15\u00b0C e 25\u00b0C<\/strong>. A <strong>lavanda<\/strong> gosta de clima mais seco e ameno.<\/p>\n\n\n\n<p>O solo deve ser <strong>arenoso, bem drenado, levemente alcalino, com pH entre 6,5 e 7,5<\/strong>. O plantio \u00e9 feito geralmente por mudas ou estacas, pois a germina\u00e7\u00e3o por sementes \u00e9 mais lenta.<\/p>\n\n\n\n<p>As regas devem ser <strong>moderadas<\/strong>, sempre permitindo que a camada superficial do solo seque antes de regar novamente, j\u00e1 que a <strong>lavanda<\/strong> n\u00e3o tolera excesso de umidade.<\/p>\n\n\n\n<h2 class=\"wp-block-heading\">Como plantar jasmim e atrair amor, paz e harmonia?<\/h2>\n\n\n\n<p>O <strong>jasmim<\/strong> \u00e9 uma planta associada ao amor, \u00e0 espiritualidade e \u00e0 harmonia. Seu perfume tem poder de acalmar, purificar e equilibrar emocionalmente os ambientes.<\/p>\n\n\n\n<p>Ele precisa de <strong>luz abundante<\/strong>, podendo ser cultivado tanto em <strong>sol pleno quanto em meia-sombra<\/strong>, desde que receba pelo menos <strong>4 horas de luz direta<\/strong>.<\/p>\n\n\n\n<p>O solo ideal deve ser <strong>rico em mat\u00e9ria org\u00e2nica, bem drenado e levemente \u00e1cido, com pH entre 5,5 e 6,5<\/strong>. O plantio pode ser feito por sementes, mudas ou estaquias, sendo as mudas o m\u00e9todo mais r\u00e1pido.<\/p>\n\n\n\n<p>As regas devem ser <strong>regulares<\/strong>, mantendo o solo \u00famido, mas nunca encharcado. A <strong>poda de condu\u00e7\u00e3o e limpeza<\/strong> ajuda a manter a planta saud\u00e1vel e com flores abundantes, que espalham um perfume acolhedor e tranquilizante.<\/p>\n\n\n\n<h2 class=\"wp-block-heading\">Como plantar l\u00edrio-da-paz e promover equil\u00edbrio e purifica\u00e7\u00e3o?<\/h2>\n\n\n\n<p>O <strong>l\u00edrio-da-paz<\/strong> \u00e9 s\u00edmbolo de <strong>pureza, harmonia e paz espiritual<\/strong>. Al\u00e9m disso, \u00e9 uma das melhores plantas para purificar o ar, segundo a NASA.<\/p>\n\n\n\n<p>Ele se adapta muito bem \u00e0 <strong>meia-sombra e sombra<\/strong>, sendo ideal para ambientes internos, como salas, quartos e escrit\u00f3rios, com temperaturas entre <strong>18\u00b0C e 28\u00b0C<\/strong>.<\/p>\n\n\n\n<p>O solo deve ser <strong>rico em mat\u00e9ria org\u00e2nica, leve e bem drenado<\/strong>, com pH entre <strong>5,5 e 6,5<\/strong>. O plantio \u00e9 feito por divis\u00e3o de touceiras, o que facilita sua multiplica\u00e7\u00e3o.<\/p>\n\n\n\n<p>As regas devem ser <strong>frequentes<\/strong>, mantendo o solo sempre levemente \u00famido, sem encharcar. A planta aprecia tamb\u00e9m borrifadas de \u00e1gua nas folhas, principalmente em ambientes com ar mais seco.<\/p>\n\n\n\n<h2 class=\"wp-block-heading\">Como plantar espada-de-s\u00e3o-jorge e proteger energeticamente o lar?<\/h2>\n\n\n\n<p>A <strong>espada-de-s\u00e3o-jorge<\/strong> \u00e9 conhecida como uma planta de <strong>prote\u00e7\u00e3o espiritual<\/strong>, capaz de criar uma barreira energ\u00e9tica contra inveja, mau-olhado e energias negativas, ao mesmo tempo em que promove equil\u00edbrio e paz.<\/p>\n\n\n\n<p>Ela \u00e9 extremamente resistente e se adapta tanto ao <strong>sol pleno quanto \u00e0 meia-sombra<\/strong>, sendo perfeita para ambientes internos e externos.<\/p>\n\n\n\n<p>O solo deve ser <strong>bem drenado, leve e com boa capacidade de secagem<\/strong>, com pH entre <strong>5,5 e 7,0<\/strong>. O plantio \u00e9 feito por divis\u00e3o de touceiras ou folhas, que enra\u00edzam facilmente.<\/p>\n\n\n\n<p>As regas s\u00e3o <strong>espassadas<\/strong>, pois a planta tolera bem a seca. \u00c9 necess\u00e1rio esperar o solo secar completamente antes de regar novamente, evitando o excesso de umidade.<\/p>\n\n\n<div class=\"wp-block-image\">\n<figure class=\"aligncenter size-large\"><img decoding=\"async\" width=\"1024\" height=\"576\" src=\"https:\/\/www.correiobraziliense.com.br\/cbradar\/wp-content\/uploads\/2025\/05\/Lirio-da-paz_1746027000510-1024x576.jpg\" alt=\"Aprenda como cultivar 7 plantas que atraem paz, prote\u00e7\u00e3o e boas energias para dentro de casa, como lavanda, jasmim e espada-de-s\u00e3o-jorge.\" class=\"wp-image-30487\" srcset=\"https:\/\/www.correiobraziliense.com.br\/cbradar\/wp-content\/uploads\/2025\/05\/Lirio-da-paz_1746027000510-1024x576.jpg 1024w, https:\/\/www.correiobraziliense.com.br\/cbradar\/wp-content\/uploads\/2025\/05\/Lirio-da-paz_1746027000510-300x169.jpg 300w, https:\/\/www.correiobraziliense.com.br\/cbradar\/wp-content\/uploads\/2025\/05\/Lirio-da-paz_1746027000510-768x432.jpg 768w, https:\/\/www.correiobraziliense.com.br\/cbradar\/wp-content\/uploads\/2025\/05\/Lirio-da-paz_1746027000510-750x422.jpg 750w, https:\/\/www.correiobraziliense.com.br\/cbradar\/wp-content\/uploads\/2025\/05\/Lirio-da-paz_1746027000510-1140x641.jpg 1140w, https:\/\/www.correiobraziliense.com.br\/cbradar\/wp-content\/uploads\/2025\/05\/Lirio-da-paz_1746027000510.jpg 1280w\" sizes=\"(max-width: 1024px) 100vw, 1024px\" \/><figcaption class=\"wp-element-caption\">L\u00edrio da paz &#8211; Cr\u00e9ditos: depositphotos.com \/ Bignai<\/figcaption><\/figure><\/div>\n\n\n<h2 class=\"wp-block-heading\">Como plantar alecrim e elevar a energia e o bem-estar?<\/h2>\n\n\n\n<p>O <strong>alecrim<\/strong> \u00e9 uma planta associada \u00e0 <strong>energia, vitalidade, clareza mental e prote\u00e7\u00e3o espiritual<\/strong>. Al\u00e9m de perfumar os ambientes, afasta vibra\u00e7\u00f5es densas e promove uma atmosfera leve e equilibrada.<\/p>\n\n\n\n<p>Ele deve ser cultivado em <strong>sol pleno<\/strong>, com pelo menos <strong>5 a 6 horas de luz direta por dia<\/strong>, preferindo temperaturas entre <strong>20\u00b0C e 30\u00b0C<\/strong>.<\/p>\n\n\n\n<p>O solo precisa ser <strong>arenoso, leve, bem drenado e com pH entre 6,0 e 7,0<\/strong>. O plantio \u00e9 feito por estaquia, colocando um ramo saud\u00e1vel na terra at\u00e9 enraizar.<\/p>\n\n\n\n<p>As regas devem ser <strong>moderadas<\/strong>, permitindo que o solo seque bem entre uma e outra. O <strong>alecrim<\/strong> n\u00e3o gosta de excesso de umidade e se desenvolve melhor em locais bem ventilados.<\/p>\n\n\n\n<h2 class=\"wp-block-heading\">Como plantar bambu-da-sorte e atrair prosperidade, paz e harmonia?<\/h2>\n\n\n\n<p>O <strong>bambu-da-sorte<\/strong> \u00e9 uma planta associada ao <strong>Feng Shui<\/strong>, sendo considerada um poderoso atrator de <strong>energia positiva, paz, equil\u00edbrio e prosperidade<\/strong>.<\/p>\n\n\n\n<p>Ele cresce bem em <strong>meia-sombra<\/strong>, longe da luz solar direta intensa, o que o torna ideal para interiores.<\/p>\n\n\n\n<p>O cultivo pode ser feito tanto na <strong>\u00e1gua quanto na terra<\/strong>.<\/p>\n\n\n\n<ul class=\"wp-block-list\">\n<li>Na \u00e1gua: \u00e9 necess\u00e1rio trocar a \u00e1gua a cada <strong>7 dias<\/strong> e lavar as ra\u00edzes. Adiciona-se pedrinhas ou seixos para fixa\u00e7\u00e3o.<\/li>\n\n\n\n<li>Na terra: o solo deve ser <strong>rico em mat\u00e9ria org\u00e2nica, leve e bem drenado<\/strong>, com pH entre <strong>6,0 e 7,0<\/strong>.<\/li>\n<\/ul>\n\n\n\n<p>As regas s\u00e3o regulares se estiverem na terra, mantendo o solo levemente \u00famido. Na \u00e1gua, o n\u00edvel deve sempre cobrir as ra\u00edzes.<\/p>\n\n\n\n<h2 class=\"wp-block-heading\">Como plantar s\u00e1lvia e purificar energias?<\/h2>\n\n\n\n<p>A <strong>s\u00e1lvia<\/strong> \u00e9 uma planta de tradi\u00e7\u00e3o milenar, utilizada para <strong>purifica\u00e7\u00e3o energ\u00e9tica<\/strong>, equil\u00edbrio espiritual e prote\u00e7\u00e3o. Seu aroma forte limpa o ambiente de cargas negativas e traz paz e serenidade.<\/p>\n\n\n\n<p>Ela prefere <strong>sol pleno ou meia-sombra<\/strong>, com pelo menos <strong>4 horas de luz direta<\/strong> e temperaturas entre <strong>18\u00b0C e 28\u00b0C<\/strong>.<\/p>\n\n\n\n<p>O solo deve ser <strong>arenoso, bem drenado, leve e com pH entre 6,0 e 7,0<\/strong>. O plantio \u00e9 feito por sementes ou estaquias, sendo a estaquia mais r\u00e1pida e eficiente.<\/p>\n\n\n\n<p>As regas s\u00e3o <strong>moderadas<\/strong>, evitando excesso de \u00e1gua. A <strong>s\u00e1lvia<\/strong> gosta de solos que sequem entre uma irriga\u00e7\u00e3o e outra, principalmente para prevenir fungos.<\/p>\n\n\n\n<h2 class=\"wp-block-heading\">FAQ<\/h2>\n\n\n\n<p><strong>1. Posso cultivar todas essas plantas em vasos dentro de casa?<\/strong><br>Sim. Todas se adaptam muito bem a vasos, desde que tenham boa drenagem, ilumina\u00e7\u00e3o adequada e espa\u00e7o para o desenvolvimento das ra\u00edzes.<\/p>\n\n\n\n<p><strong>2. Preciso de muito sol para cultivar essas plantas?<\/strong><br>Depende da esp\u00e9cie. Algumas, como <strong>alecrim<\/strong> e <strong>lavanda<\/strong>, precisam de sol pleno. Outras, como <strong>l\u00edrio-da-paz<\/strong>, <strong>espada-de-s\u00e3o-jorge<\/strong> e <strong>bambu-da-sorte<\/strong>, se adaptam muito bem a ambientes de meia-sombra ou sombra.<\/p>\n\n\n\n<p><strong>3. \u00c9 verdade que essas plantas purificam as energias?<\/strong><br>Sim. Al\u00e9m de comprovadamente purificarem o ar, muitas possuem tradi\u00e7\u00e3o em pr\u00e1ticas espirituais e terap\u00eauticas por sua capacidade de elevar a vibra\u00e7\u00e3o e neutralizar energias densas.<\/p>\n\n\n\n<p><strong>4. Quanto tempo leva para essas plantas come\u00e7arem a crescer bem?<\/strong><br>A maioria cresce rapidamente. Plantas como <strong>s\u00e1lvia<\/strong>, <strong>alecrim<\/strong>, <strong>lavanda<\/strong> e <strong>espada-de-s\u00e3o-jorge<\/strong> j\u00e1 mostram desenvolvimento em poucas semanas ap\u00f3s o plantio ou estaquia.<\/p>\n\n\n\n<p><strong>5. Posso mistur\u00e1-las no mesmo vaso ou canteiro?<\/strong><br>Algumas sim, desde que tenham exig\u00eancias parecidas de luz e \u00e1gua. Por exemplo, <strong>lavanda<\/strong> e <strong>alecrim<\/strong> podem ser plantadas juntas. J\u00e1 <strong>l\u00edrio-da-paz<\/strong> e <strong>espada-de-s\u00e3o-jorge<\/strong> combinam em ambientes de sombra.<\/p>\n","protected":false},"excerpt":{"rendered":"<p>Cuidar das plantas vai muito al\u00e9m de est\u00e9tica. Ter plantas em casa \u00e9 uma forma poderosa de renovar as energias, elevar a vibra\u00e7\u00e3o do ambiente e promover bem-estar, equil\u00edbrio e serenidade. Algumas esp\u00e9cies, em especial, s\u00e3o conhecidas por atrair paz, harmonia, prote\u00e7\u00e3o espiritual e energia positiva, sendo muito utilizadas no Feng Shui, em pr\u00e1ticas de [&hellip;]<\/p>\n","protected":false},"author":9,"featured_media":21325,"comment_status":"open","ping_status":"open","sticky":false,"template":"","format":"standard","meta":{"_yoast_wpseo_focuskw":"plantas","_yoast_wpseo_title":"%%title%% %%page%%","_yoast_wpseo_metadesc":"Aprenda como cultivar 7 plantas que atraem paz, prote\u00e7\u00e3o e boas energias para dentro de casa, como lavanda, jasmim e espada-de-s\u00e3o-jorge.","jnews-multi-image_gallery":[],"jnews_single_post":{"format":"standard"},"jnews_primary_category":[],"jnews_social_meta":[],"jnews_override_counter":[],"footnotes":""},"categories":[136],"post_tag":[5533,5535,5534,5532],"class_list":["post-44291","post","type-post","status-publish","format-standard","has-post-thumbnail","hentry","category-jardinagem","tag-como-plantar-plantas-energeticas","tag-cultivo-de-plantas-para-harmonia","tag-horta-espiritual","tag-plantas-para-paz"],"yoast_head":"<!-- This site is optimized with the Yoast SEO plugin v24.6 - https:\/\/yoast.com\/wordpress\/plugins\/seo\/ -->\n<title>7 plantas que atraem paz e boas energias para dentro de casa<\/title>\n<meta name=\"description\" content=\"Aprenda como cultivar 7 plantas que atraem paz, prote\u00e7\u00e3o e boas energias para dentro de casa, como lavanda, jasmim e espada-de-s\u00e3o-jorge.\" \/>\n<meta name=\"robots\" content=\"index, follow, max-snippet:-1, max-image-preview:large, max-video-preview:-1\" \/>\n<link rel=\"canonical\" href=\"https:\/\/www.correiobraziliense.com.br\/cbradar\/7-plantas-que-atraem-paz-e-boas-energias-para-dentro-de-casa\/\" \/>\n<meta property=\"og:locale\" content=\"pt_BR\" \/>\n<meta property=\"og:type\" content=\"article\" \/>\n<meta property=\"og:title\" content=\"7 plantas que atraem paz e boas energias para dentro de casa\" \/>\n<meta property=\"og:description\" content=\"Aprenda como cultivar 7 plantas que atraem paz, prote\u00e7\u00e3o e boas energias para dentro de casa, como lavanda, jasmim e espada-de-s\u00e3o-jorge.\" \/>\n<meta property=\"og:url\" content=\"https:\/\/www.correiobraziliense.com.br\/cbradar\/7-plantas-que-atraem-paz-e-boas-energias-para-dentro-de-casa\/\" \/>\n<meta property=\"og:site_name\" content=\"Correio Braziliense - Radar\" \/>\n<meta property=\"article:published_time\" content=\"2025-05-29T09:10:00+00:00\" \/>\n<meta property=\"og:image\" content=\"https:\/\/www.correiobraziliense.com.br\/cbradar\/wp-content\/uploads\/2025\/04\/jasmim-flor_1744221284751.jpg\" \/>\n\t<meta property=\"og:image:width\" content=\"1280\" \/>\n\t<meta property=\"og:image:height\" content=\"720\" \/>\n\t<meta property=\"og:image:type\" content=\"image\/jpeg\" \/>\n<meta name=\"author\" content=\"Daniely Cardoso\" \/>\n<meta name=\"twitter:card\" content=\"summary_large_image\" \/>\n<meta name=\"twitter:label1\" content=\"Escrito por\" \/>\n\t<meta name=\"twitter:data1\" content=\"Daniely Cardoso\" \/>\n\t<meta name=\"twitter:label2\" content=\"Est. tempo de leitura\" \/>\n\t<meta name=\"twitter:data2\" content=\"7 minutos\" \/>\n<!-- \/ Yoast SEO plugin. -->","yoast_head_json":{"title":"7 plantas que atraem paz e boas energias para dentro de casa","description":"Aprenda como cultivar 7 plantas que atraem paz, prote\u00e7\u00e3o e boas energias para dentro de casa, como lavanda, jasmim e espada-de-s\u00e3o-jorge.","robots":{"index":"index","follow":"follow","max-snippet":"max-snippet:-1","max-image-preview":"max-image-preview:large","max-video-preview":"max-video-preview:-1"},"canonical":"https:\/\/www.correiobraziliense.com.br\/cbradar\/7-plantas-que-atraem-paz-e-boas-energias-para-dentro-de-casa\/","og_locale":"pt_BR","og_type":"article","og_title":"7 plantas que atraem paz e boas energias para dentro de casa","og_description":"Aprenda como cultivar 7 plantas que atraem paz, prote\u00e7\u00e3o e boas energias para dentro de casa, como lavanda, jasmim e espada-de-s\u00e3o-jorge.","og_url":"https:\/\/www.correiobraziliense.com.br\/cbradar\/7-plantas-que-atraem-paz-e-boas-energias-para-dentro-de-casa\/","og_site_name":"Correio Braziliense - Radar","article_published_time":"2025-05-29T09:10:00+00:00","og_image":[{"width":1280,"height":720,"url":"https:\/\/www.correiobraziliense.com.br\/cbradar\/wp-content\/uploads\/2025\/04\/jasmim-flor_1744221284751.jpg","type":"image\/jpeg"}],"author":"Daniely Cardoso","twitter_card":"summary_large_image","twitter_misc":{"Escrito por":"Daniely Cardoso","Est. tempo de leitura":"7 minutos"},"schema":{"@context":"https:\/\/schema.org","@graph":[{"@type":"WebPage","@id":"https:\/\/www.correiobraziliense.com.br\/cbradar\/7-plantas-que-atraem-paz-e-boas-energias-para-dentro-de-casa\/","url":"https:\/\/www.correiobraziliense.com.br\/cbradar\/7-plantas-que-atraem-paz-e-boas-energias-para-dentro-de-casa\/","name":"7 plantas que atraem paz e boas energias para dentro de casa","isPartOf":{"@id":"https:\/\/www.correiobraziliense.com.br\/cbradar\/#website"},"primaryImageOfPage":{"@id":"https:\/\/www.correiobraziliense.com.br\/cbradar\/7-plantas-que-atraem-paz-e-boas-energias-para-dentro-de-casa\/#primaryimage"},"image":{"@id":"https:\/\/www.correiobraziliense.com.br\/cbradar\/7-plantas-que-atraem-paz-e-boas-energias-para-dentro-de-casa\/#primaryimage"},"thumbnailUrl":"https:\/\/www.correiobraziliense.com.br\/cbradar\/wp-content\/uploads\/2025\/04\/jasmim-flor_1744221284751.jpg","datePublished":"2025-05-29T09:10:00+00:00","author":{"@id":"https:\/\/www.correiobraziliense.com.br\/cbradar\/#\/schema\/person\/7356666e12ec0ee53f348ee5db227032"},"description":"Aprenda como cultivar 7 plantas que atraem paz, prote\u00e7\u00e3o e boas energias para dentro de casa, como lavanda, jasmim e espada-de-s\u00e3o-jorge.","breadcrumb":{"@id":"https:\/\/www.correiobraziliense.com.br\/cbradar\/7-plantas-que-atraem-paz-e-boas-energias-para-dentro-de-casa\/#breadcrumb"},"inLanguage":"pt-BR","potentialAction":[{"@type":"ReadAction","target":["https:\/\/www.correiobraziliense.com.br\/cbradar\/7-plantas-que-atraem-paz-e-boas-energias-para-dentro-de-casa\/"]}]},{"@type":"ImageObject","inLanguage":"pt-BR","@id":"https:\/\/www.correiobraziliense.com.br\/cbradar\/7-plantas-que-atraem-paz-e-boas-energias-para-dentro-de-casa\/#primaryimage","url":"https:\/\/www.correiobraziliense.com.br\/cbradar\/wp-content\/uploads\/2025\/04\/jasmim-flor_1744221284751.jpg","contentUrl":"https:\/\/www.correiobraziliense.com.br\/cbradar\/wp-content\/uploads\/2025\/04\/jasmim-flor_1744221284751.jpg","width":1280,"height":720,"caption":"Jasmim - Cr\u00e9ditos: depositphotos.com \/ KateNovikova"},{"@type":"BreadcrumbList","@id":"https:\/\/www.correiobraziliense.com.br\/cbradar\/7-plantas-que-atraem-paz-e-boas-energias-para-dentro-de-casa\/#breadcrumb","itemListElement":[{"@type":"ListItem","position":1,"name":"In\u00edcio","item":"https:\/\/www.correiobraziliense.com.br\/cbradar\/"},{"@type":"ListItem","position":2,"name":"7 plantas que atraem paz e boas energias para dentro de casa"}]},{"@type":"WebSite","@id":"https:\/\/www.correiobraziliense.com.br\/cbradar\/#website","url":"https:\/\/www.correiobraziliense.com.br\/cbradar\/","name":"Correio Braziliense - Radar","description":"Acompanhe as \u00faltimas not\u00edcias e fique bem informado sobre tudo o que acontece no Brasil e no mundo.","potentialAction":[{"@type":"SearchAction","target":{"@type":"EntryPoint","urlTemplate":"https:\/\/www.correiobraziliense.com.br\/cbradar\/?s={search_term_string}"},"query-input":{"@type":"PropertyValueSpecification","valueRequired":true,"valueName":"search_term_string"}}],"inLanguage":"pt-BR"},{"@type":"Person","@id":"https:\/\/www.correiobraziliense.com.br\/cbradar\/#\/schema\/person\/7356666e12ec0ee53f348ee5db227032","name":"Daniely Cardoso","image":{"@type":"ImageObject","inLanguage":"pt-BR","@id":"https:\/\/www.correiobraziliense.com.br\/cbradar\/#\/schema\/person\/image\/","url":"https:\/\/secure.gravatar.com\/avatar\/4b80ddbd124d1f071b626d52d62e5dff?s=96&d=mm&r=g","contentUrl":"https:\/\/secure.gravatar.com\/avatar\/4b80ddbd124d1f071b626d52d62e5dff?s=96&d=mm&r=g","caption":"Daniely Cardoso"},"description":"Redatora nos portais CB Radar e EM Foco, formada pela Universidade Federal de Goi\u00e1s, em Goi\u00e2nia. Apaixonada por comunica\u00e7\u00e3o, arte, decora\u00e7\u00e3o e tend\u00eancias, atuo na produ\u00e7\u00e3o de conte\u00fados envolventes sobre curiosidades, moda, beleza e paisagismo, sempre com um olhar atento \u00e0s novidades do momento.","sameAs":["https:\/\/www.correiobraziliense.com.br\/cbradar"],"url":"https:\/\/www.correiobraziliense.com.br\/cbradar\/author\/danielymyth\/"}]}},"_links":{"self":[{"href":"https:\/\/www.correiobraziliense.com.br\/cbradar\/wp-json\/wp\/v2\/posts\/44291","targetHints":{"allow":["GET"]}}],"collection":[{"href":"https:\/\/www.correiobraziliense.com.br\/cbradar\/wp-json\/wp\/v2\/posts"}],"about":[{"href":"https:\/\/www.correiobraziliense.com.br\/cbradar\/wp-json\/wp\/v2\/types\/post"}],"author":[{"embeddable":true,"href":"https:\/\/www.correiobraziliense.com.br\/cbradar\/wp-json\/wp\/v2\/users\/9"}],"replies":[{"embeddable":true,"href":"https:\/\/www.correiobraziliense.com.br\/cbradar\/wp-json\/wp\/v2\/comments?post=44291"}],"version-history":[{"count":5,"href":"https:\/\/www.correiobraziliense.com.br\/cbradar\/wp-json\/wp\/v2\/posts\/44291\/revisions"}],"predecessor-version":[{"id":44607,"href":"https:\/\/www.correiobraziliense.com.br\/cbradar\/wp-json\/wp\/v2\/posts\/44291\/revisions\/44607"}],"wp:featuredmedia":[{"embeddable":true,"href":"https:\/\/www.correiobraziliense.com.br\/cbradar\/wp-json\/wp\/v2\/media\/21325"}],"wp:attachment":[{"href":"https:\/\/www.correiobraziliense.com.br\/cbradar\/wp-json\/wp\/v2\/media?parent=44291"}],"wp:term":[{"taxonomy":"category","embeddable":true,"href":"https:\/\/www.correiobraziliense.com.br\/cbradar\/wp-json\/wp\/v2\/categories?post=44291"},{"taxonomy":"post_tag","embeddable":true,"href":"https:\/\/www.correiobraziliense.com.br\/cbradar\/wp-json\/wp\/v2\/post_tag?post=44291"}],"curies":[{"name":"wp","href":"https:\/\/api.w.org\/{rel}","templated":true}]}}