{"id":44372,"date":"2025-05-29T13:10:00","date_gmt":"2025-05-29T16:10:00","guid":{"rendered":"https:\/\/www.correiobraziliense.com.br\/cbradar\/?p=44372"},"modified":"2025-05-29T01:26:31","modified_gmt":"2025-05-29T04:26:31","slug":"esse-cultivo-virou-xodo-no-sul-do-brasil-e-o-motivo-vai-te-surpreender","status":"publish","type":"post","link":"https:\/\/www.correiobraziliense.com.br\/cbradar\/esse-cultivo-virou-xodo-no-sul-do-brasil-e-o-motivo-vai-te-surpreender\/","title":{"rendered":"Esse cultivo virou xod\u00f3 no Sul do Brasil e o motivo vai te surpreender"},"content":{"rendered":"\n<p>A ameixa-n\u00easpera, tamb\u00e9m conhecida como n\u00easpera-do-jap\u00e3o ou <strong>Eriobotrya japonica<\/strong>, \u00e9 uma fruta tropical origin\u00e1ria do sudeste asi\u00e1tico, muito apreciada pelo sabor adocicado e propriedades nutritivas. Seu <a href=\"https:\/\/www.correiobraziliense.com.br\/cbradar\/tenha-cebolinha-fresquinha-em-casa-com-metodo-simples-na-agua\/\" target=\"_blank\" rel=\"noreferrer noopener\">cultivo <\/a>tem se tornado cada vez mais popular em regi\u00f5es de clima ameno a subtropical, como o <strong>Sul <\/strong>e <strong>Sudeste <\/strong>do <strong>Brasil<\/strong>. Produz uma \u00e1rvore frut\u00edfera de porte m\u00e9dio, com folhagem densa e flores arom\u00e1ticas, sendo tamb\u00e9m valorizada na jardinagem ornamental. Aqui voc\u00ea vai aprender todos os passos necess\u00e1rios para cultivar essa fruta ex\u00f3tica com sucesso.<\/p>\n\n\n\n<h2 class=\"wp-block-heading\">Qual o clima e o solo ideais para plantar ameixa-n\u00easpera?<\/h2>\n\n\n\n<p>A ameixa-n\u00easpera adapta-se melhor a climas subtropicais, com invernos suaves e ver\u00f5es n\u00e3o excessivamente quentes. Temperaturas entre 10\u00b0C e 25\u00b0C s\u00e3o ideais para o seu desenvolvimento. Embora tolere geadas leves, per\u00edodos prolongados de frio intenso podem prejudicar a frutifica\u00e7\u00e3o. A planta prefere solos f\u00e9rteis, profundos, bem drenados e ricos em mat\u00e9ria org\u00e2nica. O pH ideal varia entre 5,5 e 6,8. \u00c9 importante evitar solos encharcados, pois o excesso de umidade favorece doen\u00e7as radiculares.<\/p>\n\n\n\n<h2 class=\"wp-block-heading\">Como preparar mudas e qual m\u00e9todo de propaga\u00e7\u00e3o \u00e9 mais indicado?<\/h2>\n\n\n\n<p>A propaga\u00e7\u00e3o da ameixa-n\u00easpera pode ser feita por sementes ou por enxertia. As sementes germinam com facilidade, mas as plantas resultantes podem n\u00e3o manter as caracter\u00edsticas da planta-m\u00e3e. Por isso, a enxertia sobre porta-enxertos compat\u00edveis, como o marmeleiro ou o pr\u00f3prio cavalo da n\u00easpera, \u00e9 a melhor alternativa para garantir qualidade e produtividade. As mudas devem ser cultivadas inicialmente em viveiros com boa ilumina\u00e7\u00e3o e irriga\u00e7\u00e3o controlada. Devem ser transplantadas quando atingirem entre 30 a 40 cm de altura, com ra\u00edzes bem desenvolvidas e livres de deforma\u00e7\u00f5es.<\/p>\n\n\n\n<h2 class=\"wp-block-heading\">Quando e como deve ser feito o plantio da ameixa-n\u00easpera?<\/h2>\n\n\n\n<p>A melhor \u00e9poca para plantar a ameixa-n\u00easpera \u00e9 no in\u00edcio da primavera ou no outono, evitando per\u00edodos de geadas ou calor excessivo. O solo deve ser previamente preparado com ara\u00e7\u00e3o e incorpora\u00e7\u00e3o de mat\u00e9ria org\u00e2nica, como esterco curtido ou composto. O espa\u00e7amento recomendado varia entre 4 x 4 metros e 6 x 6 metros, dependendo do porte da variedade escolhida. No momento do plantio, \u00e9 importante abrir covas de cerca de 50 cm de profundidade, misturar a terra retirada com adubo org\u00e2nico e posicionar a muda de forma que o colo fique ao n\u00edvel do solo.<\/p>\n\n\n\n<h2 class=\"wp-block-heading\">Quais s\u00e3o os cuidados essenciais ap\u00f3s o plantio?<\/h2>\n\n\n\n<p>Nos primeiros meses ap\u00f3s o plantio, a irriga\u00e7\u00e3o deve ser frequente, sem encharcar o solo. A aduba\u00e7\u00e3o de cobertura com f\u00f3sforo e pot\u00e1ssio favorece o enraizamento e o desenvolvimento vegetativo. Com o tempo, a frequ\u00eancia das regas pode ser reduzida, especialmente em regi\u00f5es com chuvas regulares. A poda de forma\u00e7\u00e3o deve ser feita ainda jovem, promovendo uma copa bem distribu\u00edda e facilitando a penetra\u00e7\u00e3o da luz. A partir do terceiro ano, inicia-se a poda de frutifica\u00e7\u00e3o, que remove ramos mal formados e estimula novos brotos produtivos. A cobertura do solo com palha ou capim seco ajuda a conservar a umidade e controlar ervas daninhas.<\/p>\n\n\n<div class=\"wp-block-image\">\n<figure class=\"aligncenter size-large\"><img decoding=\"async\" width=\"1024\" height=\"576\" src=\"https:\/\/www.correiobraziliense.com.br\/cbradar\/wp-content\/uploads\/2025\/05\/ameixa-nespera_1748460309010-1024x576.jpg\" alt=\"Esse cultivo virou xod\u00f3 no Sul do Brasil e o motivo vai te surpreender\" class=\"wp-image-44380\" srcset=\"https:\/\/www.correiobraziliense.com.br\/cbradar\/wp-content\/uploads\/2025\/05\/ameixa-nespera_1748460309010-1024x576.jpg 1024w, https:\/\/www.correiobraziliense.com.br\/cbradar\/wp-content\/uploads\/2025\/05\/ameixa-nespera_1748460309010-300x169.jpg 300w, https:\/\/www.correiobraziliense.com.br\/cbradar\/wp-content\/uploads\/2025\/05\/ameixa-nespera_1748460309010-768x432.jpg 768w, https:\/\/www.correiobraziliense.com.br\/cbradar\/wp-content\/uploads\/2025\/05\/ameixa-nespera_1748460309010-750x422.jpg 750w, https:\/\/www.correiobraziliense.com.br\/cbradar\/wp-content\/uploads\/2025\/05\/ameixa-nespera_1748460309010-1140x641.jpg 1140w, https:\/\/www.correiobraziliense.com.br\/cbradar\/wp-content\/uploads\/2025\/05\/ameixa-nespera_1748460309010.jpg 1280w\" sizes=\"(max-width: 1024px) 100vw, 1024px\" \/><figcaption class=\"wp-element-caption\">Ameixa n\u00easpera &#8211; Cr\u00e9ditos: depositphotos.com \/ yskandag<\/figcaption><\/figure><\/div>\n\n\n<h2 class=\"wp-block-heading\">Quais pragas e doen\u00e7as afetam a ameixa-n\u00easpera e como control\u00e1-las?<\/h2>\n\n\n\n<p>As principais pragas da ameixa-n\u00easpera incluem a mosca-das-frutas, pulg\u00f5es e cochonilhas, que podem ser controlados com armadilhas, inimigos naturais e aplica\u00e7\u00f5es pontuais de inseticidas espec\u00edficos. Entre as doen\u00e7as mais comuns est\u00e3o a mancha-parda, a podrid\u00e3o-dos-frutos e a ferrugem, que geralmente ocorrem em condi\u00e7\u00f5es de alta umidade. A preven\u00e7\u00e3o com calda bordalesa, espa\u00e7amento adequado e boa ventila\u00e7\u00e3o entre as plantas s\u00e3o medidas eficazes. O monitoramento constante da planta\u00e7\u00e3o \u00e9 fundamental para evitar perdas e garantir frutos saud\u00e1veis.<\/p>\n\n\n\n<h2 class=\"wp-block-heading\">Quando come\u00e7a a produ\u00e7\u00e3o e como \u00e9 feita a colheita da ameixa-n\u00easpera?<\/h2>\n\n\n\n<p>A ameixa-n\u00easpera come\u00e7a a produzir entre o segundo e o terceiro ano ap\u00f3s o plantio, com pico de produ\u00e7\u00e3o a partir do quinto ano. A frutifica\u00e7\u00e3o ocorre geralmente entre o final do inverno e o in\u00edcio da primavera, dependendo da regi\u00e3o. A colheita deve ser feita manualmente, com cuidado para n\u00e3o danificar os frutos, que s\u00e3o sens\u00edveis a choques mec\u00e2nicos. Os frutos maduros apresentam colora\u00e7\u00e3o amarelo-alaranjada e devem ser consumidos ou comercializados rapidamente, pois possuem curta vida \u00fatil p\u00f3s-colheita. O armazenamento refrigerado pode estender a conserva\u00e7\u00e3o por at\u00e9 uma semana.<\/p>\n\n\n\n<h2 class=\"wp-block-heading\">Quais s\u00e3o os benef\u00edcios econ\u00f4micos e nutricionais do cultivo da ameixa-n\u00easpera?<\/h2>\n\n\n\n<p>A ameixa-n\u00easpera tem se destacado n\u00e3o apenas pelo sabor doce e refrescante, mas tamb\u00e9m por seus benef\u00edcios \u00e0 sa\u00fade. \u00c9 rica em vitamina A, fibras, antioxidantes e minerais como pot\u00e1ssio e magn\u00e9sio. Sua comercializa\u00e7\u00e3o, tanto do fruto in natura quanto de produtos derivados, como geleias, sucos e doces, representa uma fonte adicional de renda para pequenos e m\u00e9dios produtores. A crescente demanda no mercado interno e externo torna o cultivo dessa frut\u00edfera uma alternativa vi\u00e1vel e promissora, especialmente em propriedades com manejo sustent\u00e1vel e certifica\u00e7\u00f5es de qualidade.<\/p>\n\n\n\n<h2 class=\"wp-block-heading\">FAQ<\/h2>\n\n\n\n<p><strong>1. A ameixa-n\u00easpera pode ser cultivada em vasos?<\/strong><br>Sim, \u00e9 poss\u00edvel cultivar a ameixa-n\u00easpera em vasos grandes, com no m\u00ednimo 60 litros de capacidade, desde que haja boa drenagem, exposi\u00e7\u00e3o solar e podas regulares para controle do porte.<\/p>\n\n\n\n<p><strong>2. Qual o tempo m\u00e9dio de produ\u00e7\u00e3o da ameixa-n\u00easpera?<\/strong><br>A planta come\u00e7a a produzir entre 2 a 3 anos ap\u00f3s o plantio, mas a produ\u00e7\u00e3o mais abundante ocorre geralmente a partir do quinto ano.<\/p>\n\n\n\n<p><strong>3. \u00c9 necess\u00e1rio realizar poda na ameixa-n\u00easpera?<\/strong><br>Sim, a poda \u00e9 importante tanto para a forma\u00e7\u00e3o da planta quanto para estimular a produ\u00e7\u00e3o de frutos. A poda anual ajuda a manter a planta saud\u00e1vel e produtiva.<\/p>\n\n\n\n<p><strong>4. Como proteger os frutos da mosca-das-frutas?<\/strong><br>Pode-se usar armadilhas atrativas, ensacamento dos frutos em desenvolvimento e controle qu\u00edmico seletivo com produtos recomendados para frut\u00edferas.<\/p>\n\n\n\n<p><strong>5. A ameixa-n\u00easpera precisa de poliniza\u00e7\u00e3o cruzada?<\/strong><br>Embora muitas variedades sejam autopoliniz\u00e1veis, a presen\u00e7a de mais de uma planta no pomar aumenta a produ\u00e7\u00e3o devido \u00e0 maior efici\u00eancia na poliniza\u00e7\u00e3o.<\/p>\n","protected":false},"excerpt":{"rendered":"<p>A ameixa-n\u00easpera, tamb\u00e9m conhecida como n\u00easpera-do-jap\u00e3o ou Eriobotrya japonica, \u00e9 uma fruta tropical origin\u00e1ria do sudeste asi\u00e1tico, muito apreciada pelo sabor adocicado e propriedades nutritivas. Seu cultivo tem se tornado cada vez mais popular em regi\u00f5es de clima ameno a subtropical, como o Sul e Sudeste do Brasil. Produz uma \u00e1rvore frut\u00edfera de porte m\u00e9dio, [&hellip;]<\/p>\n","protected":false},"author":9,"featured_media":44379,"comment_status":"open","ping_status":"open","sticky":false,"template":"","format":"standard","meta":{"_yoast_wpseo_focuskw":"ameixa-n\u00easpera","_yoast_wpseo_title":"%%title%% %%page%%","_yoast_wpseo_metadesc":"Aprenda como plantar ameixa-n\u00easpera com sucesso em casa ou no campo. Veja clima ideal, espa\u00e7amento, cuidados e colheita dos frutos.","jnews-multi-image_gallery":[],"jnews_single_post":{"format":"standard"},"jnews_primary_category":[],"jnews_social_meta":[],"jnews_override_counter":[],"footnotes":""},"categories":[136],"tags":[5550,5549,5551,5548],"class_list":["post-44372","post","type-post","status-publish","format-standard","has-post-thumbnail","hentry","category-jardinagem","tag-como-plantar-nespera","tag-cultivo-de-ameixa-nespera","tag-frutiferas-exoticas","tag-plantar-nespera"],"yoast_head":"<!-- This site is optimized with the Yoast SEO plugin v24.6 - https:\/\/yoast.com\/wordpress\/plugins\/seo\/ -->\n<title>Esse cultivo virou xod\u00f3 no Sul do Brasil e o motivo vai te surpreender<\/title>\n<meta name=\"description\" content=\"Aprenda como plantar ameixa-n\u00easpera com sucesso em casa ou no campo. Veja clima ideal, espa\u00e7amento, cuidados e colheita dos frutos.\" \/>\n<meta name=\"robots\" content=\"index, follow, max-snippet:-1, max-image-preview:large, max-video-preview:-1\" \/>\n<link rel=\"canonical\" href=\"https:\/\/www.correiobraziliense.com.br\/cbradar\/esse-cultivo-virou-xodo-no-sul-do-brasil-e-o-motivo-vai-te-surpreender\/\" \/>\n<meta property=\"og:locale\" content=\"pt_BR\" \/>\n<meta property=\"og:type\" content=\"article\" \/>\n<meta property=\"og:title\" content=\"Esse cultivo virou xod\u00f3 no Sul do Brasil e o motivo vai te surpreender\" \/>\n<meta property=\"og:description\" content=\"Aprenda como plantar ameixa-n\u00easpera com sucesso em casa ou no campo. Veja clima ideal, espa\u00e7amento, cuidados e colheita dos frutos.\" \/>\n<meta property=\"og:url\" content=\"https:\/\/www.correiobraziliense.com.br\/cbradar\/esse-cultivo-virou-xodo-no-sul-do-brasil-e-o-motivo-vai-te-surpreender\/\" \/>\n<meta property=\"og:site_name\" content=\"Correio Braziliense - Radar\" \/>\n<meta property=\"article:published_time\" content=\"2025-05-29T16:10:00+00:00\" \/>\n<meta property=\"og:image\" content=\"https:\/\/www.correiobraziliense.com.br\/cbradar\/wp-content\/uploads\/2025\/05\/ameixa-nespera_1748460273006.jpg\" \/>\n\t<meta property=\"og:image:width\" content=\"1280\" \/>\n\t<meta property=\"og:image:height\" content=\"720\" \/>\n\t<meta property=\"og:image:type\" content=\"image\/jpeg\" \/>\n<meta name=\"author\" content=\"Daniely Cardoso\" \/>\n<meta name=\"twitter:card\" content=\"summary_large_image\" \/>\n<meta name=\"twitter:label1\" content=\"Escrito por\" \/>\n\t<meta name=\"twitter:data1\" content=\"Daniely Cardoso\" \/>\n\t<meta name=\"twitter:label2\" content=\"Est. tempo de leitura\" \/>\n\t<meta name=\"twitter:data2\" content=\"6 minutos\" \/>\n<!-- \/ Yoast SEO plugin. -->","yoast_head_json":{"title":"Esse cultivo virou xod\u00f3 no Sul do Brasil e o motivo vai te surpreender","description":"Aprenda como plantar ameixa-n\u00easpera com sucesso em casa ou no campo. Veja clima ideal, espa\u00e7amento, cuidados e colheita dos frutos.","robots":{"index":"index","follow":"follow","max-snippet":"max-snippet:-1","max-image-preview":"max-image-preview:large","max-video-preview":"max-video-preview:-1"},"canonical":"https:\/\/www.correiobraziliense.com.br\/cbradar\/esse-cultivo-virou-xodo-no-sul-do-brasil-e-o-motivo-vai-te-surpreender\/","og_locale":"pt_BR","og_type":"article","og_title":"Esse cultivo virou xod\u00f3 no Sul do Brasil e o motivo vai te surpreender","og_description":"Aprenda como plantar ameixa-n\u00easpera com sucesso em casa ou no campo. Veja clima ideal, espa\u00e7amento, cuidados e colheita dos frutos.","og_url":"https:\/\/www.correiobraziliense.com.br\/cbradar\/esse-cultivo-virou-xodo-no-sul-do-brasil-e-o-motivo-vai-te-surpreender\/","og_site_name":"Correio Braziliense - Radar","article_published_time":"2025-05-29T16:10:00+00:00","og_image":[{"width":1280,"height":720,"url":"https:\/\/www.correiobraziliense.com.br\/cbradar\/wp-content\/uploads\/2025\/05\/ameixa-nespera_1748460273006.jpg","type":"image\/jpeg"}],"author":"Daniely Cardoso","twitter_card":"summary_large_image","twitter_misc":{"Escrito por":"Daniely Cardoso","Est. tempo de leitura":"6 minutos"},"schema":{"@context":"https:\/\/schema.org","@graph":[{"@type":"WebPage","@id":"https:\/\/www.correiobraziliense.com.br\/cbradar\/esse-cultivo-virou-xodo-no-sul-do-brasil-e-o-motivo-vai-te-surpreender\/","url":"https:\/\/www.correiobraziliense.com.br\/cbradar\/esse-cultivo-virou-xodo-no-sul-do-brasil-e-o-motivo-vai-te-surpreender\/","name":"Esse cultivo virou xod\u00f3 no Sul do Brasil e o motivo vai te surpreender","isPartOf":{"@id":"https:\/\/www.correiobraziliense.com.br\/cbradar\/#website"},"primaryImageOfPage":{"@id":"https:\/\/www.correiobraziliense.com.br\/cbradar\/esse-cultivo-virou-xodo-no-sul-do-brasil-e-o-motivo-vai-te-surpreender\/#primaryimage"},"image":{"@id":"https:\/\/www.correiobraziliense.com.br\/cbradar\/esse-cultivo-virou-xodo-no-sul-do-brasil-e-o-motivo-vai-te-surpreender\/#primaryimage"},"thumbnailUrl":"https:\/\/www.correiobraziliense.com.br\/cbradar\/wp-content\/uploads\/2025\/05\/ameixa-nespera_1748460273006.jpg","datePublished":"2025-05-29T16:10:00+00:00","author":{"@id":"https:\/\/www.correiobraziliense.com.br\/cbradar\/#\/schema\/person\/7356666e12ec0ee53f348ee5db227032"},"description":"Aprenda como plantar ameixa-n\u00easpera com sucesso em casa ou no campo. Veja clima ideal, espa\u00e7amento, cuidados e colheita dos frutos.","breadcrumb":{"@id":"https:\/\/www.correiobraziliense.com.br\/cbradar\/esse-cultivo-virou-xodo-no-sul-do-brasil-e-o-motivo-vai-te-surpreender\/#breadcrumb"},"inLanguage":"pt-BR","potentialAction":[{"@type":"ReadAction","target":["https:\/\/www.correiobraziliense.com.br\/cbradar\/esse-cultivo-virou-xodo-no-sul-do-brasil-e-o-motivo-vai-te-surpreender\/"]}]},{"@type":"ImageObject","inLanguage":"pt-BR","@id":"https:\/\/www.correiobraziliense.com.br\/cbradar\/esse-cultivo-virou-xodo-no-sul-do-brasil-e-o-motivo-vai-te-surpreender\/#primaryimage","url":"https:\/\/www.correiobraziliense.com.br\/cbradar\/wp-content\/uploads\/2025\/05\/ameixa-nespera_1748460273006.jpg","contentUrl":"https:\/\/www.correiobraziliense.com.br\/cbradar\/wp-content\/uploads\/2025\/05\/ameixa-nespera_1748460273006.jpg","width":1280,"height":720,"caption":"N\u00easpera - Cr\u00e9ditos: depositphotos.com \/ mylasa"},{"@type":"BreadcrumbList","@id":"https:\/\/www.correiobraziliense.com.br\/cbradar\/esse-cultivo-virou-xodo-no-sul-do-brasil-e-o-motivo-vai-te-surpreender\/#breadcrumb","itemListElement":[{"@type":"ListItem","position":1,"name":"In\u00edcio","item":"https:\/\/www.correiobraziliense.com.br\/cbradar\/"},{"@type":"ListItem","position":2,"name":"Esse cultivo virou xod\u00f3 no Sul do Brasil e o motivo vai te surpreender"}]},{"@type":"WebSite","@id":"https:\/\/www.correiobraziliense.com.br\/cbradar\/#website","url":"https:\/\/www.correiobraziliense.com.br\/cbradar\/","name":"Correio Braziliense - Radar","description":"Acompanhe as \u00faltimas not\u00edcias e fique bem informado sobre tudo o que acontece no Brasil e no mundo.","potentialAction":[{"@type":"SearchAction","target":{"@type":"EntryPoint","urlTemplate":"https:\/\/www.correiobraziliense.com.br\/cbradar\/?s={search_term_string}"},"query-input":{"@type":"PropertyValueSpecification","valueRequired":true,"valueName":"search_term_string"}}],"inLanguage":"pt-BR"},{"@type":"Person","@id":"https:\/\/www.correiobraziliense.com.br\/cbradar\/#\/schema\/person\/7356666e12ec0ee53f348ee5db227032","name":"Daniely Cardoso","image":{"@type":"ImageObject","inLanguage":"pt-BR","@id":"https:\/\/www.correiobraziliense.com.br\/cbradar\/#\/schema\/person\/image\/","url":"https:\/\/secure.gravatar.com\/avatar\/4b80ddbd124d1f071b626d52d62e5dff?s=96&d=mm&r=g","contentUrl":"https:\/\/secure.gravatar.com\/avatar\/4b80ddbd124d1f071b626d52d62e5dff?s=96&d=mm&r=g","caption":"Daniely Cardoso"},"description":"Redatora nos portais CB Radar e EM Foco, formada pela Universidade Federal de Goi\u00e1s, em Goi\u00e2nia. Apaixonada por comunica\u00e7\u00e3o, arte, decora\u00e7\u00e3o e tend\u00eancias, atuo na produ\u00e7\u00e3o de conte\u00fados envolventes sobre curiosidades, moda, beleza e paisagismo, sempre com um olhar atento \u00e0s novidades do momento.","sameAs":["https:\/\/www.correiobraziliense.com.br\/cbradar"],"url":"https:\/\/www.correiobraziliense.com.br\/cbradar\/author\/danielymyth\/"}]}},"_links":{"self":[{"href":"https:\/\/www.correiobraziliense.com.br\/cbradar\/wp-json\/wp\/v2\/posts\/44372","targetHints":{"allow":["GET"]}}],"collection":[{"href":"https:\/\/www.correiobraziliense.com.br\/cbradar\/wp-json\/wp\/v2\/posts"}],"about":[{"href":"https:\/\/www.correiobraziliense.com.br\/cbradar\/wp-json\/wp\/v2\/types\/post"}],"author":[{"embeddable":true,"href":"https:\/\/www.correiobraziliense.com.br\/cbradar\/wp-json\/wp\/v2\/users\/9"}],"replies":[{"embeddable":true,"href":"https:\/\/www.correiobraziliense.com.br\/cbradar\/wp-json\/wp\/v2\/comments?post=44372"}],"version-history":[{"count":3,"href":"https:\/\/www.correiobraziliense.com.br\/cbradar\/wp-json\/wp\/v2\/posts\/44372\/revisions"}],"predecessor-version":[{"id":44598,"href":"https:\/\/www.correiobraziliense.com.br\/cbradar\/wp-json\/wp\/v2\/posts\/44372\/revisions\/44598"}],"wp:featuredmedia":[{"embeddable":true,"href":"https:\/\/www.correiobraziliense.com.br\/cbradar\/wp-json\/wp\/v2\/media\/44379"}],"wp:attachment":[{"href":"https:\/\/www.correiobraziliense.com.br\/cbradar\/wp-json\/wp\/v2\/media?parent=44372"}],"wp:term":[{"taxonomy":"category","embeddable":true,"href":"https:\/\/www.correiobraziliense.com.br\/cbradar\/wp-json\/wp\/v2\/categories?post=44372"},{"taxonomy":"post_tag","embeddable":true,"href":"https:\/\/www.correiobraziliense.com.br\/cbradar\/wp-json\/wp\/v2\/tags?post=44372"}],"curies":[{"name":"wp","href":"https:\/\/api.w.org\/{rel}","templated":true}]}}