{"id":44621,"date":"2025-05-30T07:23:00","date_gmt":"2025-05-30T10:23:00","guid":{"rendered":"https:\/\/www.correiobraziliense.com.br\/cbradar\/?p=44621"},"modified":"2025-05-29T08:55:11","modified_gmt":"2025-05-29T11:55:11","slug":"essa-serie-vai-mexer-com-tudo-que-voce-acredita","status":"publish","type":"post","link":"https:\/\/www.correiobraziliense.com.br\/cbradar\/essa-serie-vai-mexer-com-tudo-que-voce-acredita\/","title":{"rendered":"Essa s\u00e9rie vai mexer com tudo que voc\u00ea acredita"},"content":{"rendered":"\n<p><strong>The Leftovers<\/strong> \u00e9 uma s\u00e9rie dram\u00e1tica e existencial criada por <strong>Damon Lindelof<\/strong> e <strong>Tom Perrotta<\/strong>, baseada no livro hom\u00f4nimo de Perrotta. Lan\u00e7ada em 2014 pela <strong>HBO<\/strong>, a trama come\u00e7a tr\u00eas anos ap\u00f3s um evento misterioso conhecido como &#8220;Partida Repentina&#8221;, no qual 2% da popula\u00e7\u00e3o mundial simplesmente desapareceu sem explica\u00e7\u00e3o.<\/p>\n\n\n\n<p>A s\u00e9rie acompanha os moradores da pequena cidade de Mapleton, em especial o chefe de pol\u00edcia <strong>Kevin Garvey<\/strong>, enquanto tentam encontrar sentido em um mundo que parece ter perdido a l\u00f3gica e a esperan\u00e7a.<\/p>\n\n\n\n<h2 class=\"wp-block-heading\">Quem s\u00e3o os personagens principais?<\/h2>\n\n\n\n<ul class=\"wp-block-list\">\n<li><strong>Kevin Garvey<\/strong> (Justin Theroux): policial atormentado por vis\u00f5es e d\u00favidas sobre sua sanidade.<\/li>\n\n\n\n<li><strong>Nora Durst<\/strong> (Carrie Coon): perdeu toda a fam\u00edlia na Partida e luta para seguir em frente.<\/li>\n\n\n\n<li><strong>Laurie Garvey<\/strong> (Amy Brenneman): ex-esposa de Kevin, que se junta a um culto silencioso.<\/li>\n\n\n\n<li><strong>Matt Jamison<\/strong>, <strong>Meg Abbott<\/strong>, <strong>Tom Garvey<\/strong>, <strong>Jill Garvey<\/strong>: personagens que enfrentam o vazio de formas distintas.<\/li>\n<\/ul>\n\n\n\n<figure class=\"wp-block-image size-large\"><img decoding=\"async\" width=\"1024\" height=\"576\" src=\"https:\/\/www.correiobraziliense.com.br\/cbradar\/wp-content\/uploads\/2025\/05\/The-Leftovers-2-1024x576.png\" alt=\"Essa s\u00e9rie vai mexer com tudo que voc\u00ea acredita\" class=\"wp-image-44622\" srcset=\"https:\/\/www.correiobraziliense.com.br\/cbradar\/wp-content\/uploads\/2025\/05\/The-Leftovers-2-1024x576.png 1024w, https:\/\/www.correiobraziliense.com.br\/cbradar\/wp-content\/uploads\/2025\/05\/The-Leftovers-2-300x169.png 300w, https:\/\/www.correiobraziliense.com.br\/cbradar\/wp-content\/uploads\/2025\/05\/The-Leftovers-2-768x432.png 768w, https:\/\/www.correiobraziliense.com.br\/cbradar\/wp-content\/uploads\/2025\/05\/The-Leftovers-2-750x422.png 750w, https:\/\/www.correiobraziliense.com.br\/cbradar\/wp-content\/uploads\/2025\/05\/The-Leftovers-2-1140x641.png 1140w, https:\/\/www.correiobraziliense.com.br\/cbradar\/wp-content\/uploads\/2025\/05\/The-Leftovers-2.png 1280w\" sizes=\"(max-width: 1024px) 100vw, 1024px\" \/><figcaption class=\"wp-element-caption\">The Leftovers. Fonte: divulga\u00e7\u00e3o \/ HBO<\/figcaption><\/figure>\n\n\n\n<h2 class=\"wp-block-heading\">Como a s\u00e9rie aborda f\u00e9, dor e o sentido da exist\u00eancia?<\/h2>\n\n\n\n<p><em>The Leftovers<\/em> \u00e9 uma obra profundamente filos\u00f3fica. Em vez de buscar explica\u00e7\u00f5es para o desaparecimento, a s\u00e9rie foca nas consequ\u00eancias emocionais e espirituais do evento. O luto, a f\u00e9, o fanatismo, a desesperan\u00e7a e o desejo de reden\u00e7\u00e3o s\u00e3o explorados com sensibilidade e intensidade.<\/p>\n\n\n\n<p>A narrativa densa, acompanhada por trilha sonora marcante e atua\u00e7\u00f5es excepcionais, provoca reflex\u00e3o sobre como lidamos com o inexplic\u00e1vel.<\/p>\n\n\n\n<h2 class=\"wp-block-heading\">Vale a pena assistir The Leftovers?<\/h2>\n\n\n\n<p>Sim. <em>The Leftovers<\/em> \u00e9 considerada uma das s\u00e9ries mais poderosas e subestimadas da HBO. Sua evolu\u00e7\u00e3o ao longo das tr\u00eas temporadas \u00e9 not\u00e1vel, culminando em um desfecho po\u00e9tico e emocionalmente devastador.<\/p>\n\n\n\n<p>Recomendada para quem busca experi\u00eancias transformadoras e tem\u00e1ticas existenciais profundas.<\/p>\n\n\n\n<h2 class=\"wp-block-heading\">Curiosidades sobre The Leftovers<\/h2>\n\n\n\n<ul class=\"wp-block-list\">\n<li>As tr\u00eas temporadas apresentam estilos e ritmos diferentes, refletindo a evolu\u00e7\u00e3o emocional dos personagens.<\/li>\n\n\n\n<li>A trilha sonora de <strong>Max Richter<\/strong> \u00e9 um dos grandes destaques da s\u00e9rie.<\/li>\n\n\n\n<li>Carrie Coon foi aclamada por sua performance como Nora Durst.<\/li>\n\n\n\n<li>A s\u00e9rie ganhou status cult por sua ousadia narrativa e densidade emocional.<\/li>\n<\/ul>\n\n\n\n<iframe loading=\"lazy\" width=\"560\" height=\"315\" src=\"https:\/\/www.youtube.com\/embed\/N8LKWwJeWy0?si=nfnDUuEvd36Ut-4S\" title=\"YouTube video player\" frameborder=\"0\" allow=\"accelerometer; autoplay; clipboard-write; encrypted-media; gyroscope; picture-in-picture; web-share\" referrerpolicy=\"strict-origin-when-cross-origin\" allowfullscreen><\/iframe>\n\n\n\n<h2 class=\"wp-block-heading\">FAQ &#8211; Perguntas frequentes<\/h2>\n\n\n\n<ul class=\"wp-block-list\">\n<li><strong>Onde assistir The Leftovers?<\/strong>\n<ul class=\"wp-block-list\">\n<li>Dispon\u00edvel na <strong>HBO Max<\/strong>.<\/li>\n<\/ul>\n<\/li>\n\n\n\n<li><strong>Quem est\u00e1 no elenco principal?<\/strong>\n<ul class=\"wp-block-list\">\n<li><strong>Justin Theroux<\/strong>, <strong>Carrie Coon<\/strong>, <strong>Amy Brenneman<\/strong>, <strong>Christopher Eccleston<\/strong>, <strong>Liv Tyler<\/strong>, <strong>Ann Dowd<\/strong>.<\/li>\n<\/ul>\n<\/li>\n\n\n\n<li><strong>Qual o ano de lan\u00e7amento da s\u00e9rie?<\/strong>\n<ul class=\"wp-block-list\">\n<li><em>The Leftovers<\/em> estreou em 2014 e foi finalizada em 2017.<\/li>\n<\/ul>\n<\/li>\n\n\n\n<li><strong>Qual a produtora respons\u00e1vel pela s\u00e9rie?<\/strong>\n<ul class=\"wp-block-list\">\n<li>Produzida pela <strong>HBO<\/strong> em parceria com a <strong>Warner Bros. Television<\/strong> e a <strong>White Rabbit Productions<\/strong>.<\/li>\n<\/ul>\n<\/li>\n<\/ul>\n","protected":false},"excerpt":{"rendered":"<p>Mist\u00e9rio, f\u00e9 e dor se entrela\u00e7am em uma s\u00e9rie que retrata o mundo ap\u00f3s o desaparecimento inexplic\u00e1vel de 2% da popula\u00e7\u00e3o.<\/p>\n","protected":false},"author":3,"featured_media":44623,"comment_status":"open","ping_status":"open","sticky":false,"template":"","format":"standard","meta":{"_yoast_wpseo_focuskw":"The Leftovers","_yoast_wpseo_title":"%%title%%","_yoast_wpseo_metadesc":"Mist\u00e9rio, f\u00e9 e dor se entrela\u00e7am em uma s\u00e9rie que retrata o mundo ap\u00f3s o desaparecimento inexplic\u00e1vel de 2% da popula\u00e7\u00e3o.","jnews-multi-image_gallery":[],"jnews_single_post":{"format":"standard"},"jnews_primary_category":[],"jnews_social_meta":[],"jnews_override_counter":[],"footnotes":""},"categories":[140],"post_tag":[568],"class_list":["post-44621","post","type-post","status-publish","format-standard","has-post-thumbnail","hentry","category-entretenimento","tag-series-e-filmes"],"yoast_head":"<!-- This site is optimized with the Yoast SEO plugin v24.6 - https:\/\/yoast.com\/wordpress\/plugins\/seo\/ -->\n<title>Essa s\u00e9rie vai mexer com tudo que voc\u00ea acredita<\/title>\n<meta name=\"description\" content=\"Mist\u00e9rio, f\u00e9 e dor se entrela\u00e7am em uma s\u00e9rie que retrata o mundo ap\u00f3s o desaparecimento inexplic\u00e1vel de 2% da popula\u00e7\u00e3o.\" \/>\n<meta name=\"robots\" content=\"index, follow, max-snippet:-1, max-image-preview:large, max-video-preview:-1\" \/>\n<link rel=\"canonical\" href=\"https:\/\/www.correiobraziliense.com.br\/cbradar\/essa-serie-vai-mexer-com-tudo-que-voce-acredita\/\" \/>\n<meta property=\"og:locale\" content=\"pt_BR\" \/>\n<meta property=\"og:type\" content=\"article\" \/>\n<meta property=\"og:title\" content=\"Essa s\u00e9rie vai mexer com tudo que voc\u00ea acredita\" \/>\n<meta property=\"og:description\" content=\"Mist\u00e9rio, f\u00e9 e dor se entrela\u00e7am em uma s\u00e9rie que retrata o mundo ap\u00f3s o desaparecimento inexplic\u00e1vel de 2% da popula\u00e7\u00e3o.\" \/>\n<meta property=\"og:url\" content=\"https:\/\/www.correiobraziliense.com.br\/cbradar\/essa-serie-vai-mexer-com-tudo-que-voce-acredita\/\" \/>\n<meta property=\"og:site_name\" content=\"Correio Braziliense - Radar\" \/>\n<meta property=\"article:published_time\" content=\"2025-05-30T10:23:00+00:00\" \/>\n<meta property=\"og:image\" content=\"https:\/\/www.correiobraziliense.com.br\/cbradar\/wp-content\/uploads\/2025\/05\/The-Leftovers.png\" \/>\n\t<meta property=\"og:image:width\" content=\"1280\" \/>\n\t<meta property=\"og:image:height\" content=\"720\" \/>\n\t<meta property=\"og:image:type\" content=\"image\/png\" \/>\n<meta name=\"author\" content=\"Larissa Carvalho\" \/>\n<meta name=\"twitter:card\" content=\"summary_large_image\" \/>\n<meta name=\"twitter:label1\" content=\"Escrito por\" \/>\n\t<meta name=\"twitter:data1\" content=\"Larissa Carvalho\" \/>\n\t<meta name=\"twitter:label2\" content=\"Est. tempo de leitura\" \/>\n\t<meta name=\"twitter:data2\" content=\"3 minutos\" \/>\n<!-- \/ Yoast SEO plugin. -->","yoast_head_json":{"title":"Essa s\u00e9rie vai mexer com tudo que voc\u00ea acredita","description":"Mist\u00e9rio, f\u00e9 e dor se entrela\u00e7am em uma s\u00e9rie que retrata o mundo ap\u00f3s o desaparecimento inexplic\u00e1vel de 2% da popula\u00e7\u00e3o.","robots":{"index":"index","follow":"follow","max-snippet":"max-snippet:-1","max-image-preview":"max-image-preview:large","max-video-preview":"max-video-preview:-1"},"canonical":"https:\/\/www.correiobraziliense.com.br\/cbradar\/essa-serie-vai-mexer-com-tudo-que-voce-acredita\/","og_locale":"pt_BR","og_type":"article","og_title":"Essa s\u00e9rie vai mexer com tudo que voc\u00ea acredita","og_description":"Mist\u00e9rio, f\u00e9 e dor se entrela\u00e7am em uma s\u00e9rie que retrata o mundo ap\u00f3s o desaparecimento inexplic\u00e1vel de 2% da popula\u00e7\u00e3o.","og_url":"https:\/\/www.correiobraziliense.com.br\/cbradar\/essa-serie-vai-mexer-com-tudo-que-voce-acredita\/","og_site_name":"Correio Braziliense - Radar","article_published_time":"2025-05-30T10:23:00+00:00","og_image":[{"width":1280,"height":720,"url":"https:\/\/www.correiobraziliense.com.br\/cbradar\/wp-content\/uploads\/2025\/05\/The-Leftovers.png","type":"image\/png"}],"author":"Larissa Carvalho","twitter_card":"summary_large_image","twitter_misc":{"Escrito por":"Larissa Carvalho","Est. tempo de leitura":"3 minutos"},"schema":{"@context":"https:\/\/schema.org","@graph":[{"@type":"WebPage","@id":"https:\/\/www.correiobraziliense.com.br\/cbradar\/essa-serie-vai-mexer-com-tudo-que-voce-acredita\/","url":"https:\/\/www.correiobraziliense.com.br\/cbradar\/essa-serie-vai-mexer-com-tudo-que-voce-acredita\/","name":"Essa s\u00e9rie vai mexer com tudo que voc\u00ea acredita","isPartOf":{"@id":"https:\/\/www.correiobraziliense.com.br\/cbradar\/#website"},"primaryImageOfPage":{"@id":"https:\/\/www.correiobraziliense.com.br\/cbradar\/essa-serie-vai-mexer-com-tudo-que-voce-acredita\/#primaryimage"},"image":{"@id":"https:\/\/www.correiobraziliense.com.br\/cbradar\/essa-serie-vai-mexer-com-tudo-que-voce-acredita\/#primaryimage"},"thumbnailUrl":"https:\/\/www.correiobraziliense.com.br\/cbradar\/wp-content\/uploads\/2025\/05\/The-Leftovers.png","datePublished":"2025-05-30T10:23:00+00:00","author":{"@id":"https:\/\/www.correiobraziliense.com.br\/cbradar\/#\/schema\/person\/58422787644df994b53a19d3e56c1513"},"description":"Mist\u00e9rio, f\u00e9 e dor se entrela\u00e7am em uma s\u00e9rie que retrata o mundo ap\u00f3s o desaparecimento inexplic\u00e1vel de 2% da popula\u00e7\u00e3o.","breadcrumb":{"@id":"https:\/\/www.correiobraziliense.com.br\/cbradar\/essa-serie-vai-mexer-com-tudo-que-voce-acredita\/#breadcrumb"},"inLanguage":"pt-BR","potentialAction":[{"@type":"ReadAction","target":["https:\/\/www.correiobraziliense.com.br\/cbradar\/essa-serie-vai-mexer-com-tudo-que-voce-acredita\/"]}]},{"@type":"ImageObject","inLanguage":"pt-BR","@id":"https:\/\/www.correiobraziliense.com.br\/cbradar\/essa-serie-vai-mexer-com-tudo-que-voce-acredita\/#primaryimage","url":"https:\/\/www.correiobraziliense.com.br\/cbradar\/wp-content\/uploads\/2025\/05\/The-Leftovers.png","contentUrl":"https:\/\/www.correiobraziliense.com.br\/cbradar\/wp-content\/uploads\/2025\/05\/The-Leftovers.png","width":1280,"height":720,"caption":"The Leftovers. Fonte: divulga\u00e7\u00e3o \/ HBO"},{"@type":"BreadcrumbList","@id":"https:\/\/www.correiobraziliense.com.br\/cbradar\/essa-serie-vai-mexer-com-tudo-que-voce-acredita\/#breadcrumb","itemListElement":[{"@type":"ListItem","position":1,"name":"In\u00edcio","item":"https:\/\/www.correiobraziliense.com.br\/cbradar\/"},{"@type":"ListItem","position":2,"name":"Essa s\u00e9rie vai mexer com tudo que voc\u00ea acredita"}]},{"@type":"WebSite","@id":"https:\/\/www.correiobraziliense.com.br\/cbradar\/#website","url":"https:\/\/www.correiobraziliense.com.br\/cbradar\/","name":"Correio Braziliense - Radar","description":"Acompanhe as \u00faltimas not\u00edcias e fique bem informado sobre tudo o que acontece no Brasil e no mundo.","potentialAction":[{"@type":"SearchAction","target":{"@type":"EntryPoint","urlTemplate":"https:\/\/www.correiobraziliense.com.br\/cbradar\/?s={search_term_string}"},"query-input":{"@type":"PropertyValueSpecification","valueRequired":true,"valueName":"search_term_string"}}],"inLanguage":"pt-BR"},{"@type":"Person","@id":"https:\/\/www.correiobraziliense.com.br\/cbradar\/#\/schema\/person\/58422787644df994b53a19d3e56c1513","name":"Larissa Carvalho","image":{"@type":"ImageObject","inLanguage":"pt-BR","@id":"https:\/\/www.correiobraziliense.com.br\/cbradar\/#\/schema\/person\/image\/","url":"https:\/\/secure.gravatar.com\/avatar\/fe4f91a0de32b52a838d0d612abdc1aa?s=96&d=mm&r=g","contentUrl":"https:\/\/secure.gravatar.com\/avatar\/fe4f91a0de32b52a838d0d612abdc1aa?s=96&d=mm&r=g","caption":"Larissa Carvalho"},"url":"https:\/\/www.correiobraziliense.com.br\/cbradar\/author\/larissamyth\/"}]}},"_links":{"self":[{"href":"https:\/\/www.correiobraziliense.com.br\/cbradar\/wp-json\/wp\/v2\/posts\/44621","targetHints":{"allow":["GET"]}}],"collection":[{"href":"https:\/\/www.correiobraziliense.com.br\/cbradar\/wp-json\/wp\/v2\/posts"}],"about":[{"href":"https:\/\/www.correiobraziliense.com.br\/cbradar\/wp-json\/wp\/v2\/types\/post"}],"author":[{"embeddable":true,"href":"https:\/\/www.correiobraziliense.com.br\/cbradar\/wp-json\/wp\/v2\/users\/3"}],"replies":[{"embeddable":true,"href":"https:\/\/www.correiobraziliense.com.br\/cbradar\/wp-json\/wp\/v2\/comments?post=44621"}],"version-history":[{"count":1,"href":"https:\/\/www.correiobraziliense.com.br\/cbradar\/wp-json\/wp\/v2\/posts\/44621\/revisions"}],"predecessor-version":[{"id":44624,"href":"https:\/\/www.correiobraziliense.com.br\/cbradar\/wp-json\/wp\/v2\/posts\/44621\/revisions\/44624"}],"wp:featuredmedia":[{"embeddable":true,"href":"https:\/\/www.correiobraziliense.com.br\/cbradar\/wp-json\/wp\/v2\/media\/44623"}],"wp:attachment":[{"href":"https:\/\/www.correiobraziliense.com.br\/cbradar\/wp-json\/wp\/v2\/media?parent=44621"}],"wp:term":[{"taxonomy":"category","embeddable":true,"href":"https:\/\/www.correiobraziliense.com.br\/cbradar\/wp-json\/wp\/v2\/categories?post=44621"},{"taxonomy":"post_tag","embeddable":true,"href":"https:\/\/www.correiobraziliense.com.br\/cbradar\/wp-json\/wp\/v2\/post_tag?post=44621"}],"curies":[{"name":"wp","href":"https:\/\/api.w.org\/{rel}","templated":true}]}}