{"id":44629,"date":"2025-05-30T15:30:00","date_gmt":"2025-05-30T18:30:00","guid":{"rendered":"https:\/\/www.correiobraziliense.com.br\/cbradar\/?p=44629"},"modified":"2025-05-29T08:54:55","modified_gmt":"2025-05-29T11:54:55","slug":"esse-filme-vai-virar-sua-cabeca-e-seu-coracao","status":"publish","type":"post","link":"https:\/\/www.correiobraziliense.com.br\/cbradar\/esse-filme-vai-virar-sua-cabeca-e-seu-coracao\/","title":{"rendered":"Esse filme vai virar sua cabe\u00e7a e seu cora\u00e7\u00e3o"},"content":{"rendered":"\n<p><strong>Tudo em Todo Lugar ao Mesmo Tempo<\/strong> (<em>Everything Everywhere All at Once<\/em>) \u00e9 um filme de a\u00e7\u00e3o, com\u00e9dia e fic\u00e7\u00e3o cient\u00edfica lan\u00e7ado em 2022, dirigido pela dupla <strong>Daniel Kwan<\/strong> e <strong>Daniel Scheinert<\/strong> (conhecidos como \u201cDaniels\u201d). A trama acompanha <strong>Evelyn Wang<\/strong>, uma imigrante chinesa nos Estados Unidos que administra uma lavanderia com o marido e enfrenta problemas familiares, financeiros e existenciais.<\/p>\n\n\n\n<p>Tudo muda quando ela descobre que \u00e9 a chave para salvar o multiverso de uma amea\u00e7a devastadora. Atrav\u00e9s de vers\u00f5es alternativas de si mesma, Evelyn embarca em uma jornada que mistura kung fu, absurdos visuais e uma poderosa reflex\u00e3o sobre identidade e afeto.<\/p>\n\n\n\n<h2 class=\"wp-block-heading\">Quem s\u00e3o os personagens principais?<\/h2>\n\n\n\n<ul class=\"wp-block-list\">\n<li><strong>Evelyn Wang<\/strong> (Michelle Yeoh): protagonista multifacetada e determinada.<\/li>\n\n\n\n<li><strong>Waymond Wang<\/strong> (Ke Huy Quan): marido gentil e surpreendente.<\/li>\n\n\n\n<li><strong>Joy Wang \/ Jobu Tupaki<\/strong> (Stephanie Hsu): filha rebelde com papel crucial na trama.<\/li>\n\n\n\n<li><strong>Deirdre Beaubeirdre<\/strong> (Jamie Lee Curtis): auditora do IRS e antagonista exc\u00eantrica.<\/li>\n<\/ul>\n\n\n\n<figure class=\"wp-block-image size-large\"><img decoding=\"async\" width=\"1024\" height=\"576\" src=\"https:\/\/www.correiobraziliense.com.br\/cbradar\/wp-content\/uploads\/2025\/05\/Tudo-em-Todo-Lugar-ao-Mesmo-Tempo-2-1024x576.png\" alt=\"Esse filme vai virar sua cabe\u00e7a e seu cora\u00e7\u00e3o\" class=\"wp-image-44630\" srcset=\"https:\/\/www.correiobraziliense.com.br\/cbradar\/wp-content\/uploads\/2025\/05\/Tudo-em-Todo-Lugar-ao-Mesmo-Tempo-2-1024x576.png 1024w, https:\/\/www.correiobraziliense.com.br\/cbradar\/wp-content\/uploads\/2025\/05\/Tudo-em-Todo-Lugar-ao-Mesmo-Tempo-2-300x169.png 300w, https:\/\/www.correiobraziliense.com.br\/cbradar\/wp-content\/uploads\/2025\/05\/Tudo-em-Todo-Lugar-ao-Mesmo-Tempo-2-768x432.png 768w, https:\/\/www.correiobraziliense.com.br\/cbradar\/wp-content\/uploads\/2025\/05\/Tudo-em-Todo-Lugar-ao-Mesmo-Tempo-2-750x422.png 750w, https:\/\/www.correiobraziliense.com.br\/cbradar\/wp-content\/uploads\/2025\/05\/Tudo-em-Todo-Lugar-ao-Mesmo-Tempo-2-1140x641.png 1140w, https:\/\/www.correiobraziliense.com.br\/cbradar\/wp-content\/uploads\/2025\/05\/Tudo-em-Todo-Lugar-ao-Mesmo-Tempo-2.png 1280w\" sizes=\"(max-width: 1024px) 100vw, 1024px\" \/><figcaption class=\"wp-element-caption\">Tudo em Todo Lugar ao Mesmo Tempo. Fonte: divulga\u00e7\u00e3o \/ A24<\/figcaption><\/figure>\n\n\n\n<h2 class=\"wp-block-heading\">Como o filme mistura loucura, emo\u00e7\u00e3o e filosofia?<\/h2>\n\n\n\n<p><em>Tudo em Todo Lugar ao Mesmo Tempo<\/em> \u00e9 uma explos\u00e3o sensorial. A narrativa brinca com realidades paralelas, estilos cinematogr\u00e1ficos e g\u00eaneros, mas seu verdadeiro cora\u00e7\u00e3o est\u00e1 na rela\u00e7\u00e3o entre m\u00e3e e filha, nos conflitos de gera\u00e7\u00f5es e na aceita\u00e7\u00e3o do caos como parte da exist\u00eancia.<\/p>\n\n\n\n<p>O filme aborda niilismo, reconcilia\u00e7\u00e3o, traumas imigrantes e escolhas pessoais, com humor, originalidade e profundidade surpreendentes.<\/p>\n\n\n\n<h2 class=\"wp-block-heading\">Vale a pena assistir Tudo em Todo Lugar ao Mesmo Tempo?<\/h2>\n\n\n\n<p>Sim. Este \u00e9 um dos filmes mais originais da d\u00e9cada. Vencedor de 7 Oscars, incluindo Melhor Filme, Dire\u00e7\u00e3o, Atriz e Ator Coadjuvante, ele mistura o absurdo com o sublime de forma \u00fanica. Michelle Yeoh e Ke Huy Quan entregam atua\u00e7\u00f5es inesquec\u00edveis.<\/p>\n\n\n\n<p>Recomendado para quem busca experi\u00eancias cinematogr\u00e1ficas ousadas, emocionantes e cheias de significado.<\/p>\n\n\n\n<h2 class=\"wp-block-heading\">Curiosidades sobre Tudo em Todo Lugar ao Mesmo Tempo<\/h2>\n\n\n\n<ul class=\"wp-block-list\">\n<li>Foi o filme mais premiado da temporada de premia\u00e7\u00f5es de 2023.<\/li>\n\n\n\n<li>Gravado com um or\u00e7amento modesto, mas com criatividade visual impressionante.<\/li>\n\n\n\n<li>Combina refer\u00eancias que v\u00e3o de \u201cMatrix\u201d a \u201cRick and Morty\u201d.<\/li>\n\n\n\n<li>Foi aclamado por seu retrato de fam\u00edlias asi\u00e1tico-americanas e representatividade LGBTQIA+.<\/li>\n<\/ul>\n\n\n\n<iframe loading=\"lazy\" width=\"560\" height=\"315\" src=\"https:\/\/www.youtube.com\/embed\/kULcXm9V7aY?si=RImBcacbs0_HmiPg\" title=\"YouTube video player\" frameborder=\"0\" allow=\"accelerometer; autoplay; clipboard-write; encrypted-media; gyroscope; picture-in-picture; web-share\" referrerpolicy=\"strict-origin-when-cross-origin\" allowfullscreen><\/iframe>\n\n\n\n<h2 class=\"wp-block-heading\">FAQ &#8211; Perguntas frequentes<\/h2>\n\n\n\n<ul class=\"wp-block-list\">\n<li><strong>Onde assistir Tudo em Todo Lugar ao Mesmo Tempo?<\/strong>\n<ul class=\"wp-block-list\">\n<li>Dispon\u00edvel na <strong>Prime Video<\/strong>, <strong>Apple TV<\/strong>, <strong>Google Play<\/strong> e <strong>YouTube Filmes<\/strong>.<\/li>\n<\/ul>\n<\/li>\n\n\n\n<li><strong>Quem est\u00e1 no elenco principal?<\/strong>\n<ul class=\"wp-block-list\">\n<li><strong>Michelle Yeoh<\/strong>, <strong>Ke Huy Quan<\/strong>, <strong>Stephanie Hsu<\/strong>, <strong>Jamie Lee Curtis<\/strong>, <strong>James Hong<\/strong>.<\/li>\n<\/ul>\n<\/li>\n\n\n\n<li><strong>Qual o ano de lan\u00e7amento do filme?<\/strong>\n<ul class=\"wp-block-list\">\n<li><em>Tudo em Todo Lugar ao Mesmo Tempo<\/em> foi lan\u00e7ado em 2022.<\/li>\n<\/ul>\n<\/li>\n\n\n\n<li><strong>Qual a produtora respons\u00e1vel pelo filme?<\/strong>\n<ul class=\"wp-block-list\">\n<li>Produzido pela <strong>A24<\/strong>, <strong>AGBO<\/strong>, e <strong>IAC Films<\/strong>.<\/li>\n<\/ul>\n<\/li>\n<\/ul>\n","protected":false},"excerpt":{"rendered":"<p>Um multiverso ca\u00f3tico, emocionante e cheio de significado redefine o que esperamos de um filme de a\u00e7\u00e3o e fam\u00edlia.<\/p>\n","protected":false},"author":3,"featured_media":44631,"comment_status":"open","ping_status":"open","sticky":false,"template":"","format":"standard","meta":{"_yoast_wpseo_focuskw":"Tudo em Todo Lugar ao Mesmo Tempo","_yoast_wpseo_title":"%%title%%","_yoast_wpseo_metadesc":"Um multiverso ca\u00f3tico, emocionante e cheio de significado redefine o que esperamos de um filme de a\u00e7\u00e3o e fam\u00edlia.","jnews-multi-image_gallery":[],"jnews_single_post":{"format":"standard"},"jnews_primary_category":[],"jnews_social_meta":[],"jnews_override_counter":[],"footnotes":""},"categories":[140],"post_tag":[568],"class_list":["post-44629","post","type-post","status-publish","format-standard","has-post-thumbnail","hentry","category-entretenimento","tag-series-e-filmes"],"yoast_head":"<!-- This site is optimized with the Yoast SEO plugin v24.6 - https:\/\/yoast.com\/wordpress\/plugins\/seo\/ -->\n<title>Esse filme vai virar sua cabe\u00e7a e seu cora\u00e7\u00e3o<\/title>\n<meta name=\"description\" content=\"Um multiverso ca\u00f3tico, emocionante e cheio de significado redefine o que esperamos de um filme de a\u00e7\u00e3o e fam\u00edlia.\" \/>\n<meta name=\"robots\" content=\"index, follow, max-snippet:-1, max-image-preview:large, max-video-preview:-1\" \/>\n<link rel=\"canonical\" href=\"https:\/\/www.correiobraziliense.com.br\/cbradar\/esse-filme-vai-virar-sua-cabeca-e-seu-coracao\/\" \/>\n<meta property=\"og:locale\" content=\"pt_BR\" \/>\n<meta property=\"og:type\" content=\"article\" \/>\n<meta property=\"og:title\" content=\"Esse filme vai virar sua cabe\u00e7a e seu cora\u00e7\u00e3o\" \/>\n<meta property=\"og:description\" content=\"Um multiverso ca\u00f3tico, emocionante e cheio de significado redefine o que esperamos de um filme de a\u00e7\u00e3o e fam\u00edlia.\" \/>\n<meta property=\"og:url\" content=\"https:\/\/www.correiobraziliense.com.br\/cbradar\/esse-filme-vai-virar-sua-cabeca-e-seu-coracao\/\" \/>\n<meta property=\"og:site_name\" content=\"Correio Braziliense - Radar\" \/>\n<meta property=\"article:published_time\" content=\"2025-05-30T18:30:00+00:00\" \/>\n<meta property=\"og:image\" content=\"https:\/\/www.correiobraziliense.com.br\/cbradar\/wp-content\/uploads\/2025\/05\/Tudo-em-Todo-Lugar-ao-Mesmo-Tempo.png\" \/>\n\t<meta property=\"og:image:width\" content=\"1280\" \/>\n\t<meta property=\"og:image:height\" content=\"720\" \/>\n\t<meta property=\"og:image:type\" content=\"image\/png\" \/>\n<meta name=\"author\" content=\"Larissa Carvalho\" \/>\n<meta name=\"twitter:card\" content=\"summary_large_image\" \/>\n<meta name=\"twitter:label1\" content=\"Escrito por\" \/>\n\t<meta name=\"twitter:data1\" content=\"Larissa Carvalho\" \/>\n\t<meta name=\"twitter:label2\" content=\"Est. tempo de leitura\" \/>\n\t<meta name=\"twitter:data2\" content=\"3 minutos\" \/>\n<!-- \/ Yoast SEO plugin. -->","yoast_head_json":{"title":"Esse filme vai virar sua cabe\u00e7a e seu cora\u00e7\u00e3o","description":"Um multiverso ca\u00f3tico, emocionante e cheio de significado redefine o que esperamos de um filme de a\u00e7\u00e3o e fam\u00edlia.","robots":{"index":"index","follow":"follow","max-snippet":"max-snippet:-1","max-image-preview":"max-image-preview:large","max-video-preview":"max-video-preview:-1"},"canonical":"https:\/\/www.correiobraziliense.com.br\/cbradar\/esse-filme-vai-virar-sua-cabeca-e-seu-coracao\/","og_locale":"pt_BR","og_type":"article","og_title":"Esse filme vai virar sua cabe\u00e7a e seu cora\u00e7\u00e3o","og_description":"Um multiverso ca\u00f3tico, emocionante e cheio de significado redefine o que esperamos de um filme de a\u00e7\u00e3o e fam\u00edlia.","og_url":"https:\/\/www.correiobraziliense.com.br\/cbradar\/esse-filme-vai-virar-sua-cabeca-e-seu-coracao\/","og_site_name":"Correio Braziliense - Radar","article_published_time":"2025-05-30T18:30:00+00:00","og_image":[{"width":1280,"height":720,"url":"https:\/\/www.correiobraziliense.com.br\/cbradar\/wp-content\/uploads\/2025\/05\/Tudo-em-Todo-Lugar-ao-Mesmo-Tempo.png","type":"image\/png"}],"author":"Larissa Carvalho","twitter_card":"summary_large_image","twitter_misc":{"Escrito por":"Larissa Carvalho","Est. tempo de leitura":"3 minutos"},"schema":{"@context":"https:\/\/schema.org","@graph":[{"@type":"WebPage","@id":"https:\/\/www.correiobraziliense.com.br\/cbradar\/esse-filme-vai-virar-sua-cabeca-e-seu-coracao\/","url":"https:\/\/www.correiobraziliense.com.br\/cbradar\/esse-filme-vai-virar-sua-cabeca-e-seu-coracao\/","name":"Esse filme vai virar sua cabe\u00e7a e seu cora\u00e7\u00e3o","isPartOf":{"@id":"https:\/\/www.correiobraziliense.com.br\/cbradar\/#website"},"primaryImageOfPage":{"@id":"https:\/\/www.correiobraziliense.com.br\/cbradar\/esse-filme-vai-virar-sua-cabeca-e-seu-coracao\/#primaryimage"},"image":{"@id":"https:\/\/www.correiobraziliense.com.br\/cbradar\/esse-filme-vai-virar-sua-cabeca-e-seu-coracao\/#primaryimage"},"thumbnailUrl":"https:\/\/www.correiobraziliense.com.br\/cbradar\/wp-content\/uploads\/2025\/05\/Tudo-em-Todo-Lugar-ao-Mesmo-Tempo.png","datePublished":"2025-05-30T18:30:00+00:00","author":{"@id":"https:\/\/www.correiobraziliense.com.br\/cbradar\/#\/schema\/person\/58422787644df994b53a19d3e56c1513"},"description":"Um multiverso ca\u00f3tico, emocionante e cheio de significado redefine o que esperamos de um filme de a\u00e7\u00e3o e fam\u00edlia.","breadcrumb":{"@id":"https:\/\/www.correiobraziliense.com.br\/cbradar\/esse-filme-vai-virar-sua-cabeca-e-seu-coracao\/#breadcrumb"},"inLanguage":"pt-BR","potentialAction":[{"@type":"ReadAction","target":["https:\/\/www.correiobraziliense.com.br\/cbradar\/esse-filme-vai-virar-sua-cabeca-e-seu-coracao\/"]}]},{"@type":"ImageObject","inLanguage":"pt-BR","@id":"https:\/\/www.correiobraziliense.com.br\/cbradar\/esse-filme-vai-virar-sua-cabeca-e-seu-coracao\/#primaryimage","url":"https:\/\/www.correiobraziliense.com.br\/cbradar\/wp-content\/uploads\/2025\/05\/Tudo-em-Todo-Lugar-ao-Mesmo-Tempo.png","contentUrl":"https:\/\/www.correiobraziliense.com.br\/cbradar\/wp-content\/uploads\/2025\/05\/Tudo-em-Todo-Lugar-ao-Mesmo-Tempo.png","width":1280,"height":720,"caption":"Tudo em Todo Lugar ao Mesmo Tempo. Fonte: divulga\u00e7\u00e3o \/ A24"},{"@type":"BreadcrumbList","@id":"https:\/\/www.correiobraziliense.com.br\/cbradar\/esse-filme-vai-virar-sua-cabeca-e-seu-coracao\/#breadcrumb","itemListElement":[{"@type":"ListItem","position":1,"name":"In\u00edcio","item":"https:\/\/www.correiobraziliense.com.br\/cbradar\/"},{"@type":"ListItem","position":2,"name":"Esse filme vai virar sua cabe\u00e7a e seu cora\u00e7\u00e3o"}]},{"@type":"WebSite","@id":"https:\/\/www.correiobraziliense.com.br\/cbradar\/#website","url":"https:\/\/www.correiobraziliense.com.br\/cbradar\/","name":"Correio Braziliense - Radar","description":"Acompanhe as \u00faltimas not\u00edcias e fique bem informado sobre tudo o que acontece no Brasil e no mundo.","potentialAction":[{"@type":"SearchAction","target":{"@type":"EntryPoint","urlTemplate":"https:\/\/www.correiobraziliense.com.br\/cbradar\/?s={search_term_string}"},"query-input":{"@type":"PropertyValueSpecification","valueRequired":true,"valueName":"search_term_string"}}],"inLanguage":"pt-BR"},{"@type":"Person","@id":"https:\/\/www.correiobraziliense.com.br\/cbradar\/#\/schema\/person\/58422787644df994b53a19d3e56c1513","name":"Larissa Carvalho","image":{"@type":"ImageObject","inLanguage":"pt-BR","@id":"https:\/\/www.correiobraziliense.com.br\/cbradar\/#\/schema\/person\/image\/","url":"https:\/\/secure.gravatar.com\/avatar\/fe4f91a0de32b52a838d0d612abdc1aa?s=96&d=mm&r=g","contentUrl":"https:\/\/secure.gravatar.com\/avatar\/fe4f91a0de32b52a838d0d612abdc1aa?s=96&d=mm&r=g","caption":"Larissa Carvalho"},"url":"https:\/\/www.correiobraziliense.com.br\/cbradar\/author\/larissamyth\/"}]}},"_links":{"self":[{"href":"https:\/\/www.correiobraziliense.com.br\/cbradar\/wp-json\/wp\/v2\/posts\/44629","targetHints":{"allow":["GET"]}}],"collection":[{"href":"https:\/\/www.correiobraziliense.com.br\/cbradar\/wp-json\/wp\/v2\/posts"}],"about":[{"href":"https:\/\/www.correiobraziliense.com.br\/cbradar\/wp-json\/wp\/v2\/types\/post"}],"author":[{"embeddable":true,"href":"https:\/\/www.correiobraziliense.com.br\/cbradar\/wp-json\/wp\/v2\/users\/3"}],"replies":[{"embeddable":true,"href":"https:\/\/www.correiobraziliense.com.br\/cbradar\/wp-json\/wp\/v2\/comments?post=44629"}],"version-history":[{"count":1,"href":"https:\/\/www.correiobraziliense.com.br\/cbradar\/wp-json\/wp\/v2\/posts\/44629\/revisions"}],"predecessor-version":[{"id":44632,"href":"https:\/\/www.correiobraziliense.com.br\/cbradar\/wp-json\/wp\/v2\/posts\/44629\/revisions\/44632"}],"wp:featuredmedia":[{"embeddable":true,"href":"https:\/\/www.correiobraziliense.com.br\/cbradar\/wp-json\/wp\/v2\/media\/44631"}],"wp:attachment":[{"href":"https:\/\/www.correiobraziliense.com.br\/cbradar\/wp-json\/wp\/v2\/media?parent=44629"}],"wp:term":[{"taxonomy":"category","embeddable":true,"href":"https:\/\/www.correiobraziliense.com.br\/cbradar\/wp-json\/wp\/v2\/categories?post=44629"},{"taxonomy":"post_tag","embeddable":true,"href":"https:\/\/www.correiobraziliense.com.br\/cbradar\/wp-json\/wp\/v2\/post_tag?post=44629"}],"curies":[{"name":"wp","href":"https:\/\/api.w.org\/{rel}","templated":true}]}}