{"id":44633,"date":"2025-05-30T18:10:00","date_gmt":"2025-05-30T21:10:00","guid":{"rendered":"https:\/\/www.correiobraziliense.com.br\/cbradar\/?p=44633"},"modified":"2025-05-29T08:54:45","modified_gmt":"2025-05-29T11:54:45","slug":"melhor-drama-para-quem-ama-cozinha-e-humanidade","status":"publish","type":"post","link":"https:\/\/www.correiobraziliense.com.br\/cbradar\/melhor-drama-para-quem-ama-cozinha-e-humanidade\/","title":{"rendered":"Melhor drama para quem ama cozinha e humanidade"},"content":{"rendered":"\n<p><strong>The Bear<\/strong> \u00e9 uma s\u00e9rie dram\u00e1tica criada por <strong>Christopher Storer<\/strong>, lan\u00e7ada em 2022 pela <strong>FX<\/strong> e dispon\u00edvel no <strong>Star+<\/strong> no Brasil. A trama acompanha <strong>Carmen \u201cCarmy\u201d Berzatto<\/strong>, um jovem e renomado chef de cozinha que retorna a Chicago para assumir o restaurante de sandu\u00edches da fam\u00edlia ap\u00f3s o suic\u00eddio do irm\u00e3o.<\/p>\n\n\n\n<p>Lutando contra o luto, traumas pessoais e uma equipe desorganizada, Carmy tenta transformar o caos do restaurante em algo funcional e respeit\u00e1vel, enfrentando conflitos, press\u00f5es e dilemas internos.<\/p>\n\n\n\n<h2 class=\"wp-block-heading\">Quem s\u00e3o os personagens principais?<\/h2>\n\n\n\n<ul class=\"wp-block-list\">\n<li><strong>Carmen \u201cCarmy\u201d Berzatto<\/strong> (Jeremy Allen White): chef talentoso e emocionalmente abalado.<\/li>\n\n\n\n<li><strong>Sydney Adamu<\/strong> (Ayo Edebiri): jovem cozinheira ambiciosa, que se torna bra\u00e7o direito de Carmy.<\/li>\n\n\n\n<li><strong>Richie Jerimovich<\/strong> (Ebon Moss-Bachrach): primo do falecido irm\u00e3o, impulsivo e leal.<\/li>\n\n\n\n<li><strong>Marcus<\/strong>, <strong>Tina<\/strong>, <strong>Natalie \u201cSugar\u201d<\/strong>: membros da equipe que tamb\u00e9m enfrentam suas pr\u00f3prias jornadas.<\/li>\n<\/ul>\n\n\n\n<figure class=\"wp-block-image size-large\"><img decoding=\"async\" width=\"1024\" height=\"576\" src=\"https:\/\/www.correiobraziliense.com.br\/cbradar\/wp-content\/uploads\/2025\/05\/The-Bear-1024x576.png\" alt=\"Melhor drama para quem ama cozinha e humanidade\" class=\"wp-image-44634\" srcset=\"https:\/\/www.correiobraziliense.com.br\/cbradar\/wp-content\/uploads\/2025\/05\/The-Bear-1024x576.png 1024w, https:\/\/www.correiobraziliense.com.br\/cbradar\/wp-content\/uploads\/2025\/05\/The-Bear-300x169.png 300w, https:\/\/www.correiobraziliense.com.br\/cbradar\/wp-content\/uploads\/2025\/05\/The-Bear-768x432.png 768w, https:\/\/www.correiobraziliense.com.br\/cbradar\/wp-content\/uploads\/2025\/05\/The-Bear-750x422.png 750w, https:\/\/www.correiobraziliense.com.br\/cbradar\/wp-content\/uploads\/2025\/05\/The-Bear-1140x641.png 1140w, https:\/\/www.correiobraziliense.com.br\/cbradar\/wp-content\/uploads\/2025\/05\/The-Bear.png 1280w\" sizes=\"(max-width: 1024px) 100vw, 1024px\" \/><figcaption class=\"wp-element-caption\">The Bear. Fonte: FX Productions<\/figcaption><\/figure>\n\n\n\n<h2 class=\"wp-block-heading\">Como a s\u00e9rie retrata sa\u00fade mental, luto e trabalho em equipe?<\/h2>\n\n\n\n<p><em>The Bear<\/em> \u00e9 uma montanha-russa emocional. A intensidade da cozinha \u00e9 usada como met\u00e1fora para os conflitos internos dos personagens. A s\u00e9rie aborda burnout, estresse, depress\u00e3o e busca de reden\u00e7\u00e3o com realismo e sensibilidade.<\/p>\n\n\n\n<p>O ritmo acelerado e a dire\u00e7\u00e3o claustrof\u00f3bica mergulham o espectador no caos da cozinha, ao mesmo tempo em que desenvolve la\u00e7os afetivos e crescimento pessoal.<\/p>\n\n\n\n<h2 class=\"wp-block-heading\">Vale a pena assistir The Bear?<\/h2>\n\n\n\n<p>Sim. <em>The Bear<\/em> \u00e9 um dos dramas mais elogiados dos \u00faltimos tempos. Com atua\u00e7\u00f5es poderosas, especialmente de Jeremy Allen White e Ayo Edebiri, a s\u00e9rie entrega tens\u00e3o, emo\u00e7\u00e3o e humanidade em cada epis\u00f3dio.<\/p>\n\n\n\n<p>Recomendada para quem aprecia narrativas intensas, com personagens complexos e ambienta\u00e7\u00e3o realista.<\/p>\n\n\n\n<h2 class=\"wp-block-heading\">Curiosidades sobre The Bear<\/h2>\n\n\n\n<ul class=\"wp-block-list\">\n<li>A s\u00e9rie foi inspirada na experi\u00eancia pessoal do criador em cozinhas reais.<\/li>\n\n\n\n<li>Recebeu aclama\u00e7\u00e3o da cr\u00edtica e diversos pr\u00eamios, incluindo o Emmy de Melhor Ator.<\/li>\n\n\n\n<li>Epis\u00f3dios como \u201cReview\u201d (S1E7), filmado em plano-sequ\u00eancia, se tornaram memor\u00e1veis.<\/li>\n\n\n\n<li>A s\u00e9rie equilibra humor \u00e1cido, drama e momentos de pura emo\u00e7\u00e3o.<\/li>\n<\/ul>\n\n\n\n<iframe loading=\"lazy\" width=\"560\" height=\"315\" src=\"https:\/\/www.youtube.com\/embed\/gBmkI4jlaIo?si=5de6ilpLFxZ4AgMc\" title=\"YouTube video player\" frameborder=\"0\" allow=\"accelerometer; autoplay; clipboard-write; encrypted-media; gyroscope; picture-in-picture; web-share\" referrerpolicy=\"strict-origin-when-cross-origin\" allowfullscreen><\/iframe>\n\n\n\n<h2 class=\"wp-block-heading\">FAQ &#8211; Perguntas frequentes<\/h2>\n\n\n\n<ul class=\"wp-block-list\">\n<li><strong>Onde assistir The Bear?<\/strong>\n<ul class=\"wp-block-list\">\n<li>Dispon\u00edvel no <strong>Star+<\/strong>.<\/li>\n<\/ul>\n<\/li>\n\n\n\n<li><strong>Quem est\u00e1 no elenco principal?<\/strong>\n<ul class=\"wp-block-list\">\n<li><strong>Jeremy Allen White<\/strong>, <strong>Ayo Edebiri<\/strong>, <strong>Ebon Moss-Bachrach<\/strong>, <strong>Lionel Boyce<\/strong>, <strong>Liza Col\u00f3n-Zayas<\/strong>, <strong>Abby Elliott<\/strong>.<\/li>\n<\/ul>\n<\/li>\n\n\n\n<li><strong>Qual o ano de lan\u00e7amento da s\u00e9rie?<\/strong>\n<ul class=\"wp-block-list\">\n<li><em>The Bear<\/em> estreou em 2022.<\/li>\n<\/ul>\n<\/li>\n\n\n\n<li><strong>Qual a produtora respons\u00e1vel pela s\u00e9rie?<\/strong>\n<ul class=\"wp-block-list\">\n<li>Produzida pela <strong>FX Productions<\/strong>.<\/li>\n<\/ul>\n<\/li>\n<\/ul>\n","protected":false},"excerpt":{"rendered":"<p>Um restaurante ca\u00f3tico, um chef em crise e uma equipe desajustada criam um dos dramas mais intensos e humanos da TV recente.<\/p>\n","protected":false},"author":3,"featured_media":44635,"comment_status":"open","ping_status":"open","sticky":false,"template":"","format":"standard","meta":{"_yoast_wpseo_focuskw":"The Bear","_yoast_wpseo_title":"%%title%%","_yoast_wpseo_metadesc":"Um restaurante ca\u00f3tico, um chef em crise e uma equipe desajustada criam um dos dramas mais intensos e humanos da TV recente.","jnews-multi-image_gallery":[],"jnews_single_post":{"format":"standard"},"jnews_primary_category":[],"jnews_social_meta":[],"jnews_override_counter":[],"footnotes":""},"categories":[140],"post_tag":[568],"class_list":["post-44633","post","type-post","status-publish","format-standard","has-post-thumbnail","hentry","category-entretenimento","tag-series-e-filmes"],"yoast_head":"<!-- This site is optimized with the Yoast SEO plugin v24.6 - https:\/\/yoast.com\/wordpress\/plugins\/seo\/ -->\n<title>Melhor drama para quem ama cozinha e humanidade<\/title>\n<meta name=\"description\" content=\"Um restaurante ca\u00f3tico, um chef em crise e uma equipe desajustada criam um dos dramas mais intensos e humanos da TV recente.\" \/>\n<meta name=\"robots\" content=\"index, follow, max-snippet:-1, max-image-preview:large, max-video-preview:-1\" \/>\n<link rel=\"canonical\" href=\"https:\/\/www.correiobraziliense.com.br\/cbradar\/melhor-drama-para-quem-ama-cozinha-e-humanidade\/\" \/>\n<meta property=\"og:locale\" content=\"pt_BR\" \/>\n<meta property=\"og:type\" content=\"article\" \/>\n<meta property=\"og:title\" content=\"Melhor drama para quem ama cozinha e humanidade\" \/>\n<meta property=\"og:description\" content=\"Um restaurante ca\u00f3tico, um chef em crise e uma equipe desajustada criam um dos dramas mais intensos e humanos da TV recente.\" \/>\n<meta property=\"og:url\" content=\"https:\/\/www.correiobraziliense.com.br\/cbradar\/melhor-drama-para-quem-ama-cozinha-e-humanidade\/\" \/>\n<meta property=\"og:site_name\" content=\"Correio Braziliense - Radar\" \/>\n<meta property=\"article:published_time\" content=\"2025-05-30T21:10:00+00:00\" \/>\n<meta property=\"og:image\" content=\"https:\/\/www.correiobraziliense.com.br\/cbradar\/wp-content\/uploads\/2025\/05\/The-Bear-2.png\" \/>\n\t<meta property=\"og:image:width\" content=\"1280\" \/>\n\t<meta property=\"og:image:height\" content=\"720\" \/>\n\t<meta property=\"og:image:type\" content=\"image\/png\" \/>\n<meta name=\"author\" content=\"Larissa Carvalho\" \/>\n<meta name=\"twitter:card\" content=\"summary_large_image\" \/>\n<meta name=\"twitter:label1\" content=\"Escrito por\" \/>\n\t<meta name=\"twitter:data1\" content=\"Larissa Carvalho\" \/>\n\t<meta name=\"twitter:label2\" content=\"Est. tempo de leitura\" \/>\n\t<meta name=\"twitter:data2\" content=\"3 minutos\" \/>\n<!-- \/ Yoast SEO plugin. -->","yoast_head_json":{"title":"Melhor drama para quem ama cozinha e humanidade","description":"Um restaurante ca\u00f3tico, um chef em crise e uma equipe desajustada criam um dos dramas mais intensos e humanos da TV recente.","robots":{"index":"index","follow":"follow","max-snippet":"max-snippet:-1","max-image-preview":"max-image-preview:large","max-video-preview":"max-video-preview:-1"},"canonical":"https:\/\/www.correiobraziliense.com.br\/cbradar\/melhor-drama-para-quem-ama-cozinha-e-humanidade\/","og_locale":"pt_BR","og_type":"article","og_title":"Melhor drama para quem ama cozinha e humanidade","og_description":"Um restaurante ca\u00f3tico, um chef em crise e uma equipe desajustada criam um dos dramas mais intensos e humanos da TV recente.","og_url":"https:\/\/www.correiobraziliense.com.br\/cbradar\/melhor-drama-para-quem-ama-cozinha-e-humanidade\/","og_site_name":"Correio Braziliense - Radar","article_published_time":"2025-05-30T21:10:00+00:00","og_image":[{"width":1280,"height":720,"url":"https:\/\/www.correiobraziliense.com.br\/cbradar\/wp-content\/uploads\/2025\/05\/The-Bear-2.png","type":"image\/png"}],"author":"Larissa Carvalho","twitter_card":"summary_large_image","twitter_misc":{"Escrito por":"Larissa Carvalho","Est. tempo de leitura":"3 minutos"},"schema":{"@context":"https:\/\/schema.org","@graph":[{"@type":"WebPage","@id":"https:\/\/www.correiobraziliense.com.br\/cbradar\/melhor-drama-para-quem-ama-cozinha-e-humanidade\/","url":"https:\/\/www.correiobraziliense.com.br\/cbradar\/melhor-drama-para-quem-ama-cozinha-e-humanidade\/","name":"Melhor drama para quem ama cozinha e humanidade","isPartOf":{"@id":"https:\/\/www.correiobraziliense.com.br\/cbradar\/#website"},"primaryImageOfPage":{"@id":"https:\/\/www.correiobraziliense.com.br\/cbradar\/melhor-drama-para-quem-ama-cozinha-e-humanidade\/#primaryimage"},"image":{"@id":"https:\/\/www.correiobraziliense.com.br\/cbradar\/melhor-drama-para-quem-ama-cozinha-e-humanidade\/#primaryimage"},"thumbnailUrl":"https:\/\/www.correiobraziliense.com.br\/cbradar\/wp-content\/uploads\/2025\/05\/The-Bear-2.png","datePublished":"2025-05-30T21:10:00+00:00","author":{"@id":"https:\/\/www.correiobraziliense.com.br\/cbradar\/#\/schema\/person\/58422787644df994b53a19d3e56c1513"},"description":"Um restaurante ca\u00f3tico, um chef em crise e uma equipe desajustada criam um dos dramas mais intensos e humanos da TV recente.","breadcrumb":{"@id":"https:\/\/www.correiobraziliense.com.br\/cbradar\/melhor-drama-para-quem-ama-cozinha-e-humanidade\/#breadcrumb"},"inLanguage":"pt-BR","potentialAction":[{"@type":"ReadAction","target":["https:\/\/www.correiobraziliense.com.br\/cbradar\/melhor-drama-para-quem-ama-cozinha-e-humanidade\/"]}]},{"@type":"ImageObject","inLanguage":"pt-BR","@id":"https:\/\/www.correiobraziliense.com.br\/cbradar\/melhor-drama-para-quem-ama-cozinha-e-humanidade\/#primaryimage","url":"https:\/\/www.correiobraziliense.com.br\/cbradar\/wp-content\/uploads\/2025\/05\/The-Bear-2.png","contentUrl":"https:\/\/www.correiobraziliense.com.br\/cbradar\/wp-content\/uploads\/2025\/05\/The-Bear-2.png","width":1280,"height":720,"caption":"The Bear. Fonte: FX Productions"},{"@type":"BreadcrumbList","@id":"https:\/\/www.correiobraziliense.com.br\/cbradar\/melhor-drama-para-quem-ama-cozinha-e-humanidade\/#breadcrumb","itemListElement":[{"@type":"ListItem","position":1,"name":"In\u00edcio","item":"https:\/\/www.correiobraziliense.com.br\/cbradar\/"},{"@type":"ListItem","position":2,"name":"Melhor drama para quem ama cozinha e humanidade"}]},{"@type":"WebSite","@id":"https:\/\/www.correiobraziliense.com.br\/cbradar\/#website","url":"https:\/\/www.correiobraziliense.com.br\/cbradar\/","name":"Correio Braziliense - Radar","description":"Acompanhe as \u00faltimas not\u00edcias e fique bem informado sobre tudo o que acontece no Brasil e no mundo.","potentialAction":[{"@type":"SearchAction","target":{"@type":"EntryPoint","urlTemplate":"https:\/\/www.correiobraziliense.com.br\/cbradar\/?s={search_term_string}"},"query-input":{"@type":"PropertyValueSpecification","valueRequired":true,"valueName":"search_term_string"}}],"inLanguage":"pt-BR"},{"@type":"Person","@id":"https:\/\/www.correiobraziliense.com.br\/cbradar\/#\/schema\/person\/58422787644df994b53a19d3e56c1513","name":"Larissa Carvalho","image":{"@type":"ImageObject","inLanguage":"pt-BR","@id":"https:\/\/www.correiobraziliense.com.br\/cbradar\/#\/schema\/person\/image\/","url":"https:\/\/secure.gravatar.com\/avatar\/fe4f91a0de32b52a838d0d612abdc1aa?s=96&d=mm&r=g","contentUrl":"https:\/\/secure.gravatar.com\/avatar\/fe4f91a0de32b52a838d0d612abdc1aa?s=96&d=mm&r=g","caption":"Larissa Carvalho"},"url":"https:\/\/www.correiobraziliense.com.br\/cbradar\/author\/larissamyth\/"}]}},"_links":{"self":[{"href":"https:\/\/www.correiobraziliense.com.br\/cbradar\/wp-json\/wp\/v2\/posts\/44633","targetHints":{"allow":["GET"]}}],"collection":[{"href":"https:\/\/www.correiobraziliense.com.br\/cbradar\/wp-json\/wp\/v2\/posts"}],"about":[{"href":"https:\/\/www.correiobraziliense.com.br\/cbradar\/wp-json\/wp\/v2\/types\/post"}],"author":[{"embeddable":true,"href":"https:\/\/www.correiobraziliense.com.br\/cbradar\/wp-json\/wp\/v2\/users\/3"}],"replies":[{"embeddable":true,"href":"https:\/\/www.correiobraziliense.com.br\/cbradar\/wp-json\/wp\/v2\/comments?post=44633"}],"version-history":[{"count":1,"href":"https:\/\/www.correiobraziliense.com.br\/cbradar\/wp-json\/wp\/v2\/posts\/44633\/revisions"}],"predecessor-version":[{"id":44636,"href":"https:\/\/www.correiobraziliense.com.br\/cbradar\/wp-json\/wp\/v2\/posts\/44633\/revisions\/44636"}],"wp:featuredmedia":[{"embeddable":true,"href":"https:\/\/www.correiobraziliense.com.br\/cbradar\/wp-json\/wp\/v2\/media\/44635"}],"wp:attachment":[{"href":"https:\/\/www.correiobraziliense.com.br\/cbradar\/wp-json\/wp\/v2\/media?parent=44633"}],"wp:term":[{"taxonomy":"category","embeddable":true,"href":"https:\/\/www.correiobraziliense.com.br\/cbradar\/wp-json\/wp\/v2\/categories?post=44633"},{"taxonomy":"post_tag","embeddable":true,"href":"https:\/\/www.correiobraziliense.com.br\/cbradar\/wp-json\/wp\/v2\/post_tag?post=44633"}],"curies":[{"name":"wp","href":"https:\/\/api.w.org\/{rel}","templated":true}]}}