{"id":44693,"date":"2025-05-30T07:10:00","date_gmt":"2025-05-30T10:10:00","guid":{"rendered":"https:\/\/www.correiobraziliense.com.br\/cbradar\/?p=44693"},"modified":"2025-05-29T12:21:16","modified_gmt":"2025-05-29T15:21:16","slug":"o-que-plantar-em-junho-para-ter-uma-horta-produtiva-no-inverno","status":"publish","type":"post","link":"https:\/\/www.correiobraziliense.com.br\/cbradar\/o-que-plantar-em-junho-para-ter-uma-horta-produtiva-no-inverno\/","title":{"rendered":"O que plantar em junho para ter uma horta produtiva no inverno"},"content":{"rendered":"\n<p><strong>Junho<\/strong> marca a transi\u00e7\u00e3o para o inverno em muitas regi\u00f5es do <strong>Brasil<\/strong>, especialmente no <strong>Sul<\/strong> e <strong>Sudeste<\/strong>. Apesar da redu\u00e7\u00e3o nas temperaturas e nas chuvas, esse per\u00edodo ainda oferece boas oportunidades de cultivo. Saber como <a href=\"https:\/\/www.correiobraziliense.com.br\/cbradar\/aprenda-como-plantar-caju-e-colher-castanhas-valiosas-na-sua-casa\/\" target=\"_blank\" rel=\"noreferrer noopener\">plantar <\/a>no m\u00eas de junho \u00e9 essencial para garantir o desenvolvimento saud\u00e1vel das plantas e colheitas bem-sucedidas nos meses seguintes. A escolha correta das esp\u00e9cies, o preparo adequado do solo e os cuidados com o clima fazem toda a diferen\u00e7a.<\/p>\n\n\n\n<h2 class=\"wp-block-heading\">Quais s\u00e3o as melhores plantas para cultivar em junho?<\/h2>\n\n\n\n<p>Em junho, devem ser priorizadas as esp\u00e9cies que toleram bem temperaturas mais baixas e dias com menor intensidade solar. Entre as hortali\u00e7as, destacam-se <strong>alface<\/strong>, <strong>r\u00facula<\/strong>, <strong>espinafre<\/strong>, <strong>couve<\/strong>, <strong>acelga<\/strong> e <strong>agri\u00e3o<\/strong>. Para ra\u00edzes e tub\u00e9rculos, o m\u00eas \u00e9 ideal para <strong>cenoura<\/strong>, <strong>beterraba<\/strong>, <strong>rabanete<\/strong>, <strong>nabo<\/strong> e <strong>cebola<\/strong>. Tamb\u00e9m \u00e9 uma boa \u00e9poca para iniciar o cultivo de <strong>ervas medicinais e arom\u00e1ticas<\/strong> como <strong>alecrim<\/strong>, <strong>tomilho<\/strong>, <strong>s\u00e1lvia<\/strong>, <strong>hortel\u00e3<\/strong> e <strong>manjerona<\/strong>. Entre as flores ornamentais, a <strong>cal\u00eandula<\/strong>, o <strong>amor-perfeito<\/strong>, a <strong>pet\u00fania<\/strong>, o <strong>cravo<\/strong> e a <strong>margarida<\/strong> se desenvolvem muito bem nesse clima.<\/p>\n\n\n\n<h2 class=\"wp-block-heading\">Como preparar o solo para o plantio em junho?<\/h2>\n\n\n\n<p>Com o clima mais seco e frio, o solo tende a reter menos umidade, exigindo maior aten\u00e7\u00e3o com a estrutura e a fertilidade. \u00c9 recomend\u00e1vel fazer uma <strong>cobertura com mat\u00e9ria org\u00e2nica<\/strong>, como palha, folhas secas ou composto, que ajuda a manter a umidade e protege as ra\u00edzes das baixas temperaturas. A aduba\u00e7\u00e3o deve incluir composto org\u00e2nico ou h\u00famus de minhoca, enriquecido com f\u00f3sforo e pot\u00e1ssio, essenciais para o desenvolvimento radicular e a resist\u00eancia das plantas ao frio. Em \u00e1reas com risco de geadas, \u00e9 ideal cultivar em canteiros elevados ou usar coberturas tempor\u00e1rias.<\/p>\n\n\n<div class=\"wp-block-image\">\n<figure class=\"aligncenter size-large\"><img decoding=\"async\" width=\"1024\" height=\"576\" src=\"https:\/\/www.correiobraziliense.com.br\/cbradar\/wp-content\/uploads\/2025\/05\/calendula-_1748531142934-1024x576.jpg\" alt=\"\" class=\"wp-image-44688\" srcset=\"https:\/\/www.correiobraziliense.com.br\/cbradar\/wp-content\/uploads\/2025\/05\/calendula-_1748531142934-1024x576.jpg 1024w, https:\/\/www.correiobraziliense.com.br\/cbradar\/wp-content\/uploads\/2025\/05\/calendula-_1748531142934-300x169.jpg 300w, https:\/\/www.correiobraziliense.com.br\/cbradar\/wp-content\/uploads\/2025\/05\/calendula-_1748531142934-768x432.jpg 768w, https:\/\/www.correiobraziliense.com.br\/cbradar\/wp-content\/uploads\/2025\/05\/calendula-_1748531142934-750x422.jpg 750w, https:\/\/www.correiobraziliense.com.br\/cbradar\/wp-content\/uploads\/2025\/05\/calendula-_1748531142934-1140x642.jpg 1140w, https:\/\/www.correiobraziliense.com.br\/cbradar\/wp-content\/uploads\/2025\/05\/calendula-_1748531142934.jpg 1279w\" sizes=\"(max-width: 1024px) 100vw, 1024px\" \/><figcaption class=\"wp-element-caption\">Cal\u00eandula &#8211; Cr\u00e9ditos: depositphotos.com \/ hiperdino67<\/figcaption><\/figure><\/div>\n\n\n<h2 class=\"wp-block-heading\">Qual \u00e9 a frequ\u00eancia ideal de irriga\u00e7\u00e3o durante o inverno?<\/h2>\n\n\n\n<p>Em junho, com a redu\u00e7\u00e3o das chuvas e menor evapora\u00e7\u00e3o, a irriga\u00e7\u00e3o deve ser ajustada para evitar o excesso de umidade, que favorece doen\u00e7as f\u00fangicas. O ideal \u00e9 <strong>regar no in\u00edcio da manh\u00e3<\/strong>, observando sempre a umidade do solo. Regas profundas, por\u00e9m espa\u00e7adas, s\u00e3o prefer\u00edveis a irriga\u00e7\u00f5es frequentes e superficiais. Em regi\u00f5es mais frias, evite molhar as folhas, o que reduz o risco de queimaduras por geada e doen\u00e7as como o\u00eddio.<\/p>\n\n\n\n<h2 class=\"wp-block-heading\">Quais s\u00e3o os cuidados essenciais com as mudas em junho?<\/h2>\n\n\n\n<p>As mudas devem ser protegidas contra temperaturas muito baixas e ventos frios. Em locais com geadas, \u00e9 indicado utilizar <strong>t\u00faneis com pl\u00e1stico transparente<\/strong>, coberturas com sombrite ou garrafas PET cortadas para criar microclimas mais amenos. O transplante deve ser feito com cuidado para n\u00e3o danificar as ra\u00edzes, preferencialmente em dias nublados ou no final da tarde. O acompanhamento di\u00e1rio \u00e9 essencial para identificar sinais de estresse por frio ou falta de \u00e1gua.<\/p>\n\n\n\n<h2 class=\"wp-block-heading\">Posso plantar frut\u00edferas em junho?<\/h2>\n\n\n\n<p>Sim, mas com aten\u00e7\u00e3o especial ao tipo de fruta e \u00e0 regi\u00e3o. Em locais de clima ameno a frio, \u00e9 a \u00e9poca ideal para <strong>plantio de mudas caducas<\/strong>, como <strong>ma\u00e7\u00e3<\/strong>, <strong>pera<\/strong>, <strong>caqui<\/strong>, <strong>p\u00eassego<\/strong> e <strong>ameixa<\/strong>. J\u00e1 nas regi\u00f5es mais quentes, \u00e9 poss\u00edvel iniciar o cultivo de <strong>morango<\/strong>, <strong>maracuj\u00e1<\/strong>, <strong>amora<\/strong> e <strong>acerola<\/strong>, desde que as mudas sejam bem irrigadas e protegidas nos primeiros dias. As frut\u00edferas exigem covas bem preparadas, com solo drenado, enriquecido com mat\u00e9ria org\u00e2nica e calagem quando necess\u00e1rio.<\/p>\n\n\n\n<h2 class=\"wp-block-heading\">FAQ<\/h2>\n\n\n\n<p><strong>1. O que plantar em vaso durante o m\u00eas de junho?<\/strong><br>Hortali\u00e7as de folhas, ervas arom\u00e1ticas e flores como cal\u00eandula, pet\u00fania e amor-perfeito se adaptam bem ao cultivo em vasos nesse per\u00edodo.<\/p>\n\n\n\n<p><strong>2. Posso plantar tomate em junho?<\/strong><br>Sim, especialmente em regi\u00f5es de clima ameno. Use estacas ou tutores e proteja as mudas contra o frio nos primeiros dias.<\/p>\n\n\n\n<p><strong>3. \u00c9 necess\u00e1rio adubar o solo mesmo no inverno?<\/strong><br>Sim. O solo perde nutrientes com o tempo, e as plantas precisam de reposi\u00e7\u00e3o para se desenvolver bem, mesmo em temperaturas baixas.<\/p>\n\n\n\n<p><strong>4. Como proteger plantas do frio intenso ou geadas?<\/strong><br>Use coberturas com pl\u00e1stico transparente, t\u00faneis de cultivo, barreiras de vento ou traga vasos para locais mais protegidos durante a noite.<\/p>\n\n\n\n<p><strong>5. Quais flores s\u00e3o ideais para cultivar em junho?<\/strong><br>Cal\u00eandula, amor-perfeito, pet\u00fania, cravo, cravina e margarida s\u00e3o \u00f3timas op\u00e7\u00f5es, pois resistem bem ao frio e florescem por v\u00e1rias semanas.<\/p>\n","protected":false},"excerpt":{"rendered":"<p>Junho marca a transi\u00e7\u00e3o para o inverno em muitas regi\u00f5es do Brasil, especialmente no Sul e Sudeste. Apesar da redu\u00e7\u00e3o nas temperaturas e nas chuvas, esse per\u00edodo ainda oferece boas oportunidades de cultivo. Saber como plantar no m\u00eas de junho \u00e9 essencial para garantir o desenvolvimento saud\u00e1vel das plantas e colheitas bem-sucedidas nos meses seguintes. [&hellip;]<\/p>\n","protected":false},"author":9,"featured_media":32539,"comment_status":"open","ping_status":"open","sticky":false,"template":"","format":"standard","meta":{"_yoast_wpseo_focuskw":"plantar","_yoast_wpseo_title":"%%title%% %%page%%","_yoast_wpseo_metadesc":"Descubra as melhores plantas para plantar em junho e aprenda como preparar o solo, irrigar e cuidar da horta no inverno.","jnews-multi-image_gallery":[],"jnews_single_post":{"format":"standard"},"jnews_primary_category":[],"jnews_social_meta":[],"jnews_override_counter":[],"footnotes":""},"categories":[136],"post_tag":[4212,5577,3577,5576],"class_list":["post-44693","post","type-post","status-publish","format-standard","has-post-thumbnail","hentry","category-jardinagem","tag-cultivo-de-inverno","tag-horta-de-junho","tag-o-que-plantar-no-frio","tag-plantar-em-junho"],"yoast_head":"<!-- This site is optimized with the Yoast SEO plugin v24.6 - https:\/\/yoast.com\/wordpress\/plugins\/seo\/ -->\n<title>O que plantar em junho para ter uma horta produtiva no inverno<\/title>\n<meta name=\"description\" content=\"Descubra as melhores plantas para plantar em junho e aprenda como preparar o solo, irrigar e cuidar da horta no inverno.\" \/>\n<meta name=\"robots\" content=\"index, follow, max-snippet:-1, max-image-preview:large, max-video-preview:-1\" \/>\n<link rel=\"canonical\" href=\"https:\/\/www.correiobraziliense.com.br\/cbradar\/o-que-plantar-em-junho-para-ter-uma-horta-produtiva-no-inverno\/\" \/>\n<meta property=\"og:locale\" content=\"pt_BR\" \/>\n<meta property=\"og:type\" content=\"article\" \/>\n<meta property=\"og:title\" content=\"O que plantar em junho para ter uma horta produtiva no inverno\" \/>\n<meta property=\"og:description\" content=\"Descubra as melhores plantas para plantar em junho e aprenda como preparar o solo, irrigar e cuidar da horta no inverno.\" \/>\n<meta property=\"og:url\" content=\"https:\/\/www.correiobraziliense.com.br\/cbradar\/o-que-plantar-em-junho-para-ter-uma-horta-produtiva-no-inverno\/\" \/>\n<meta property=\"og:site_name\" content=\"Correio Braziliense - Radar\" \/>\n<meta property=\"article:published_time\" content=\"2025-05-30T10:10:00+00:00\" \/>\n<meta property=\"og:image\" content=\"https:\/\/www.correiobraziliense.com.br\/cbradar\/wp-content\/uploads\/2025\/05\/acelga_1746458410347.jpg\" \/>\n\t<meta property=\"og:image:width\" content=\"1280\" \/>\n\t<meta property=\"og:image:height\" content=\"720\" \/>\n\t<meta property=\"og:image:type\" content=\"image\/jpeg\" \/>\n<meta name=\"author\" content=\"Daniely Cardoso\" \/>\n<meta name=\"twitter:card\" content=\"summary_large_image\" \/>\n<meta name=\"twitter:label1\" content=\"Escrito por\" \/>\n\t<meta name=\"twitter:data1\" content=\"Daniely Cardoso\" \/>\n\t<meta name=\"twitter:label2\" content=\"Est. tempo de leitura\" \/>\n\t<meta name=\"twitter:data2\" content=\"5 minutos\" \/>\n<!-- \/ Yoast SEO plugin. -->","yoast_head_json":{"title":"O que plantar em junho para ter uma horta produtiva no inverno","description":"Descubra as melhores plantas para plantar em junho e aprenda como preparar o solo, irrigar e cuidar da horta no inverno.","robots":{"index":"index","follow":"follow","max-snippet":"max-snippet:-1","max-image-preview":"max-image-preview:large","max-video-preview":"max-video-preview:-1"},"canonical":"https:\/\/www.correiobraziliense.com.br\/cbradar\/o-que-plantar-em-junho-para-ter-uma-horta-produtiva-no-inverno\/","og_locale":"pt_BR","og_type":"article","og_title":"O que plantar em junho para ter uma horta produtiva no inverno","og_description":"Descubra as melhores plantas para plantar em junho e aprenda como preparar o solo, irrigar e cuidar da horta no inverno.","og_url":"https:\/\/www.correiobraziliense.com.br\/cbradar\/o-que-plantar-em-junho-para-ter-uma-horta-produtiva-no-inverno\/","og_site_name":"Correio Braziliense - Radar","article_published_time":"2025-05-30T10:10:00+00:00","og_image":[{"width":1280,"height":720,"url":"https:\/\/www.correiobraziliense.com.br\/cbradar\/wp-content\/uploads\/2025\/05\/acelga_1746458410347.jpg","type":"image\/jpeg"}],"author":"Daniely Cardoso","twitter_card":"summary_large_image","twitter_misc":{"Escrito por":"Daniely Cardoso","Est. tempo de leitura":"5 minutos"},"schema":{"@context":"https:\/\/schema.org","@graph":[{"@type":"WebPage","@id":"https:\/\/www.correiobraziliense.com.br\/cbradar\/o-que-plantar-em-junho-para-ter-uma-horta-produtiva-no-inverno\/","url":"https:\/\/www.correiobraziliense.com.br\/cbradar\/o-que-plantar-em-junho-para-ter-uma-horta-produtiva-no-inverno\/","name":"O que plantar em junho para ter uma horta produtiva no inverno","isPartOf":{"@id":"https:\/\/www.correiobraziliense.com.br\/cbradar\/#website"},"primaryImageOfPage":{"@id":"https:\/\/www.correiobraziliense.com.br\/cbradar\/o-que-plantar-em-junho-para-ter-uma-horta-produtiva-no-inverno\/#primaryimage"},"image":{"@id":"https:\/\/www.correiobraziliense.com.br\/cbradar\/o-que-plantar-em-junho-para-ter-uma-horta-produtiva-no-inverno\/#primaryimage"},"thumbnailUrl":"https:\/\/www.correiobraziliense.com.br\/cbradar\/wp-content\/uploads\/2025\/05\/acelga_1746458410347.jpg","datePublished":"2025-05-30T10:10:00+00:00","author":{"@id":"https:\/\/www.correiobraziliense.com.br\/cbradar\/#\/schema\/person\/7356666e12ec0ee53f348ee5db227032"},"description":"Descubra as melhores plantas para plantar em junho e aprenda como preparar o solo, irrigar e cuidar da horta no inverno.","breadcrumb":{"@id":"https:\/\/www.correiobraziliense.com.br\/cbradar\/o-que-plantar-em-junho-para-ter-uma-horta-produtiva-no-inverno\/#breadcrumb"},"inLanguage":"pt-BR","potentialAction":[{"@type":"ReadAction","target":["https:\/\/www.correiobraziliense.com.br\/cbradar\/o-que-plantar-em-junho-para-ter-uma-horta-produtiva-no-inverno\/"]}]},{"@type":"ImageObject","inLanguage":"pt-BR","@id":"https:\/\/www.correiobraziliense.com.br\/cbradar\/o-que-plantar-em-junho-para-ter-uma-horta-produtiva-no-inverno\/#primaryimage","url":"https:\/\/www.correiobraziliense.com.br\/cbradar\/wp-content\/uploads\/2025\/05\/acelga_1746458410347.jpg","contentUrl":"https:\/\/www.correiobraziliense.com.br\/cbradar\/wp-content\/uploads\/2025\/05\/acelga_1746458410347.jpg","width":1280,"height":720,"caption":"A acelga cresce melhor em climas amenos, tolerando baixas temperaturas - Cr\u00e9ditos: depositphotos.com \/ teleginatania"},{"@type":"BreadcrumbList","@id":"https:\/\/www.correiobraziliense.com.br\/cbradar\/o-que-plantar-em-junho-para-ter-uma-horta-produtiva-no-inverno\/#breadcrumb","itemListElement":[{"@type":"ListItem","position":1,"name":"In\u00edcio","item":"https:\/\/www.correiobraziliense.com.br\/cbradar\/"},{"@type":"ListItem","position":2,"name":"O que plantar em junho para ter uma horta produtiva no inverno"}]},{"@type":"WebSite","@id":"https:\/\/www.correiobraziliense.com.br\/cbradar\/#website","url":"https:\/\/www.correiobraziliense.com.br\/cbradar\/","name":"Correio Braziliense - Radar","description":"Acompanhe as \u00faltimas not\u00edcias e fique bem informado sobre tudo o que acontece no Brasil e no mundo.","potentialAction":[{"@type":"SearchAction","target":{"@type":"EntryPoint","urlTemplate":"https:\/\/www.correiobraziliense.com.br\/cbradar\/?s={search_term_string}"},"query-input":{"@type":"PropertyValueSpecification","valueRequired":true,"valueName":"search_term_string"}}],"inLanguage":"pt-BR"},{"@type":"Person","@id":"https:\/\/www.correiobraziliense.com.br\/cbradar\/#\/schema\/person\/7356666e12ec0ee53f348ee5db227032","name":"Daniely Cardoso","image":{"@type":"ImageObject","inLanguage":"pt-BR","@id":"https:\/\/www.correiobraziliense.com.br\/cbradar\/#\/schema\/person\/image\/","url":"https:\/\/secure.gravatar.com\/avatar\/4b80ddbd124d1f071b626d52d62e5dff?s=96&d=mm&r=g","contentUrl":"https:\/\/secure.gravatar.com\/avatar\/4b80ddbd124d1f071b626d52d62e5dff?s=96&d=mm&r=g","caption":"Daniely Cardoso"},"description":"Redatora nos portais CB Radar e EM Foco, formada pela Universidade Federal de Goi\u00e1s, em Goi\u00e2nia. Apaixonada por comunica\u00e7\u00e3o, arte, decora\u00e7\u00e3o e tend\u00eancias, atuo na produ\u00e7\u00e3o de conte\u00fados envolventes sobre curiosidades, moda, beleza e paisagismo, sempre com um olhar atento \u00e0s novidades do momento.","sameAs":["https:\/\/www.correiobraziliense.com.br\/cbradar"],"url":"https:\/\/www.correiobraziliense.com.br\/cbradar\/author\/danielymyth\/"}]}},"_links":{"self":[{"href":"https:\/\/www.correiobraziliense.com.br\/cbradar\/wp-json\/wp\/v2\/posts\/44693","targetHints":{"allow":["GET"]}}],"collection":[{"href":"https:\/\/www.correiobraziliense.com.br\/cbradar\/wp-json\/wp\/v2\/posts"}],"about":[{"href":"https:\/\/www.correiobraziliense.com.br\/cbradar\/wp-json\/wp\/v2\/types\/post"}],"author":[{"embeddable":true,"href":"https:\/\/www.correiobraziliense.com.br\/cbradar\/wp-json\/wp\/v2\/users\/9"}],"replies":[{"embeddable":true,"href":"https:\/\/www.correiobraziliense.com.br\/cbradar\/wp-json\/wp\/v2\/comments?post=44693"}],"version-history":[{"count":2,"href":"https:\/\/www.correiobraziliense.com.br\/cbradar\/wp-json\/wp\/v2\/posts\/44693\/revisions"}],"predecessor-version":[{"id":44696,"href":"https:\/\/www.correiobraziliense.com.br\/cbradar\/wp-json\/wp\/v2\/posts\/44693\/revisions\/44696"}],"wp:featuredmedia":[{"embeddable":true,"href":"https:\/\/www.correiobraziliense.com.br\/cbradar\/wp-json\/wp\/v2\/media\/32539"}],"wp:attachment":[{"href":"https:\/\/www.correiobraziliense.com.br\/cbradar\/wp-json\/wp\/v2\/media?parent=44693"}],"wp:term":[{"taxonomy":"category","embeddable":true,"href":"https:\/\/www.correiobraziliense.com.br\/cbradar\/wp-json\/wp\/v2\/categories?post=44693"},{"taxonomy":"post_tag","embeddable":true,"href":"https:\/\/www.correiobraziliense.com.br\/cbradar\/wp-json\/wp\/v2\/post_tag?post=44693"}],"curies":[{"name":"wp","href":"https:\/\/api.w.org\/{rel}","templated":true}]}}