{"id":44799,"date":"2025-05-30T19:00:30","date_gmt":"2025-05-30T22:00:30","guid":{"rendered":"https:\/\/www.correiobraziliense.com.br\/cbradar\/?p=44799"},"modified":"2025-05-30T06:48:41","modified_gmt":"2025-05-30T09:48:41","slug":"se-voce-tem-cabelos-brancos-este-truque-de-salao-vai-mudar-sua-vida","status":"publish","type":"post","link":"https:\/\/www.correiobraziliense.com.br\/cbradar\/se-voce-tem-cabelos-brancos-este-truque-de-salao-vai-mudar-sua-vida\/","title":{"rendered":"Se voc\u00ea tem cabelos brancos este truque de sal\u00e3o vai mudar sua vida"},"content":{"rendered":"\n<p>Para aqueles que desejam eliminar as canas de maneira eficaz, os tintes de cabelo s\u00e3o uma solu\u00e7\u00e3o popular. No entanto, se n\u00e3o forem aplicados corretamente, os fios brancos e grisalhos podem continuar vis\u00edveis. Especialistas em beleza oferecem dicas valiosas para garantir que a colora\u00e7\u00e3o cubra todo o <a href=\"https:\/\/www.correiobraziliense.com.br\/cbradar\/o-corte-de-cabelo-mais-desejado-de-2025-vai-te-surpreender\/\" target=\"_blank\" rel=\"noopener\">cabelo<\/a> e dure por meses.<\/p>\n\n\n\n<p>O segredo para uma cobertura duradoura das canas est\u00e1 na prepara\u00e7\u00e3o adequada do cabelo antes da aplica\u00e7\u00e3o do tinte. Com algumas t\u00e9cnicas simples, \u00e9 poss\u00edvel garantir que o pigmento penetre de forma uniforme, proporcionando um resultado satisfat\u00f3rio e duradouro.<\/p>\n\n\n\n<h2 class=\"wp-block-heading\">Qual \u00e9 o truque para cobrir as canas?<\/h2>\n\n\n\n<p>De acordo com a estilista <strong>Sandra New Look<\/strong>, o uso de \u00e1gua oxigenada, ou per\u00f3xido de hidrog\u00eanio de 20 volumes, \u00e9 essencial para preparar o cabelo antes da colora\u00e7\u00e3o. Este procedimento ajuda a amolecer as cut\u00edculas dos fios, permitindo que o tinte penetre com mais facilidade e efic\u00e1cia. Assim, as canas s\u00e3o cobertas de maneira uniforme, e o resultado pode durar at\u00e9 tr\u00eas meses.<\/p>\n\n\n<div class=\"wp-block-image\">\n<figure class=\"aligncenter size-large\"><img decoding=\"async\" width=\"1024\" height=\"576\" src=\"https:\/\/www.correiobraziliense.com.br\/cbradar\/wp-content\/uploads\/2025\/05\/cabelos-brancos_1747679911892-1024x576.jpg\" alt=\"Psicologia revela por que muitas pessoas decidem n\u00e3o pintar os fios brancos\" class=\"wp-image-39524\" srcset=\"https:\/\/www.correiobraziliense.com.br\/cbradar\/wp-content\/uploads\/2025\/05\/cabelos-brancos_1747679911892-1024x576.jpg 1024w, https:\/\/www.correiobraziliense.com.br\/cbradar\/wp-content\/uploads\/2025\/05\/cabelos-brancos_1747679911892-300x169.jpg 300w, https:\/\/www.correiobraziliense.com.br\/cbradar\/wp-content\/uploads\/2025\/05\/cabelos-brancos_1747679911892-768x432.jpg 768w, https:\/\/www.correiobraziliense.com.br\/cbradar\/wp-content\/uploads\/2025\/05\/cabelos-brancos_1747679911892-750x422.jpg 750w, https:\/\/www.correiobraziliense.com.br\/cbradar\/wp-content\/uploads\/2025\/05\/cabelos-brancos_1747679911892-1140x641.jpg 1140w, https:\/\/www.correiobraziliense.com.br\/cbradar\/wp-content\/uploads\/2025\/05\/cabelos-brancos_1747679911892.jpg 1280w\" sizes=\"(max-width: 1024px) 100vw, 1024px\" \/><figcaption class=\"wp-element-caption\">Cabelos grisalhos &#8211; Cr\u00e9ditos: depositphotos.com \/ IgorVetushko<\/figcaption><\/figure><\/div>\n\n\n<h2 class=\"wp-block-heading\">Passo a passo para aplicar o tinte corretamente?<\/h2>\n\n\n\n<p>Para aplicar o tinte de forma eficaz, siga estas etapas:<\/p>\n\n\n\n<ol class=\"wp-block-list\">\n<li>Aplique \u00e1gua oxigenada em todo o cabelo, focando nas ra\u00edzes e \u00e1reas com mais canas.<\/li>\n\n\n\n<li>Deixe o per\u00f3xido agir por alguns minutos. Se preferir, use um secador para acelerar o processo de secagem.<\/li>\n\n\n\n<li>Em seguida, aplique o tinte conforme as instru\u00e7\u00f5es do fabricante.<\/li>\n\n\n\n<li>Ap\u00f3s o tempo de a\u00e7\u00e3o do tinte, lave o cabelo com \u00e1gua fria para selar as cut\u00edculas.<\/li>\n<\/ol>\n\n\n\n<p>Com este m\u00e9todo, as canas desaparecer\u00e3o e o cabelo ficar\u00e1 uniformemente colorido da raiz \u00e0s pontas.<\/p>\n\n\n\n<h2 class=\"wp-block-heading\">Como prolongar a dura\u00e7\u00e3o da colora\u00e7\u00e3o?<\/h2>\n\n\n\n<p>Para manter a cor por mais tempo, \u00e9 importante adotar alguns cuidados adicionais:<\/p>\n\n\n\n<ul class=\"wp-block-list\">\n<li>Proteja o cabelo do calor excessivo do sol e de ferramentas como chapinhas e secadores.<\/li>\n\n\n\n<li>Mantenha o cabelo hidratado para ajudar a selar as cut\u00edculas e preservar a cor.<\/li>\n\n\n\n<li>Utilize produtos espec\u00edficos para cabelos tingidos, que ajudam a manter a vitalidade da cor.<\/li>\n<\/ul>\n\n\n\n<p>Seguindo essas dicas, \u00e9 poss\u00edvel prolongar a durabilidade da colora\u00e7\u00e3o e manter o cabelo bonito e saud\u00e1vel.<\/p>\n\n\n\n<h2 class=\"wp-block-heading\">Quais as considera\u00e7\u00f5es?<\/h2>\n\n\n\n<p>Aplicar o tinte de forma correta \u00e9 fundamental para garantir uma cobertura eficaz das canas. Com a prepara\u00e7\u00e3o adequada e cuidados posteriores, \u00e9 poss\u00edvel desfrutar de um cabelo com cor vibrante e uniforme por um per\u00edodo prolongado. Este m\u00e9todo pode ser repetido sempre que necess\u00e1rio, garantindo que as canas sejam um problema do passado.<\/p>\n","protected":false},"excerpt":{"rendered":"<p>Para aqueles que desejam eliminar as canas de maneira eficaz, os tintes de cabelo s\u00e3o uma solu\u00e7\u00e3o popular. No entanto, se n\u00e3o forem aplicados corretamente, os fios brancos e grisalhos podem continuar vis\u00edveis. Especialistas em beleza oferecem dicas valiosas para garantir que a colora\u00e7\u00e3o cubra todo o cabelo e dure por meses. O segredo para [&hellip;]<\/p>\n","protected":false},"author":9,"featured_media":39530,"comment_status":"open","ping_status":"open","sticky":false,"template":"","format":"standard","meta":{"_yoast_wpseo_focuskw":"canas","_yoast_wpseo_title":"%%title%% %%page%%","_yoast_wpseo_metadesc":"Aprenda o passo a passo para preparar o cabelo e aplicar tinte que cobre as canas de forma uniforme e dura por meses.","jnews-multi-image_gallery":[],"jnews_single_post":{"format":"standard"},"jnews_primary_category":[],"jnews_social_meta":[],"jnews_override_counter":[],"footnotes":""},"categories":[124],"post_tag":[125,5603,5605,5604],"class_list":["post-44799","post","type-post","status-publish","format-standard","has-post-thumbnail","hentry","category-beleza","tag-beleza","tag-cabelo-branco","tag-coloracao","tag-tinta"],"yoast_head":"<!-- This site is optimized with the Yoast SEO plugin v24.6 - https:\/\/yoast.com\/wordpress\/plugins\/seo\/ -->\n<title>Se voc\u00ea tem cabelos brancos este truque de sal\u00e3o vai mudar sua vida<\/title>\n<meta name=\"description\" content=\"Aprenda o passo a passo para preparar o cabelo e aplicar tinte que cobre as canas de forma uniforme e dura por meses.\" \/>\n<meta name=\"robots\" content=\"index, follow, max-snippet:-1, max-image-preview:large, max-video-preview:-1\" \/>\n<link rel=\"canonical\" href=\"https:\/\/www.correiobraziliense.com.br\/cbradar\/se-voce-tem-cabelos-brancos-este-truque-de-salao-vai-mudar-sua-vida\/\" \/>\n<meta property=\"og:locale\" content=\"pt_BR\" \/>\n<meta property=\"og:type\" content=\"article\" \/>\n<meta property=\"og:title\" content=\"Se voc\u00ea tem cabelos brancos este truque de sal\u00e3o vai mudar sua vida\" \/>\n<meta property=\"og:description\" content=\"Aprenda o passo a passo para preparar o cabelo e aplicar tinte que cobre as canas de forma uniforme e dura por meses.\" \/>\n<meta property=\"og:url\" content=\"https:\/\/www.correiobraziliense.com.br\/cbradar\/se-voce-tem-cabelos-brancos-este-truque-de-salao-vai-mudar-sua-vida\/\" \/>\n<meta property=\"og:site_name\" content=\"Correio Braziliense - Radar\" \/>\n<meta property=\"article:published_time\" content=\"2025-05-30T22:00:30+00:00\" \/>\n<meta property=\"og:image\" content=\"https:\/\/www.correiobraziliense.com.br\/cbradar\/wp-content\/uploads\/2025\/05\/cabelos-grisalhos_1747680104502.jpg\" \/>\n\t<meta property=\"og:image:width\" content=\"1280\" \/>\n\t<meta property=\"og:image:height\" content=\"720\" \/>\n\t<meta property=\"og:image:type\" content=\"image\/jpeg\" \/>\n<meta name=\"author\" content=\"Daniely Cardoso\" \/>\n<meta name=\"twitter:card\" content=\"summary_large_image\" \/>\n<meta name=\"twitter:label1\" content=\"Escrito por\" \/>\n\t<meta name=\"twitter:data1\" content=\"Daniely Cardoso\" \/>\n\t<meta name=\"twitter:label2\" content=\"Est. tempo de leitura\" \/>\n\t<meta name=\"twitter:data2\" content=\"3 minutos\" \/>\n<!-- \/ Yoast SEO plugin. -->","yoast_head_json":{"title":"Se voc\u00ea tem cabelos brancos este truque de sal\u00e3o vai mudar sua vida","description":"Aprenda o passo a passo para preparar o cabelo e aplicar tinte que cobre as canas de forma uniforme e dura por meses.","robots":{"index":"index","follow":"follow","max-snippet":"max-snippet:-1","max-image-preview":"max-image-preview:large","max-video-preview":"max-video-preview:-1"},"canonical":"https:\/\/www.correiobraziliense.com.br\/cbradar\/se-voce-tem-cabelos-brancos-este-truque-de-salao-vai-mudar-sua-vida\/","og_locale":"pt_BR","og_type":"article","og_title":"Se voc\u00ea tem cabelos brancos este truque de sal\u00e3o vai mudar sua vida","og_description":"Aprenda o passo a passo para preparar o cabelo e aplicar tinte que cobre as canas de forma uniforme e dura por meses.","og_url":"https:\/\/www.correiobraziliense.com.br\/cbradar\/se-voce-tem-cabelos-brancos-este-truque-de-salao-vai-mudar-sua-vida\/","og_site_name":"Correio Braziliense - Radar","article_published_time":"2025-05-30T22:00:30+00:00","og_image":[{"width":1280,"height":720,"url":"https:\/\/www.correiobraziliense.com.br\/cbradar\/wp-content\/uploads\/2025\/05\/cabelos-grisalhos_1747680104502.jpg","type":"image\/jpeg"}],"author":"Daniely Cardoso","twitter_card":"summary_large_image","twitter_misc":{"Escrito por":"Daniely Cardoso","Est. tempo de leitura":"3 minutos"},"schema":{"@context":"https:\/\/schema.org","@graph":[{"@type":"WebPage","@id":"https:\/\/www.correiobraziliense.com.br\/cbradar\/se-voce-tem-cabelos-brancos-este-truque-de-salao-vai-mudar-sua-vida\/","url":"https:\/\/www.correiobraziliense.com.br\/cbradar\/se-voce-tem-cabelos-brancos-este-truque-de-salao-vai-mudar-sua-vida\/","name":"Se voc\u00ea tem cabelos brancos este truque de sal\u00e3o vai mudar sua vida","isPartOf":{"@id":"https:\/\/www.correiobraziliense.com.br\/cbradar\/#website"},"primaryImageOfPage":{"@id":"https:\/\/www.correiobraziliense.com.br\/cbradar\/se-voce-tem-cabelos-brancos-este-truque-de-salao-vai-mudar-sua-vida\/#primaryimage"},"image":{"@id":"https:\/\/www.correiobraziliense.com.br\/cbradar\/se-voce-tem-cabelos-brancos-este-truque-de-salao-vai-mudar-sua-vida\/#primaryimage"},"thumbnailUrl":"https:\/\/www.correiobraziliense.com.br\/cbradar\/wp-content\/uploads\/2025\/05\/cabelos-grisalhos_1747680104502.jpg","datePublished":"2025-05-30T22:00:30+00:00","author":{"@id":"https:\/\/www.correiobraziliense.com.br\/cbradar\/#\/schema\/person\/7356666e12ec0ee53f348ee5db227032"},"description":"Aprenda o passo a passo para preparar o cabelo e aplicar tinte que cobre as canas de forma uniforme e dura por meses.","breadcrumb":{"@id":"https:\/\/www.correiobraziliense.com.br\/cbradar\/se-voce-tem-cabelos-brancos-este-truque-de-salao-vai-mudar-sua-vida\/#breadcrumb"},"inLanguage":"pt-BR","potentialAction":[{"@type":"ReadAction","target":["https:\/\/www.correiobraziliense.com.br\/cbradar\/se-voce-tem-cabelos-brancos-este-truque-de-salao-vai-mudar-sua-vida\/"]}]},{"@type":"ImageObject","inLanguage":"pt-BR","@id":"https:\/\/www.correiobraziliense.com.br\/cbradar\/se-voce-tem-cabelos-brancos-este-truque-de-salao-vai-mudar-sua-vida\/#primaryimage","url":"https:\/\/www.correiobraziliense.com.br\/cbradar\/wp-content\/uploads\/2025\/05\/cabelos-grisalhos_1747680104502.jpg","contentUrl":"https:\/\/www.correiobraziliense.com.br\/cbradar\/wp-content\/uploads\/2025\/05\/cabelos-grisalhos_1747680104502.jpg","width":1280,"height":720,"caption":"Cabelo grisalho - Cr\u00e9ditos: depositphotos.com \/ AlexLipa"},{"@type":"BreadcrumbList","@id":"https:\/\/www.correiobraziliense.com.br\/cbradar\/se-voce-tem-cabelos-brancos-este-truque-de-salao-vai-mudar-sua-vida\/#breadcrumb","itemListElement":[{"@type":"ListItem","position":1,"name":"In\u00edcio","item":"https:\/\/www.correiobraziliense.com.br\/cbradar\/"},{"@type":"ListItem","position":2,"name":"Se voc\u00ea tem cabelos brancos este truque de sal\u00e3o vai mudar sua vida"}]},{"@type":"WebSite","@id":"https:\/\/www.correiobraziliense.com.br\/cbradar\/#website","url":"https:\/\/www.correiobraziliense.com.br\/cbradar\/","name":"Correio Braziliense - Radar","description":"Acompanhe as \u00faltimas not\u00edcias e fique bem informado sobre tudo o que acontece no Brasil e no mundo.","potentialAction":[{"@type":"SearchAction","target":{"@type":"EntryPoint","urlTemplate":"https:\/\/www.correiobraziliense.com.br\/cbradar\/?s={search_term_string}"},"query-input":{"@type":"PropertyValueSpecification","valueRequired":true,"valueName":"search_term_string"}}],"inLanguage":"pt-BR"},{"@type":"Person","@id":"https:\/\/www.correiobraziliense.com.br\/cbradar\/#\/schema\/person\/7356666e12ec0ee53f348ee5db227032","name":"Daniely Cardoso","image":{"@type":"ImageObject","inLanguage":"pt-BR","@id":"https:\/\/www.correiobraziliense.com.br\/cbradar\/#\/schema\/person\/image\/","url":"https:\/\/secure.gravatar.com\/avatar\/4b80ddbd124d1f071b626d52d62e5dff?s=96&d=mm&r=g","contentUrl":"https:\/\/secure.gravatar.com\/avatar\/4b80ddbd124d1f071b626d52d62e5dff?s=96&d=mm&r=g","caption":"Daniely Cardoso"},"description":"Redatora nos portais CB Radar e EM Foco, formada pela Universidade Federal de Goi\u00e1s, em Goi\u00e2nia. Apaixonada por comunica\u00e7\u00e3o, arte, decora\u00e7\u00e3o e tend\u00eancias, atuo na produ\u00e7\u00e3o de conte\u00fados envolventes sobre curiosidades, moda, beleza e paisagismo, sempre com um olhar atento \u00e0s novidades do momento.","sameAs":["https:\/\/www.correiobraziliense.com.br\/cbradar"],"url":"https:\/\/www.correiobraziliense.com.br\/cbradar\/author\/danielymyth\/"}]}},"_links":{"self":[{"href":"https:\/\/www.correiobraziliense.com.br\/cbradar\/wp-json\/wp\/v2\/posts\/44799","targetHints":{"allow":["GET"]}}],"collection":[{"href":"https:\/\/www.correiobraziliense.com.br\/cbradar\/wp-json\/wp\/v2\/posts"}],"about":[{"href":"https:\/\/www.correiobraziliense.com.br\/cbradar\/wp-json\/wp\/v2\/types\/post"}],"author":[{"embeddable":true,"href":"https:\/\/www.correiobraziliense.com.br\/cbradar\/wp-json\/wp\/v2\/users\/9"}],"replies":[{"embeddable":true,"href":"https:\/\/www.correiobraziliense.com.br\/cbradar\/wp-json\/wp\/v2\/comments?post=44799"}],"version-history":[{"count":4,"href":"https:\/\/www.correiobraziliense.com.br\/cbradar\/wp-json\/wp\/v2\/posts\/44799\/revisions"}],"predecessor-version":[{"id":45294,"href":"https:\/\/www.correiobraziliense.com.br\/cbradar\/wp-json\/wp\/v2\/posts\/44799\/revisions\/45294"}],"wp:featuredmedia":[{"embeddable":true,"href":"https:\/\/www.correiobraziliense.com.br\/cbradar\/wp-json\/wp\/v2\/media\/39530"}],"wp:attachment":[{"href":"https:\/\/www.correiobraziliense.com.br\/cbradar\/wp-json\/wp\/v2\/media?parent=44799"}],"wp:term":[{"taxonomy":"category","embeddable":true,"href":"https:\/\/www.correiobraziliense.com.br\/cbradar\/wp-json\/wp\/v2\/categories?post=44799"},{"taxonomy":"post_tag","embeddable":true,"href":"https:\/\/www.correiobraziliense.com.br\/cbradar\/wp-json\/wp\/v2\/post_tag?post=44799"}],"curies":[{"name":"wp","href":"https:\/\/api.w.org\/{rel}","templated":true}]}}