{"id":44918,"date":"2025-06-01T09:50:00","date_gmt":"2025-06-01T12:50:00","guid":{"rendered":"https:\/\/www.correiobraziliense.com.br\/cbradar\/?p=44918"},"modified":"2025-07-02T12:48:21","modified_gmt":"2025-07-02T15:48:21","slug":"the-handmaids-tale-vai-ter-7a-temporada-confira","status":"publish","type":"post","link":"https:\/\/www.correiobraziliense.com.br\/cbradar\/the-handmaids-tale-vai-ter-7a-temporada-confira\/","title":{"rendered":"The Handmaid&#8217;s Tale vai ter 7\u00aa temporada? Confira!"},"content":{"rendered":"\n<p>A sexta temporada de <strong>The Handmaid&#8217;s Tale<\/strong> chegou ao fim em 27 de maio de 2025, encerrando uma das s\u00e9ries mais marcantes da TV moderna. <strong>Elisabeth Moss<\/strong> se despediu de <strong>June Osborne<\/strong> depois de oito anos interpretando a personagem que se tornou s\u00edmbolo de resist\u00eancia. O \u00faltimo epis\u00f3dio trouxe um final emocional, mas sem mostrar o reencontro entre <strong>June<\/strong> e sua filha <strong>Hannah<\/strong>, deixando essa resolu\u00e7\u00e3o para a sequ\u00eancia da <a href=\"https:\/\/www.correiobraziliense.com.br\/cbradar\/a-cidade-brasileira-com-qualidade-de-vida-comparavel-aos-eua\/\" target=\"_blank\" rel=\"noreferrer noopener\">hist\u00f3ria<\/a>.<\/p>\n\n\n\n<p>A volta de <strong>Elisabeth Moss<\/strong> para os sets de<a href=\"https:\/\/www.imdb.com\/pt\/title\/tt5834204\/?ref_=nv_sr_srsg_0_tt_8_nm_0_in_0_q_O%2520Conto%2520da%2520Aia\" target=\"_blank\" rel=\"noreferrer noopener\"> <strong>The Handmaid&#8217;s Tale<\/strong><\/a> n\u00e3o foi apenas um retorno ao trabalho. Foi um encontro especial entre a atriz e a maternidade real, j\u00e1 que ela deu \u00e0 luz seu primeiro filho em 2024. Essa experi\u00eancia pessoal trouxe uma camada extra de emo\u00e7\u00e3o para as cenas finais da s\u00e9rie, onde <strong>June<\/strong> luta desesperadamente para salvar sua filha do regime opressor de <strong>Gilead<\/strong>.<\/p>\n\n\n\n<h2 class=\"wp-block-heading\">Como Elisabeth Moss Se Despediu da S\u00e9rie?<\/h2>\n\n\n\n<p>A despedida foi especial demais. <strong>Elisabeth Moss<\/strong> n\u00e3o apenas estrelou a temporada final, mas tamb\u00e9m dirigiu os dois primeiros e os dois \u00faltimos epis\u00f3dios da s\u00e9rie. No epis\u00f3dio final, ela volta \u00e0 casa onde foi mantida prisioneira como <strong>Offred<\/strong>, agora em ru\u00ednas, e come\u00e7a a gravar suas mem\u00f3rias que se tornar\u00e3o o livro &#8220;<strong>The Handmaid&#8217;s Tale<\/strong>&#8220;.<\/p>\n\n\n\n<p>O momento mais emocionante foi quando ela grava um mon\u00f3logo que espelha exatamente o primeiro epis\u00f3dio da s\u00e9rie. <strong>Moss<\/strong> teve que misturar uma nova grava\u00e7\u00e3o com trechos da vers\u00e3o original de 2017, criando uma conex\u00e3o temporal que deu arrepios nos f\u00e3s. A atriz confessou que precisou assistir ao epis\u00f3dio piloto no celular apenas 10 minutos antes de filmar para lembrar do tom exato da fala.<\/p>\n\n\n\n<h2 class=\"wp-block-heading\">The Testaments Realmente Est\u00e1 Sendo Produzido?<\/h2>\n\n\n\n<figure class=\"wp-block-embed aligncenter is-type-video is-provider-youtube wp-block-embed-youtube wp-embed-aspect-16-9 wp-has-aspect-ratio\"><div class=\"wp-block-embed__wrapper\">\n<div class=\"jeg_video_container jeg_video_content\"><iframe loading=\"lazy\" title=\"The Handmaid&#039;s Tale | Trailer Oficial | Paramount Plus Brasil\" width=\"500\" height=\"281\" src=\"https:\/\/www.youtube.com\/embed\/aDqxFl7LTxU?feature=oembed\" frameborder=\"0\" allow=\"accelerometer; autoplay; clipboard-write; encrypted-media; gyroscope; picture-in-picture; web-share\" referrerpolicy=\"strict-origin-when-cross-origin\" allowfullscreen><\/iframe><\/div>\n<\/div><\/figure>\n\n\n\n<p>Sim, e j\u00e1 come\u00e7ou! <strong>The Testaments<\/strong> iniciou as filmagens em 7 de abril de 2025, em <strong>Toronto<\/strong>. A nova s\u00e9rie se passa 15 anos depois dos eventos do primeiro livro e segue tr\u00eas personagens principais: <strong>Tia Lydia<\/strong> (<strong>Ann Dowd<\/strong> retornando ao papel), <strong>Agnes<\/strong> (que \u00e9 <strong>Hannah<\/strong> crescida, interpretada por <strong>Chase Infiniti<\/strong>) e <strong>Daisy<\/strong> (vivida por <strong>Lucy Halliday<\/strong>).<\/p>\n\n\n\n<p><strong>Bruce Miller<\/strong>, criador original, est\u00e1 comandando a produ\u00e7\u00e3o como showrunner. Ele descreveu a nova s\u00e9rie como &#8220;<strong>Mean Girls<\/strong> crescendo em <strong>Gilead<\/strong>&#8220;, focando mais nas din\u00e2micas entre adolescentes vivendo sob o regime. <strong>Elisabeth Moss<\/strong> continua como produtora executiva, mesmo n\u00e3o aparecendo como atriz principal. O elenco ainda conta com <strong>Rowan Blanchard<\/strong> e <strong>Amy Seimetz<\/strong> em pap\u00e9is importantes.<\/p>\n\n\n\n<h2 class=\"wp-block-heading\">June Vai Aparecer na Nova S\u00e9rie?<\/h2>\n\n\n\n<p>Essa \u00e9 a pergunta que n\u00e3o quer calar. <strong>Elisabeth Moss<\/strong> foi bem misteriosa quando perguntaram sobre isso, respondendo apenas &#8220;voc\u00eas v\u00e3o ter que assistir a s\u00e9rie&#8221;. J\u00e1 <strong>Bruce Miller<\/strong> deu uma pista maior, dizendo que adoraria ver <strong>June<\/strong> aparecer e que ela &#8220;ainda est\u00e1 l\u00e1 fora tentando trazer <strong>Hannah<\/strong> de volta&#8221;.<\/p>\n\n\n\n<p><strong>Margaret Atwood<\/strong>, autora dos livros, explicou que se <strong>June<\/strong> \u00e9 uma lutadora da resist\u00eancia, ela precisa ficar nas sombras. No livro <strong>The Testaments<\/strong>, ela aparece no final quando finalmente se reencontra com as filhas. A expectativa \u00e9 que a s\u00e9rie de TV possa trazer <strong>Moss<\/strong> para epis\u00f3dios especiais ou flashbacks, mas nada foi confirmado oficialmente. A previs\u00e3o \u00e9 que <strong>The Testaments<\/strong> estreie em 2026 na <strong>Hulu<\/strong>.<\/p>\n","protected":false},"excerpt":{"rendered":"<p>A sexta temporada de The Handmaid&#8217;s Tale chegou ao fim em 27 de maio de 2025, encerrando uma das s\u00e9ries mais marcantes da TV moderna. Elisabeth Moss se despediu de June Osborne depois de oito anos interpretando a personagem que se tornou s\u00edmbolo de resist\u00eancia. O \u00faltimo epis\u00f3dio trouxe um final emocional, mas sem mostrar [&hellip;]<\/p>\n","protected":false},"author":8,"featured_media":44996,"comment_status":"open","ping_status":"open","sticky":false,"template":"","format":"standard","meta":{"_yoast_wpseo_focuskw":"The Handmaid\u2019s Tale","_yoast_wpseo_title":"","_yoast_wpseo_metadesc":"A 7\u00aa temporada de The Handmaid\u2019s Tale \u00e9 um evento poss\u00edvel? Conhe\u00e7a os detalhes que v\u00e3o surpreender os f\u00e3s.","jnews-multi-image_gallery":[],"jnews_single_post":{"format":"standard"},"jnews_primary_category":[],"jnews_social_meta":[],"jnews_override_counter":[],"footnotes":""},"categories":[140],"post_tag":[5635,5634,660],"class_list":["post-44918","post","type-post","status-publish","format-standard","has-post-thumbnail","hentry","category-entretenimento","tag-7-temporada","tag-conto-da-aia","tag-the-handmaids-tale"],"yoast_head":"<!-- This site is optimized with the Yoast SEO plugin v24.6 - https:\/\/yoast.com\/wordpress\/plugins\/seo\/ -->\n<title>The Handmaid&#039;s Tale vai ter 7\u00aa temporada? Confira! - Correio Braziliense - Radar<\/title>\n<meta name=\"description\" content=\"A 7\u00aa temporada de The Handmaid\u2019s Tale \u00e9 um evento poss\u00edvel? Conhe\u00e7a os detalhes que v\u00e3o surpreender os f\u00e3s.\" \/>\n<meta name=\"robots\" content=\"index, follow, max-snippet:-1, max-image-preview:large, max-video-preview:-1\" \/>\n<link rel=\"canonical\" href=\"https:\/\/www.correiobraziliense.com.br\/cbradar\/the-handmaids-tale-vai-ter-7a-temporada-confira\/\" \/>\n<meta property=\"og:locale\" content=\"pt_BR\" \/>\n<meta property=\"og:type\" content=\"article\" \/>\n<meta property=\"og:title\" content=\"The Handmaid&#039;s Tale vai ter 7\u00aa temporada? Confira! - Correio Braziliense - Radar\" \/>\n<meta property=\"og:description\" content=\"A 7\u00aa temporada de The Handmaid\u2019s Tale \u00e9 um evento poss\u00edvel? Conhe\u00e7a os detalhes que v\u00e3o surpreender os f\u00e3s.\" \/>\n<meta property=\"og:url\" content=\"https:\/\/www.correiobraziliense.com.br\/cbradar\/the-handmaids-tale-vai-ter-7a-temporada-confira\/\" \/>\n<meta property=\"og:site_name\" content=\"Correio Braziliense - Radar\" \/>\n<meta property=\"article:published_time\" content=\"2025-06-01T12:50:00+00:00\" \/>\n<meta property=\"article:modified_time\" content=\"2025-07-02T15:48:21+00:00\" \/>\n<meta property=\"og:image\" content=\"https:\/\/www.correiobraziliense.com.br\/cbradar\/wp-content\/uploads\/2025\/05\/Edicoes-40.png\" \/>\n\t<meta property=\"og:image:width\" content=\"1280\" \/>\n\t<meta property=\"og:image:height\" content=\"720\" \/>\n\t<meta property=\"og:image:type\" content=\"image\/png\" \/>\n<meta name=\"author\" content=\"Maura Pereira\" \/>\n<meta name=\"twitter:card\" content=\"summary_large_image\" \/>\n<meta name=\"twitter:label1\" content=\"Escrito por\" \/>\n\t<meta name=\"twitter:data1\" content=\"Maura Pereira\" \/>\n\t<meta name=\"twitter:label2\" content=\"Est. tempo de leitura\" \/>\n\t<meta name=\"twitter:data2\" content=\"4 minutos\" \/>\n<!-- \/ Yoast SEO plugin. -->","yoast_head_json":{"title":"The Handmaid's Tale vai ter 7\u00aa temporada? Confira! - Correio Braziliense - Radar","description":"A 7\u00aa temporada de The Handmaid\u2019s Tale \u00e9 um evento poss\u00edvel? Conhe\u00e7a os detalhes que v\u00e3o surpreender os f\u00e3s.","robots":{"index":"index","follow":"follow","max-snippet":"max-snippet:-1","max-image-preview":"max-image-preview:large","max-video-preview":"max-video-preview:-1"},"canonical":"https:\/\/www.correiobraziliense.com.br\/cbradar\/the-handmaids-tale-vai-ter-7a-temporada-confira\/","og_locale":"pt_BR","og_type":"article","og_title":"The Handmaid's Tale vai ter 7\u00aa temporada? Confira! - Correio Braziliense - Radar","og_description":"A 7\u00aa temporada de The Handmaid\u2019s Tale \u00e9 um evento poss\u00edvel? Conhe\u00e7a os detalhes que v\u00e3o surpreender os f\u00e3s.","og_url":"https:\/\/www.correiobraziliense.com.br\/cbradar\/the-handmaids-tale-vai-ter-7a-temporada-confira\/","og_site_name":"Correio Braziliense - Radar","article_published_time":"2025-06-01T12:50:00+00:00","article_modified_time":"2025-07-02T15:48:21+00:00","og_image":[{"width":1280,"height":720,"url":"https:\/\/www.correiobraziliense.com.br\/cbradar\/wp-content\/uploads\/2025\/05\/Edicoes-40.png","type":"image\/png"}],"author":"Maura Pereira","twitter_card":"summary_large_image","twitter_misc":{"Escrito por":"Maura Pereira","Est. tempo de leitura":"4 minutos"},"schema":{"@context":"https:\/\/schema.org","@graph":[{"@type":"WebPage","@id":"https:\/\/www.correiobraziliense.com.br\/cbradar\/the-handmaids-tale-vai-ter-7a-temporada-confira\/","url":"https:\/\/www.correiobraziliense.com.br\/cbradar\/the-handmaids-tale-vai-ter-7a-temporada-confira\/","name":"The Handmaid's Tale vai ter 7\u00aa temporada? Confira! - Correio Braziliense - Radar","isPartOf":{"@id":"https:\/\/www.correiobraziliense.com.br\/cbradar\/#website"},"primaryImageOfPage":{"@id":"https:\/\/www.correiobraziliense.com.br\/cbradar\/the-handmaids-tale-vai-ter-7a-temporada-confira\/#primaryimage"},"image":{"@id":"https:\/\/www.correiobraziliense.com.br\/cbradar\/the-handmaids-tale-vai-ter-7a-temporada-confira\/#primaryimage"},"thumbnailUrl":"https:\/\/www.correiobraziliense.com.br\/cbradar\/wp-content\/uploads\/2025\/05\/Edicoes-40.png","datePublished":"2025-06-01T12:50:00+00:00","dateModified":"2025-07-02T15:48:21+00:00","author":{"@id":"https:\/\/www.correiobraziliense.com.br\/cbradar\/#\/schema\/person\/4053c651a9bfc785afc6f4cbc9032fd3"},"description":"A 7\u00aa temporada de The Handmaid\u2019s Tale \u00e9 um evento poss\u00edvel? Conhe\u00e7a os detalhes que v\u00e3o surpreender os f\u00e3s.","breadcrumb":{"@id":"https:\/\/www.correiobraziliense.com.br\/cbradar\/the-handmaids-tale-vai-ter-7a-temporada-confira\/#breadcrumb"},"inLanguage":"pt-BR","potentialAction":[{"@type":"ReadAction","target":["https:\/\/www.correiobraziliense.com.br\/cbradar\/the-handmaids-tale-vai-ter-7a-temporada-confira\/"]}]},{"@type":"ImageObject","inLanguage":"pt-BR","@id":"https:\/\/www.correiobraziliense.com.br\/cbradar\/the-handmaids-tale-vai-ter-7a-temporada-confira\/#primaryimage","url":"https:\/\/www.correiobraziliense.com.br\/cbradar\/wp-content\/uploads\/2025\/05\/Edicoes-40.png","contentUrl":"https:\/\/www.correiobraziliense.com.br\/cbradar\/wp-content\/uploads\/2025\/05\/Edicoes-40.png","width":1280,"height":720,"caption":"The Handmaid's Tale \/\/ Reprodu\u00e7\u00e3o: IMDb (Foto\/Divulga\u00e7\u00e3o)"},{"@type":"BreadcrumbList","@id":"https:\/\/www.correiobraziliense.com.br\/cbradar\/the-handmaids-tale-vai-ter-7a-temporada-confira\/#breadcrumb","itemListElement":[{"@type":"ListItem","position":1,"name":"In\u00edcio","item":"https:\/\/www.correiobraziliense.com.br\/cbradar\/"},{"@type":"ListItem","position":2,"name":"The Handmaid&#8217;s Tale vai ter 7\u00aa temporada? Confira!"}]},{"@type":"WebSite","@id":"https:\/\/www.correiobraziliense.com.br\/cbradar\/#website","url":"https:\/\/www.correiobraziliense.com.br\/cbradar\/","name":"Correio Braziliense - Radar","description":"Acompanhe as \u00faltimas not\u00edcias e fique bem informado sobre tudo o que acontece no Brasil e no mundo.","potentialAction":[{"@type":"SearchAction","target":{"@type":"EntryPoint","urlTemplate":"https:\/\/www.correiobraziliense.com.br\/cbradar\/?s={search_term_string}"},"query-input":{"@type":"PropertyValueSpecification","valueRequired":true,"valueName":"search_term_string"}}],"inLanguage":"pt-BR"},{"@type":"Person","@id":"https:\/\/www.correiobraziliense.com.br\/cbradar\/#\/schema\/person\/4053c651a9bfc785afc6f4cbc9032fd3","name":"Maura Pereira","image":{"@type":"ImageObject","inLanguage":"pt-BR","@id":"https:\/\/www.correiobraziliense.com.br\/cbradar\/#\/schema\/person\/image\/","url":"https:\/\/secure.gravatar.com\/avatar\/3effd6bdadfa447f15089c7f7144eaa6?s=96&d=mm&r=g","contentUrl":"https:\/\/secure.gravatar.com\/avatar\/3effd6bdadfa447f15089c7f7144eaa6?s=96&d=mm&r=g","caption":"Maura Pereira"},"sameAs":["https:\/\/www.correiobraziliense.com.br\/"],"url":"https:\/\/www.correiobraziliense.com.br\/cbradar\/author\/mauramyth\/"}]}},"_links":{"self":[{"href":"https:\/\/www.correiobraziliense.com.br\/cbradar\/wp-json\/wp\/v2\/posts\/44918","targetHints":{"allow":["GET"]}}],"collection":[{"href":"https:\/\/www.correiobraziliense.com.br\/cbradar\/wp-json\/wp\/v2\/posts"}],"about":[{"href":"https:\/\/www.correiobraziliense.com.br\/cbradar\/wp-json\/wp\/v2\/types\/post"}],"author":[{"embeddable":true,"href":"https:\/\/www.correiobraziliense.com.br\/cbradar\/wp-json\/wp\/v2\/users\/8"}],"replies":[{"embeddable":true,"href":"https:\/\/www.correiobraziliense.com.br\/cbradar\/wp-json\/wp\/v2\/comments?post=44918"}],"version-history":[{"count":8,"href":"https:\/\/www.correiobraziliense.com.br\/cbradar\/wp-json\/wp\/v2\/posts\/44918\/revisions"}],"predecessor-version":[{"id":63366,"href":"https:\/\/www.correiobraziliense.com.br\/cbradar\/wp-json\/wp\/v2\/posts\/44918\/revisions\/63366"}],"wp:featuredmedia":[{"embeddable":true,"href":"https:\/\/www.correiobraziliense.com.br\/cbradar\/wp-json\/wp\/v2\/media\/44996"}],"wp:attachment":[{"href":"https:\/\/www.correiobraziliense.com.br\/cbradar\/wp-json\/wp\/v2\/media?parent=44918"}],"wp:term":[{"taxonomy":"category","embeddable":true,"href":"https:\/\/www.correiobraziliense.com.br\/cbradar\/wp-json\/wp\/v2\/categories?post=44918"},{"taxonomy":"post_tag","embeddable":true,"href":"https:\/\/www.correiobraziliense.com.br\/cbradar\/wp-json\/wp\/v2\/post_tag?post=44918"}],"curies":[{"name":"wp","href":"https:\/\/api.w.org\/{rel}","templated":true}]}}