{"id":45049,"date":"2025-05-30T17:50:00","date_gmt":"2025-05-30T20:50:00","guid":{"rendered":"https:\/\/www.correiobraziliense.com.br\/cbradar\/?p=45049"},"modified":"2025-05-29T18:03:11","modified_gmt":"2025-05-29T21:03:11","slug":"por-que-essa-cidade-se-destaca-tanto-no-interior-de-sao-paulo","status":"publish","type":"post","link":"https:\/\/www.correiobraziliense.com.br\/cbradar\/por-que-essa-cidade-se-destaca-tanto-no-interior-de-sao-paulo\/","title":{"rendered":"Por que essa cidade se destaca tanto no interior de S\u00e3o Paulo?"},"content":{"rendered":"\n<p><strong><a href=\"https:\/\/piracicaba.sp.gov.br\/\" target=\"_blank\" rel=\"noreferrer noopener\">Piracicaba<\/a><\/strong>, localizada no interior do estado de <strong><a href=\"https:\/\/www.correiobraziliense.com.br\/cbradar\/essa-cidade-do-litoral-paulista-virou-o-novo-xodo-dos-viajantes\/\" target=\"_blank\" rel=\"noreferrer noopener\">S\u00e3o Paulo<\/a><\/strong>, \u00e9 uma cidade que equilibra tradi\u00e7\u00e3o e modernidade com maestria. Conhecida por seu charme \u00e0s margens do <strong>Rio Piracicaba<\/strong>, o munic\u00edpio oferece uma combina\u00e7\u00e3o atraente de qualidade de vida, oportunidades econ\u00f4micas e forte desenvolvimento educacional. Sua atmosfera acolhedora, combinada com uma infraestrutura urbana eficiente e paisagens naturais preservadas, torna <strong>Piracicaba<\/strong> um destino cada vez mais procurado por fam\u00edlias, estudantes e empreendedores.<\/p>\n\n\n\n<h2 class=\"wp-block-heading\">Como \u00e9 a qualidade de vida em Piracicaba?<\/h2>\n\n\n\n<p>A qualidade de vida em <strong>Piracicaba<\/strong> \u00e9 um dos seus principais atrativos. A cidade possui baixos \u00edndices de viol\u00eancia em compara\u00e7\u00e3o a grandes centros urbanos, o que contribui para uma sensa\u00e7\u00e3o de seguran\u00e7a constante. A rede de sa\u00fade p\u00fablica \u00e9 bem estruturada, com destaque para o <strong>Hospital dos Fornecedores de Cana<\/strong> e o <strong>Hospital Unimed Piracicaba<\/strong>, que oferecem atendimento qualificado.<\/p>\n\n\n\n<p>No transporte, a cidade investe em infraestrutura vi\u00e1ria e op\u00e7\u00f5es de mobilidade urbana, como ciclovias e linhas de \u00f4nibus integradas. Bairros bem planejados e arborizados aumentam a sensa\u00e7\u00e3o de bem-estar dos moradores, al\u00e9m de contribuir para um clima agrad\u00e1vel e para a valoriza\u00e7\u00e3o imobili\u00e1ria. O lazer tamb\u00e9m tem espa\u00e7o garantido, com \u00e1reas como o <strong>Parque da Rua do Porto<\/strong> e o <strong>Parque do Engenho Central<\/strong>, que promovem sa\u00fade e conv\u00edvio social.<\/p>\n\n\n<div class=\"wp-block-image\">\n<figure class=\"aligncenter size-large\"><img decoding=\"async\" width=\"1024\" height=\"576\" src=\"https:\/\/www.correiobraziliense.com.br\/cbradar\/wp-content\/uploads\/2025\/04\/Piracicaba_1744768268091-1024x576.jpg\" alt=\"Destino no interior paulista impressiona com sua qualidade de vida\" class=\"wp-image-24116\" srcset=\"https:\/\/www.correiobraziliense.com.br\/cbradar\/wp-content\/uploads\/2025\/04\/Piracicaba_1744768268091-1024x576.jpg 1024w, https:\/\/www.correiobraziliense.com.br\/cbradar\/wp-content\/uploads\/2025\/04\/Piracicaba_1744768268091-300x169.jpg 300w, https:\/\/www.correiobraziliense.com.br\/cbradar\/wp-content\/uploads\/2025\/04\/Piracicaba_1744768268091-768x432.jpg 768w, https:\/\/www.correiobraziliense.com.br\/cbradar\/wp-content\/uploads\/2025\/04\/Piracicaba_1744768268091-750x422.jpg 750w, https:\/\/www.correiobraziliense.com.br\/cbradar\/wp-content\/uploads\/2025\/04\/Piracicaba_1744768268091-1140x641.jpg 1140w, https:\/\/www.correiobraziliense.com.br\/cbradar\/wp-content\/uploads\/2025\/04\/Piracicaba_1744768268091.jpg 1280w\" sizes=\"(max-width: 1024px) 100vw, 1024px\" \/><figcaption class=\"wp-element-caption\">Piracicaba \/\/ Cr\u00e9ditos: depositphotos.com \/ flamiaki8<\/figcaption><\/figure><\/div>\n\n\n<h2 class=\"wp-block-heading\">Piracicaba tem pol\u00edticas sustent\u00e1veis?<\/h2>\n\n\n\n<p>Sim, <strong>Piracicaba<\/strong> tem se destacado em iniciativas voltadas \u00e0 sustentabilidade. A cidade conta com programas de coleta seletiva, projetos de recupera\u00e7\u00e3o de \u00e1reas verdes e est\u00edmulo ao uso consciente da \u00e1gua e da energia. O <strong>Instituto de Pesquisas e Estudos Florestais (IPEF)<\/strong>, sediado na cidade, atua diretamente na promo\u00e7\u00e3o de pesquisas ambientais e pr\u00e1ticas sustent\u00e1veis no setor agroflorestal.<\/p>\n\n\n\n<p>Al\u00e9m disso, o <strong>Rio Piracicaba<\/strong> \u00e9 constantemente monitorado por entidades ambientais e universidades locais, sendo um s\u00edmbolo da import\u00e2ncia da preserva\u00e7\u00e3o e da educa\u00e7\u00e3o ambiental na cidade.<\/p>\n\n\n\n<h2 class=\"wp-block-heading\">Como \u00e9 a educa\u00e7\u00e3o em Piracicaba?<\/h2>\n\n\n\n<p>A educa\u00e7\u00e3o \u00e9 um dos pilares do desenvolvimento de <strong>Piracicaba<\/strong>. Desde a educa\u00e7\u00e3o infantil at\u00e9 o ensino superior, a cidade oferece uma ampla rede de escolas p\u00fablicas e privadas de qualidade. Destacam-se institui\u00e7\u00f5es como o <strong>Col\u00e9gio CLQ<\/strong> e o <strong>Col\u00e9gio Adventista de Piracicaba<\/strong>, reconhecidos pelo desempenho acad\u00eamico e pela forma\u00e7\u00e3o integral dos alunos.<\/p>\n\n\n\n<p>No ensino superior, <strong>Piracicaba<\/strong> abriga importantes centros universit\u00e1rios. A <strong>Esalq &#8211; Escola Superior de Agricultura Luiz de Queiroz<\/strong>, pertencente \u00e0 <strong>USP<\/strong>, \u00e9 refer\u00eancia nacional e internacional em ci\u00eancias agr\u00e1rias, economia e meio ambiente. Outras institui\u00e7\u00f5es, como a <strong>Unimep (Universidade Metodista de Piracicaba)<\/strong> e o <strong>Instituto Federal de S\u00e3o Paulo (IFSP)<\/strong>, ampliam a oferta de cursos e fomentam a pesquisa e a inova\u00e7\u00e3o na regi\u00e3o.<\/p>\n\n\n\n<h2 class=\"wp-block-heading\">Como \u00e9 a economia e o mercado de trabalho em Piracicaba?<\/h2>\n\n\n\n<p>A economia de <strong>Piracicaba<\/strong> \u00e9 diversificada e din\u00e2mica. O setor industrial \u00e9 um dos pilares da cidade, com destaque para empresas do ramo automobil\u00edstico, sucroenerg\u00e9tico, metal\u00fargico e aliment\u00edcio. A presen\u00e7a de grandes empresas como a <strong>Caterpillar<\/strong> e o polo tecnol\u00f3gico <strong>Parque Tecnol\u00f3gico de Piracicaba<\/strong> atrai investimentos e gera empregos qualificados.<\/p>\n\n\n\n<p>O agroneg\u00f3cio tamb\u00e9m tem papel de destaque, impulsionado pela tradi\u00e7\u00e3o agr\u00edcola da regi\u00e3o e pela atua\u00e7\u00e3o de institui\u00e7\u00f5es como a <strong>Esalq<\/strong>. O com\u00e9rcio e os servi\u00e7os seguem em expans\u00e3o, acompanhando o crescimento populacional e o aumento do poder de consumo local.<\/p>\n\n\n\n<p>A cidade tamb\u00e9m \u00e9 reconhecida pelo apoio ao empreendedorismo e \u00e0 inova\u00e7\u00e3o, com programas de incentivo a startups e a pequenas e m\u00e9dias empresas.<\/p>\n\n\n\n<h2 class=\"wp-block-heading\">Principais pontos tur\u00edsticos de Piracicaba?<\/h2>\n\n\n\n<p><strong>Piracicaba<\/strong> possui uma rica heran\u00e7a cultural e belas paisagens naturais. O <strong>Engenho Central<\/strong>, antigo complexo industrial transformado em espa\u00e7o cultural, \u00e9 um dos principais atrativos, oferecendo teatros, exposi\u00e7\u00f5es e eventos. O <strong>Aqu\u00e1rio Municipal<\/strong> encanta visitantes com sua diversidade de esp\u00e9cies aqu\u00e1ticas e projetos educativos.<\/p>\n\n\n\n<p>Outro ponto imperd\u00edvel \u00e9 o <strong>Elevador Panor\u00e2mico do Mirante<\/strong>, de onde se tem uma vista espetacular do <strong>Rio Piracicaba<\/strong> e da cidade. A <strong>Rua do Porto<\/strong>, repleta de restaurantes e bares, \u00e9 o local ideal para apreciar a tradicional culin\u00e1ria caipira e o famoso peixe no tambor.<\/p>\n\n\n\n<h2 class=\"wp-block-heading\">Vale a pena morar em Piracicaba?<\/h2>\n\n\n\n<p>Sim, morar em <strong>Piracicaba<\/strong> \u00e9 uma excelente escolha para quem busca qualidade de vida, seguran\u00e7a, boa infraestrutura urbana e acesso \u00e0 educa\u00e7\u00e3o de ponta. A cidade oferece op\u00e7\u00f5es residenciais que agradam desde fam\u00edlias em busca de tranquilidade at\u00e9 jovens profissionais e estudantes universit\u00e1rios.<\/p>\n\n\n\n<p>O custo de vida \u00e9 mais acess\u00edvel do que em grandes capitais, sem abrir m\u00e3o dos servi\u00e7os e oportunidades. O equil\u00edbrio entre vida profissional e pessoal, aliado ao contato com a natureza e ao clima interiorano, torna <strong>Piracicaba<\/strong> um lugar ideal para se viver.<\/p>\n\n\n\n<h2 class=\"wp-block-heading\">Vale a pena visitar Piracicaba?<\/h2>\n\n\n\n<p>Sem d\u00favida, visitar <strong>Piracicaba<\/strong> \u00e9 uma experi\u00eancia enriquecedora. A cidade combina hist\u00f3ria, cultura, gastronomia e natureza de forma \u00fanica. Seja para um final de semana, um feriado prolongado ou uma visita acad\u00eamica, o munic\u00edpio oferece atrativos para todas as idades.<\/p>\n\n\n\n<p>A simpatia dos moradores, a boa estrutura tur\u00edstica e a diversidade de eventos, como a tradicional <strong>Festa das Na\u00e7\u00f5es<\/strong>, tornam <strong>Piracicaba<\/strong> um destino especial para quem deseja explorar o interior paulista com charme e conte\u00fado.<\/p>\n","protected":false},"excerpt":{"rendered":"<p>Piracicaba, localizada no interior do estado de S\u00e3o Paulo, \u00e9 uma cidade que equilibra tradi\u00e7\u00e3o e modernidade com maestria. Conhecida por seu charme \u00e0s margens do Rio Piracicaba, o munic\u00edpio oferece uma combina\u00e7\u00e3o atraente de qualidade de vida, oportunidades econ\u00f4micas e forte desenvolvimento educacional. Sua atmosfera acolhedora, combinada com uma infraestrutura urbana eficiente e paisagens [&hellip;]<\/p>\n","protected":false},"author":8,"featured_media":24115,"comment_status":"open","ping_status":"open","sticky":false,"template":"","format":"standard","meta":{"_yoast_wpseo_focuskw":"cidade","_yoast_wpseo_title":"","_yoast_wpseo_metadesc":"Uma cidade do interior de S\u00e3o Paulo est\u00e1 chamando aten\u00e7\u00e3o em todo o Brasil. Descubra o motivo que surpreende at\u00e9 moradores.","jnews-multi-image_gallery":[],"jnews_single_post":{"format":"standard"},"jnews_primary_category":[],"jnews_social_meta":[],"jnews_override_counter":[],"footnotes":""},"categories":[108,111],"tags":[3412,278],"class_list":["post-45049","post","type-post","status-publish","format-standard","has-post-thumbnail","hentry","category-cidades","category-turismo","tag-piracicaba","tag-sao-paulo"],"yoast_head":"<!-- This site is optimized with the Yoast SEO plugin v24.6 - https:\/\/yoast.com\/wordpress\/plugins\/seo\/ -->\n<title>Por que essa cidade se destaca tanto no interior de S\u00e3o Paulo? - Correio Braziliense - Radar<\/title>\n<meta name=\"description\" content=\"Uma cidade do interior de S\u00e3o Paulo est\u00e1 chamando aten\u00e7\u00e3o em todo o Brasil. Descubra o motivo que surpreende at\u00e9 moradores.\" \/>\n<meta name=\"robots\" content=\"index, follow, max-snippet:-1, max-image-preview:large, max-video-preview:-1\" \/>\n<link rel=\"canonical\" href=\"https:\/\/www.correiobraziliense.com.br\/cbradar\/por-que-essa-cidade-se-destaca-tanto-no-interior-de-sao-paulo\/\" \/>\n<meta property=\"og:locale\" content=\"pt_BR\" \/>\n<meta property=\"og:type\" content=\"article\" \/>\n<meta property=\"og:title\" content=\"Por que essa cidade se destaca tanto no interior de S\u00e3o Paulo? - Correio Braziliense - Radar\" \/>\n<meta property=\"og:description\" content=\"Uma cidade do interior de S\u00e3o Paulo est\u00e1 chamando aten\u00e7\u00e3o em todo o Brasil. Descubra o motivo que surpreende at\u00e9 moradores.\" \/>\n<meta property=\"og:url\" content=\"https:\/\/www.correiobraziliense.com.br\/cbradar\/por-que-essa-cidade-se-destaca-tanto-no-interior-de-sao-paulo\/\" \/>\n<meta property=\"og:site_name\" content=\"Correio Braziliense - Radar\" \/>\n<meta property=\"article:published_time\" content=\"2025-05-30T20:50:00+00:00\" \/>\n<meta property=\"og:image\" content=\"https:\/\/www.correiobraziliense.com.br\/cbradar\/wp-content\/uploads\/2025\/04\/Piracicaba_1744768260132.jpg\" \/>\n\t<meta property=\"og:image:width\" content=\"1280\" \/>\n\t<meta property=\"og:image:height\" content=\"720\" \/>\n\t<meta property=\"og:image:type\" content=\"image\/jpeg\" \/>\n<meta name=\"author\" content=\"Maura Pereira\" \/>\n<meta name=\"twitter:card\" content=\"summary_large_image\" \/>\n<meta name=\"twitter:label1\" content=\"Escrito por\" \/>\n\t<meta name=\"twitter:data1\" content=\"Maura Pereira\" \/>\n\t<meta name=\"twitter:label2\" content=\"Est. tempo de leitura\" \/>\n\t<meta name=\"twitter:data2\" content=\"5 minutos\" \/>\n<!-- \/ Yoast SEO plugin. -->","yoast_head_json":{"title":"Por que essa cidade se destaca tanto no interior de S\u00e3o Paulo? - Correio Braziliense - Radar","description":"Uma cidade do interior de S\u00e3o Paulo est\u00e1 chamando aten\u00e7\u00e3o em todo o Brasil. Descubra o motivo que surpreende at\u00e9 moradores.","robots":{"index":"index","follow":"follow","max-snippet":"max-snippet:-1","max-image-preview":"max-image-preview:large","max-video-preview":"max-video-preview:-1"},"canonical":"https:\/\/www.correiobraziliense.com.br\/cbradar\/por-que-essa-cidade-se-destaca-tanto-no-interior-de-sao-paulo\/","og_locale":"pt_BR","og_type":"article","og_title":"Por que essa cidade se destaca tanto no interior de S\u00e3o Paulo? - Correio Braziliense - Radar","og_description":"Uma cidade do interior de S\u00e3o Paulo est\u00e1 chamando aten\u00e7\u00e3o em todo o Brasil. Descubra o motivo que surpreende at\u00e9 moradores.","og_url":"https:\/\/www.correiobraziliense.com.br\/cbradar\/por-que-essa-cidade-se-destaca-tanto-no-interior-de-sao-paulo\/","og_site_name":"Correio Braziliense - Radar","article_published_time":"2025-05-30T20:50:00+00:00","og_image":[{"width":1280,"height":720,"url":"https:\/\/www.correiobraziliense.com.br\/cbradar\/wp-content\/uploads\/2025\/04\/Piracicaba_1744768260132.jpg","type":"image\/jpeg"}],"author":"Maura Pereira","twitter_card":"summary_large_image","twitter_misc":{"Escrito por":"Maura Pereira","Est. tempo de leitura":"5 minutos"},"schema":{"@context":"https:\/\/schema.org","@graph":[{"@type":"WebPage","@id":"https:\/\/www.correiobraziliense.com.br\/cbradar\/por-que-essa-cidade-se-destaca-tanto-no-interior-de-sao-paulo\/","url":"https:\/\/www.correiobraziliense.com.br\/cbradar\/por-que-essa-cidade-se-destaca-tanto-no-interior-de-sao-paulo\/","name":"Por que essa cidade se destaca tanto no interior de S\u00e3o Paulo? - Correio Braziliense - Radar","isPartOf":{"@id":"https:\/\/www.correiobraziliense.com.br\/cbradar\/#website"},"primaryImageOfPage":{"@id":"https:\/\/www.correiobraziliense.com.br\/cbradar\/por-que-essa-cidade-se-destaca-tanto-no-interior-de-sao-paulo\/#primaryimage"},"image":{"@id":"https:\/\/www.correiobraziliense.com.br\/cbradar\/por-que-essa-cidade-se-destaca-tanto-no-interior-de-sao-paulo\/#primaryimage"},"thumbnailUrl":"https:\/\/www.correiobraziliense.com.br\/cbradar\/wp-content\/uploads\/2025\/04\/Piracicaba_1744768260132.jpg","datePublished":"2025-05-30T20:50:00+00:00","author":{"@id":"https:\/\/www.correiobraziliense.com.br\/cbradar\/#\/schema\/person\/4053c651a9bfc785afc6f4cbc9032fd3"},"description":"Uma cidade do interior de S\u00e3o Paulo est\u00e1 chamando aten\u00e7\u00e3o em todo o Brasil. Descubra o motivo que surpreende at\u00e9 moradores.","breadcrumb":{"@id":"https:\/\/www.correiobraziliense.com.br\/cbradar\/por-que-essa-cidade-se-destaca-tanto-no-interior-de-sao-paulo\/#breadcrumb"},"inLanguage":"pt-BR","potentialAction":[{"@type":"ReadAction","target":["https:\/\/www.correiobraziliense.com.br\/cbradar\/por-que-essa-cidade-se-destaca-tanto-no-interior-de-sao-paulo\/"]}]},{"@type":"ImageObject","inLanguage":"pt-BR","@id":"https:\/\/www.correiobraziliense.com.br\/cbradar\/por-que-essa-cidade-se-destaca-tanto-no-interior-de-sao-paulo\/#primaryimage","url":"https:\/\/www.correiobraziliense.com.br\/cbradar\/wp-content\/uploads\/2025\/04\/Piracicaba_1744768260132.jpg","contentUrl":"https:\/\/www.correiobraziliense.com.br\/cbradar\/wp-content\/uploads\/2025\/04\/Piracicaba_1744768260132.jpg","width":1280,"height":720,"caption":"Explore Piracicaba, cidade hist\u00f3rica com belas paisagens, rica em cultura e natureza. \/\/ Cr\u00e9ditos: depositphotos.com \/ eearaki@gmail.com"},{"@type":"BreadcrumbList","@id":"https:\/\/www.correiobraziliense.com.br\/cbradar\/por-que-essa-cidade-se-destaca-tanto-no-interior-de-sao-paulo\/#breadcrumb","itemListElement":[{"@type":"ListItem","position":1,"name":"In\u00edcio","item":"https:\/\/www.correiobraziliense.com.br\/cbradar\/"},{"@type":"ListItem","position":2,"name":"Por que essa cidade se destaca tanto no interior de S\u00e3o Paulo?"}]},{"@type":"WebSite","@id":"https:\/\/www.correiobraziliense.com.br\/cbradar\/#website","url":"https:\/\/www.correiobraziliense.com.br\/cbradar\/","name":"Correio Braziliense - Radar","description":"Acompanhe as \u00faltimas not\u00edcias e fique bem informado sobre tudo o que acontece no Brasil e no mundo.","potentialAction":[{"@type":"SearchAction","target":{"@type":"EntryPoint","urlTemplate":"https:\/\/www.correiobraziliense.com.br\/cbradar\/?s={search_term_string}"},"query-input":{"@type":"PropertyValueSpecification","valueRequired":true,"valueName":"search_term_string"}}],"inLanguage":"pt-BR"},{"@type":"Person","@id":"https:\/\/www.correiobraziliense.com.br\/cbradar\/#\/schema\/person\/4053c651a9bfc785afc6f4cbc9032fd3","name":"Maura Pereira","image":{"@type":"ImageObject","inLanguage":"pt-BR","@id":"https:\/\/www.correiobraziliense.com.br\/cbradar\/#\/schema\/person\/image\/","url":"https:\/\/secure.gravatar.com\/avatar\/3effd6bdadfa447f15089c7f7144eaa6?s=96&d=mm&r=g","contentUrl":"https:\/\/secure.gravatar.com\/avatar\/3effd6bdadfa447f15089c7f7144eaa6?s=96&d=mm&r=g","caption":"Maura Pereira"},"sameAs":["https:\/\/www.correiobraziliense.com.br\/"],"url":"https:\/\/www.correiobraziliense.com.br\/cbradar\/author\/mauramyth\/"}]}},"_links":{"self":[{"href":"https:\/\/www.correiobraziliense.com.br\/cbradar\/wp-json\/wp\/v2\/posts\/45049","targetHints":{"allow":["GET"]}}],"collection":[{"href":"https:\/\/www.correiobraziliense.com.br\/cbradar\/wp-json\/wp\/v2\/posts"}],"about":[{"href":"https:\/\/www.correiobraziliense.com.br\/cbradar\/wp-json\/wp\/v2\/types\/post"}],"author":[{"embeddable":true,"href":"https:\/\/www.correiobraziliense.com.br\/cbradar\/wp-json\/wp\/v2\/users\/8"}],"replies":[{"embeddable":true,"href":"https:\/\/www.correiobraziliense.com.br\/cbradar\/wp-json\/wp\/v2\/comments?post=45049"}],"version-history":[{"count":4,"href":"https:\/\/www.correiobraziliense.com.br\/cbradar\/wp-json\/wp\/v2\/posts\/45049\/revisions"}],"predecessor-version":[{"id":45073,"href":"https:\/\/www.correiobraziliense.com.br\/cbradar\/wp-json\/wp\/v2\/posts\/45049\/revisions\/45073"}],"wp:featuredmedia":[{"embeddable":true,"href":"https:\/\/www.correiobraziliense.com.br\/cbradar\/wp-json\/wp\/v2\/media\/24115"}],"wp:attachment":[{"href":"https:\/\/www.correiobraziliense.com.br\/cbradar\/wp-json\/wp\/v2\/media?parent=45049"}],"wp:term":[{"taxonomy":"category","embeddable":true,"href":"https:\/\/www.correiobraziliense.com.br\/cbradar\/wp-json\/wp\/v2\/categories?post=45049"},{"taxonomy":"post_tag","embeddable":true,"href":"https:\/\/www.correiobraziliense.com.br\/cbradar\/wp-json\/wp\/v2\/tags?post=45049"}],"curies":[{"name":"wp","href":"https:\/\/api.w.org\/{rel}","templated":true}]}}