{"id":45538,"date":"2025-05-31T15:30:00","date_gmt":"2025-05-31T18:30:00","guid":{"rendered":"https:\/\/www.correiobraziliense.com.br\/cbradar\/?p=45538"},"modified":"2025-05-31T04:56:50","modified_gmt":"2025-05-31T07:56:50","slug":"essa-serie-e-a-mistura-perfeita-de-crime-e-elegancia","status":"publish","type":"post","link":"https:\/\/www.correiobraziliense.com.br\/cbradar\/essa-serie-e-a-mistura-perfeita-de-crime-e-elegancia\/","title":{"rendered":"Essa s\u00e9rie \u00e9 a mistura perfeita de crime e eleg\u00e2ncia"},"content":{"rendered":"\n<p><strong>Peaky Blinders<\/strong> \u00e9 uma s\u00e9rie de drama hist\u00f3rico e policial criada por <strong>Steven Knight<\/strong>, lan\u00e7ada em 2013 pela <strong>BBC<\/strong>. A trama se passa em <strong>Birmingham<\/strong>, Inglaterra, logo ap\u00f3s a Primeira Guerra Mundial, e acompanha a ascens\u00e3o da gangue <strong>Shelby<\/strong>, liderada por <strong>Thomas Shelby<\/strong>, um ex-soldado inteligente e implac\u00e1vel.<\/p>\n\n\n\n<p>Enquanto expande seus neg\u00f3cios ilegais e busca respeito no submundo do crime, Tommy tamb\u00e9m enfrenta inimigos pol\u00edticos, trai\u00e7\u00f5es familiares e fantasmas da guerra que o assombram.<\/p>\n\n\n\n<h2 class=\"wp-block-heading\">Quem s\u00e3o os personagens principais?<\/h2>\n\n\n\n<ul class=\"wp-block-list\">\n<li><strong>Thomas \u201cTommy\u201d Shelby<\/strong> (Cillian Murphy): l\u00edder da gangue, frio e estrategista.<\/li>\n\n\n\n<li><strong>Arthur Shelby<\/strong> (Paul Anderson): irm\u00e3o mais velho, impulsivo e violento.<\/li>\n\n\n\n<li><strong>Polly Gray<\/strong> (Helen McCrory): tia dos Shelby, forte, maternal e essencial nos neg\u00f3cios.<\/li>\n\n\n\n<li><strong>Ada Shelby<\/strong>, <strong>John Shelby<\/strong>, <strong>Michael Gray<\/strong>, <strong>Grace Burgess<\/strong>: figuras importantes que moldam o destino da fam\u00edlia.<\/li>\n<\/ul>\n\n\n\n<figure class=\"wp-block-image size-large\"><img decoding=\"async\" width=\"1024\" height=\"576\" src=\"https:\/\/www.correiobraziliense.com.br\/cbradar\/wp-content\/uploads\/2025\/05\/Peaky-Blinders-1024x576.png\" alt=\"Essa s\u00e9rie \u00e9 a mistura perfeita de crime e eleg\u00e2ncia\" class=\"wp-image-45540\" srcset=\"https:\/\/www.correiobraziliense.com.br\/cbradar\/wp-content\/uploads\/2025\/05\/Peaky-Blinders-1024x576.png 1024w, https:\/\/www.correiobraziliense.com.br\/cbradar\/wp-content\/uploads\/2025\/05\/Peaky-Blinders-300x169.png 300w, https:\/\/www.correiobraziliense.com.br\/cbradar\/wp-content\/uploads\/2025\/05\/Peaky-Blinders-768x432.png 768w, https:\/\/www.correiobraziliense.com.br\/cbradar\/wp-content\/uploads\/2025\/05\/Peaky-Blinders-750x422.png 750w, https:\/\/www.correiobraziliense.com.br\/cbradar\/wp-content\/uploads\/2025\/05\/Peaky-Blinders-1140x641.png 1140w, https:\/\/www.correiobraziliense.com.br\/cbradar\/wp-content\/uploads\/2025\/05\/Peaky-Blinders.png 1280w\" sizes=\"(max-width: 1024px) 100vw, 1024px\" \/><figcaption class=\"wp-element-caption\">Peaky Blinders. Fonte: divulga\u00e7\u00e3o \/ BBC<\/figcaption><\/figure>\n\n\n\n<h2 class=\"wp-block-heading\">Como a s\u00e9rie mistura hist\u00f3ria, crime e estilo?<\/h2>\n\n\n\n<p><em>Peaky Blinders<\/em> se destaca por unir viol\u00eancia brutal com est\u00e9tica refinada. A s\u00e9rie explora o impacto da guerra nos soldados, o nascimento do crime organizado e a luta de classes, tudo envolto em figurinos impec\u00e1veis, trilha sonora moderna e fotografia sombria.<\/p>\n\n\n\n<p>A narrativa intensa mostra a transforma\u00e7\u00e3o de Tommy de criminoso local a figura pol\u00edtica influente, sempre flertando com a ru\u00edna.<\/p>\n\n\n\n<h2 class=\"wp-block-heading\">Vale a pena assistir Peaky Blinders?<\/h2>\n\n\n\n<p>Sim. <em>Peaky Blinders<\/em> \u00e9 uma das s\u00e9ries brit\u00e2nicas mais aclamadas da \u00faltima d\u00e9cada. Com personagens carism\u00e1ticos, roteiro afiado e dire\u00e7\u00e3o estilosa, a s\u00e9rie entrega a\u00e7\u00e3o, drama e reflex\u00f5es sobre poder e lealdade.<\/p>\n\n\n\n<p>Ideal para quem gosta de hist\u00f3rias densas, ambienta\u00e7\u00f5es hist\u00f3ricas e protagonistas complexos.<\/p>\n\n\n\n<h2 class=\"wp-block-heading\">Curiosidades sobre Peaky Blinders<\/h2>\n\n\n\n<ul class=\"wp-block-list\">\n<li>Inspirada em uma gangue real que atuava em Birmingham no in\u00edcio do s\u00e9culo XX.<\/li>\n\n\n\n<li>A trilha sonora inclui artistas contempor\u00e2neos como Nick Cave e Arctic Monkeys.<\/li>\n\n\n\n<li>Helen McCrory, int\u00e9rprete de Polly, faleceu antes das filmagens da \u00faltima temporada.<\/li>\n\n\n\n<li>Uma continua\u00e7\u00e3o em formato de filme est\u00e1 confirmada.<\/li>\n<\/ul>\n\n\n\n<iframe loading=\"lazy\" width=\"560\" height=\"315\" src=\"https:\/\/www.youtube.com\/embed\/svmIUWMVo2Y?si=U6d0-KxJle8TCUe_\" title=\"YouTube video player\" frameborder=\"0\" allow=\"accelerometer; autoplay; clipboard-write; encrypted-media; gyroscope; picture-in-picture; web-share\" referrerpolicy=\"strict-origin-when-cross-origin\" allowfullscreen><\/iframe>\n\n\n\n<h2 class=\"wp-block-heading\">FAQ &#8211; Perguntas frequentes<\/h2>\n\n\n\n<ul class=\"wp-block-list\">\n<li><strong>Onde assistir Peaky Blinders?<\/strong>\n<ul class=\"wp-block-list\">\n<li>Dispon\u00edvel na <strong>Netflix<\/strong>.<\/li>\n<\/ul>\n<\/li>\n\n\n\n<li><strong>Quem est\u00e1 no elenco principal?<\/strong>\n<ul class=\"wp-block-list\">\n<li><strong>Cillian Murphy<\/strong>, <strong>Paul Anderson<\/strong>, <strong>Helen McCrory<\/strong>, <strong>Sophie Rundle<\/strong>, <strong>Finn Cole<\/strong>, <strong>Tom Hardy<\/strong>.<\/li>\n<\/ul>\n<\/li>\n\n\n\n<li><strong>Qual o ano de lan\u00e7amento da s\u00e9rie?<\/strong>\n<ul class=\"wp-block-list\">\n<li><em>Peaky Blinders<\/em> estreou em 2013 e foi finalizada em 2022.<\/li>\n<\/ul>\n<\/li>\n\n\n\n<li><strong>Qual a produtora respons\u00e1vel pela s\u00e9rie?<\/strong>\n<ul class=\"wp-block-list\">\n<li>Produzida pela <strong>BBC Studios<\/strong> em parceria com a <strong>Caryn Mandabach Productions<\/strong> e a <strong>Tiger Aspect Productions<\/strong>.<\/li>\n<\/ul>\n<\/li>\n<\/ul>\n","protected":false},"excerpt":{"rendered":"<p>Viol\u00eancia, ambi\u00e7\u00e3o e estilo definem essa s\u00e9rie que acompanha a ascens\u00e3o de uma gangue brit\u00e2nica ap\u00f3s a Primeira Guerra Mundial.<\/p>\n","protected":false},"author":3,"featured_media":45539,"comment_status":"open","ping_status":"open","sticky":false,"template":"","format":"standard","meta":{"_yoast_wpseo_focuskw":"Peaky Blinders","_yoast_wpseo_title":"%%title%%","_yoast_wpseo_metadesc":"Viol\u00eancia, ambi\u00e7\u00e3o e estilo definem essa s\u00e9rie que acompanha a ascens\u00e3o de uma gangue brit\u00e2nica ap\u00f3s a Primeira Guerra Mundial.","jnews-multi-image_gallery":[],"jnews_single_post":{"format":"standard"},"jnews_primary_category":[],"jnews_social_meta":[],"jnews_override_counter":[],"footnotes":""},"categories":[140],"tags":[5688,142],"class_list":["post-45538","post","type-post","status-publish","format-standard","has-post-thumbnail","hentry","category-entretenimento","tag-crimes","tag-series"],"yoast_head":"<!-- This site is optimized with the Yoast SEO plugin v24.6 - https:\/\/yoast.com\/wordpress\/plugins\/seo\/ -->\n<title>Essa s\u00e9rie \u00e9 a mistura perfeita de crime e eleg\u00e2ncia<\/title>\n<meta name=\"description\" content=\"Viol\u00eancia, ambi\u00e7\u00e3o e estilo definem essa s\u00e9rie que acompanha a ascens\u00e3o de uma gangue brit\u00e2nica ap\u00f3s a Primeira Guerra Mundial.\" \/>\n<meta name=\"robots\" content=\"index, follow, max-snippet:-1, max-image-preview:large, max-video-preview:-1\" \/>\n<link rel=\"canonical\" href=\"https:\/\/www.correiobraziliense.com.br\/cbradar\/essa-serie-e-a-mistura-perfeita-de-crime-e-elegancia\/\" \/>\n<meta property=\"og:locale\" content=\"pt_BR\" \/>\n<meta property=\"og:type\" content=\"article\" \/>\n<meta property=\"og:title\" content=\"Essa s\u00e9rie \u00e9 a mistura perfeita de crime e eleg\u00e2ncia\" \/>\n<meta property=\"og:description\" content=\"Viol\u00eancia, ambi\u00e7\u00e3o e estilo definem essa s\u00e9rie que acompanha a ascens\u00e3o de uma gangue brit\u00e2nica ap\u00f3s a Primeira Guerra Mundial.\" \/>\n<meta property=\"og:url\" content=\"https:\/\/www.correiobraziliense.com.br\/cbradar\/essa-serie-e-a-mistura-perfeita-de-crime-e-elegancia\/\" \/>\n<meta property=\"og:site_name\" content=\"Correio Braziliense - Radar\" \/>\n<meta property=\"article:published_time\" content=\"2025-05-31T18:30:00+00:00\" \/>\n<meta property=\"og:image\" content=\"https:\/\/www.correiobraziliense.com.br\/cbradar\/wp-content\/uploads\/2025\/05\/Peaky-Blinders-2.png\" \/>\n\t<meta property=\"og:image:width\" content=\"1280\" \/>\n\t<meta property=\"og:image:height\" content=\"720\" \/>\n\t<meta property=\"og:image:type\" content=\"image\/png\" \/>\n<meta name=\"author\" content=\"Larissa Carvalho\" \/>\n<meta name=\"twitter:card\" content=\"summary_large_image\" \/>\n<meta name=\"twitter:label1\" content=\"Escrito por\" \/>\n\t<meta name=\"twitter:data1\" content=\"Larissa Carvalho\" \/>\n\t<meta name=\"twitter:label2\" content=\"Est. tempo de leitura\" \/>\n\t<meta name=\"twitter:data2\" content=\"3 minutos\" \/>\n<!-- \/ Yoast SEO plugin. -->","yoast_head_json":{"title":"Essa s\u00e9rie \u00e9 a mistura perfeita de crime e eleg\u00e2ncia","description":"Viol\u00eancia, ambi\u00e7\u00e3o e estilo definem essa s\u00e9rie que acompanha a ascens\u00e3o de uma gangue brit\u00e2nica ap\u00f3s a Primeira Guerra Mundial.","robots":{"index":"index","follow":"follow","max-snippet":"max-snippet:-1","max-image-preview":"max-image-preview:large","max-video-preview":"max-video-preview:-1"},"canonical":"https:\/\/www.correiobraziliense.com.br\/cbradar\/essa-serie-e-a-mistura-perfeita-de-crime-e-elegancia\/","og_locale":"pt_BR","og_type":"article","og_title":"Essa s\u00e9rie \u00e9 a mistura perfeita de crime e eleg\u00e2ncia","og_description":"Viol\u00eancia, ambi\u00e7\u00e3o e estilo definem essa s\u00e9rie que acompanha a ascens\u00e3o de uma gangue brit\u00e2nica ap\u00f3s a Primeira Guerra Mundial.","og_url":"https:\/\/www.correiobraziliense.com.br\/cbradar\/essa-serie-e-a-mistura-perfeita-de-crime-e-elegancia\/","og_site_name":"Correio Braziliense - Radar","article_published_time":"2025-05-31T18:30:00+00:00","og_image":[{"width":1280,"height":720,"url":"https:\/\/www.correiobraziliense.com.br\/cbradar\/wp-content\/uploads\/2025\/05\/Peaky-Blinders-2.png","type":"image\/png"}],"author":"Larissa Carvalho","twitter_card":"summary_large_image","twitter_misc":{"Escrito por":"Larissa Carvalho","Est. tempo de leitura":"3 minutos"},"schema":{"@context":"https:\/\/schema.org","@graph":[{"@type":"WebPage","@id":"https:\/\/www.correiobraziliense.com.br\/cbradar\/essa-serie-e-a-mistura-perfeita-de-crime-e-elegancia\/","url":"https:\/\/www.correiobraziliense.com.br\/cbradar\/essa-serie-e-a-mistura-perfeita-de-crime-e-elegancia\/","name":"Essa s\u00e9rie \u00e9 a mistura perfeita de crime e eleg\u00e2ncia","isPartOf":{"@id":"https:\/\/www.correiobraziliense.com.br\/cbradar\/#website"},"primaryImageOfPage":{"@id":"https:\/\/www.correiobraziliense.com.br\/cbradar\/essa-serie-e-a-mistura-perfeita-de-crime-e-elegancia\/#primaryimage"},"image":{"@id":"https:\/\/www.correiobraziliense.com.br\/cbradar\/essa-serie-e-a-mistura-perfeita-de-crime-e-elegancia\/#primaryimage"},"thumbnailUrl":"https:\/\/www.correiobraziliense.com.br\/cbradar\/wp-content\/uploads\/2025\/05\/Peaky-Blinders-2.png","datePublished":"2025-05-31T18:30:00+00:00","author":{"@id":"https:\/\/www.correiobraziliense.com.br\/cbradar\/#\/schema\/person\/58422787644df994b53a19d3e56c1513"},"description":"Viol\u00eancia, ambi\u00e7\u00e3o e estilo definem essa s\u00e9rie que acompanha a ascens\u00e3o de uma gangue brit\u00e2nica ap\u00f3s a Primeira Guerra Mundial.","breadcrumb":{"@id":"https:\/\/www.correiobraziliense.com.br\/cbradar\/essa-serie-e-a-mistura-perfeita-de-crime-e-elegancia\/#breadcrumb"},"inLanguage":"pt-BR","potentialAction":[{"@type":"ReadAction","target":["https:\/\/www.correiobraziliense.com.br\/cbradar\/essa-serie-e-a-mistura-perfeita-de-crime-e-elegancia\/"]}]},{"@type":"ImageObject","inLanguage":"pt-BR","@id":"https:\/\/www.correiobraziliense.com.br\/cbradar\/essa-serie-e-a-mistura-perfeita-de-crime-e-elegancia\/#primaryimage","url":"https:\/\/www.correiobraziliense.com.br\/cbradar\/wp-content\/uploads\/2025\/05\/Peaky-Blinders-2.png","contentUrl":"https:\/\/www.correiobraziliense.com.br\/cbradar\/wp-content\/uploads\/2025\/05\/Peaky-Blinders-2.png","width":1280,"height":720,"caption":"Peaky Blinders. Fonte: divulga\u00e7\u00e3o \/ BBC"},{"@type":"BreadcrumbList","@id":"https:\/\/www.correiobraziliense.com.br\/cbradar\/essa-serie-e-a-mistura-perfeita-de-crime-e-elegancia\/#breadcrumb","itemListElement":[{"@type":"ListItem","position":1,"name":"In\u00edcio","item":"https:\/\/www.correiobraziliense.com.br\/cbradar\/"},{"@type":"ListItem","position":2,"name":"Essa s\u00e9rie \u00e9 a mistura perfeita de crime e eleg\u00e2ncia"}]},{"@type":"WebSite","@id":"https:\/\/www.correiobraziliense.com.br\/cbradar\/#website","url":"https:\/\/www.correiobraziliense.com.br\/cbradar\/","name":"Correio Braziliense - Radar","description":"Acompanhe as \u00faltimas not\u00edcias e fique bem informado sobre tudo o que acontece no Brasil e no mundo.","potentialAction":[{"@type":"SearchAction","target":{"@type":"EntryPoint","urlTemplate":"https:\/\/www.correiobraziliense.com.br\/cbradar\/?s={search_term_string}"},"query-input":{"@type":"PropertyValueSpecification","valueRequired":true,"valueName":"search_term_string"}}],"inLanguage":"pt-BR"},{"@type":"Person","@id":"https:\/\/www.correiobraziliense.com.br\/cbradar\/#\/schema\/person\/58422787644df994b53a19d3e56c1513","name":"Larissa Carvalho","image":{"@type":"ImageObject","inLanguage":"pt-BR","@id":"https:\/\/www.correiobraziliense.com.br\/cbradar\/#\/schema\/person\/image\/","url":"https:\/\/secure.gravatar.com\/avatar\/fe4f91a0de32b52a838d0d612abdc1aa?s=96&d=mm&r=g","contentUrl":"https:\/\/secure.gravatar.com\/avatar\/fe4f91a0de32b52a838d0d612abdc1aa?s=96&d=mm&r=g","caption":"Larissa Carvalho"},"url":"https:\/\/www.correiobraziliense.com.br\/cbradar\/author\/larissamyth\/"}]}},"_links":{"self":[{"href":"https:\/\/www.correiobraziliense.com.br\/cbradar\/wp-json\/wp\/v2\/posts\/45538","targetHints":{"allow":["GET"]}}],"collection":[{"href":"https:\/\/www.correiobraziliense.com.br\/cbradar\/wp-json\/wp\/v2\/posts"}],"about":[{"href":"https:\/\/www.correiobraziliense.com.br\/cbradar\/wp-json\/wp\/v2\/types\/post"}],"author":[{"embeddable":true,"href":"https:\/\/www.correiobraziliense.com.br\/cbradar\/wp-json\/wp\/v2\/users\/3"}],"replies":[{"embeddable":true,"href":"https:\/\/www.correiobraziliense.com.br\/cbradar\/wp-json\/wp\/v2\/comments?post=45538"}],"version-history":[{"count":2,"href":"https:\/\/www.correiobraziliense.com.br\/cbradar\/wp-json\/wp\/v2\/posts\/45538\/revisions"}],"predecessor-version":[{"id":45543,"href":"https:\/\/www.correiobraziliense.com.br\/cbradar\/wp-json\/wp\/v2\/posts\/45538\/revisions\/45543"}],"wp:featuredmedia":[{"embeddable":true,"href":"https:\/\/www.correiobraziliense.com.br\/cbradar\/wp-json\/wp\/v2\/media\/45539"}],"wp:attachment":[{"href":"https:\/\/www.correiobraziliense.com.br\/cbradar\/wp-json\/wp\/v2\/media?parent=45538"}],"wp:term":[{"taxonomy":"category","embeddable":true,"href":"https:\/\/www.correiobraziliense.com.br\/cbradar\/wp-json\/wp\/v2\/categories?post=45538"},{"taxonomy":"post_tag","embeddable":true,"href":"https:\/\/www.correiobraziliense.com.br\/cbradar\/wp-json\/wp\/v2\/tags?post=45538"}],"curies":[{"name":"wp","href":"https:\/\/api.w.org\/{rel}","templated":true}]}}