{"id":45542,"date":"2025-05-31T18:10:00","date_gmt":"2025-05-31T21:10:00","guid":{"rendered":"https:\/\/www.correiobraziliense.com.br\/cbradar\/?p=45542"},"modified":"2025-06-02T17:55:22","modified_gmt":"2025-06-02T20:55:22","slug":"essa-serie-mostra-o-nascimento-de-um-anti-heroi-inesquecivel","status":"publish","type":"post","link":"https:\/\/www.correiobraziliense.com.br\/cbradar\/essa-serie-mostra-o-nascimento-de-um-anti-heroi-inesquecivel\/","title":{"rendered":"Essa s\u00e9rie mostra o nascimento de um anti-her\u00f3i inesquec\u00edvel"},"content":{"rendered":"\n<p><strong>Better Call Saul<\/strong> \u00e9 uma s\u00e9rie de drama e crime criada por <strong>Vince Gilligan<\/strong> e <strong>Peter Gould<\/strong>, lan\u00e7ada em 2015 pela <strong>AMC<\/strong>. A trama funciona como prequel de <em>Breaking Bad<\/em>, e acompanha a transforma\u00e7\u00e3o de <strong>Jimmy McGill<\/strong>, um advogado de pequenas causas, no inescrupuloso <strong>Saul Goodman<\/strong>.<\/p>\n\n\n\n<p>Enquanto tenta ganhar espa\u00e7o no mundo jur\u00eddico, Jimmy enfrenta dilemas \u00e9ticos, trai\u00e7\u00f5es e rela\u00e7\u00f5es familiares complexas. A s\u00e9rie tamb\u00e9m explora a origem de personagens ic\u00f4nicos como <strong>Mike Ehrmantraut<\/strong> e o cartel mexicano.<\/p>\n\n\n\n<h2 class=\"wp-block-heading\">Quem s\u00e3o os personagens principais?<\/h2>\n\n\n\n<ul class=\"wp-block-list\">\n<li><strong>Jimmy McGill \/ Saul Goodman<\/strong> (Bob Odenkirk): protagonista carism\u00e1tico, habilidoso e moralmente amb\u00edguo.<\/li>\n\n\n\n<li><strong>Kim Wexler<\/strong> (Rhea Seehorn): advogada competente, aliada e amor de Jimmy.<\/li>\n\n\n\n<li><strong>Mike Ehrmantraut<\/strong> (Jonathan Banks): ex-policial que atua nos bastidores do crime.<\/li>\n\n\n\n<li><strong>Chuck McGill<\/strong>, <strong>Gus Fring<\/strong>, <strong>Nacho Varga<\/strong>, <strong>Lalo Salamanca<\/strong>: personagens que moldam o destino de Jimmy.<\/li>\n<\/ul>\n\n\n\n<figure class=\"wp-block-image size-large\"><img decoding=\"async\" width=\"1024\" height=\"576\" src=\"https:\/\/www.correiobraziliense.com.br\/cbradar\/wp-content\/uploads\/2025\/05\/Better-Call-Saul-2-1024x576.png\" alt=\"Essa s\u00e9rie mostra o nascimento de um anti-her\u00f3i inesquec\u00edvel\" class=\"wp-image-45544\" srcset=\"https:\/\/www.correiobraziliense.com.br\/cbradar\/wp-content\/uploads\/2025\/05\/Better-Call-Saul-2-1024x576.png 1024w, https:\/\/www.correiobraziliense.com.br\/cbradar\/wp-content\/uploads\/2025\/05\/Better-Call-Saul-2-300x169.png 300w, https:\/\/www.correiobraziliense.com.br\/cbradar\/wp-content\/uploads\/2025\/05\/Better-Call-Saul-2-768x432.png 768w, https:\/\/www.correiobraziliense.com.br\/cbradar\/wp-content\/uploads\/2025\/05\/Better-Call-Saul-2-750x422.png 750w, https:\/\/www.correiobraziliense.com.br\/cbradar\/wp-content\/uploads\/2025\/05\/Better-Call-Saul-2-1140x641.png 1140w, https:\/\/www.correiobraziliense.com.br\/cbradar\/wp-content\/uploads\/2025\/05\/Better-Call-Saul-2.png 1280w\" sizes=\"(max-width: 1024px) 100vw, 1024px\" \/><figcaption class=\"wp-element-caption\">Better Call Saul. Fonte: divulga\u00e7\u00e3o \/ Sony Pictures<\/figcaption><\/figure>\n\n\n\n<h2 class=\"wp-block-heading\">Como a s\u00e9rie aprofunda temas de identidade, \u00e9tica e ambi\u00e7\u00e3o?<\/h2>\n\n\n\n<p><em>Better Call Saul<\/em> n\u00e3o \u00e9 apenas um complemento de <em>Breaking Bad<\/em>, mas uma obra completa e aut\u00f4noma. A s\u00e9rie explora com profundidade as decis\u00f5es que moldam nosso car\u00e1ter, as concess\u00f5es morais e a luta interna entre fazer o certo e vencer a qualquer custo.<\/p>\n\n\n\n<p>Com dire\u00e7\u00e3o cuidadosa, ritmo contemplativo e fotografia marcante, a s\u00e9rie \u00e9 uma aula de narrativa.<\/p>\n\n\n\n<h2 class=\"wp-block-heading\">Vale a pena assistir Better Call Saul?<\/h2>\n\n\n\n<p>Sim. <em>Better Call Saul<\/em> \u00e9 uma das s\u00e9ries mais elogiadas dos \u00faltimos tempos. Com performances excepcionais, especialmente de <strong>Bob Odenkirk<\/strong> e <strong>Rhea Seehorn<\/strong>, entrega tens\u00e3o, emo\u00e7\u00e3o e desenvolvimento de personagem como poucas.<\/p>\n\n\n\n<p>Indispens\u00e1vel tanto para f\u00e3s de <em>Breaking Bad<\/em> quanto para quem aprecia dramas densos e bem escritos.<\/p>\n\n\n\n<h2 class=\"wp-block-heading\">Curiosidades sobre Better Call Saul<\/h2>\n\n\n\n<ul class=\"wp-block-list\">\n<li>A s\u00e9rie possui 6 temporadas e foi conclu\u00edda em 2022.<\/li>\n\n\n\n<li>Recebeu dezenas de indica\u00e7\u00f5es ao Emmy e ao Globo de Ouro.<\/li>\n\n\n\n<li>Alguns epis\u00f3dios mostram cenas p\u00f3s-<em>Breaking Bad<\/em>, dando continuidade \u00e0 narrativa de Saul.<\/li>\n\n\n\n<li>\u00c9 considerada por muitos cr\u00edticos superior \u00e0 s\u00e9rie original.<\/li>\n<\/ul>\n\n\n\n<iframe loading=\"lazy\" width=\"560\" height=\"315\" src=\"https:\/\/www.youtube.com\/embed\/HN4oydykJFc?si=6DLTRE9RU8b9lDXr\" title=\"YouTube video player\" frameborder=\"0\" allow=\"accelerometer; autoplay; clipboard-write; encrypted-media; gyroscope; picture-in-picture; web-share\" referrerpolicy=\"strict-origin-when-cross-origin\" allowfullscreen><\/iframe>\n\n\n\n<h2 class=\"wp-block-heading\">FAQ &#8211; Perguntas frequentes<\/h2>\n\n\n\n<ul class=\"wp-block-list\">\n<li><strong>Onde assistir Better Call Saul?<\/strong>\n<ul class=\"wp-block-list\">\n<li>Dispon\u00edvel na <strong>Netflix<\/strong>.<\/li>\n<\/ul>\n<\/li>\n\n\n\n<li><strong>Quem est\u00e1 no elenco principal?<\/strong>\n<ul class=\"wp-block-list\">\n<li><strong>Bob Odenkirk<\/strong>, <strong>Rhea Seehorn<\/strong>, <strong>Jonathan Banks<\/strong>, <strong>Michael Mando<\/strong>, <strong>Giancarlo Esposito<\/strong>, <strong>Tony Dalton<\/strong>.<\/li>\n<\/ul>\n<\/li>\n\n\n\n<li><strong>Qual o ano de lan\u00e7amento da s\u00e9rie?<\/strong>\n<ul class=\"wp-block-list\">\n<li><em>Better Call Saul<\/em> estreou em 2015 e foi finalizada em 2022.<\/li>\n<\/ul>\n<\/li>\n\n\n\n<li><strong>Qual a produtora respons\u00e1vel pela s\u00e9rie?<\/strong>\n<ul class=\"wp-block-list\">\n<li>Produzida pela <strong>Sony Pictures Television<\/strong> em parceria com a <strong>High Bridge Productions<\/strong> e a <strong>Gran Via Productions<\/strong>.<\/li>\n<\/ul>\n<\/li>\n<\/ul>\n","protected":false},"excerpt":{"rendered":"<p>A trajet\u00f3ria de um advogado oportunista rumo \u00e0 escurid\u00e3o revela o lado humano e tr\u00e1gico do universo de Breaking Bad.<\/p>\n","protected":false},"author":3,"featured_media":45545,"comment_status":"open","ping_status":"open","sticky":false,"template":"","format":"standard","meta":{"_yoast_wpseo_focuskw":"Better Call Saul","_yoast_wpseo_title":"%%title%%","_yoast_wpseo_metadesc":"A trajet\u00f3ria de um advogado oportunista rumo \u00e0 escurid\u00e3o revela o lado humano e tr\u00e1gico do universo de Breaking Bad.","jnews-multi-image_gallery":[],"jnews_single_post":{"format":"standard"},"jnews_primary_category":[],"jnews_social_meta":[],"jnews_override_counter":[],"footnotes":""},"categories":[140],"post_tag":[568],"class_list":["post-45542","post","type-post","status-publish","format-standard","has-post-thumbnail","hentry","category-entretenimento","tag-series-e-filmes"],"yoast_head":"<!-- This site is optimized with the Yoast SEO plugin v24.6 - https:\/\/yoast.com\/wordpress\/plugins\/seo\/ -->\n<title>Essa s\u00e9rie mostra o nascimento de um anti-her\u00f3i inesquec\u00edvel<\/title>\n<meta name=\"description\" content=\"A trajet\u00f3ria de um advogado oportunista rumo \u00e0 escurid\u00e3o revela o lado humano e tr\u00e1gico do universo de Breaking Bad.\" \/>\n<meta name=\"robots\" content=\"index, follow, max-snippet:-1, max-image-preview:large, max-video-preview:-1\" \/>\n<link rel=\"canonical\" href=\"https:\/\/www.correiobraziliense.com.br\/cbradar\/essa-serie-mostra-o-nascimento-de-um-anti-heroi-inesquecivel\/\" \/>\n<meta property=\"og:locale\" content=\"pt_BR\" \/>\n<meta property=\"og:type\" content=\"article\" \/>\n<meta property=\"og:title\" content=\"Essa s\u00e9rie mostra o nascimento de um anti-her\u00f3i inesquec\u00edvel\" \/>\n<meta property=\"og:description\" content=\"A trajet\u00f3ria de um advogado oportunista rumo \u00e0 escurid\u00e3o revela o lado humano e tr\u00e1gico do universo de Breaking Bad.\" \/>\n<meta property=\"og:url\" content=\"https:\/\/www.correiobraziliense.com.br\/cbradar\/essa-serie-mostra-o-nascimento-de-um-anti-heroi-inesquecivel\/\" \/>\n<meta property=\"og:site_name\" content=\"Correio Braziliense - Radar\" \/>\n<meta property=\"article:published_time\" content=\"2025-05-31T21:10:00+00:00\" \/>\n<meta property=\"article:modified_time\" content=\"2025-06-02T20:55:22+00:00\" \/>\n<meta property=\"og:image\" content=\"https:\/\/www.correiobraziliense.com.br\/cbradar\/wp-content\/uploads\/2025\/05\/Better-Call-Saul.png\" \/>\n\t<meta property=\"og:image:width\" content=\"1280\" \/>\n\t<meta property=\"og:image:height\" content=\"720\" \/>\n\t<meta property=\"og:image:type\" content=\"image\/png\" \/>\n<meta name=\"author\" content=\"Larissa Carvalho\" \/>\n<meta name=\"twitter:card\" content=\"summary_large_image\" \/>\n<meta name=\"twitter:label1\" content=\"Escrito por\" \/>\n\t<meta name=\"twitter:data1\" content=\"Larissa Carvalho\" \/>\n\t<meta name=\"twitter:label2\" content=\"Est. tempo de leitura\" \/>\n\t<meta name=\"twitter:data2\" content=\"3 minutos\" \/>\n<!-- \/ Yoast SEO plugin. -->","yoast_head_json":{"title":"Essa s\u00e9rie mostra o nascimento de um anti-her\u00f3i inesquec\u00edvel","description":"A trajet\u00f3ria de um advogado oportunista rumo \u00e0 escurid\u00e3o revela o lado humano e tr\u00e1gico do universo de Breaking Bad.","robots":{"index":"index","follow":"follow","max-snippet":"max-snippet:-1","max-image-preview":"max-image-preview:large","max-video-preview":"max-video-preview:-1"},"canonical":"https:\/\/www.correiobraziliense.com.br\/cbradar\/essa-serie-mostra-o-nascimento-de-um-anti-heroi-inesquecivel\/","og_locale":"pt_BR","og_type":"article","og_title":"Essa s\u00e9rie mostra o nascimento de um anti-her\u00f3i inesquec\u00edvel","og_description":"A trajet\u00f3ria de um advogado oportunista rumo \u00e0 escurid\u00e3o revela o lado humano e tr\u00e1gico do universo de Breaking Bad.","og_url":"https:\/\/www.correiobraziliense.com.br\/cbradar\/essa-serie-mostra-o-nascimento-de-um-anti-heroi-inesquecivel\/","og_site_name":"Correio Braziliense - Radar","article_published_time":"2025-05-31T21:10:00+00:00","article_modified_time":"2025-06-02T20:55:22+00:00","og_image":[{"width":1280,"height":720,"url":"https:\/\/www.correiobraziliense.com.br\/cbradar\/wp-content\/uploads\/2025\/05\/Better-Call-Saul.png","type":"image\/png"}],"author":"Larissa Carvalho","twitter_card":"summary_large_image","twitter_misc":{"Escrito por":"Larissa Carvalho","Est. tempo de leitura":"3 minutos"},"schema":{"@context":"https:\/\/schema.org","@graph":[{"@type":"WebPage","@id":"https:\/\/www.correiobraziliense.com.br\/cbradar\/essa-serie-mostra-o-nascimento-de-um-anti-heroi-inesquecivel\/","url":"https:\/\/www.correiobraziliense.com.br\/cbradar\/essa-serie-mostra-o-nascimento-de-um-anti-heroi-inesquecivel\/","name":"Essa s\u00e9rie mostra o nascimento de um anti-her\u00f3i inesquec\u00edvel","isPartOf":{"@id":"https:\/\/www.correiobraziliense.com.br\/cbradar\/#website"},"primaryImageOfPage":{"@id":"https:\/\/www.correiobraziliense.com.br\/cbradar\/essa-serie-mostra-o-nascimento-de-um-anti-heroi-inesquecivel\/#primaryimage"},"image":{"@id":"https:\/\/www.correiobraziliense.com.br\/cbradar\/essa-serie-mostra-o-nascimento-de-um-anti-heroi-inesquecivel\/#primaryimage"},"thumbnailUrl":"https:\/\/www.correiobraziliense.com.br\/cbradar\/wp-content\/uploads\/2025\/05\/Better-Call-Saul.png","datePublished":"2025-05-31T21:10:00+00:00","dateModified":"2025-06-02T20:55:22+00:00","author":{"@id":"https:\/\/www.correiobraziliense.com.br\/cbradar\/#\/schema\/person\/58422787644df994b53a19d3e56c1513"},"description":"A trajet\u00f3ria de um advogado oportunista rumo \u00e0 escurid\u00e3o revela o lado humano e tr\u00e1gico do universo de Breaking Bad.","breadcrumb":{"@id":"https:\/\/www.correiobraziliense.com.br\/cbradar\/essa-serie-mostra-o-nascimento-de-um-anti-heroi-inesquecivel\/#breadcrumb"},"inLanguage":"pt-BR","potentialAction":[{"@type":"ReadAction","target":["https:\/\/www.correiobraziliense.com.br\/cbradar\/essa-serie-mostra-o-nascimento-de-um-anti-heroi-inesquecivel\/"]}]},{"@type":"ImageObject","inLanguage":"pt-BR","@id":"https:\/\/www.correiobraziliense.com.br\/cbradar\/essa-serie-mostra-o-nascimento-de-um-anti-heroi-inesquecivel\/#primaryimage","url":"https:\/\/www.correiobraziliense.com.br\/cbradar\/wp-content\/uploads\/2025\/05\/Better-Call-Saul.png","contentUrl":"https:\/\/www.correiobraziliense.com.br\/cbradar\/wp-content\/uploads\/2025\/05\/Better-Call-Saul.png","width":1280,"height":720,"caption":"Better Call Saul. Fonte: divulga\u00e7\u00e3o \/ Sony Pictures"},{"@type":"BreadcrumbList","@id":"https:\/\/www.correiobraziliense.com.br\/cbradar\/essa-serie-mostra-o-nascimento-de-um-anti-heroi-inesquecivel\/#breadcrumb","itemListElement":[{"@type":"ListItem","position":1,"name":"In\u00edcio","item":"https:\/\/www.correiobraziliense.com.br\/cbradar\/"},{"@type":"ListItem","position":2,"name":"Essa s\u00e9rie mostra o nascimento de um anti-her\u00f3i inesquec\u00edvel"}]},{"@type":"WebSite","@id":"https:\/\/www.correiobraziliense.com.br\/cbradar\/#website","url":"https:\/\/www.correiobraziliense.com.br\/cbradar\/","name":"Correio Braziliense - Radar","description":"Acompanhe as \u00faltimas not\u00edcias e fique bem informado sobre tudo o que acontece no Brasil e no mundo.","potentialAction":[{"@type":"SearchAction","target":{"@type":"EntryPoint","urlTemplate":"https:\/\/www.correiobraziliense.com.br\/cbradar\/?s={search_term_string}"},"query-input":{"@type":"PropertyValueSpecification","valueRequired":true,"valueName":"search_term_string"}}],"inLanguage":"pt-BR"},{"@type":"Person","@id":"https:\/\/www.correiobraziliense.com.br\/cbradar\/#\/schema\/person\/58422787644df994b53a19d3e56c1513","name":"Larissa Carvalho","image":{"@type":"ImageObject","inLanguage":"pt-BR","@id":"https:\/\/www.correiobraziliense.com.br\/cbradar\/#\/schema\/person\/image\/","url":"https:\/\/secure.gravatar.com\/avatar\/fe4f91a0de32b52a838d0d612abdc1aa?s=96&d=mm&r=g","contentUrl":"https:\/\/secure.gravatar.com\/avatar\/fe4f91a0de32b52a838d0d612abdc1aa?s=96&d=mm&r=g","caption":"Larissa Carvalho"},"url":"https:\/\/www.correiobraziliense.com.br\/cbradar\/author\/larissamyth\/"}]}},"_links":{"self":[{"href":"https:\/\/www.correiobraziliense.com.br\/cbradar\/wp-json\/wp\/v2\/posts\/45542","targetHints":{"allow":["GET"]}}],"collection":[{"href":"https:\/\/www.correiobraziliense.com.br\/cbradar\/wp-json\/wp\/v2\/posts"}],"about":[{"href":"https:\/\/www.correiobraziliense.com.br\/cbradar\/wp-json\/wp\/v2\/types\/post"}],"author":[{"embeddable":true,"href":"https:\/\/www.correiobraziliense.com.br\/cbradar\/wp-json\/wp\/v2\/users\/3"}],"replies":[{"embeddable":true,"href":"https:\/\/www.correiobraziliense.com.br\/cbradar\/wp-json\/wp\/v2\/comments?post=45542"}],"version-history":[{"count":1,"href":"https:\/\/www.correiobraziliense.com.br\/cbradar\/wp-json\/wp\/v2\/posts\/45542\/revisions"}],"predecessor-version":[{"id":45546,"href":"https:\/\/www.correiobraziliense.com.br\/cbradar\/wp-json\/wp\/v2\/posts\/45542\/revisions\/45546"}],"wp:featuredmedia":[{"embeddable":true,"href":"https:\/\/www.correiobraziliense.com.br\/cbradar\/wp-json\/wp\/v2\/media\/45545"}],"wp:attachment":[{"href":"https:\/\/www.correiobraziliense.com.br\/cbradar\/wp-json\/wp\/v2\/media?parent=45542"}],"wp:term":[{"taxonomy":"category","embeddable":true,"href":"https:\/\/www.correiobraziliense.com.br\/cbradar\/wp-json\/wp\/v2\/categories?post=45542"},{"taxonomy":"post_tag","embeddable":true,"href":"https:\/\/www.correiobraziliense.com.br\/cbradar\/wp-json\/wp\/v2\/post_tag?post=45542"}],"curies":[{"name":"wp","href":"https:\/\/api.w.org\/{rel}","templated":true}]}}