{"id":45547,"date":"2025-05-31T19:30:00","date_gmt":"2025-05-31T22:30:00","guid":{"rendered":"https:\/\/www.correiobraziliense.com.br\/cbradar\/?p=45547"},"modified":"2025-06-02T17:55:17","modified_gmt":"2025-06-02T20:55:17","slug":"essa-serie-vai-te-fazer-rir-ate-nas-segundas-feiras","status":"publish","type":"post","link":"https:\/\/www.correiobraziliense.com.br\/cbradar\/essa-serie-vai-te-fazer-rir-ate-nas-segundas-feiras\/","title":{"rendered":"Essa s\u00e9rie vai te fazer rir at\u00e9 nas segundas-feiras"},"content":{"rendered":"\n<p><strong>The Office (US)<\/strong> \u00e9 uma s\u00e9rie de com\u00e9dia criada por <strong>Greg Daniels<\/strong>, adaptada da vers\u00e3o brit\u00e2nica de <strong>Ricky Gervais<\/strong> e <strong>Stephen Merchant<\/strong>. Lan\u00e7ada em 2005, a s\u00e9rie acompanha o dia a dia dos funcion\u00e1rios da <strong>Dunder Mifflin<\/strong>, uma empresa fict\u00edcia de papel, localizada em Scranton, Pensilv\u00e2nia.<\/p>\n\n\n\n<p>Gravada no estilo mockumentary, a s\u00e9rie retrata a rotina aparentemente banal de um escrit\u00f3rio, revelando, com muito humor, as personalidades exc\u00eantricas, rela\u00e7\u00f5es ca\u00f3ticas e momentos emocionantes de seus personagens.<\/p>\n\n\n\n<h2 class=\"wp-block-heading\">Quem s\u00e3o os personagens principais?<\/h2>\n\n\n\n<ul class=\"wp-block-list\">\n<li><strong>Michael Scott<\/strong> (Steve Carell): gerente carente e desajeitado, mas de bom cora\u00e7\u00e3o.<\/li>\n\n\n\n<li><strong>Jim Halpert<\/strong> (John Krasinski): vendedor sarc\u00e1stico e rom\u00e2ntico.<\/li>\n\n\n\n<li><strong>Pam Beesly<\/strong> (Jenna Fischer): recepcionista doce e talentosa.<\/li>\n\n\n\n<li><strong>Dwight Schrute<\/strong> (Rainn Wilson): assistente do gerente regional, exc\u00eantrico e leal.<\/li>\n\n\n\n<li><strong>Angela<\/strong>, <strong>Oscar<\/strong>, <strong>Kevin<\/strong>, <strong>Creed<\/strong>, <strong>Stanley<\/strong>, <strong>Toby<\/strong>: colegas com caracter\u00edsticas \u00fanicas e hil\u00e1rias.<\/li>\n<\/ul>\n\n\n\n<figure class=\"wp-block-image size-large\"><img decoding=\"async\" width=\"1024\" height=\"576\" src=\"https:\/\/www.correiobraziliense.com.br\/cbradar\/wp-content\/uploads\/2025\/05\/The-Office-1024x576.png\" alt=\"Essa s\u00e9rie vai te fazer rir at\u00e9 nas segundas-feiras\" class=\"wp-image-45549\" srcset=\"https:\/\/www.correiobraziliense.com.br\/cbradar\/wp-content\/uploads\/2025\/05\/The-Office-1024x576.png 1024w, https:\/\/www.correiobraziliense.com.br\/cbradar\/wp-content\/uploads\/2025\/05\/The-Office-300x169.png 300w, https:\/\/www.correiobraziliense.com.br\/cbradar\/wp-content\/uploads\/2025\/05\/The-Office-768x432.png 768w, https:\/\/www.correiobraziliense.com.br\/cbradar\/wp-content\/uploads\/2025\/05\/The-Office-750x422.png 750w, https:\/\/www.correiobraziliense.com.br\/cbradar\/wp-content\/uploads\/2025\/05\/The-Office-1140x641.png 1140w, https:\/\/www.correiobraziliense.com.br\/cbradar\/wp-content\/uploads\/2025\/05\/The-Office.png 1280w\" sizes=\"(max-width: 1024px) 100vw, 1024px\" \/><figcaption class=\"wp-element-caption\">The Office. Fonte: divulga\u00e7\u00e3o \/ NBC<\/figcaption><\/figure>\n\n\n\n<h2 class=\"wp-block-heading\">Como a s\u00e9rie se destaca no g\u00eanero de com\u00e9dia?<\/h2>\n\n\n\n<p><em>The Office<\/em> combina humor constrangedor com momentos sutis de emo\u00e7\u00e3o. O formato documental permite uma abordagem mais pr\u00f3xima e \u00edntima dos personagens, tornando suas hist\u00f3rias ainda mais cativantes.<\/p>\n\n\n\n<p>A s\u00e9rie \u00e9 cheia de situa\u00e7\u00f5es absurdas, piadas memor\u00e1veis e, ao mesmo tempo, mostra com sensibilidade o valor da amizade, da rotina e da imperfei\u00e7\u00e3o humana.<\/p>\n\n\n\n<h2 class=\"wp-block-heading\">Vale a pena assistir The Office?<\/h2>\n\n\n\n<p>Sim. <em>The Office<\/em> \u00e9 uma das sitcoms mais influentes e queridas de todos os tempos. Consegue ser hil\u00e1ria e tocante ao mesmo tempo, com personagens que evoluem ao longo das temporadas e conquistam o p\u00fablico com autenticidade.<\/p>\n\n\n\n<p>Ideal para quem busca uma s\u00e9rie leve, divertida e com um olhar afetuoso sobre o dia a dia.<\/p>\n\n\n\n<h2 class=\"wp-block-heading\">Curiosidades sobre The Office<\/h2>\n\n\n\n<ul class=\"wp-block-list\">\n<li>A s\u00e9rie tem 9 temporadas e 201 epis\u00f3dios.<\/li>\n\n\n\n<li>Steve Carell deixou a s\u00e9rie na 7\u00aa temporada, mas retornou para o final.<\/li>\n\n\n\n<li>\u00c9 uma das s\u00e9ries mais assistidas em plataformas de streaming.<\/li>\n\n\n\n<li>Gerou diversas adapta\u00e7\u00f5es ao redor do mundo.<\/li>\n<\/ul>\n\n\n\n<iframe loading=\"lazy\" width=\"560\" height=\"315\" src=\"https:\/\/www.youtube.com\/embed\/tNcDHWpselE?si=vEyhz38PjWGVr5OZ\" title=\"YouTube video player\" frameborder=\"0\" allow=\"accelerometer; autoplay; clipboard-write; encrypted-media; gyroscope; picture-in-picture; web-share\" referrerpolicy=\"strict-origin-when-cross-origin\" allowfullscreen><\/iframe>\n\n\n\n<h2 class=\"wp-block-heading\">FAQ &#8211; Perguntas frequentes<\/h2>\n\n\n\n<ul class=\"wp-block-list\">\n<li><strong>Onde assistir The Office?<\/strong>\n<ul class=\"wp-block-list\">\n<li>Dispon\u00edvel no <strong>Prime Video<\/strong>, <strong>HBO Max<\/strong> e <strong>Star+<\/strong>.<\/li>\n<\/ul>\n<\/li>\n\n\n\n<li><strong>Quem est\u00e1 no elenco principal?<\/strong>\n<ul class=\"wp-block-list\">\n<li><strong>Steve Carell<\/strong>, <strong>John Krasinski<\/strong>, <strong>Jenna Fischer<\/strong>, <strong>Rainn Wilson<\/strong>, <strong>Mindy Kaling<\/strong>, <strong>B.J. Novak<\/strong>.<\/li>\n<\/ul>\n<\/li>\n\n\n\n<li><strong>Qual o ano de lan\u00e7amento da s\u00e9rie?<\/strong>\n<ul class=\"wp-block-list\">\n<li><em>The Office (US)<\/em> estreou em 2005 e foi finalizada em 2013.<\/li>\n<\/ul>\n<\/li>\n\n\n\n<li><strong>Qual a produtora respons\u00e1vel pela s\u00e9rie?<\/strong>\n<ul class=\"wp-block-list\">\n<li>Produzida pela <strong>NBCUniversal Television<\/strong> em parceria com a <strong>Deedle-Dee Productions<\/strong> e a <strong>Reveille Productions<\/strong>.<\/li>\n<\/ul>\n<\/li>\n<\/ul>\n","protected":false},"excerpt":{"rendered":"<p>Uma com\u00e9dia sobre o cotidiano de um escrit\u00f3rio que conquistou o mundo com humor absurdo, personagens ic\u00f4nicos e cora\u00e7\u00e3o.<\/p>\n","protected":false},"author":3,"featured_media":45548,"comment_status":"open","ping_status":"open","sticky":false,"template":"","format":"standard","meta":{"_yoast_wpseo_focuskw":"The Office","_yoast_wpseo_title":"%%title%%","_yoast_wpseo_metadesc":"Uma com\u00e9dia sobre o cotidiano de um escrit\u00f3rio que conquistou o mundo com humor absurdo, personagens ic\u00f4nicos e cora\u00e7\u00e3o.","jnews-multi-image_gallery":[],"jnews_single_post":{"format":"standard"},"jnews_primary_category":[],"jnews_social_meta":[],"jnews_override_counter":[],"footnotes":""},"categories":[140],"post_tag":[568],"class_list":["post-45547","post","type-post","status-publish","format-standard","has-post-thumbnail","hentry","category-entretenimento","tag-series-e-filmes"],"yoast_head":"<!-- This site is optimized with the Yoast SEO plugin v24.6 - https:\/\/yoast.com\/wordpress\/plugins\/seo\/ -->\n<title>Essa s\u00e9rie vai te fazer rir at\u00e9 nas segundas-feiras<\/title>\n<meta name=\"description\" content=\"Uma com\u00e9dia sobre o cotidiano de um escrit\u00f3rio que conquistou o mundo com humor absurdo, personagens ic\u00f4nicos e cora\u00e7\u00e3o.\" \/>\n<meta name=\"robots\" content=\"index, follow, max-snippet:-1, max-image-preview:large, max-video-preview:-1\" \/>\n<link rel=\"canonical\" href=\"https:\/\/www.correiobraziliense.com.br\/cbradar\/essa-serie-vai-te-fazer-rir-ate-nas-segundas-feiras\/\" \/>\n<meta property=\"og:locale\" content=\"pt_BR\" \/>\n<meta property=\"og:type\" content=\"article\" \/>\n<meta property=\"og:title\" content=\"Essa s\u00e9rie vai te fazer rir at\u00e9 nas segundas-feiras\" \/>\n<meta property=\"og:description\" content=\"Uma com\u00e9dia sobre o cotidiano de um escrit\u00f3rio que conquistou o mundo com humor absurdo, personagens ic\u00f4nicos e cora\u00e7\u00e3o.\" \/>\n<meta property=\"og:url\" content=\"https:\/\/www.correiobraziliense.com.br\/cbradar\/essa-serie-vai-te-fazer-rir-ate-nas-segundas-feiras\/\" \/>\n<meta property=\"og:site_name\" content=\"Correio Braziliense - Radar\" \/>\n<meta property=\"article:published_time\" content=\"2025-05-31T22:30:00+00:00\" \/>\n<meta property=\"article:modified_time\" content=\"2025-06-02T20:55:17+00:00\" \/>\n<meta property=\"og:image\" content=\"https:\/\/www.correiobraziliense.com.br\/cbradar\/wp-content\/uploads\/2025\/05\/The-Office-2.png\" \/>\n\t<meta property=\"og:image:width\" content=\"1280\" \/>\n\t<meta property=\"og:image:height\" content=\"720\" \/>\n\t<meta property=\"og:image:type\" content=\"image\/png\" \/>\n<meta name=\"author\" content=\"Larissa Carvalho\" \/>\n<meta name=\"twitter:card\" content=\"summary_large_image\" \/>\n<meta name=\"twitter:label1\" content=\"Escrito por\" \/>\n\t<meta name=\"twitter:data1\" content=\"Larissa Carvalho\" \/>\n\t<meta name=\"twitter:label2\" content=\"Est. tempo de leitura\" \/>\n\t<meta name=\"twitter:data2\" content=\"3 minutos\" \/>\n<!-- \/ Yoast SEO plugin. -->","yoast_head_json":{"title":"Essa s\u00e9rie vai te fazer rir at\u00e9 nas segundas-feiras","description":"Uma com\u00e9dia sobre o cotidiano de um escrit\u00f3rio que conquistou o mundo com humor absurdo, personagens ic\u00f4nicos e cora\u00e7\u00e3o.","robots":{"index":"index","follow":"follow","max-snippet":"max-snippet:-1","max-image-preview":"max-image-preview:large","max-video-preview":"max-video-preview:-1"},"canonical":"https:\/\/www.correiobraziliense.com.br\/cbradar\/essa-serie-vai-te-fazer-rir-ate-nas-segundas-feiras\/","og_locale":"pt_BR","og_type":"article","og_title":"Essa s\u00e9rie vai te fazer rir at\u00e9 nas segundas-feiras","og_description":"Uma com\u00e9dia sobre o cotidiano de um escrit\u00f3rio que conquistou o mundo com humor absurdo, personagens ic\u00f4nicos e cora\u00e7\u00e3o.","og_url":"https:\/\/www.correiobraziliense.com.br\/cbradar\/essa-serie-vai-te-fazer-rir-ate-nas-segundas-feiras\/","og_site_name":"Correio Braziliense - Radar","article_published_time":"2025-05-31T22:30:00+00:00","article_modified_time":"2025-06-02T20:55:17+00:00","og_image":[{"width":1280,"height":720,"url":"https:\/\/www.correiobraziliense.com.br\/cbradar\/wp-content\/uploads\/2025\/05\/The-Office-2.png","type":"image\/png"}],"author":"Larissa Carvalho","twitter_card":"summary_large_image","twitter_misc":{"Escrito por":"Larissa Carvalho","Est. tempo de leitura":"3 minutos"},"schema":{"@context":"https:\/\/schema.org","@graph":[{"@type":"WebPage","@id":"https:\/\/www.correiobraziliense.com.br\/cbradar\/essa-serie-vai-te-fazer-rir-ate-nas-segundas-feiras\/","url":"https:\/\/www.correiobraziliense.com.br\/cbradar\/essa-serie-vai-te-fazer-rir-ate-nas-segundas-feiras\/","name":"Essa s\u00e9rie vai te fazer rir at\u00e9 nas segundas-feiras","isPartOf":{"@id":"https:\/\/www.correiobraziliense.com.br\/cbradar\/#website"},"primaryImageOfPage":{"@id":"https:\/\/www.correiobraziliense.com.br\/cbradar\/essa-serie-vai-te-fazer-rir-ate-nas-segundas-feiras\/#primaryimage"},"image":{"@id":"https:\/\/www.correiobraziliense.com.br\/cbradar\/essa-serie-vai-te-fazer-rir-ate-nas-segundas-feiras\/#primaryimage"},"thumbnailUrl":"https:\/\/www.correiobraziliense.com.br\/cbradar\/wp-content\/uploads\/2025\/05\/The-Office-2.png","datePublished":"2025-05-31T22:30:00+00:00","dateModified":"2025-06-02T20:55:17+00:00","author":{"@id":"https:\/\/www.correiobraziliense.com.br\/cbradar\/#\/schema\/person\/58422787644df994b53a19d3e56c1513"},"description":"Uma com\u00e9dia sobre o cotidiano de um escrit\u00f3rio que conquistou o mundo com humor absurdo, personagens ic\u00f4nicos e cora\u00e7\u00e3o.","breadcrumb":{"@id":"https:\/\/www.correiobraziliense.com.br\/cbradar\/essa-serie-vai-te-fazer-rir-ate-nas-segundas-feiras\/#breadcrumb"},"inLanguage":"pt-BR","potentialAction":[{"@type":"ReadAction","target":["https:\/\/www.correiobraziliense.com.br\/cbradar\/essa-serie-vai-te-fazer-rir-ate-nas-segundas-feiras\/"]}]},{"@type":"ImageObject","inLanguage":"pt-BR","@id":"https:\/\/www.correiobraziliense.com.br\/cbradar\/essa-serie-vai-te-fazer-rir-ate-nas-segundas-feiras\/#primaryimage","url":"https:\/\/www.correiobraziliense.com.br\/cbradar\/wp-content\/uploads\/2025\/05\/The-Office-2.png","contentUrl":"https:\/\/www.correiobraziliense.com.br\/cbradar\/wp-content\/uploads\/2025\/05\/The-Office-2.png","width":1280,"height":720,"caption":"The Office. Fonte: divulga\u00e7\u00e3o \/ NBC"},{"@type":"BreadcrumbList","@id":"https:\/\/www.correiobraziliense.com.br\/cbradar\/essa-serie-vai-te-fazer-rir-ate-nas-segundas-feiras\/#breadcrumb","itemListElement":[{"@type":"ListItem","position":1,"name":"In\u00edcio","item":"https:\/\/www.correiobraziliense.com.br\/cbradar\/"},{"@type":"ListItem","position":2,"name":"Essa s\u00e9rie vai te fazer rir at\u00e9 nas segundas-feiras"}]},{"@type":"WebSite","@id":"https:\/\/www.correiobraziliense.com.br\/cbradar\/#website","url":"https:\/\/www.correiobraziliense.com.br\/cbradar\/","name":"Correio Braziliense - Radar","description":"Acompanhe as \u00faltimas not\u00edcias e fique bem informado sobre tudo o que acontece no Brasil e no mundo.","potentialAction":[{"@type":"SearchAction","target":{"@type":"EntryPoint","urlTemplate":"https:\/\/www.correiobraziliense.com.br\/cbradar\/?s={search_term_string}"},"query-input":{"@type":"PropertyValueSpecification","valueRequired":true,"valueName":"search_term_string"}}],"inLanguage":"pt-BR"},{"@type":"Person","@id":"https:\/\/www.correiobraziliense.com.br\/cbradar\/#\/schema\/person\/58422787644df994b53a19d3e56c1513","name":"Larissa Carvalho","image":{"@type":"ImageObject","inLanguage":"pt-BR","@id":"https:\/\/www.correiobraziliense.com.br\/cbradar\/#\/schema\/person\/image\/","url":"https:\/\/secure.gravatar.com\/avatar\/fe4f91a0de32b52a838d0d612abdc1aa?s=96&d=mm&r=g","contentUrl":"https:\/\/secure.gravatar.com\/avatar\/fe4f91a0de32b52a838d0d612abdc1aa?s=96&d=mm&r=g","caption":"Larissa Carvalho"},"url":"https:\/\/www.correiobraziliense.com.br\/cbradar\/author\/larissamyth\/"}]}},"_links":{"self":[{"href":"https:\/\/www.correiobraziliense.com.br\/cbradar\/wp-json\/wp\/v2\/posts\/45547","targetHints":{"allow":["GET"]}}],"collection":[{"href":"https:\/\/www.correiobraziliense.com.br\/cbradar\/wp-json\/wp\/v2\/posts"}],"about":[{"href":"https:\/\/www.correiobraziliense.com.br\/cbradar\/wp-json\/wp\/v2\/types\/post"}],"author":[{"embeddable":true,"href":"https:\/\/www.correiobraziliense.com.br\/cbradar\/wp-json\/wp\/v2\/users\/3"}],"replies":[{"embeddable":true,"href":"https:\/\/www.correiobraziliense.com.br\/cbradar\/wp-json\/wp\/v2\/comments?post=45547"}],"version-history":[{"count":1,"href":"https:\/\/www.correiobraziliense.com.br\/cbradar\/wp-json\/wp\/v2\/posts\/45547\/revisions"}],"predecessor-version":[{"id":45550,"href":"https:\/\/www.correiobraziliense.com.br\/cbradar\/wp-json\/wp\/v2\/posts\/45547\/revisions\/45550"}],"wp:featuredmedia":[{"embeddable":true,"href":"https:\/\/www.correiobraziliense.com.br\/cbradar\/wp-json\/wp\/v2\/media\/45548"}],"wp:attachment":[{"href":"https:\/\/www.correiobraziliense.com.br\/cbradar\/wp-json\/wp\/v2\/media?parent=45547"}],"wp:term":[{"taxonomy":"category","embeddable":true,"href":"https:\/\/www.correiobraziliense.com.br\/cbradar\/wp-json\/wp\/v2\/categories?post=45547"},{"taxonomy":"post_tag","embeddable":true,"href":"https:\/\/www.correiobraziliense.com.br\/cbradar\/wp-json\/wp\/v2\/post_tag?post=45547"}],"curies":[{"name":"wp","href":"https:\/\/api.w.org\/{rel}","templated":true}]}}