{"id":45566,"date":"2025-05-31T08:50:00","date_gmt":"2025-05-31T11:50:00","guid":{"rendered":"https:\/\/www.correiobraziliense.com.br\/cbradar\/?p=45566"},"modified":"2025-05-31T04:40:46","modified_gmt":"2025-05-31T07:40:46","slug":"apos-decadas-sem-sinais-este-peixe-reapareceu-onde-ninguem-esperava","status":"publish","type":"post","link":"https:\/\/www.correiobraziliense.com.br\/cbradar\/apos-decadas-sem-sinais-este-peixe-reapareceu-onde-ninguem-esperava\/","title":{"rendered":"Ap\u00f3s d\u00e9cadas sem sinais este peixe reapareceu onde ningu\u00e9m esperava"},"content":{"rendered":"\n<p>Em um surpreendente acontecimento ecol\u00f3gico, uma esp\u00e9cie de peixe considerada extinta por mais de oito d\u00e9cadas ressurgiu em um remoto rio do <strong>Himalaia<\/strong>. O <strong>Chel snakehead<\/strong>, cientificamente conhecido como <em>Channa amphibeus<\/em>, n\u00e3o era oficialmente registrado desde <strong>1933<\/strong>, levando os cientistas a acreditarem que havia desaparecido para sempre. Esta redescoberta lan\u00e7a luz sobre a incr\u00edvel resili\u00eancia escondida nos ecossistemas de \u00e1gua doce do mundo, especialmente em meio \u00e0s crescentes amea\u00e7as \u00e0 biodiversidade global.<\/p>\n\n\n\n<h2 class=\"wp-block-heading\">Como o Chel snakehead foi redescoberto?<\/h2>\n\n\n\n<p>Por d\u00e9cadas, o Chel snakehead escapou de todos os esfor\u00e7os cient\u00edficos para confirmar sua exist\u00eancia. Entre <strong>1918<\/strong> e 1933, pesquisadores coletaram v\u00e1rios esp\u00e9cimes ao longo do <strong>Rio Chel<\/strong>, no norte da <strong>\u00cdndia<\/strong>, levando \u00e0 documenta\u00e7\u00e3o inicial. Ap\u00f3s esse per\u00edodo, buscas extensivas n\u00e3o renderam resultados, levando os cientistas a conclu\u00edrem que o peixe provavelmente havia sido extinto. No entanto, tudo mudou quando tr\u00eas novos esp\u00e9cimes surgiram em <strong>2024<\/strong>, desafiando d\u00e9cadas de suposi\u00e7\u00f5es.<\/p>\n\n\n\n<h2 class=\"wp-block-heading\">Qual o papel das comunidades locais?<\/h2>\n\n\n\n<p>As comunidades tribais locais tornaram-se a chave para desvendar este mist\u00e9rio zool\u00f3gico. Por gera\u00e7\u00f5es, essas comunidades consumiram o Chel snakehead sem perceber sua import\u00e2ncia para o mundo cient\u00edfico. Suas pr\u00e1ticas alimentares forneceram pistas vitais que os cientistas usaram para localizar o peixe com precis\u00e3o. Envolver essas comunidades nos esfor\u00e7os de conserva\u00e7\u00e3o agora se torna crucial para proteger este tesouro redescoberto.<\/p>\n\n\n\n<figure class=\"wp-block-image size-large\"><img decoding=\"async\" width=\"1024\" height=\"576\" src=\"https:\/\/www.correiobraziliense.com.br\/cbradar\/wp-content\/uploads\/2025\/05\/peixes-mar_1748653637822-1024x576.jpg\" alt=\"Ap\u00f3s d\u00e9cadas sem sinais este peixe reapareceu onde ningu\u00e9m esperava\" class=\"wp-image-45569\" srcset=\"https:\/\/www.correiobraziliense.com.br\/cbradar\/wp-content\/uploads\/2025\/05\/peixes-mar_1748653637822-1024x576.jpg 1024w, https:\/\/www.correiobraziliense.com.br\/cbradar\/wp-content\/uploads\/2025\/05\/peixes-mar_1748653637822-300x169.jpg 300w, https:\/\/www.correiobraziliense.com.br\/cbradar\/wp-content\/uploads\/2025\/05\/peixes-mar_1748653637822-768x432.jpg 768w, https:\/\/www.correiobraziliense.com.br\/cbradar\/wp-content\/uploads\/2025\/05\/peixes-mar_1748653637822-750x422.jpg 750w, https:\/\/www.correiobraziliense.com.br\/cbradar\/wp-content\/uploads\/2025\/05\/peixes-mar_1748653637822-1140x641.jpg 1140w, https:\/\/www.correiobraziliense.com.br\/cbradar\/wp-content\/uploads\/2025\/05\/peixes-mar_1748653637822.jpg 1280w\" sizes=\"(max-width: 1024px) 100vw, 1024px\" \/><figcaption class=\"wp-element-caption\">peixes mar. Cr\u00e9ditos: depositphotos.com \/ IgorVetushko<\/figcaption><\/figure>\n\n\n\n<h2 class=\"wp-block-heading\">Quais s\u00e3o as amea\u00e7as \u00e0s esp\u00e9cies de \u00e1gua doce?<\/h2>\n\n\n\n<p>Apesar da natureza encorajadora desta redescoberta, as esp\u00e9cies de peixes de \u00e1gua doce enfrentam s\u00e9rios problemas, sofrendo press\u00f5es sem precedentes em todo o mundo \u2013 e os humanos s\u00e3o em grande parte respons\u00e1veis. Rios foram represados e desviados, bloqueando rotas de migra\u00e7\u00e3o e alterando os fluxos naturais de que os peixes dependem para se reproduzir e se alimentar. A polui\u00e7\u00e3o de fazendas, f\u00e1bricas e cidades envenena os cursos d&#8217;\u00e1gua, desencadeando prolifera\u00e7\u00f5es de algas que consomem oxig\u00eanio e espalham toxinas atrav\u00e9s de teias alimentares fr\u00e1geis.<\/p>\n\n\n\n<h2 class=\"wp-block-heading\">Qual a import\u00e2ncia da explora\u00e7\u00e3o cont\u00ednua?<\/h2>\n\n\n\n<p>Resolver este mist\u00e9rio na ictiologia indiana enfatiza a import\u00e2ncia da explora\u00e7\u00e3o cont\u00ednua e a resist\u00eancia da biodiversidade, mesmo em esp\u00e9cies antes consideradas perdidas para sempre. A equipe de <strong>Tejas Thackeray<\/strong>, fundador da <strong>Thackeray Wildlife Foundation<\/strong>, contribuiu significativamente para a pesquisa, destacando como o trabalho de campo dedicado pode produzir resultados surpreendentes. Os esfor\u00e7os futuros provavelmente se concentrar\u00e3o em proteger o ecossistema do Rio Chel, garantindo que esta esp\u00e9cie redescoberta continue a sobreviver.<\/p>\n\n\n\n<h2 class=\"wp-block-heading\">Como proteger o Chel snakehead?<\/h2>\n\n\n\n<p>Com o Chel snakehead agora oficialmente de volta da extin\u00e7\u00e3o, os conservacionistas enfrentam um novo desafio: garantir seu futuro. A\u00e7\u00f5es imediatas incluem avalia\u00e7\u00f5es detalhadas do habitat, determina\u00e7\u00e3o do status atual da popula\u00e7\u00e3o e implementa\u00e7\u00e3o de medidas de prote\u00e7\u00e3o para salvaguardar seu ambiente. A colabora\u00e7\u00e3o entre comunidades locais, pesquisadores e conservacionistas determinar\u00e1 o destino do Chel snakehead. Capacitar os residentes por meio de programas de conscientiza\u00e7\u00e3o e educa\u00e7\u00e3o \u00e9 um passo crucial, alinhando interesses locais com objetivos globais de conserva\u00e7\u00e3o.<\/p>\n","protected":false},"excerpt":{"rendered":"<p>Peixe considerado extinto desde 1933 \u00e9 redescoberto na \u00cdndia e pode mudar a hist\u00f3ria da conserva\u00e7\u00e3o aqu\u00e1tica.<\/p>\n","protected":false},"author":3,"featured_media":45568,"comment_status":"open","ping_status":"open","sticky":false,"template":"","format":"standard","meta":{"_yoast_wpseo_focuskw":"peixe reapareceu","_yoast_wpseo_title":"%%title%%","_yoast_wpseo_metadesc":"Peixe considerado extinto desde 1933 \u00e9 redescoberto na \u00cdndia e pode mudar a hist\u00f3ria da conserva\u00e7\u00e3o aqu\u00e1tica.","jnews-multi-image_gallery":[],"jnews_single_post":{"format":"standard"},"jnews_primary_category":[],"jnews_social_meta":[],"jnews_override_counter":[],"footnotes":""},"categories":[112],"tags":[230,5684],"class_list":["post-45566","post","type-post","status-publish","format-standard","has-post-thumbnail","hentry","category-curiosidades","tag-animais","tag-himalaia"],"yoast_head":"<!-- This site is optimized with the Yoast SEO plugin v24.6 - https:\/\/yoast.com\/wordpress\/plugins\/seo\/ -->\n<title>Ap\u00f3s d\u00e9cadas sem sinais este peixe reapareceu onde ningu\u00e9m esperava<\/title>\n<meta name=\"description\" content=\"Peixe considerado extinto desde 1933 \u00e9 redescoberto na \u00cdndia e pode mudar a hist\u00f3ria da conserva\u00e7\u00e3o aqu\u00e1tica.\" \/>\n<meta name=\"robots\" content=\"index, follow, max-snippet:-1, max-image-preview:large, max-video-preview:-1\" \/>\n<link rel=\"canonical\" href=\"https:\/\/www.correiobraziliense.com.br\/cbradar\/apos-decadas-sem-sinais-este-peixe-reapareceu-onde-ninguem-esperava\/\" \/>\n<meta property=\"og:locale\" content=\"pt_BR\" \/>\n<meta property=\"og:type\" content=\"article\" \/>\n<meta property=\"og:title\" content=\"Ap\u00f3s d\u00e9cadas sem sinais este peixe reapareceu onde ningu\u00e9m esperava\" \/>\n<meta property=\"og:description\" content=\"Peixe considerado extinto desde 1933 \u00e9 redescoberto na \u00cdndia e pode mudar a hist\u00f3ria da conserva\u00e7\u00e3o aqu\u00e1tica.\" \/>\n<meta property=\"og:url\" content=\"https:\/\/www.correiobraziliense.com.br\/cbradar\/apos-decadas-sem-sinais-este-peixe-reapareceu-onde-ninguem-esperava\/\" \/>\n<meta property=\"og:site_name\" content=\"Correio Braziliense - Radar\" \/>\n<meta property=\"article:published_time\" content=\"2025-05-31T11:50:00+00:00\" \/>\n<meta property=\"og:image\" content=\"https:\/\/www.correiobraziliense.com.br\/cbradar\/wp-content\/uploads\/2025\/05\/peixes-mar_1748653586844.jpg\" \/>\n\t<meta property=\"og:image:width\" content=\"1280\" \/>\n\t<meta property=\"og:image:height\" content=\"720\" \/>\n\t<meta property=\"og:image:type\" content=\"image\/jpeg\" \/>\n<meta name=\"author\" content=\"Larissa Carvalho\" \/>\n<meta name=\"twitter:card\" content=\"summary_large_image\" \/>\n<meta name=\"twitter:label1\" content=\"Escrito por\" \/>\n\t<meta name=\"twitter:data1\" content=\"Larissa Carvalho\" \/>\n\t<meta name=\"twitter:label2\" content=\"Est. tempo de leitura\" \/>\n\t<meta name=\"twitter:data2\" content=\"4 minutos\" \/>\n<!-- \/ Yoast SEO plugin. -->","yoast_head_json":{"title":"Ap\u00f3s d\u00e9cadas sem sinais este peixe reapareceu onde ningu\u00e9m esperava","description":"Peixe considerado extinto desde 1933 \u00e9 redescoberto na \u00cdndia e pode mudar a hist\u00f3ria da conserva\u00e7\u00e3o aqu\u00e1tica.","robots":{"index":"index","follow":"follow","max-snippet":"max-snippet:-1","max-image-preview":"max-image-preview:large","max-video-preview":"max-video-preview:-1"},"canonical":"https:\/\/www.correiobraziliense.com.br\/cbradar\/apos-decadas-sem-sinais-este-peixe-reapareceu-onde-ninguem-esperava\/","og_locale":"pt_BR","og_type":"article","og_title":"Ap\u00f3s d\u00e9cadas sem sinais este peixe reapareceu onde ningu\u00e9m esperava","og_description":"Peixe considerado extinto desde 1933 \u00e9 redescoberto na \u00cdndia e pode mudar a hist\u00f3ria da conserva\u00e7\u00e3o aqu\u00e1tica.","og_url":"https:\/\/www.correiobraziliense.com.br\/cbradar\/apos-decadas-sem-sinais-este-peixe-reapareceu-onde-ninguem-esperava\/","og_site_name":"Correio Braziliense - Radar","article_published_time":"2025-05-31T11:50:00+00:00","og_image":[{"width":1280,"height":720,"url":"https:\/\/www.correiobraziliense.com.br\/cbradar\/wp-content\/uploads\/2025\/05\/peixes-mar_1748653586844.jpg","type":"image\/jpeg"}],"author":"Larissa Carvalho","twitter_card":"summary_large_image","twitter_misc":{"Escrito por":"Larissa Carvalho","Est. tempo de leitura":"4 minutos"},"schema":{"@context":"https:\/\/schema.org","@graph":[{"@type":"WebPage","@id":"https:\/\/www.correiobraziliense.com.br\/cbradar\/apos-decadas-sem-sinais-este-peixe-reapareceu-onde-ninguem-esperava\/","url":"https:\/\/www.correiobraziliense.com.br\/cbradar\/apos-decadas-sem-sinais-este-peixe-reapareceu-onde-ninguem-esperava\/","name":"Ap\u00f3s d\u00e9cadas sem sinais este peixe reapareceu onde ningu\u00e9m esperava","isPartOf":{"@id":"https:\/\/www.correiobraziliense.com.br\/cbradar\/#website"},"primaryImageOfPage":{"@id":"https:\/\/www.correiobraziliense.com.br\/cbradar\/apos-decadas-sem-sinais-este-peixe-reapareceu-onde-ninguem-esperava\/#primaryimage"},"image":{"@id":"https:\/\/www.correiobraziliense.com.br\/cbradar\/apos-decadas-sem-sinais-este-peixe-reapareceu-onde-ninguem-esperava\/#primaryimage"},"thumbnailUrl":"https:\/\/www.correiobraziliense.com.br\/cbradar\/wp-content\/uploads\/2025\/05\/peixes-mar_1748653586844.jpg","datePublished":"2025-05-31T11:50:00+00:00","author":{"@id":"https:\/\/www.correiobraziliense.com.br\/cbradar\/#\/schema\/person\/58422787644df994b53a19d3e56c1513"},"description":"Peixe considerado extinto desde 1933 \u00e9 redescoberto na \u00cdndia e pode mudar a hist\u00f3ria da conserva\u00e7\u00e3o aqu\u00e1tica.","breadcrumb":{"@id":"https:\/\/www.correiobraziliense.com.br\/cbradar\/apos-decadas-sem-sinais-este-peixe-reapareceu-onde-ninguem-esperava\/#breadcrumb"},"inLanguage":"pt-BR","potentialAction":[{"@type":"ReadAction","target":["https:\/\/www.correiobraziliense.com.br\/cbradar\/apos-decadas-sem-sinais-este-peixe-reapareceu-onde-ninguem-esperava\/"]}]},{"@type":"ImageObject","inLanguage":"pt-BR","@id":"https:\/\/www.correiobraziliense.com.br\/cbradar\/apos-decadas-sem-sinais-este-peixe-reapareceu-onde-ninguem-esperava\/#primaryimage","url":"https:\/\/www.correiobraziliense.com.br\/cbradar\/wp-content\/uploads\/2025\/05\/peixes-mar_1748653586844.jpg","contentUrl":"https:\/\/www.correiobraziliense.com.br\/cbradar\/wp-content\/uploads\/2025\/05\/peixes-mar_1748653586844.jpg","width":1280,"height":720,"caption":"peixes mar. Cr\u00e9ditos: depositphotos.com \/ IgorVetushko"},{"@type":"BreadcrumbList","@id":"https:\/\/www.correiobraziliense.com.br\/cbradar\/apos-decadas-sem-sinais-este-peixe-reapareceu-onde-ninguem-esperava\/#breadcrumb","itemListElement":[{"@type":"ListItem","position":1,"name":"In\u00edcio","item":"https:\/\/www.correiobraziliense.com.br\/cbradar\/"},{"@type":"ListItem","position":2,"name":"Ap\u00f3s d\u00e9cadas sem sinais este peixe reapareceu onde ningu\u00e9m esperava"}]},{"@type":"WebSite","@id":"https:\/\/www.correiobraziliense.com.br\/cbradar\/#website","url":"https:\/\/www.correiobraziliense.com.br\/cbradar\/","name":"Correio Braziliense - Radar","description":"Acompanhe as \u00faltimas not\u00edcias e fique bem informado sobre tudo o que acontece no Brasil e no mundo.","potentialAction":[{"@type":"SearchAction","target":{"@type":"EntryPoint","urlTemplate":"https:\/\/www.correiobraziliense.com.br\/cbradar\/?s={search_term_string}"},"query-input":{"@type":"PropertyValueSpecification","valueRequired":true,"valueName":"search_term_string"}}],"inLanguage":"pt-BR"},{"@type":"Person","@id":"https:\/\/www.correiobraziliense.com.br\/cbradar\/#\/schema\/person\/58422787644df994b53a19d3e56c1513","name":"Larissa Carvalho","image":{"@type":"ImageObject","inLanguage":"pt-BR","@id":"https:\/\/www.correiobraziliense.com.br\/cbradar\/#\/schema\/person\/image\/","url":"https:\/\/secure.gravatar.com\/avatar\/fe4f91a0de32b52a838d0d612abdc1aa?s=96&d=mm&r=g","contentUrl":"https:\/\/secure.gravatar.com\/avatar\/fe4f91a0de32b52a838d0d612abdc1aa?s=96&d=mm&r=g","caption":"Larissa Carvalho"},"url":"https:\/\/www.correiobraziliense.com.br\/cbradar\/author\/larissamyth\/"}]}},"_links":{"self":[{"href":"https:\/\/www.correiobraziliense.com.br\/cbradar\/wp-json\/wp\/v2\/posts\/45566","targetHints":{"allow":["GET"]}}],"collection":[{"href":"https:\/\/www.correiobraziliense.com.br\/cbradar\/wp-json\/wp\/v2\/posts"}],"about":[{"href":"https:\/\/www.correiobraziliense.com.br\/cbradar\/wp-json\/wp\/v2\/types\/post"}],"author":[{"embeddable":true,"href":"https:\/\/www.correiobraziliense.com.br\/cbradar\/wp-json\/wp\/v2\/users\/3"}],"replies":[{"embeddable":true,"href":"https:\/\/www.correiobraziliense.com.br\/cbradar\/wp-json\/wp\/v2\/comments?post=45566"}],"version-history":[{"count":3,"href":"https:\/\/www.correiobraziliense.com.br\/cbradar\/wp-json\/wp\/v2\/posts\/45566\/revisions"}],"predecessor-version":[{"id":45639,"href":"https:\/\/www.correiobraziliense.com.br\/cbradar\/wp-json\/wp\/v2\/posts\/45566\/revisions\/45639"}],"wp:featuredmedia":[{"embeddable":true,"href":"https:\/\/www.correiobraziliense.com.br\/cbradar\/wp-json\/wp\/v2\/media\/45568"}],"wp:attachment":[{"href":"https:\/\/www.correiobraziliense.com.br\/cbradar\/wp-json\/wp\/v2\/media?parent=45566"}],"wp:term":[{"taxonomy":"category","embeddable":true,"href":"https:\/\/www.correiobraziliense.com.br\/cbradar\/wp-json\/wp\/v2\/categories?post=45566"},{"taxonomy":"post_tag","embeddable":true,"href":"https:\/\/www.correiobraziliense.com.br\/cbradar\/wp-json\/wp\/v2\/tags?post=45566"}],"curies":[{"name":"wp","href":"https:\/\/api.w.org\/{rel}","templated":true}]}}