{"id":45740,"date":"2025-06-01T07:23:00","date_gmt":"2025-06-01T10:23:00","guid":{"rendered":"https:\/\/www.correiobraziliense.com.br\/cbradar\/?p=45740"},"modified":"2025-06-01T08:31:15","modified_gmt":"2025-06-01T11:31:15","slug":"essa-serie-mistura-caos-familiar-com-superpoderes","status":"publish","type":"post","link":"https:\/\/www.correiobraziliense.com.br\/cbradar\/essa-serie-mistura-caos-familiar-com-superpoderes\/","title":{"rendered":"Essa s\u00e9rie mistura caos familiar com superpoderes"},"content":{"rendered":"\n<p><strong>The Umbrella Academy<\/strong> \u00e9 uma s\u00e9rie de super-her\u00f3is criada por <strong>Steve Blackman<\/strong>, baseada nos quadrinhos de <strong>Gerard Way<\/strong> e <strong>Gabriel B\u00e1<\/strong>, lan\u00e7ada em 2019 pela <strong>Netflix<\/strong>. A hist\u00f3ria come\u00e7a com um evento misterioso: 43 crian\u00e7as nascem simultaneamente no mundo, sem que suas m\u00e3es estivessem gr\u00e1vidas. Um bilion\u00e1rio exc\u00eantrico, <strong>Sir Reginald Hargreeves<\/strong>, adota sete dessas crian\u00e7as, que demonstram habilidades especiais.<\/p>\n\n\n\n<p>Criados para salvar o mundo, os irm\u00e3os da Umbrella Academy se separam ao longo dos anos. No entanto, precisam se reunir ap\u00f3s a morte do pai adotivo e a amea\u00e7a de um apocalipse iminente.<\/p>\n\n\n\n<h2 class=\"wp-block-heading\">Quem s\u00e3o os personagens principais?<\/h2>\n\n\n\n<ul class=\"wp-block-list\">\n<li><strong>Luther Hargreeves<\/strong> (Tom Hopper): for\u00e7a sobre-humana.<\/li>\n\n\n\n<li><strong>Diego Hargreeves<\/strong> (David Casta\u00f1eda): mira precisa e habilidade com facas.<\/li>\n\n\n\n<li><strong>Allison Hargreeves<\/strong> (Emmy Raver-Lampman): manipula a realidade com a frase &#8220;Eu ouvi um boato&#8230;&#8221;.<\/li>\n\n\n\n<li><strong>Klaus Hargreeves<\/strong> (Robert Sheehan): se comunica com os mortos.<\/li>\n\n\n\n<li><strong>Cinco<\/strong> (Aidan Gallagher): viaja no tempo e no espa\u00e7o.<\/li>\n\n\n\n<li><strong>Ben Hargreeves<\/strong>: falecido, mas presente atrav\u00e9s de Klaus.<\/li>\n\n\n\n<li><strong>Vanya \/ Viktor Hargreeves<\/strong> (Elliot Page): poderes ligados a som e energia, fundamentais na trama.<\/li>\n<\/ul>\n\n\n\n<h2 class=\"wp-block-heading\">Como a s\u00e9rie combina drama, humor e fic\u00e7\u00e3o cient\u00edfica?<\/h2>\n\n\n\n<p><em>The Umbrella Academy<\/em> se destaca por misturar elementos de a\u00e7\u00e3o, com\u00e9dia, fic\u00e7\u00e3o cient\u00edfica e drama familiar. Cada personagem tem profundidade emocional, enfrentando traumas, conflitos e arrependimentos. A trama \u00e9 cheia de reviravoltas, viagens no tempo e dilemas morais.<\/p>\n\n\n\n<p>A est\u00e9tica diferenciada e a trilha sonora marcante ajudam a criar uma identidade \u00fanica, cativando p\u00fablicos diversos.<\/p>\n\n\n\n<figure class=\"wp-block-image size-large\"><img decoding=\"async\" width=\"1024\" height=\"576\" src=\"https:\/\/www.correiobraziliense.com.br\/cbradar\/wp-content\/uploads\/2025\/05\/The-Umbrella-Academy-2-1024x576.png\" alt=\"Essa s\u00e9rie mistura caos familiar com superpoderes\" class=\"wp-image-45741\" srcset=\"https:\/\/www.correiobraziliense.com.br\/cbradar\/wp-content\/uploads\/2025\/05\/The-Umbrella-Academy-2-1024x576.png 1024w, https:\/\/www.correiobraziliense.com.br\/cbradar\/wp-content\/uploads\/2025\/05\/The-Umbrella-Academy-2-300x169.png 300w, https:\/\/www.correiobraziliense.com.br\/cbradar\/wp-content\/uploads\/2025\/05\/The-Umbrella-Academy-2-768x432.png 768w, https:\/\/www.correiobraziliense.com.br\/cbradar\/wp-content\/uploads\/2025\/05\/The-Umbrella-Academy-2-750x422.png 750w, https:\/\/www.correiobraziliense.com.br\/cbradar\/wp-content\/uploads\/2025\/05\/The-Umbrella-Academy-2-1140x641.png 1140w, https:\/\/www.correiobraziliense.com.br\/cbradar\/wp-content\/uploads\/2025\/05\/The-Umbrella-Academy-2.png 1280w\" sizes=\"(max-width: 1024px) 100vw, 1024px\" \/><figcaption class=\"wp-element-caption\">The Umbrella Academy. Fonte: divulga\u00e7\u00e3o \/ Netflix<\/figcaption><\/figure>\n\n\n\n<h2 class=\"wp-block-heading\">Vale a pena assistir The Umbrella Academy?<\/h2>\n\n\n\n<p>Sim. <em>The Umbrella Academy<\/em> \u00e9 uma alternativa ousada dentro do g\u00eanero de super-her\u00f3is. Com narrativa envolvente, personagens complexos e visual impactante, a s\u00e9rie oferece entretenimento de qualidade e momentos emocionantes.<\/p>\n\n\n\n<p>Ideal para quem procura algo diferente, irreverente e com temas familiares profundos.<\/p>\n\n\n\n<h2 class=\"wp-block-heading\">Curiosidades sobre The Umbrella Academy<\/h2>\n\n\n\n<ul class=\"wp-block-list\">\n<li>Baseada em HQs escritas por Gerard Way, vocalista da banda My Chemical Romance.<\/li>\n\n\n\n<li>Elliot Page continuou na s\u00e9rie ap\u00f3s sua transi\u00e7\u00e3o de g\u00eanero, sendo acolhido pela trama.<\/li>\n\n\n\n<li>A s\u00e9rie \u00e9 renovada para a quarta e \u00faltima temporada.<\/li>\n\n\n\n<li>Os nomes reais dos personagens nunca s\u00e3o revelados, apenas os codinomes e n\u00fameros.<\/li>\n<\/ul>\n\n\n\n<iframe loading=\"lazy\" width=\"560\" height=\"315\" src=\"https:\/\/www.youtube.com\/embed\/5_4SW8HHfUs?si=ILZwbHksgpHhDeZ9\" title=\"YouTube video player\" frameborder=\"0\" allow=\"accelerometer; autoplay; clipboard-write; encrypted-media; gyroscope; picture-in-picture; web-share\" referrerpolicy=\"strict-origin-when-cross-origin\" allowfullscreen><\/iframe>\n\n\n\n<h2 class=\"wp-block-heading\">FAQ &#8211; Perguntas frequentes<\/h2>\n\n\n\n<ul class=\"wp-block-list\">\n<li><strong>Onde assistir The Umbrella Academy?<\/strong>\n<ul class=\"wp-block-list\">\n<li>Dispon\u00edvel na <strong>Netflix<\/strong>.<\/li>\n<\/ul>\n<\/li>\n\n\n\n<li><strong>Quem est\u00e1 no elenco principal?<\/strong>\n<ul class=\"wp-block-list\">\n<li><strong>Elliot Page<\/strong>, <strong>Tom Hopper<\/strong>, <strong>David Casta\u00f1eda<\/strong>, <strong>Emmy Raver-Lampman<\/strong>, <strong>Robert Sheehan<\/strong>, <strong>Aidan Gallagher<\/strong>.<\/li>\n<\/ul>\n<\/li>\n\n\n\n<li><strong>Qual o ano de lan\u00e7amento da s\u00e9rie?<\/strong>\n<ul class=\"wp-block-list\">\n<li><em>The Umbrella Academy<\/em> estreou em 2019.<\/li>\n<\/ul>\n<\/li>\n\n\n\n<li><strong>Qual a produtora respons\u00e1vel pela s\u00e9rie?<\/strong>\n<ul class=\"wp-block-list\">\n<li>Produzida pela <strong>Universal Content Productions<\/strong> e <strong>Dark Horse Entertainment<\/strong> para a <strong>Netflix<\/strong>.<\/li>\n<\/ul>\n<\/li>\n<\/ul>\n","protected":false},"excerpt":{"rendered":"<p>Uma fam\u00edlia disfuncional de super-her\u00f3is precisa salvar o mundo enquanto enfrenta seus pr\u00f3prios traumas e segredos.<\/p>\n","protected":false},"author":3,"featured_media":45742,"comment_status":"open","ping_status":"open","sticky":false,"template":"","format":"standard","meta":{"_yoast_wpseo_focuskw":"The Umbrella Academy","_yoast_wpseo_title":"%%title%%","_yoast_wpseo_metadesc":"Uma fam\u00edlia disfuncional de super-her\u00f3is precisa salvar o mundo enquanto enfrenta seus pr\u00f3prios traumas e segredos.","jnews-multi-image_gallery":[],"jnews_single_post":{"format":"standard"},"jnews_primary_category":[],"jnews_social_meta":[],"jnews_override_counter":[],"footnotes":""},"categories":[140],"post_tag":[568],"class_list":["post-45740","post","type-post","status-publish","format-standard","has-post-thumbnail","hentry","category-entretenimento","tag-series-e-filmes"],"yoast_head":"<!-- This site is optimized with the Yoast SEO plugin v24.6 - https:\/\/yoast.com\/wordpress\/plugins\/seo\/ -->\n<title>Essa s\u00e9rie mistura caos familiar com superpoderes<\/title>\n<meta name=\"description\" content=\"Uma fam\u00edlia disfuncional de super-her\u00f3is precisa salvar o mundo enquanto enfrenta seus pr\u00f3prios traumas e segredos.\" \/>\n<meta name=\"robots\" content=\"index, follow, max-snippet:-1, max-image-preview:large, max-video-preview:-1\" \/>\n<link rel=\"canonical\" href=\"https:\/\/www.correiobraziliense.com.br\/cbradar\/essa-serie-mistura-caos-familiar-com-superpoderes\/\" \/>\n<meta property=\"og:locale\" content=\"pt_BR\" \/>\n<meta property=\"og:type\" content=\"article\" \/>\n<meta property=\"og:title\" content=\"Essa s\u00e9rie mistura caos familiar com superpoderes\" \/>\n<meta property=\"og:description\" content=\"Uma fam\u00edlia disfuncional de super-her\u00f3is precisa salvar o mundo enquanto enfrenta seus pr\u00f3prios traumas e segredos.\" \/>\n<meta property=\"og:url\" content=\"https:\/\/www.correiobraziliense.com.br\/cbradar\/essa-serie-mistura-caos-familiar-com-superpoderes\/\" \/>\n<meta property=\"og:site_name\" content=\"Correio Braziliense - Radar\" \/>\n<meta property=\"article:published_time\" content=\"2025-06-01T10:23:00+00:00\" \/>\n<meta property=\"article:modified_time\" content=\"2025-06-01T11:31:15+00:00\" \/>\n<meta property=\"og:image\" content=\"https:\/\/www.correiobraziliense.com.br\/cbradar\/wp-content\/uploads\/2025\/05\/The-Umbrella-Academy.png\" \/>\n\t<meta property=\"og:image:width\" content=\"1280\" \/>\n\t<meta property=\"og:image:height\" content=\"720\" \/>\n\t<meta property=\"og:image:type\" content=\"image\/png\" \/>\n<meta name=\"author\" content=\"Larissa Carvalho\" \/>\n<meta name=\"twitter:card\" content=\"summary_large_image\" \/>\n<meta name=\"twitter:label1\" content=\"Escrito por\" \/>\n\t<meta name=\"twitter:data1\" content=\"Larissa Carvalho\" \/>\n\t<meta name=\"twitter:label2\" content=\"Est. tempo de leitura\" \/>\n\t<meta name=\"twitter:data2\" content=\"3 minutos\" \/>\n<!-- \/ Yoast SEO plugin. -->","yoast_head_json":{"title":"Essa s\u00e9rie mistura caos familiar com superpoderes","description":"Uma fam\u00edlia disfuncional de super-her\u00f3is precisa salvar o mundo enquanto enfrenta seus pr\u00f3prios traumas e segredos.","robots":{"index":"index","follow":"follow","max-snippet":"max-snippet:-1","max-image-preview":"max-image-preview:large","max-video-preview":"max-video-preview:-1"},"canonical":"https:\/\/www.correiobraziliense.com.br\/cbradar\/essa-serie-mistura-caos-familiar-com-superpoderes\/","og_locale":"pt_BR","og_type":"article","og_title":"Essa s\u00e9rie mistura caos familiar com superpoderes","og_description":"Uma fam\u00edlia disfuncional de super-her\u00f3is precisa salvar o mundo enquanto enfrenta seus pr\u00f3prios traumas e segredos.","og_url":"https:\/\/www.correiobraziliense.com.br\/cbradar\/essa-serie-mistura-caos-familiar-com-superpoderes\/","og_site_name":"Correio Braziliense - Radar","article_published_time":"2025-06-01T10:23:00+00:00","article_modified_time":"2025-06-01T11:31:15+00:00","og_image":[{"width":1280,"height":720,"url":"https:\/\/www.correiobraziliense.com.br\/cbradar\/wp-content\/uploads\/2025\/05\/The-Umbrella-Academy.png","type":"image\/png"}],"author":"Larissa Carvalho","twitter_card":"summary_large_image","twitter_misc":{"Escrito por":"Larissa Carvalho","Est. tempo de leitura":"3 minutos"},"schema":{"@context":"https:\/\/schema.org","@graph":[{"@type":"WebPage","@id":"https:\/\/www.correiobraziliense.com.br\/cbradar\/essa-serie-mistura-caos-familiar-com-superpoderes\/","url":"https:\/\/www.correiobraziliense.com.br\/cbradar\/essa-serie-mistura-caos-familiar-com-superpoderes\/","name":"Essa s\u00e9rie mistura caos familiar com superpoderes","isPartOf":{"@id":"https:\/\/www.correiobraziliense.com.br\/cbradar\/#website"},"primaryImageOfPage":{"@id":"https:\/\/www.correiobraziliense.com.br\/cbradar\/essa-serie-mistura-caos-familiar-com-superpoderes\/#primaryimage"},"image":{"@id":"https:\/\/www.correiobraziliense.com.br\/cbradar\/essa-serie-mistura-caos-familiar-com-superpoderes\/#primaryimage"},"thumbnailUrl":"https:\/\/www.correiobraziliense.com.br\/cbradar\/wp-content\/uploads\/2025\/05\/The-Umbrella-Academy.png","datePublished":"2025-06-01T10:23:00+00:00","dateModified":"2025-06-01T11:31:15+00:00","author":{"@id":"https:\/\/www.correiobraziliense.com.br\/cbradar\/#\/schema\/person\/58422787644df994b53a19d3e56c1513"},"description":"Uma fam\u00edlia disfuncional de super-her\u00f3is precisa salvar o mundo enquanto enfrenta seus pr\u00f3prios traumas e segredos.","breadcrumb":{"@id":"https:\/\/www.correiobraziliense.com.br\/cbradar\/essa-serie-mistura-caos-familiar-com-superpoderes\/#breadcrumb"},"inLanguage":"pt-BR","potentialAction":[{"@type":"ReadAction","target":["https:\/\/www.correiobraziliense.com.br\/cbradar\/essa-serie-mistura-caos-familiar-com-superpoderes\/"]}]},{"@type":"ImageObject","inLanguage":"pt-BR","@id":"https:\/\/www.correiobraziliense.com.br\/cbradar\/essa-serie-mistura-caos-familiar-com-superpoderes\/#primaryimage","url":"https:\/\/www.correiobraziliense.com.br\/cbradar\/wp-content\/uploads\/2025\/05\/The-Umbrella-Academy.png","contentUrl":"https:\/\/www.correiobraziliense.com.br\/cbradar\/wp-content\/uploads\/2025\/05\/The-Umbrella-Academy.png","width":1280,"height":720,"caption":"The Umbrella Academy. Fonte: divulga\u00e7\u00e3o \/ Netflix"},{"@type":"BreadcrumbList","@id":"https:\/\/www.correiobraziliense.com.br\/cbradar\/essa-serie-mistura-caos-familiar-com-superpoderes\/#breadcrumb","itemListElement":[{"@type":"ListItem","position":1,"name":"In\u00edcio","item":"https:\/\/www.correiobraziliense.com.br\/cbradar\/"},{"@type":"ListItem","position":2,"name":"Essa s\u00e9rie mistura caos familiar com superpoderes"}]},{"@type":"WebSite","@id":"https:\/\/www.correiobraziliense.com.br\/cbradar\/#website","url":"https:\/\/www.correiobraziliense.com.br\/cbradar\/","name":"Correio Braziliense - Radar","description":"Acompanhe as \u00faltimas not\u00edcias e fique bem informado sobre tudo o que acontece no Brasil e no mundo.","potentialAction":[{"@type":"SearchAction","target":{"@type":"EntryPoint","urlTemplate":"https:\/\/www.correiobraziliense.com.br\/cbradar\/?s={search_term_string}"},"query-input":{"@type":"PropertyValueSpecification","valueRequired":true,"valueName":"search_term_string"}}],"inLanguage":"pt-BR"},{"@type":"Person","@id":"https:\/\/www.correiobraziliense.com.br\/cbradar\/#\/schema\/person\/58422787644df994b53a19d3e56c1513","name":"Larissa Carvalho","image":{"@type":"ImageObject","inLanguage":"pt-BR","@id":"https:\/\/www.correiobraziliense.com.br\/cbradar\/#\/schema\/person\/image\/","url":"https:\/\/secure.gravatar.com\/avatar\/fe4f91a0de32b52a838d0d612abdc1aa?s=96&d=mm&r=g","contentUrl":"https:\/\/secure.gravatar.com\/avatar\/fe4f91a0de32b52a838d0d612abdc1aa?s=96&d=mm&r=g","caption":"Larissa Carvalho"},"url":"https:\/\/www.correiobraziliense.com.br\/cbradar\/author\/larissamyth\/"}]}},"_links":{"self":[{"href":"https:\/\/www.correiobraziliense.com.br\/cbradar\/wp-json\/wp\/v2\/posts\/45740","targetHints":{"allow":["GET"]}}],"collection":[{"href":"https:\/\/www.correiobraziliense.com.br\/cbradar\/wp-json\/wp\/v2\/posts"}],"about":[{"href":"https:\/\/www.correiobraziliense.com.br\/cbradar\/wp-json\/wp\/v2\/types\/post"}],"author":[{"embeddable":true,"href":"https:\/\/www.correiobraziliense.com.br\/cbradar\/wp-json\/wp\/v2\/users\/3"}],"replies":[{"embeddable":true,"href":"https:\/\/www.correiobraziliense.com.br\/cbradar\/wp-json\/wp\/v2\/comments?post=45740"}],"version-history":[{"count":1,"href":"https:\/\/www.correiobraziliense.com.br\/cbradar\/wp-json\/wp\/v2\/posts\/45740\/revisions"}],"predecessor-version":[{"id":45744,"href":"https:\/\/www.correiobraziliense.com.br\/cbradar\/wp-json\/wp\/v2\/posts\/45740\/revisions\/45744"}],"wp:featuredmedia":[{"embeddable":true,"href":"https:\/\/www.correiobraziliense.com.br\/cbradar\/wp-json\/wp\/v2\/media\/45742"}],"wp:attachment":[{"href":"https:\/\/www.correiobraziliense.com.br\/cbradar\/wp-json\/wp\/v2\/media?parent=45740"}],"wp:term":[{"taxonomy":"category","embeddable":true,"href":"https:\/\/www.correiobraziliense.com.br\/cbradar\/wp-json\/wp\/v2\/categories?post=45740"},{"taxonomy":"post_tag","embeddable":true,"href":"https:\/\/www.correiobraziliense.com.br\/cbradar\/wp-json\/wp\/v2\/post_tag?post=45740"}],"curies":[{"name":"wp","href":"https:\/\/api.w.org\/{rel}","templated":true}]}}