{"id":45745,"date":"2025-06-01T13:30:00","date_gmt":"2025-06-01T16:30:00","guid":{"rendered":"https:\/\/www.correiobraziliense.com.br\/cbradar\/?p=45745"},"modified":"2025-06-01T08:30:57","modified_gmt":"2025-06-01T11:30:57","slug":"esse-filme-vai-mexer-com-sua-percepcao-sobre-o-silencio","status":"publish","type":"post","link":"https:\/\/www.correiobraziliense.com.br\/cbradar\/esse-filme-vai-mexer-com-sua-percepcao-sobre-o-silencio\/","title":{"rendered":"Esse filme vai mexer com sua percep\u00e7\u00e3o sobre o sil\u00eancio"},"content":{"rendered":"\n<p><strong>O som do sil\u00eancio<\/strong> (<em>Sound of Metal<\/em>) \u00e9 um filme dram\u00e1tico lan\u00e7ado em 2019, dirigido por <strong>Darius Marder<\/strong>. A trama acompanha <strong>Ruben Stone<\/strong>, um baterista de heavy metal que, de forma repentina, come\u00e7a a perder sua audi\u00e7\u00e3o. Em choque, ele precisa lidar com a possibilidade de abandonar sua carreira e reconfigurar toda a sua identidade.<\/p>\n\n\n\n<p>Enquanto busca uma forma de recuperar a audi\u00e7\u00e3o, Ruben entra em uma comunidade para surdos, onde come\u00e7a uma profunda jornada de aceita\u00e7\u00e3o, autoconhecimento e transforma\u00e7\u00e3o.<\/p>\n\n\n\n<h2 class=\"wp-block-heading\">Quem s\u00e3o os personagens principais?<\/h2>\n\n\n\n<ul class=\"wp-block-list\">\n<li><strong>Ruben Stone<\/strong> (Riz Ahmed): baterista que precisa lidar com a surdez repentina.<\/li>\n\n\n\n<li><strong>Lou<\/strong> (Olivia Cooke): namorada e parceira de banda de Ruben.<\/li>\n\n\n\n<li><strong>Joe<\/strong> (Paul Raci): l\u00edder da comunidade de surdos que ajuda Ruben a entender sua nova realidade.<\/li>\n<\/ul>\n\n\n\n<figure class=\"wp-block-image size-large\"><img decoding=\"async\" width=\"1024\" height=\"576\" src=\"https:\/\/www.correiobraziliense.com.br\/cbradar\/wp-content\/uploads\/2025\/05\/O-som-do-silencio-1024x576.png\" alt=\"Esse filme vai mexer com sua percep\u00e7\u00e3o sobre o sil\u00eancio\" class=\"wp-image-45747\" srcset=\"https:\/\/www.correiobraziliense.com.br\/cbradar\/wp-content\/uploads\/2025\/05\/O-som-do-silencio-1024x576.png 1024w, https:\/\/www.correiobraziliense.com.br\/cbradar\/wp-content\/uploads\/2025\/05\/O-som-do-silencio-300x169.png 300w, https:\/\/www.correiobraziliense.com.br\/cbradar\/wp-content\/uploads\/2025\/05\/O-som-do-silencio-768x432.png 768w, https:\/\/www.correiobraziliense.com.br\/cbradar\/wp-content\/uploads\/2025\/05\/O-som-do-silencio-750x422.png 750w, https:\/\/www.correiobraziliense.com.br\/cbradar\/wp-content\/uploads\/2025\/05\/O-som-do-silencio-1140x641.png 1140w, https:\/\/www.correiobraziliense.com.br\/cbradar\/wp-content\/uploads\/2025\/05\/O-som-do-silencio.png 1280w\" sizes=\"(max-width: 1024px) 100vw, 1024px\" \/><figcaption class=\"wp-element-caption\">O som do silencio. Fonte: divulga\u00e7\u00e3o \/ Amazon Studios<\/figcaption><\/figure>\n\n\n\n<h2 class=\"wp-block-heading\">Como o filme aborda perda, identidade e sil\u00eancio?<\/h2>\n\n\n\n<p><em>O som do sil\u00eancio<\/em> \u00e9 um filme sensorial e emocional, que convida o espectador a experimentar o sil\u00eancio junto com o protagonista. A surdez \u00e9 retratada n\u00e3o como um obst\u00e1culo a ser vencido, mas como uma nova forma de viver e compreender o mundo.<\/p>\n\n\n\n<p>O roteiro evita o clich\u00ea da supera\u00e7\u00e3o milagrosa e foca na resili\u00eancia e na import\u00e2ncia da escuta interior. A atua\u00e7\u00e3o de Riz Ahmed \u00e9 intensa e comovente, levando o p\u00fablico a sentir cada etapa da jornada de Ruben.<\/p>\n\n\n\n<h2 class=\"wp-block-heading\">Vale a pena assistir O som do sil\u00eancio?<\/h2>\n\n\n\n<p>Sim. <em>O som do sil\u00eancio<\/em> \u00e9 um filme delicado, com uma mensagem poderosa sobre aceita\u00e7\u00e3o e mudan\u00e7a. A dire\u00e7\u00e3o sonora \u00e9 um espet\u00e1culo \u00e0 parte, proporcionando uma experi\u00eancia imersiva.<\/p>\n\n\n\n<p>Indicado para quem gosta de dramas introspectivos, com atua\u00e7\u00f5es fortes e temas humanos universais.<\/p>\n\n\n\n<h2 class=\"wp-block-heading\">Curiosidades sobre O som do sil\u00eancio<\/h2>\n\n\n\n<ul class=\"wp-block-list\">\n<li>Riz Ahmed aprendeu linguagem de sinais e a tocar bateria para o papel.<\/li>\n\n\n\n<li>O filme recebeu 6 indica\u00e7\u00f5es ao Oscar e venceu nas categorias de Melhor Som e Melhor Edi\u00e7\u00e3o.<\/li>\n\n\n\n<li>Paul Raci, que interpreta Joe, \u00e9 filho de pais surdos na vida real.<\/li>\n\n\n\n<li>A abordagem sensorial do som \u00e9 uma das marcas registradas da obra.<\/li>\n<\/ul>\n\n\n\n<iframe loading=\"lazy\" width=\"560\" height=\"315\" src=\"https:\/\/www.youtube.com\/embed\/B_kLPzTxuA0?si=VBwxcDAovzElPvzE\" title=\"YouTube video player\" frameborder=\"0\" allow=\"accelerometer; autoplay; clipboard-write; encrypted-media; gyroscope; picture-in-picture; web-share\" referrerpolicy=\"strict-origin-when-cross-origin\" allowfullscreen><\/iframe>\n\n\n\n<h2 class=\"wp-block-heading\">FAQ &#8211; Perguntas frequentes<\/h2>\n\n\n\n<ul class=\"wp-block-list\">\n<li><strong>Onde assistir O som do sil\u00eancio?<\/strong>\n<ul class=\"wp-block-list\">\n<li>Dispon\u00edvel na <strong>Amazon Prime Video<\/strong>.<\/li>\n<\/ul>\n<\/li>\n\n\n\n<li><strong>Quem est\u00e1 no elenco principal?<\/strong>\n<ul class=\"wp-block-list\">\n<li><strong>Riz Ahmed<\/strong>, <strong>Olivia Cooke<\/strong>, <strong>Paul Raci<\/strong>, <strong>Lauren Ridloff<\/strong>, <strong>Mathieu Amalric<\/strong>.<\/li>\n<\/ul>\n<\/li>\n\n\n\n<li><strong>Qual o ano de lan\u00e7amento do filme?<\/strong>\n<ul class=\"wp-block-list\">\n<li><em>O som do sil\u00eancio<\/em> foi lan\u00e7ado em 2019.<\/li>\n<\/ul>\n<\/li>\n\n\n\n<li><strong>Qual a produtora respons\u00e1vel pelo filme?<\/strong>\n<ul class=\"wp-block-list\">\n<li>Produzido pela <strong>Caviar<\/strong>, <strong>Amazon Studios<\/strong> e <strong>Sound of Metal LLC<\/strong>.<\/li>\n<\/ul>\n<\/li>\n<\/ul>\n","protected":false},"excerpt":{"rendered":"<p>Um baterista enfrenta a perda da audi\u00e7\u00e3o e precisa reinventar sua vida em um drama sens\u00edvel e poderoso sobre identidade e aceita\u00e7\u00e3o.<\/p>\n","protected":false},"author":3,"featured_media":45746,"comment_status":"open","ping_status":"open","sticky":false,"template":"","format":"standard","meta":{"_yoast_wpseo_focuskw":"O som do sil\u00eancio","_yoast_wpseo_title":"%%title%%","_yoast_wpseo_metadesc":"Um baterista enfrenta a perda da audi\u00e7\u00e3o e precisa reinventar sua vida em um drama sens\u00edvel e poderoso sobre identidade e aceita\u00e7\u00e3o.","jnews-multi-image_gallery":[],"jnews_single_post":{"format":"standard"},"jnews_primary_category":[],"jnews_social_meta":[],"jnews_override_counter":[],"footnotes":""},"categories":[140],"post_tag":[568],"class_list":["post-45745","post","type-post","status-publish","format-standard","has-post-thumbnail","hentry","category-entretenimento","tag-series-e-filmes"],"yoast_head":"<!-- This site is optimized with the Yoast SEO plugin v24.6 - https:\/\/yoast.com\/wordpress\/plugins\/seo\/ -->\n<title>Esse filme vai mexer com sua percep\u00e7\u00e3o sobre o sil\u00eancio<\/title>\n<meta name=\"description\" content=\"Um baterista enfrenta a perda da audi\u00e7\u00e3o e precisa reinventar sua vida em um drama sens\u00edvel e poderoso sobre identidade e aceita\u00e7\u00e3o.\" \/>\n<meta name=\"robots\" content=\"index, follow, max-snippet:-1, max-image-preview:large, max-video-preview:-1\" \/>\n<link rel=\"canonical\" href=\"https:\/\/www.correiobraziliense.com.br\/cbradar\/esse-filme-vai-mexer-com-sua-percepcao-sobre-o-silencio\/\" \/>\n<meta property=\"og:locale\" content=\"pt_BR\" \/>\n<meta property=\"og:type\" content=\"article\" \/>\n<meta property=\"og:title\" content=\"Esse filme vai mexer com sua percep\u00e7\u00e3o sobre o sil\u00eancio\" \/>\n<meta property=\"og:description\" content=\"Um baterista enfrenta a perda da audi\u00e7\u00e3o e precisa reinventar sua vida em um drama sens\u00edvel e poderoso sobre identidade e aceita\u00e7\u00e3o.\" \/>\n<meta property=\"og:url\" content=\"https:\/\/www.correiobraziliense.com.br\/cbradar\/esse-filme-vai-mexer-com-sua-percepcao-sobre-o-silencio\/\" \/>\n<meta property=\"og:site_name\" content=\"Correio Braziliense - Radar\" \/>\n<meta property=\"article:published_time\" content=\"2025-06-01T16:30:00+00:00\" \/>\n<meta property=\"og:image\" content=\"https:\/\/www.correiobraziliense.com.br\/cbradar\/wp-content\/uploads\/2025\/05\/O-som-do-silencio-2.png\" \/>\n\t<meta property=\"og:image:width\" content=\"1280\" \/>\n\t<meta property=\"og:image:height\" content=\"720\" \/>\n\t<meta property=\"og:image:type\" content=\"image\/png\" \/>\n<meta name=\"author\" content=\"Larissa Carvalho\" \/>\n<meta name=\"twitter:card\" content=\"summary_large_image\" \/>\n<meta name=\"twitter:label1\" content=\"Escrito por\" \/>\n\t<meta name=\"twitter:data1\" content=\"Larissa Carvalho\" \/>\n\t<meta name=\"twitter:label2\" content=\"Est. tempo de leitura\" \/>\n\t<meta name=\"twitter:data2\" content=\"3 minutos\" \/>\n<!-- \/ Yoast SEO plugin. -->","yoast_head_json":{"title":"Esse filme vai mexer com sua percep\u00e7\u00e3o sobre o sil\u00eancio","description":"Um baterista enfrenta a perda da audi\u00e7\u00e3o e precisa reinventar sua vida em um drama sens\u00edvel e poderoso sobre identidade e aceita\u00e7\u00e3o.","robots":{"index":"index","follow":"follow","max-snippet":"max-snippet:-1","max-image-preview":"max-image-preview:large","max-video-preview":"max-video-preview:-1"},"canonical":"https:\/\/www.correiobraziliense.com.br\/cbradar\/esse-filme-vai-mexer-com-sua-percepcao-sobre-o-silencio\/","og_locale":"pt_BR","og_type":"article","og_title":"Esse filme vai mexer com sua percep\u00e7\u00e3o sobre o sil\u00eancio","og_description":"Um baterista enfrenta a perda da audi\u00e7\u00e3o e precisa reinventar sua vida em um drama sens\u00edvel e poderoso sobre identidade e aceita\u00e7\u00e3o.","og_url":"https:\/\/www.correiobraziliense.com.br\/cbradar\/esse-filme-vai-mexer-com-sua-percepcao-sobre-o-silencio\/","og_site_name":"Correio Braziliense - Radar","article_published_time":"2025-06-01T16:30:00+00:00","og_image":[{"width":1280,"height":720,"url":"https:\/\/www.correiobraziliense.com.br\/cbradar\/wp-content\/uploads\/2025\/05\/O-som-do-silencio-2.png","type":"image\/png"}],"author":"Larissa Carvalho","twitter_card":"summary_large_image","twitter_misc":{"Escrito por":"Larissa Carvalho","Est. tempo de leitura":"3 minutos"},"schema":{"@context":"https:\/\/schema.org","@graph":[{"@type":"WebPage","@id":"https:\/\/www.correiobraziliense.com.br\/cbradar\/esse-filme-vai-mexer-com-sua-percepcao-sobre-o-silencio\/","url":"https:\/\/www.correiobraziliense.com.br\/cbradar\/esse-filme-vai-mexer-com-sua-percepcao-sobre-o-silencio\/","name":"Esse filme vai mexer com sua percep\u00e7\u00e3o sobre o sil\u00eancio","isPartOf":{"@id":"https:\/\/www.correiobraziliense.com.br\/cbradar\/#website"},"primaryImageOfPage":{"@id":"https:\/\/www.correiobraziliense.com.br\/cbradar\/esse-filme-vai-mexer-com-sua-percepcao-sobre-o-silencio\/#primaryimage"},"image":{"@id":"https:\/\/www.correiobraziliense.com.br\/cbradar\/esse-filme-vai-mexer-com-sua-percepcao-sobre-o-silencio\/#primaryimage"},"thumbnailUrl":"https:\/\/www.correiobraziliense.com.br\/cbradar\/wp-content\/uploads\/2025\/05\/O-som-do-silencio-2.png","datePublished":"2025-06-01T16:30:00+00:00","author":{"@id":"https:\/\/www.correiobraziliense.com.br\/cbradar\/#\/schema\/person\/58422787644df994b53a19d3e56c1513"},"description":"Um baterista enfrenta a perda da audi\u00e7\u00e3o e precisa reinventar sua vida em um drama sens\u00edvel e poderoso sobre identidade e aceita\u00e7\u00e3o.","breadcrumb":{"@id":"https:\/\/www.correiobraziliense.com.br\/cbradar\/esse-filme-vai-mexer-com-sua-percepcao-sobre-o-silencio\/#breadcrumb"},"inLanguage":"pt-BR","potentialAction":[{"@type":"ReadAction","target":["https:\/\/www.correiobraziliense.com.br\/cbradar\/esse-filme-vai-mexer-com-sua-percepcao-sobre-o-silencio\/"]}]},{"@type":"ImageObject","inLanguage":"pt-BR","@id":"https:\/\/www.correiobraziliense.com.br\/cbradar\/esse-filme-vai-mexer-com-sua-percepcao-sobre-o-silencio\/#primaryimage","url":"https:\/\/www.correiobraziliense.com.br\/cbradar\/wp-content\/uploads\/2025\/05\/O-som-do-silencio-2.png","contentUrl":"https:\/\/www.correiobraziliense.com.br\/cbradar\/wp-content\/uploads\/2025\/05\/O-som-do-silencio-2.png","width":1280,"height":720,"caption":"O som do silencio. Fonte: divulga\u00e7\u00e3o \/ Amazon Studios"},{"@type":"BreadcrumbList","@id":"https:\/\/www.correiobraziliense.com.br\/cbradar\/esse-filme-vai-mexer-com-sua-percepcao-sobre-o-silencio\/#breadcrumb","itemListElement":[{"@type":"ListItem","position":1,"name":"In\u00edcio","item":"https:\/\/www.correiobraziliense.com.br\/cbradar\/"},{"@type":"ListItem","position":2,"name":"Esse filme vai mexer com sua percep\u00e7\u00e3o sobre o sil\u00eancio"}]},{"@type":"WebSite","@id":"https:\/\/www.correiobraziliense.com.br\/cbradar\/#website","url":"https:\/\/www.correiobraziliense.com.br\/cbradar\/","name":"Correio Braziliense - Radar","description":"Acompanhe as \u00faltimas not\u00edcias e fique bem informado sobre tudo o que acontece no Brasil e no mundo.","potentialAction":[{"@type":"SearchAction","target":{"@type":"EntryPoint","urlTemplate":"https:\/\/www.correiobraziliense.com.br\/cbradar\/?s={search_term_string}"},"query-input":{"@type":"PropertyValueSpecification","valueRequired":true,"valueName":"search_term_string"}}],"inLanguage":"pt-BR"},{"@type":"Person","@id":"https:\/\/www.correiobraziliense.com.br\/cbradar\/#\/schema\/person\/58422787644df994b53a19d3e56c1513","name":"Larissa Carvalho","image":{"@type":"ImageObject","inLanguage":"pt-BR","@id":"https:\/\/www.correiobraziliense.com.br\/cbradar\/#\/schema\/person\/image\/","url":"https:\/\/secure.gravatar.com\/avatar\/fe4f91a0de32b52a838d0d612abdc1aa?s=96&d=mm&r=g","contentUrl":"https:\/\/secure.gravatar.com\/avatar\/fe4f91a0de32b52a838d0d612abdc1aa?s=96&d=mm&r=g","caption":"Larissa Carvalho"},"url":"https:\/\/www.correiobraziliense.com.br\/cbradar\/author\/larissamyth\/"}]}},"_links":{"self":[{"href":"https:\/\/www.correiobraziliense.com.br\/cbradar\/wp-json\/wp\/v2\/posts\/45745","targetHints":{"allow":["GET"]}}],"collection":[{"href":"https:\/\/www.correiobraziliense.com.br\/cbradar\/wp-json\/wp\/v2\/posts"}],"about":[{"href":"https:\/\/www.correiobraziliense.com.br\/cbradar\/wp-json\/wp\/v2\/types\/post"}],"author":[{"embeddable":true,"href":"https:\/\/www.correiobraziliense.com.br\/cbradar\/wp-json\/wp\/v2\/users\/3"}],"replies":[{"embeddable":true,"href":"https:\/\/www.correiobraziliense.com.br\/cbradar\/wp-json\/wp\/v2\/comments?post=45745"}],"version-history":[{"count":1,"href":"https:\/\/www.correiobraziliense.com.br\/cbradar\/wp-json\/wp\/v2\/posts\/45745\/revisions"}],"predecessor-version":[{"id":45748,"href":"https:\/\/www.correiobraziliense.com.br\/cbradar\/wp-json\/wp\/v2\/posts\/45745\/revisions\/45748"}],"wp:featuredmedia":[{"embeddable":true,"href":"https:\/\/www.correiobraziliense.com.br\/cbradar\/wp-json\/wp\/v2\/media\/45746"}],"wp:attachment":[{"href":"https:\/\/www.correiobraziliense.com.br\/cbradar\/wp-json\/wp\/v2\/media?parent=45745"}],"wp:term":[{"taxonomy":"category","embeddable":true,"href":"https:\/\/www.correiobraziliense.com.br\/cbradar\/wp-json\/wp\/v2\/categories?post=45745"},{"taxonomy":"post_tag","embeddable":true,"href":"https:\/\/www.correiobraziliense.com.br\/cbradar\/wp-json\/wp\/v2\/post_tag?post=45745"}],"curies":[{"name":"wp","href":"https:\/\/api.w.org\/{rel}","templated":true}]}}