{"id":4611,"date":"2025-02-22T07:30:00","date_gmt":"2025-02-22T10:30:00","guid":{"rendered":"https:\/\/www.correiobraziliense.com.br\/cbradar\/?p=4611"},"modified":"2025-02-22T06:06:48","modified_gmt":"2025-02-22T09:06:48","slug":"essas-cidades-vao-deixar-de-ter-voos-da-azul-veja-lista","status":"publish","type":"post","link":"https:\/\/www.correiobraziliense.com.br\/cbradar\/essas-cidades-vao-deixar-de-ter-voos-da-azul-veja-lista\/","title":{"rendered":"Essas cidades v\u00e3o deixar de ter voos da Azul, veja lista"},"content":{"rendered":"\n<p>A Azul Linhas A\u00e9reas anunciou uma s\u00e9rie de mudan\u00e7as em suas opera\u00e7\u00f5es a partir de mar\u00e7o de 2025. Essas altera\u00e7\u00f5es incluem a suspens\u00e3o de atividades em algumas cidades, mudan\u00e7as nos destinos de voos e a utiliza\u00e7\u00e3o de aeronaves de menor capacidade. A companhia a\u00e9rea busca ajustar sua oferta \u00e0 demanda atual, al\u00e9m de reduzir custos operacionais.<\/p>\n\n\n\n<p>As modifica\u00e7\u00f5es nas rotas e opera\u00e7\u00f5es refletem a necessidade de adapta\u00e7\u00e3o \u00e0s condi\u00e7\u00f5es econ\u00f4micas e \u00e0 demanda de passageiros. A Azul est\u00e1 tomando medidas para otimizar suas opera\u00e7\u00f5es, enfrentando desafios como o aumento dos custos de combust\u00edvel e encargos.<\/p>\n\n\n\n<h2 class=\"wp-block-heading\"><strong>Quais s\u00e3o as cidades afetadas pelas mudan\u00e7as?<\/strong><\/h2>\n\n\n\n<p>A partir de 3 de mar\u00e7o, os voos para Fernando de Noronha (PE) ser\u00e3o operados exclusivamente a partir de Recife (PE). Em 10 de mar\u00e7o, os voos de Juazeiro do Norte (CE) ter\u00e3o como destino o Aeroporto de Viracopos, em Campinas (SP). Al\u00e9m disso, a Azul suspender\u00e1 opera\u00e7\u00f5es em nove cidades de oito estados, incluindo Barreirinhas (MA), Campos (RJ), Correia Pinto (SC), Jaguaruna (SC), Mossor\u00f3 (RN), Parna\u00edba (PI), Rio Verde (GO), S\u00e3o Raimundo Nonato (PI) e Tr\u00eas Lagoas (MS).<\/p>\n\n\n\n<p>Outra suspens\u00e3o significativa ocorrer\u00e1 em Ponta Grossa (PR) a partir de 31 de mar\u00e7o. Essas cidades possuem popula\u00e7\u00f5es que variam de 19 mil a 483 mil habitantes, e a decis\u00e3o de suspender as opera\u00e7\u00f5es foi baseada em fatores como a demanda local e a viabilidade econ\u00f4mica.<\/p>\n\n\n\n<figure class=\"wp-block-image size-large\"><img decoding=\"async\" width=\"1024\" height=\"576\" src=\"https:\/\/www.correiobraziliense.com.br\/cbradar\/wp-content\/uploads\/2025\/02\/aviao_1740133705178-1024x576.jpg\" alt=\"Essas cidades v\u00e3o deixar de ter voos da Azul, veja lista\" class=\"wp-image-4613\" srcset=\"https:\/\/www.correiobraziliense.com.br\/cbradar\/wp-content\/uploads\/2025\/02\/aviao_1740133705178-1024x576.jpg 1024w, https:\/\/www.correiobraziliense.com.br\/cbradar\/wp-content\/uploads\/2025\/02\/aviao_1740133705178-300x169.jpg 300w, https:\/\/www.correiobraziliense.com.br\/cbradar\/wp-content\/uploads\/2025\/02\/aviao_1740133705178-768x432.jpg 768w, https:\/\/www.correiobraziliense.com.br\/cbradar\/wp-content\/uploads\/2025\/02\/aviao_1740133705178-750x422.jpg 750w, https:\/\/www.correiobraziliense.com.br\/cbradar\/wp-content\/uploads\/2025\/02\/aviao_1740133705178-1140x641.jpg 1140w, https:\/\/www.correiobraziliense.com.br\/cbradar\/wp-content\/uploads\/2025\/02\/aviao_1740133705178.jpg 1280w\" sizes=\"(max-width: 1024px) 100vw, 1024px\" \/><figcaption class=\"wp-element-caption\">Azul Linhas A\u00e9reas. Cr\u00e9ditos: depositphotos.com \/ mikdam<\/figcaption><\/figure>\n\n\n\n<h2 class=\"wp-block-heading\"><strong>Como ficam as opera\u00e7\u00f5es em Cabo Frio e Caldas Novas?<\/strong><\/h2>\n\n\n\n<p>Cabo Frio (RJ) e Caldas Novas (GO) ter\u00e3o voos apenas durante a alta temporada. As opera\u00e7\u00f5es nessas cidades ocorrer\u00e3o nos meses de janeiro, julho e dezembro. Inicialmente, Cabo Frio estava na lista de cidades com atividades suspensas, mas a decis\u00e3o foi reavaliada, permitindo voos sazonais.<\/p>\n\n\n\n<p>Em Caruaru (PE), a Azul passar\u00e1 a operar com aeronaves de menor capacidade, especificamente o Cessna Grand Caravan, que acomoda at\u00e9 9 passageiros. Essa mudan\u00e7a visa otimizar a opera\u00e7\u00e3o de acordo com a demanda local.<\/p>\n\n\n\n<blockquote class=\"instagram-media\" data-instgrm-captioned data-instgrm-permalink=\"https:\/\/www.instagram.com\/reel\/DGRMSUdpVgJ\/?utm_source=ig_embed&amp;utm_campaign=loading\" data-instgrm-version=\"14\" style=\" background:#FFF; border:0; border-radius:3px; box-shadow:0 0 1px 0 rgba(0,0,0,0.5),0 1px 10px 0 rgba(0,0,0,0.15); margin: 1px; max-width:540px; min-width:326px; padding:0; width:99.375%; width:-webkit-calc(100% - 2px); width:calc(100% - 2px);\"><div style=\"padding:16px;\"> <a href=\"https:\/\/www.instagram.com\/reel\/DGRMSUdpVgJ\/?utm_source=ig_embed&amp;utm_campaign=loading\" style=\" background:#FFFFFF; line-height:0; padding:0 0; text-align:center; text-decoration:none; width:100%;\" target=\"_blank\"> <div style=\" display: flex; flex-direction: row; align-items: center;\"> <div style=\"background-color: #F4F4F4; border-radius: 50%; flex-grow: 0; height: 40px; margin-right: 14px; width: 40px;\"><\/div> <div style=\"display: flex; flex-direction: column; flex-grow: 1; justify-content: center;\"> <div style=\" background-color: #F4F4F4; border-radius: 4px; flex-grow: 0; height: 14px; margin-bottom: 6px; width: 100px;\"><\/div> <div style=\" background-color: #F4F4F4; border-radius: 4px; flex-grow: 0; height: 14px; width: 60px;\"><\/div><\/div><\/div><div style=\"padding: 19% 0;\"><\/div> <div style=\"display:block; height:50px; margin:0 auto 12px; width:50px;\"><svg width=\"50px\" height=\"50px\" viewBox=\"0 0 60 60\" version=\"1.1\" xmlns=\"https:\/\/www.w3.org\/2000\/svg\" xmlns:xlink=\"https:\/\/www.w3.org\/1999\/xlink\"><g stroke=\"none\" stroke-width=\"1\" fill=\"none\" fill-rule=\"evenodd\"><g transform=\"translate(-511.000000, -20.000000)\" fill=\"#000000\"><g><path d=\"M556.869,30.41 C554.814,30.41 553.148,32.076 553.148,34.131 C553.148,36.186 554.814,37.852 556.869,37.852 C558.924,37.852 560.59,36.186 560.59,34.131 C560.59,32.076 558.924,30.41 556.869,30.41 M541,60.657 C535.114,60.657 530.342,55.887 530.342,50 C530.342,44.114 535.114,39.342 541,39.342 C546.887,39.342 551.658,44.114 551.658,50 C551.658,55.887 546.887,60.657 541,60.657 M541,33.886 C532.1,33.886 524.886,41.1 524.886,50 C524.886,58.899 532.1,66.113 541,66.113 C549.9,66.113 557.115,58.899 557.115,50 C557.115,41.1 549.9,33.886 541,33.886 M565.378,62.101 C565.244,65.022 564.756,66.606 564.346,67.663 C563.803,69.06 563.154,70.057 562.106,71.106 C561.058,72.155 560.06,72.803 558.662,73.347 C557.607,73.757 556.021,74.244 553.102,74.378 C549.944,74.521 548.997,74.552 541,74.552 C533.003,74.552 532.056,74.521 528.898,74.378 C525.979,74.244 524.393,73.757 523.338,73.347 C521.94,72.803 520.942,72.155 519.894,71.106 C518.846,70.057 518.197,69.06 517.654,67.663 C517.244,66.606 516.755,65.022 516.623,62.101 C516.479,58.943 516.448,57.996 516.448,50 C516.448,42.003 516.479,41.056 516.623,37.899 C516.755,34.978 517.244,33.391 517.654,32.338 C518.197,30.938 518.846,29.942 519.894,28.894 C520.942,27.846 521.94,27.196 523.338,26.654 C524.393,26.244 525.979,25.756 528.898,25.623 C532.057,25.479 533.004,25.448 541,25.448 C548.997,25.448 549.943,25.479 553.102,25.623 C556.021,25.756 557.607,26.244 558.662,26.654 C560.06,27.196 561.058,27.846 562.106,28.894 C563.154,29.942 563.803,30.938 564.346,32.338 C564.756,33.391 565.244,34.978 565.378,37.899 C565.522,41.056 565.552,42.003 565.552,50 C565.552,57.996 565.522,58.943 565.378,62.101 M570.82,37.631 C570.674,34.438 570.167,32.258 569.425,30.349 C568.659,28.377 567.633,26.702 565.965,25.035 C564.297,23.368 562.623,22.342 560.652,21.575 C558.743,20.834 556.562,20.326 553.369,20.18 C550.169,20.033 549.148,20 541,20 C532.853,20 531.831,20.033 528.631,20.18 C525.438,20.326 523.257,20.834 521.349,21.575 C519.376,22.342 517.703,23.368 516.035,25.035 C514.368,26.702 513.342,28.377 512.574,30.349 C511.834,32.258 511.326,34.438 511.181,37.631 C511.035,40.831 511,41.851 511,50 C511,58.147 511.035,59.17 511.181,62.369 C511.326,65.562 511.834,67.743 512.574,69.651 C513.342,71.625 514.368,73.296 516.035,74.965 C517.703,76.634 519.376,77.658 521.349,78.425 C523.257,79.167 525.438,79.673 528.631,79.82 C531.831,79.965 532.853,80.001 541,80.001 C549.148,80.001 550.169,79.965 553.369,79.82 C556.562,79.673 558.743,79.167 560.652,78.425 C562.623,77.658 564.297,76.634 565.965,74.965 C567.633,73.296 568.659,71.625 569.425,69.651 C570.167,67.743 570.674,65.562 570.82,62.369 C570.966,59.17 571,58.147 571,50 C571,41.851 570.966,40.831 570.82,37.631\"><\/path><\/g><\/g><\/g><\/svg><\/div><div style=\"padding-top: 8px;\"> <div style=\" color:#3897f0; font-family:Arial,sans-serif; font-size:14px; font-style:normal; font-weight:550; line-height:18px;\">Ver essa foto no Instagram<\/div><\/div><div style=\"padding: 12.5% 0;\"><\/div> <div style=\"display: flex; flex-direction: row; margin-bottom: 14px; align-items: center;\"><div> <div style=\"background-color: #F4F4F4; border-radius: 50%; height: 12.5px; width: 12.5px; transform: translateX(0px) translateY(7px);\"><\/div> <div style=\"background-color: #F4F4F4; height: 12.5px; transform: rotate(-45deg) translateX(3px) translateY(1px); width: 12.5px; flex-grow: 0; margin-right: 14px; margin-left: 2px;\"><\/div> <div style=\"background-color: #F4F4F4; border-radius: 50%; height: 12.5px; width: 12.5px; transform: translateX(9px) translateY(-18px);\"><\/div><\/div><div style=\"margin-left: 8px;\"> <div style=\" background-color: #F4F4F4; border-radius: 50%; flex-grow: 0; height: 20px; width: 20px;\"><\/div> <div style=\" width: 0; height: 0; border-top: 2px solid transparent; border-left: 6px solid #f4f4f4; border-bottom: 2px solid transparent; transform: translateX(16px) translateY(-4px) rotate(30deg)\"><\/div><\/div><div style=\"margin-left: auto;\"> <div style=\" width: 0px; border-top: 8px solid #F4F4F4; border-right: 8px solid transparent; transform: translateY(16px);\"><\/div> <div style=\" background-color: #F4F4F4; flex-grow: 0; height: 12px; width: 16px; transform: translateY(-4px);\"><\/div> <div style=\" width: 0; height: 0; border-top: 8px solid #F4F4F4; border-left: 8px solid transparent; transform: translateY(-4px) translateX(8px);\"><\/div><\/div><\/div> <div style=\"display: flex; flex-direction: column; flex-grow: 1; justify-content: center; margin-bottom: 24px;\"> <div style=\" background-color: #F4F4F4; border-radius: 4px; flex-grow: 0; height: 14px; margin-bottom: 6px; width: 224px;\"><\/div> <div style=\" background-color: #F4F4F4; border-radius: 4px; flex-grow: 0; height: 14px; width: 144px;\"><\/div><\/div><\/a><p style=\" color:#c9c8cd; font-family:Arial,sans-serif; font-size:14px; line-height:17px; margin-bottom:0; margin-top:8px; overflow:hidden; padding:8px 0 7px; text-align:center; text-overflow:ellipsis; white-space:nowrap;\"><a href=\"https:\/\/www.instagram.com\/reel\/DGRMSUdpVgJ\/?utm_source=ig_embed&amp;utm_campaign=loading\" style=\" color:#c9c8cd; font-family:Arial,sans-serif; font-size:14px; font-style:normal; font-weight:normal; line-height:17px; text-decoration:none;\" target=\"_blank\">Uma publica\u00e7\u00e3o compartilhada por Azul Linhas Ae\u0301reas (@azulinhasaereas)<\/a><\/p><\/div><\/blockquote>\n<script async src=\"\/\/www.instagram.com\/embed.js\"><\/script>\n\n\n\n<h2 class=\"wp-block-heading\"><strong>Quais s\u00e3o os motivos por tr\u00e1s dessas mudan\u00e7as?<\/strong><\/h2>\n\n\n\n<p>A Azul Linhas A\u00e9reas justificou as altera\u00e7\u00f5es em suas opera\u00e7\u00f5es com base no aumento dos custos operacionais e na necessidade de ajustar a oferta \u00e0 demanda. A crise global na cadeia de suprimentos, a alta do d\u00f3lar e a disponibilidade de frota tamb\u00e9m foram fatores determinantes para a suspens\u00e3o de atividades em algumas cidades.<\/p>\n\n\n\n<p>A empresa destacou que est\u00e1 seguindo as diretrizes da Ag\u00eancia Nacional de Avia\u00e7\u00e3o Civil (Anac) para garantir que os clientes sejam devidamente informados e assistidos durante este per\u00edodo de transi\u00e7\u00e3o. A Azul continua comprometida em oferecer um servi\u00e7o eficiente e adaptado \u00e0s necessidades do mercado atual.<\/p>\n","protected":false},"excerpt":{"rendered":"<p>A Azul Linhas A\u00e9reas anunciou altera\u00e7\u00f5es nas suas opera\u00e7\u00f5es para mar\u00e7o de 2025, incluindo a suspens\u00e3o de voos em v\u00e1rias cidades brasileiras;<\/p>\n","protected":false},"author":3,"featured_media":4612,"comment_status":"open","ping_status":"open","sticky":false,"template":"","format":"standard","meta":{"_yoast_wpseo_focuskw":"cidades Azul","_yoast_wpseo_title":"%%title%%","_yoast_wpseo_metadesc":"A Azul Linhas A\u00e9reas anunciou altera\u00e7\u00f5es nas suas opera\u00e7\u00f5es para mar\u00e7o de 2025, incluindo a suspens\u00e3o de voos em v\u00e1rias cidades brasileiras;","jnews-multi-image_gallery":[],"jnews_single_post":{"format":"standard"},"jnews_primary_category":[],"jnews_social_meta":[],"jnews_override_counter":[],"footnotes":""},"categories":[108],"post_tag":[925],"class_list":["post-4611","post","type-post","status-publish","format-standard","has-post-thumbnail","hentry","category-cidades","tag-azul"],"yoast_head":"<!-- This site is optimized with the Yoast SEO plugin v24.6 - https:\/\/yoast.com\/wordpress\/plugins\/seo\/ -->\n<title>Essas cidades v\u00e3o deixar de ter voos da Azul, veja lista<\/title>\n<meta name=\"description\" content=\"A Azul Linhas A\u00e9reas anunciou altera\u00e7\u00f5es nas suas opera\u00e7\u00f5es para mar\u00e7o de 2025, incluindo a suspens\u00e3o de voos em v\u00e1rias cidades brasileiras;\" \/>\n<meta name=\"robots\" content=\"index, follow, max-snippet:-1, max-image-preview:large, max-video-preview:-1\" \/>\n<link rel=\"canonical\" href=\"https:\/\/www.correiobraziliense.com.br\/cbradar\/essas-cidades-vao-deixar-de-ter-voos-da-azul-veja-lista\/\" \/>\n<meta property=\"og:locale\" content=\"pt_BR\" \/>\n<meta property=\"og:type\" content=\"article\" \/>\n<meta property=\"og:title\" content=\"Essas cidades v\u00e3o deixar de ter voos da Azul, veja lista\" \/>\n<meta property=\"og:description\" content=\"A Azul Linhas A\u00e9reas anunciou altera\u00e7\u00f5es nas suas opera\u00e7\u00f5es para mar\u00e7o de 2025, incluindo a suspens\u00e3o de voos em v\u00e1rias cidades brasileiras;\" \/>\n<meta property=\"og:url\" content=\"https:\/\/www.correiobraziliense.com.br\/cbradar\/essas-cidades-vao-deixar-de-ter-voos-da-azul-veja-lista\/\" \/>\n<meta property=\"og:site_name\" content=\"Correio Braziliense - Radar\" \/>\n<meta property=\"article:published_time\" content=\"2025-02-22T10:30:00+00:00\" \/>\n<meta property=\"og:image\" content=\"https:\/\/www.correiobraziliense.com.br\/cbradar\/wp-content\/uploads\/2025\/02\/aviao_1740133678969.jpg\" \/>\n\t<meta property=\"og:image:width\" content=\"1280\" \/>\n\t<meta property=\"og:image:height\" content=\"720\" \/>\n\t<meta property=\"og:image:type\" content=\"image\/jpeg\" \/>\n<meta name=\"author\" content=\"Larissa Carvalho\" \/>\n<meta name=\"twitter:card\" content=\"summary_large_image\" \/>\n<meta name=\"twitter:label1\" content=\"Escrito por\" \/>\n\t<meta name=\"twitter:data1\" content=\"Larissa Carvalho\" \/>\n\t<meta name=\"twitter:label2\" content=\"Est. tempo de leitura\" \/>\n\t<meta name=\"twitter:data2\" content=\"3 minutos\" \/>\n<!-- \/ Yoast SEO plugin. -->","yoast_head_json":{"title":"Essas cidades v\u00e3o deixar de ter voos da Azul, veja lista","description":"A Azul Linhas A\u00e9reas anunciou altera\u00e7\u00f5es nas suas opera\u00e7\u00f5es para mar\u00e7o de 2025, incluindo a suspens\u00e3o de voos em v\u00e1rias cidades brasileiras;","robots":{"index":"index","follow":"follow","max-snippet":"max-snippet:-1","max-image-preview":"max-image-preview:large","max-video-preview":"max-video-preview:-1"},"canonical":"https:\/\/www.correiobraziliense.com.br\/cbradar\/essas-cidades-vao-deixar-de-ter-voos-da-azul-veja-lista\/","og_locale":"pt_BR","og_type":"article","og_title":"Essas cidades v\u00e3o deixar de ter voos da Azul, veja lista","og_description":"A Azul Linhas A\u00e9reas anunciou altera\u00e7\u00f5es nas suas opera\u00e7\u00f5es para mar\u00e7o de 2025, incluindo a suspens\u00e3o de voos em v\u00e1rias cidades brasileiras;","og_url":"https:\/\/www.correiobraziliense.com.br\/cbradar\/essas-cidades-vao-deixar-de-ter-voos-da-azul-veja-lista\/","og_site_name":"Correio Braziliense - Radar","article_published_time":"2025-02-22T10:30:00+00:00","og_image":[{"width":1280,"height":720,"url":"https:\/\/www.correiobraziliense.com.br\/cbradar\/wp-content\/uploads\/2025\/02\/aviao_1740133678969.jpg","type":"image\/jpeg"}],"author":"Larissa Carvalho","twitter_card":"summary_large_image","twitter_misc":{"Escrito por":"Larissa Carvalho","Est. tempo de leitura":"3 minutos"},"schema":{"@context":"https:\/\/schema.org","@graph":[{"@type":"WebPage","@id":"https:\/\/www.correiobraziliense.com.br\/cbradar\/essas-cidades-vao-deixar-de-ter-voos-da-azul-veja-lista\/","url":"https:\/\/www.correiobraziliense.com.br\/cbradar\/essas-cidades-vao-deixar-de-ter-voos-da-azul-veja-lista\/","name":"Essas cidades v\u00e3o deixar de ter voos da Azul, veja lista","isPartOf":{"@id":"https:\/\/www.correiobraziliense.com.br\/cbradar\/#website"},"primaryImageOfPage":{"@id":"https:\/\/www.correiobraziliense.com.br\/cbradar\/essas-cidades-vao-deixar-de-ter-voos-da-azul-veja-lista\/#primaryimage"},"image":{"@id":"https:\/\/www.correiobraziliense.com.br\/cbradar\/essas-cidades-vao-deixar-de-ter-voos-da-azul-veja-lista\/#primaryimage"},"thumbnailUrl":"https:\/\/www.correiobraziliense.com.br\/cbradar\/wp-content\/uploads\/2025\/02\/aviao_1740133678969.jpg","datePublished":"2025-02-22T10:30:00+00:00","author":{"@id":"https:\/\/www.correiobraziliense.com.br\/cbradar\/#\/schema\/person\/58422787644df994b53a19d3e56c1513"},"description":"A Azul Linhas A\u00e9reas anunciou altera\u00e7\u00f5es nas suas opera\u00e7\u00f5es para mar\u00e7o de 2025, incluindo a suspens\u00e3o de voos em v\u00e1rias cidades brasileiras;","breadcrumb":{"@id":"https:\/\/www.correiobraziliense.com.br\/cbradar\/essas-cidades-vao-deixar-de-ter-voos-da-azul-veja-lista\/#breadcrumb"},"inLanguage":"pt-BR","potentialAction":[{"@type":"ReadAction","target":["https:\/\/www.correiobraziliense.com.br\/cbradar\/essas-cidades-vao-deixar-de-ter-voos-da-azul-veja-lista\/"]}]},{"@type":"ImageObject","inLanguage":"pt-BR","@id":"https:\/\/www.correiobraziliense.com.br\/cbradar\/essas-cidades-vao-deixar-de-ter-voos-da-azul-veja-lista\/#primaryimage","url":"https:\/\/www.correiobraziliense.com.br\/cbradar\/wp-content\/uploads\/2025\/02\/aviao_1740133678969.jpg","contentUrl":"https:\/\/www.correiobraziliense.com.br\/cbradar\/wp-content\/uploads\/2025\/02\/aviao_1740133678969.jpg","width":1280,"height":720,"caption":"Cidades que v\u00e3o deixar de receber os voos da Azul. Cr\u00e9ditos: depositphotos.com \/ DmitriyAnaniev"},{"@type":"BreadcrumbList","@id":"https:\/\/www.correiobraziliense.com.br\/cbradar\/essas-cidades-vao-deixar-de-ter-voos-da-azul-veja-lista\/#breadcrumb","itemListElement":[{"@type":"ListItem","position":1,"name":"In\u00edcio","item":"https:\/\/www.correiobraziliense.com.br\/cbradar\/"},{"@type":"ListItem","position":2,"name":"Essas cidades v\u00e3o deixar de ter voos da Azul, veja lista"}]},{"@type":"WebSite","@id":"https:\/\/www.correiobraziliense.com.br\/cbradar\/#website","url":"https:\/\/www.correiobraziliense.com.br\/cbradar\/","name":"Correio Braziliense - Radar","description":"Acompanhe as \u00faltimas not\u00edcias e fique bem informado sobre tudo o que acontece no Brasil e no mundo.","potentialAction":[{"@type":"SearchAction","target":{"@type":"EntryPoint","urlTemplate":"https:\/\/www.correiobraziliense.com.br\/cbradar\/?s={search_term_string}"},"query-input":{"@type":"PropertyValueSpecification","valueRequired":true,"valueName":"search_term_string"}}],"inLanguage":"pt-BR"},{"@type":"Person","@id":"https:\/\/www.correiobraziliense.com.br\/cbradar\/#\/schema\/person\/58422787644df994b53a19d3e56c1513","name":"Larissa Carvalho","image":{"@type":"ImageObject","inLanguage":"pt-BR","@id":"https:\/\/www.correiobraziliense.com.br\/cbradar\/#\/schema\/person\/image\/","url":"https:\/\/secure.gravatar.com\/avatar\/fe4f91a0de32b52a838d0d612abdc1aa?s=96&d=mm&r=g","contentUrl":"https:\/\/secure.gravatar.com\/avatar\/fe4f91a0de32b52a838d0d612abdc1aa?s=96&d=mm&r=g","caption":"Larissa Carvalho"},"url":"https:\/\/www.correiobraziliense.com.br\/cbradar\/author\/larissamyth\/"}]}},"_links":{"self":[{"href":"https:\/\/www.correiobraziliense.com.br\/cbradar\/wp-json\/wp\/v2\/posts\/4611","targetHints":{"allow":["GET"]}}],"collection":[{"href":"https:\/\/www.correiobraziliense.com.br\/cbradar\/wp-json\/wp\/v2\/posts"}],"about":[{"href":"https:\/\/www.correiobraziliense.com.br\/cbradar\/wp-json\/wp\/v2\/types\/post"}],"author":[{"embeddable":true,"href":"https:\/\/www.correiobraziliense.com.br\/cbradar\/wp-json\/wp\/v2\/users\/3"}],"replies":[{"embeddable":true,"href":"https:\/\/www.correiobraziliense.com.br\/cbradar\/wp-json\/wp\/v2\/comments?post=4611"}],"version-history":[{"count":1,"href":"https:\/\/www.correiobraziliense.com.br\/cbradar\/wp-json\/wp\/v2\/posts\/4611\/revisions"}],"predecessor-version":[{"id":4614,"href":"https:\/\/www.correiobraziliense.com.br\/cbradar\/wp-json\/wp\/v2\/posts\/4611\/revisions\/4614"}],"wp:featuredmedia":[{"embeddable":true,"href":"https:\/\/www.correiobraziliense.com.br\/cbradar\/wp-json\/wp\/v2\/media\/4612"}],"wp:attachment":[{"href":"https:\/\/www.correiobraziliense.com.br\/cbradar\/wp-json\/wp\/v2\/media?parent=4611"}],"wp:term":[{"taxonomy":"category","embeddable":true,"href":"https:\/\/www.correiobraziliense.com.br\/cbradar\/wp-json\/wp\/v2\/categories?post=4611"},{"taxonomy":"post_tag","embeddable":true,"href":"https:\/\/www.correiobraziliense.com.br\/cbradar\/wp-json\/wp\/v2\/post_tag?post=4611"}],"curies":[{"name":"wp","href":"https:\/\/api.w.org\/{rel}","templated":true}]}}