{"id":4615,"date":"2025-02-22T09:30:00","date_gmt":"2025-02-22T12:30:00","guid":{"rendered":"https:\/\/www.correiobraziliense.com.br\/cbradar\/?p=4615"},"modified":"2025-02-21T08:14:15","modified_gmt":"2025-02-21T11:14:15","slug":"cafeteria-em-sao-paulo-e-a-unica-brasileira-na-lista-de-melhores-do-mundo","status":"publish","type":"post","link":"https:\/\/www.correiobraziliense.com.br\/cbradar\/cafeteria-em-sao-paulo-e-a-unica-brasileira-na-lista-de-melhores-do-mundo\/","title":{"rendered":"Cafeteria em S\u00e3o Paulo \u00e9 a \u00fanica brasileira na lista de melhores do mundo"},"content":{"rendered":"\n<p>A <strong>Cupping Caf\u00e9,<\/strong> localizada na<strong> Vila Madalena<\/strong>, em <strong>S\u00e3o Paulo<\/strong>, conquistou um lugar de destaque no cen\u00e1rio mundial ao ser a \u00fanica representante brasileira na lista das 100 melhores cafeterias do mundo. Este reconhecimento veio atrav\u00e9s da primeira edi\u00e7\u00e3o do <strong><a href=\"https:\/\/theworlds100bestcoffeeshops.com\/\" target=\"_blank\" rel=\"noreferrer noopener\">The World\u2019s 100 Best Coffee Shops<\/a><\/strong>, uma premia\u00e7\u00e3o que celebra as melhores cafeterias focadas em caf\u00e9s especiais. A cerim\u00f4nia de premia\u00e7\u00e3o ocorreu em Madrid, na Espanha, e a Cupping Caf\u00e9 ficou na 92\u00aa posi\u00e7\u00e3o, superando estabelecimentos de pa\u00edses como Alemanha, Argentina e Estados Unidos.<\/p>\n\n\n\n<p>Desde sua inaugura\u00e7\u00e3o em 2017, a Cupping Caf\u00e9 tem se dedicado a oferecer caf\u00e9s de alta qualidade, com um forte foco nos produtores de caf\u00e9 especial do Brasil. A cafeteria se destaca n\u00e3o apenas pela qualidade de seus produtos, mas tamb\u00e9m pela experi\u00eancia proporcionada aos clientes, que valorizam o sabor e a autenticidade dos caf\u00e9s servidos.<\/p>\n\n\n\n<blockquote class=\"instagram-media\" data-instgrm-captioned data-instgrm-permalink=\"https:\/\/www.instagram.com\/p\/DGTo0odyViQ\/?utm_source=ig_embed&amp;utm_campaign=loading\" data-instgrm-version=\"14\" style=\" background:#FFF; border:0; border-radius:3px; box-shadow:0 0 1px 0 rgba(0,0,0,0.5),0 1px 10px 0 rgba(0,0,0,0.15); margin: 1px; max-width:540px; min-width:326px; padding:0; width:99.375%; width:-webkit-calc(100% - 2px); width:calc(100% - 2px);\"><div style=\"padding:16px;\"> <a href=\"https:\/\/www.instagram.com\/p\/DGTo0odyViQ\/?utm_source=ig_embed&amp;utm_campaign=loading\" style=\" background:#FFFFFF; line-height:0; padding:0 0; text-align:center; text-decoration:none; width:100%;\" target=\"_blank\"> <div style=\" display: flex; flex-direction: row; align-items: center;\"> <div style=\"background-color: #F4F4F4; border-radius: 50%; flex-grow: 0; height: 40px; margin-right: 14px; width: 40px;\"><\/div> <div style=\"display: flex; flex-direction: column; flex-grow: 1; justify-content: center;\"> <div style=\" background-color: #F4F4F4; border-radius: 4px; flex-grow: 0; height: 14px; margin-bottom: 6px; width: 100px;\"><\/div> <div style=\" background-color: #F4F4F4; border-radius: 4px; flex-grow: 0; height: 14px; width: 60px;\"><\/div><\/div><\/div><div style=\"padding: 19% 0;\"><\/div> <div style=\"display:block; height:50px; margin:0 auto 12px; width:50px;\"><svg width=\"50px\" height=\"50px\" viewBox=\"0 0 60 60\" version=\"1.1\" xmlns=\"https:\/\/www.w3.org\/2000\/svg\" xmlns:xlink=\"https:\/\/www.w3.org\/1999\/xlink\"><g stroke=\"none\" stroke-width=\"1\" fill=\"none\" fill-rule=\"evenodd\"><g transform=\"translate(-511.000000, -20.000000)\" fill=\"#000000\"><g><path d=\"M556.869,30.41 C554.814,30.41 553.148,32.076 553.148,34.131 C553.148,36.186 554.814,37.852 556.869,37.852 C558.924,37.852 560.59,36.186 560.59,34.131 C560.59,32.076 558.924,30.41 556.869,30.41 M541,60.657 C535.114,60.657 530.342,55.887 530.342,50 C530.342,44.114 535.114,39.342 541,39.342 C546.887,39.342 551.658,44.114 551.658,50 C551.658,55.887 546.887,60.657 541,60.657 M541,33.886 C532.1,33.886 524.886,41.1 524.886,50 C524.886,58.899 532.1,66.113 541,66.113 C549.9,66.113 557.115,58.899 557.115,50 C557.115,41.1 549.9,33.886 541,33.886 M565.378,62.101 C565.244,65.022 564.756,66.606 564.346,67.663 C563.803,69.06 563.154,70.057 562.106,71.106 C561.058,72.155 560.06,72.803 558.662,73.347 C557.607,73.757 556.021,74.244 553.102,74.378 C549.944,74.521 548.997,74.552 541,74.552 C533.003,74.552 532.056,74.521 528.898,74.378 C525.979,74.244 524.393,73.757 523.338,73.347 C521.94,72.803 520.942,72.155 519.894,71.106 C518.846,70.057 518.197,69.06 517.654,67.663 C517.244,66.606 516.755,65.022 516.623,62.101 C516.479,58.943 516.448,57.996 516.448,50 C516.448,42.003 516.479,41.056 516.623,37.899 C516.755,34.978 517.244,33.391 517.654,32.338 C518.197,30.938 518.846,29.942 519.894,28.894 C520.942,27.846 521.94,27.196 523.338,26.654 C524.393,26.244 525.979,25.756 528.898,25.623 C532.057,25.479 533.004,25.448 541,25.448 C548.997,25.448 549.943,25.479 553.102,25.623 C556.021,25.756 557.607,26.244 558.662,26.654 C560.06,27.196 561.058,27.846 562.106,28.894 C563.154,29.942 563.803,30.938 564.346,32.338 C564.756,33.391 565.244,34.978 565.378,37.899 C565.522,41.056 565.552,42.003 565.552,50 C565.552,57.996 565.522,58.943 565.378,62.101 M570.82,37.631 C570.674,34.438 570.167,32.258 569.425,30.349 C568.659,28.377 567.633,26.702 565.965,25.035 C564.297,23.368 562.623,22.342 560.652,21.575 C558.743,20.834 556.562,20.326 553.369,20.18 C550.169,20.033 549.148,20 541,20 C532.853,20 531.831,20.033 528.631,20.18 C525.438,20.326 523.257,20.834 521.349,21.575 C519.376,22.342 517.703,23.368 516.035,25.035 C514.368,26.702 513.342,28.377 512.574,30.349 C511.834,32.258 511.326,34.438 511.181,37.631 C511.035,40.831 511,41.851 511,50 C511,58.147 511.035,59.17 511.181,62.369 C511.326,65.562 511.834,67.743 512.574,69.651 C513.342,71.625 514.368,73.296 516.035,74.965 C517.703,76.634 519.376,77.658 521.349,78.425 C523.257,79.167 525.438,79.673 528.631,79.82 C531.831,79.965 532.853,80.001 541,80.001 C549.148,80.001 550.169,79.965 553.369,79.82 C556.562,79.673 558.743,79.167 560.652,78.425 C562.623,77.658 564.297,76.634 565.965,74.965 C567.633,73.296 568.659,71.625 569.425,69.651 C570.167,67.743 570.674,65.562 570.82,62.369 C570.966,59.17 571,58.147 571,50 C571,41.851 570.966,40.831 570.82,37.631\"><\/path><\/g><\/g><\/g><\/svg><\/div><div style=\"padding-top: 8px;\"> <div style=\" color:#3897f0; font-family:Arial,sans-serif; font-size:14px; font-style:normal; font-weight:550; line-height:18px;\">Ver essa foto no Instagram<\/div><\/div><div style=\"padding: 12.5% 0;\"><\/div> <div style=\"display: flex; flex-direction: row; margin-bottom: 14px; align-items: center;\"><div> <div style=\"background-color: #F4F4F4; border-radius: 50%; height: 12.5px; width: 12.5px; transform: translateX(0px) translateY(7px);\"><\/div> <div style=\"background-color: #F4F4F4; height: 12.5px; transform: rotate(-45deg) translateX(3px) translateY(1px); width: 12.5px; flex-grow: 0; margin-right: 14px; margin-left: 2px;\"><\/div> <div style=\"background-color: #F4F4F4; border-radius: 50%; height: 12.5px; width: 12.5px; transform: translateX(9px) translateY(-18px);\"><\/div><\/div><div style=\"margin-left: 8px;\"> <div style=\" background-color: #F4F4F4; border-radius: 50%; flex-grow: 0; height: 20px; width: 20px;\"><\/div> <div style=\" width: 0; height: 0; border-top: 2px solid transparent; border-left: 6px solid #f4f4f4; border-bottom: 2px solid transparent; transform: translateX(16px) translateY(-4px) rotate(30deg)\"><\/div><\/div><div style=\"margin-left: auto;\"> <div style=\" width: 0px; border-top: 8px solid #F4F4F4; border-right: 8px solid transparent; transform: translateY(16px);\"><\/div> <div style=\" background-color: #F4F4F4; flex-grow: 0; height: 12px; width: 16px; transform: translateY(-4px);\"><\/div> <div style=\" width: 0; height: 0; border-top: 8px solid #F4F4F4; border-left: 8px solid transparent; transform: translateY(-4px) translateX(8px);\"><\/div><\/div><\/div> <div style=\"display: flex; flex-direction: column; flex-grow: 1; justify-content: center; margin-bottom: 24px;\"> <div style=\" background-color: #F4F4F4; border-radius: 4px; flex-grow: 0; height: 14px; margin-bottom: 6px; width: 224px;\"><\/div> <div style=\" background-color: #F4F4F4; border-radius: 4px; flex-grow: 0; height: 14px; width: 144px;\"><\/div><\/div><\/a><p style=\" color:#c9c8cd; font-family:Arial,sans-serif; font-size:14px; line-height:17px; margin-bottom:0; margin-top:8px; overflow:hidden; padding:8px 0 7px; text-align:center; text-overflow:ellipsis; white-space:nowrap;\"><a href=\"https:\/\/www.instagram.com\/p\/DGTo0odyViQ\/?utm_source=ig_embed&amp;utm_campaign=loading\" style=\" color:#c9c8cd; font-family:Arial,sans-serif; font-size:14px; font-style:normal; font-weight:normal; line-height:17px; text-decoration:none;\" target=\"_blank\">Uma publica\u00e7\u00e3o compartilhada por Leit\u00edssimo (@leitissimo)<\/a><\/p><\/div><\/blockquote>\n<script async src=\"\/\/www.instagram.com\/embed.js\"><\/script>\n\n\n\n<h2 class=\"wp-block-heading\"><strong>Qual \u00e9 o diferencial da Cupping Caf\u00e9?<\/strong><\/h2>\n\n\n\n<p>O diferencial da Cupping Caf\u00e9 est\u00e1 em sua abordagem \u00fanica em rela\u00e7\u00e3o ao caf\u00e9. A cafeteria realiza sua pr\u00f3pria torrefa\u00e7\u00e3o desde 2020, o que permite um controle rigoroso sobre a qualidade do produto final. Al\u00e9m disso, a Cupping Caf\u00e9 opta por trabalhar com caf\u00e9s de origem \u00fanica, evitando blends, para destacar o&nbsp;<strong>DNA de cada caf\u00e9<\/strong>. Isso resulta em perfis sensoriais distintos, que s\u00e3o apreciados por um p\u00fablico exigente.<\/p>\n\n\n\n<p>Os clientes t\u00eam a oportunidade de adquirir caf\u00e9s como Catua\u00ed, Catua\u00ed Vermelho, Catuca\u00ed e Gesha, dispon\u00edveis em sacos de 250 gramas no site oficial da cafeteria. Essa variedade \u00e9 resultado de uma busca constante por diferentes processamentos e terroirs, enriquecendo a experi\u00eancia sensorial dos consumidores.<\/p>\n\n\n\n<figure class=\"wp-block-image size-large\"><img decoding=\"async\" width=\"1024\" height=\"576\" src=\"https:\/\/www.correiobraziliense.com.br\/cbradar\/wp-content\/uploads\/2025\/02\/cafeteria_1740134058743-1024x576.jpg\" alt=\"Cafeteria em S\u00e3o Paulo \u00e9 a \u00fanica brasileira na lista de melhores do mundo\" class=\"wp-image-4617\" srcset=\"https:\/\/www.correiobraziliense.com.br\/cbradar\/wp-content\/uploads\/2025\/02\/cafeteria_1740134058743-1024x576.jpg 1024w, https:\/\/www.correiobraziliense.com.br\/cbradar\/wp-content\/uploads\/2025\/02\/cafeteria_1740134058743-300x169.jpg 300w, https:\/\/www.correiobraziliense.com.br\/cbradar\/wp-content\/uploads\/2025\/02\/cafeteria_1740134058743-768x432.jpg 768w, https:\/\/www.correiobraziliense.com.br\/cbradar\/wp-content\/uploads\/2025\/02\/cafeteria_1740134058743-750x422.jpg 750w, https:\/\/www.correiobraziliense.com.br\/cbradar\/wp-content\/uploads\/2025\/02\/cafeteria_1740134058743-1140x641.jpg 1140w, https:\/\/www.correiobraziliense.com.br\/cbradar\/wp-content\/uploads\/2025\/02\/cafeteria_1740134058743.jpg 1280w\" sizes=\"(max-width: 1024px) 100vw, 1024px\" \/><figcaption class=\"wp-element-caption\">Cafeteria. Cr\u00e9ditos: depositphotos.com \/ fxquadro<\/figcaption><\/figure>\n\n\n\n<h2 class=\"wp-block-heading\"><strong>Como foi o processo de sele\u00e7\u00e3o das melhores cafeterias?<\/strong><\/h2>\n\n\n\n<p>O processo de sele\u00e7\u00e3o para o ranking das 100 melhores cafeterias do mundo foi minucioso. Mais de quatro mil cafeterias foram avaliadas com base em crit\u00e9rios como qualidade do caf\u00e9, experi\u00eancia do barista, atendimento ao cliente, inova\u00e7\u00e3o, ambiente, pr\u00e1ticas de sustentabilidade e qualidade dos alimentos. A vota\u00e7\u00e3o combinou avalia\u00e7\u00f5es de um j\u00fari especializado com a opini\u00e3o p\u00fablica, resultando em um sistema de vota\u00e7\u00e3o que incluiu 70% de votos profissionais e 30% de votos populares.<\/p>\n\n\n\n<p>Mais de 200 especialistas em caf\u00e9, credenciados pela Specialty Coffee Association (SCA) e pelo Coffee Quality Institute (CQI), participaram da avalia\u00e7\u00e3o ao longo de um ano. A vota\u00e7\u00e3o popular, realizada pela internet, reuniu mais de 65 mil votos em um per\u00edodo de 15 dias, refletindo a opini\u00e3o de consumidores ao redor do mundo.<\/p>\n\n\n\n<h2 class=\"wp-block-heading\"><strong>O cen\u00e1rio global das cafeterias de caf\u00e9s especiais<\/strong><\/h2>\n\n\n\n<p>O cen\u00e1rio global das cafeterias de caf\u00e9s especiais \u00e9 dominado por pa\u00edses como os Estados Unidos e a Austr\u00e1lia, que possuem o maior n\u00famero de representantes na lista das 100 melhores. A Toby\u2019s Estate Coffee Roasters, da Austr\u00e1lia, lidera o ranking, destacando-se pela dedica\u00e7\u00e3o \u00e0 qualidade e inova\u00e7\u00e3o no setor de caf\u00e9s especiais.<\/p>\n\n\n\n<p>Al\u00e9m do Brasil, outras 16 cafeterias da Am\u00e9rica do Sul est\u00e3o na lista, distribu\u00eddas por pa\u00edses como Col\u00f4mbia, Venezuela, Argentina, Chile e Bol\u00edvia. Este reconhecimento reflete o crescente interesse e valoriza\u00e7\u00e3o dos caf\u00e9s especiais na regi\u00e3o, impulsionando o desenvolvimento de novas t\u00e9cnicas e pr\u00e1ticas sustent\u00e1veis na produ\u00e7\u00e3o de caf\u00e9.<\/p>\n\n\n\n<h2 class=\"wp-block-heading\"><strong>O impacto do reconhecimento para a Cupping Caf\u00e9<\/strong><\/h2>\n\n\n\n<p>O reconhecimento internacional trazido pela inclus\u00e3o na lista das 100 melhores cafeterias do mundo representa uma oportunidade valiosa para a Cupping Caf\u00e9. Este pr\u00eamio n\u00e3o apenas destaca a qualidade dos produtos oferecidos, mas tamb\u00e9m serve como uma plataforma de divulga\u00e7\u00e3o global, atraindo novos clientes e parceiros comerciais.<\/p>\n\n\n\n<p>Para o futuro, a Cupping Caf\u00e9 planeja expandir seu foco no e-commerce e no marketplace, ampliando o alcance de seus caf\u00e9s especiais. A busca cont\u00ednua por inova\u00e7\u00e3o e excel\u00eancia na torrefa\u00e7\u00e3o e na sele\u00e7\u00e3o de gr\u00e3os promete manter a Cupping Caf\u00e9 como uma refer\u00eancia no setor de caf\u00e9s especiais, tanto no Brasil quanto no exterior.<\/p>\n","protected":false},"excerpt":{"rendered":"<p>A \u00fanica brasileira na lista das melhores cafeterias do mundo! Conhe\u00e7a a hist\u00f3ria do seu sucesso e seu diferencial em rela\u00e7\u00e3o a caf\u00e9s especiais.<\/p>\n","protected":false},"author":3,"featured_media":4616,"comment_status":"open","ping_status":"open","sticky":false,"template":"","format":"standard","meta":{"_yoast_wpseo_focuskw":"cafeteria S\u00e3o Paulo","_yoast_wpseo_title":"%%title%%","_yoast_wpseo_metadesc":"A \u00fanica brasileira na lista das melhores cafeterias do mundo! Conhe\u00e7a a hist\u00f3ria do seu sucesso e seu diferencial em rela\u00e7\u00e3o a caf\u00e9s especiais.","jnews-multi-image_gallery":[],"jnews_single_post":{"format":"standard"},"jnews_primary_category":[],"jnews_social_meta":[],"jnews_override_counter":[],"footnotes":""},"categories":[108],"post_tag":[926,278],"class_list":["post-4615","post","type-post","status-publish","format-standard","has-post-thumbnail","hentry","category-cidades","tag-cafeteria","tag-sao-paulo"],"yoast_head":"<!-- This site is optimized with the Yoast SEO plugin v24.6 - https:\/\/yoast.com\/wordpress\/plugins\/seo\/ -->\n<title>Cafeteria em S\u00e3o Paulo \u00e9 a \u00fanica brasileira na lista de melhores do mundo<\/title>\n<meta name=\"description\" content=\"A \u00fanica brasileira na lista das melhores cafeterias do mundo! Conhe\u00e7a a hist\u00f3ria do seu sucesso e seu diferencial em rela\u00e7\u00e3o a caf\u00e9s especiais.\" \/>\n<meta name=\"robots\" content=\"index, follow, max-snippet:-1, max-image-preview:large, max-video-preview:-1\" \/>\n<link rel=\"canonical\" href=\"https:\/\/www.correiobraziliense.com.br\/cbradar\/cafeteria-em-sao-paulo-e-a-unica-brasileira-na-lista-de-melhores-do-mundo\/\" \/>\n<meta property=\"og:locale\" content=\"pt_BR\" \/>\n<meta property=\"og:type\" content=\"article\" \/>\n<meta property=\"og:title\" content=\"Cafeteria em S\u00e3o Paulo \u00e9 a \u00fanica brasileira na lista de melhores do mundo\" \/>\n<meta property=\"og:description\" content=\"A \u00fanica brasileira na lista das melhores cafeterias do mundo! Conhe\u00e7a a hist\u00f3ria do seu sucesso e seu diferencial em rela\u00e7\u00e3o a caf\u00e9s especiais.\" \/>\n<meta property=\"og:url\" content=\"https:\/\/www.correiobraziliense.com.br\/cbradar\/cafeteria-em-sao-paulo-e-a-unica-brasileira-na-lista-de-melhores-do-mundo\/\" \/>\n<meta property=\"og:site_name\" content=\"Correio Braziliense - Radar\" \/>\n<meta property=\"article:published_time\" content=\"2025-02-22T12:30:00+00:00\" \/>\n<meta property=\"og:image\" content=\"https:\/\/www.correiobraziliense.com.br\/cbradar\/wp-content\/uploads\/2025\/02\/cafeteria_1740134023062.jpg\" \/>\n\t<meta property=\"og:image:width\" content=\"1280\" \/>\n\t<meta property=\"og:image:height\" content=\"720\" \/>\n\t<meta property=\"og:image:type\" content=\"image\/jpeg\" \/>\n<meta name=\"author\" content=\"Larissa Carvalho\" \/>\n<meta name=\"twitter:card\" content=\"summary_large_image\" \/>\n<meta name=\"twitter:label1\" content=\"Escrito por\" \/>\n\t<meta name=\"twitter:data1\" content=\"Larissa Carvalho\" \/>\n\t<meta name=\"twitter:label2\" content=\"Est. tempo de leitura\" \/>\n\t<meta name=\"twitter:data2\" content=\"4 minutos\" \/>\n<!-- \/ Yoast SEO plugin. -->","yoast_head_json":{"title":"Cafeteria em S\u00e3o Paulo \u00e9 a \u00fanica brasileira na lista de melhores do mundo","description":"A \u00fanica brasileira na lista das melhores cafeterias do mundo! Conhe\u00e7a a hist\u00f3ria do seu sucesso e seu diferencial em rela\u00e7\u00e3o a caf\u00e9s especiais.","robots":{"index":"index","follow":"follow","max-snippet":"max-snippet:-1","max-image-preview":"max-image-preview:large","max-video-preview":"max-video-preview:-1"},"canonical":"https:\/\/www.correiobraziliense.com.br\/cbradar\/cafeteria-em-sao-paulo-e-a-unica-brasileira-na-lista-de-melhores-do-mundo\/","og_locale":"pt_BR","og_type":"article","og_title":"Cafeteria em S\u00e3o Paulo \u00e9 a \u00fanica brasileira na lista de melhores do mundo","og_description":"A \u00fanica brasileira na lista das melhores cafeterias do mundo! Conhe\u00e7a a hist\u00f3ria do seu sucesso e seu diferencial em rela\u00e7\u00e3o a caf\u00e9s especiais.","og_url":"https:\/\/www.correiobraziliense.com.br\/cbradar\/cafeteria-em-sao-paulo-e-a-unica-brasileira-na-lista-de-melhores-do-mundo\/","og_site_name":"Correio Braziliense - Radar","article_published_time":"2025-02-22T12:30:00+00:00","og_image":[{"width":1280,"height":720,"url":"https:\/\/www.correiobraziliense.com.br\/cbradar\/wp-content\/uploads\/2025\/02\/cafeteria_1740134023062.jpg","type":"image\/jpeg"}],"author":"Larissa Carvalho","twitter_card":"summary_large_image","twitter_misc":{"Escrito por":"Larissa Carvalho","Est. tempo de leitura":"4 minutos"},"schema":{"@context":"https:\/\/schema.org","@graph":[{"@type":"WebPage","@id":"https:\/\/www.correiobraziliense.com.br\/cbradar\/cafeteria-em-sao-paulo-e-a-unica-brasileira-na-lista-de-melhores-do-mundo\/","url":"https:\/\/www.correiobraziliense.com.br\/cbradar\/cafeteria-em-sao-paulo-e-a-unica-brasileira-na-lista-de-melhores-do-mundo\/","name":"Cafeteria em S\u00e3o Paulo \u00e9 a \u00fanica brasileira na lista de melhores do mundo","isPartOf":{"@id":"https:\/\/www.correiobraziliense.com.br\/cbradar\/#website"},"primaryImageOfPage":{"@id":"https:\/\/www.correiobraziliense.com.br\/cbradar\/cafeteria-em-sao-paulo-e-a-unica-brasileira-na-lista-de-melhores-do-mundo\/#primaryimage"},"image":{"@id":"https:\/\/www.correiobraziliense.com.br\/cbradar\/cafeteria-em-sao-paulo-e-a-unica-brasileira-na-lista-de-melhores-do-mundo\/#primaryimage"},"thumbnailUrl":"https:\/\/www.correiobraziliense.com.br\/cbradar\/wp-content\/uploads\/2025\/02\/cafeteria_1740134023062.jpg","datePublished":"2025-02-22T12:30:00+00:00","author":{"@id":"https:\/\/www.correiobraziliense.com.br\/cbradar\/#\/schema\/person\/58422787644df994b53a19d3e56c1513"},"description":"A \u00fanica brasileira na lista das melhores cafeterias do mundo! Conhe\u00e7a a hist\u00f3ria do seu sucesso e seu diferencial em rela\u00e7\u00e3o a caf\u00e9s especiais.","breadcrumb":{"@id":"https:\/\/www.correiobraziliense.com.br\/cbradar\/cafeteria-em-sao-paulo-e-a-unica-brasileira-na-lista-de-melhores-do-mundo\/#breadcrumb"},"inLanguage":"pt-BR","potentialAction":[{"@type":"ReadAction","target":["https:\/\/www.correiobraziliense.com.br\/cbradar\/cafeteria-em-sao-paulo-e-a-unica-brasileira-na-lista-de-melhores-do-mundo\/"]}]},{"@type":"ImageObject","inLanguage":"pt-BR","@id":"https:\/\/www.correiobraziliense.com.br\/cbradar\/cafeteria-em-sao-paulo-e-a-unica-brasileira-na-lista-de-melhores-do-mundo\/#primaryimage","url":"https:\/\/www.correiobraziliense.com.br\/cbradar\/wp-content\/uploads\/2025\/02\/cafeteria_1740134023062.jpg","contentUrl":"https:\/\/www.correiobraziliense.com.br\/cbradar\/wp-content\/uploads\/2025\/02\/cafeteria_1740134023062.jpg","width":1280,"height":720,"caption":"Cafeteria paulista entre as melhores do mundo. Cr\u00e9ditos: depositphotos.com \/ HayDmitriy"},{"@type":"BreadcrumbList","@id":"https:\/\/www.correiobraziliense.com.br\/cbradar\/cafeteria-em-sao-paulo-e-a-unica-brasileira-na-lista-de-melhores-do-mundo\/#breadcrumb","itemListElement":[{"@type":"ListItem","position":1,"name":"In\u00edcio","item":"https:\/\/www.correiobraziliense.com.br\/cbradar\/"},{"@type":"ListItem","position":2,"name":"Cafeteria em S\u00e3o Paulo \u00e9 a \u00fanica brasileira na lista de melhores do mundo"}]},{"@type":"WebSite","@id":"https:\/\/www.correiobraziliense.com.br\/cbradar\/#website","url":"https:\/\/www.correiobraziliense.com.br\/cbradar\/","name":"Correio Braziliense - Radar","description":"Acompanhe as \u00faltimas not\u00edcias e fique bem informado sobre tudo o que acontece no Brasil e no mundo.","potentialAction":[{"@type":"SearchAction","target":{"@type":"EntryPoint","urlTemplate":"https:\/\/www.correiobraziliense.com.br\/cbradar\/?s={search_term_string}"},"query-input":{"@type":"PropertyValueSpecification","valueRequired":true,"valueName":"search_term_string"}}],"inLanguage":"pt-BR"},{"@type":"Person","@id":"https:\/\/www.correiobraziliense.com.br\/cbradar\/#\/schema\/person\/58422787644df994b53a19d3e56c1513","name":"Larissa Carvalho","image":{"@type":"ImageObject","inLanguage":"pt-BR","@id":"https:\/\/www.correiobraziliense.com.br\/cbradar\/#\/schema\/person\/image\/","url":"https:\/\/secure.gravatar.com\/avatar\/fe4f91a0de32b52a838d0d612abdc1aa?s=96&d=mm&r=g","contentUrl":"https:\/\/secure.gravatar.com\/avatar\/fe4f91a0de32b52a838d0d612abdc1aa?s=96&d=mm&r=g","caption":"Larissa Carvalho"},"url":"https:\/\/www.correiobraziliense.com.br\/cbradar\/author\/larissamyth\/"}]}},"_links":{"self":[{"href":"https:\/\/www.correiobraziliense.com.br\/cbradar\/wp-json\/wp\/v2\/posts\/4615","targetHints":{"allow":["GET"]}}],"collection":[{"href":"https:\/\/www.correiobraziliense.com.br\/cbradar\/wp-json\/wp\/v2\/posts"}],"about":[{"href":"https:\/\/www.correiobraziliense.com.br\/cbradar\/wp-json\/wp\/v2\/types\/post"}],"author":[{"embeddable":true,"href":"https:\/\/www.correiobraziliense.com.br\/cbradar\/wp-json\/wp\/v2\/users\/3"}],"replies":[{"embeddable":true,"href":"https:\/\/www.correiobraziliense.com.br\/cbradar\/wp-json\/wp\/v2\/comments?post=4615"}],"version-history":[{"count":1,"href":"https:\/\/www.correiobraziliense.com.br\/cbradar\/wp-json\/wp\/v2\/posts\/4615\/revisions"}],"predecessor-version":[{"id":4618,"href":"https:\/\/www.correiobraziliense.com.br\/cbradar\/wp-json\/wp\/v2\/posts\/4615\/revisions\/4618"}],"wp:featuredmedia":[{"embeddable":true,"href":"https:\/\/www.correiobraziliense.com.br\/cbradar\/wp-json\/wp\/v2\/media\/4616"}],"wp:attachment":[{"href":"https:\/\/www.correiobraziliense.com.br\/cbradar\/wp-json\/wp\/v2\/media?parent=4615"}],"wp:term":[{"taxonomy":"category","embeddable":true,"href":"https:\/\/www.correiobraziliense.com.br\/cbradar\/wp-json\/wp\/v2\/categories?post=4615"},{"taxonomy":"post_tag","embeddable":true,"href":"https:\/\/www.correiobraziliense.com.br\/cbradar\/wp-json\/wp\/v2\/post_tag?post=4615"}],"curies":[{"name":"wp","href":"https:\/\/api.w.org\/{rel}","templated":true}]}}