{"id":46150,"date":"2025-06-02T08:23:00","date_gmt":"2025-06-02T11:23:00","guid":{"rendered":"https:\/\/www.correiobraziliense.com.br\/cbradar\/?p=46150"},"modified":"2025-06-02T02:21:40","modified_gmt":"2025-06-02T05:21:40","slug":"viver-bem-e-possivel-em-uma-das-melhores-cidades-do-brasil","status":"publish","type":"post","link":"https:\/\/www.correiobraziliense.com.br\/cbradar\/viver-bem-e-possivel-em-uma-das-melhores-cidades-do-brasil\/","title":{"rendered":"Viver bem \u00e9 poss\u00edvel em uma das melhores cidades do Brasil"},"content":{"rendered":"\n<p><strong><a href=\"https:\/\/www.curitiba.pr.gov.br\/\" target=\"_blank\" rel=\"noreferrer noopener\">Curitiba<\/a><\/strong>, capital do <strong>Paran\u00e1<\/strong>, \u00e9 frequentemente citada como uma das cidades com melhor qualidade de vida no <strong><a href=\"https:\/\/www.correiobraziliense.com.br\/cbradar\/a-fruta-mais-esquecido-do-brasil-te-ajuda-a-dormir-melhor\/\" target=\"_blank\" rel=\"noreferrer noopener\">Brasil<\/a><\/strong>. Com um planejamento urbano exemplar, \u00e1reas verdes bem distribu\u00eddas e forte investimento em educa\u00e7\u00e3o, a cidade se destaca como refer\u00eancia em sustentabilidade, mobilidade e infraestrutura. Conhecida por sua arquitetura moderna e clima ameno, <strong>Curitiba<\/strong> atrai tanto turistas quanto novos moradores em busca de bem-estar, seguran\u00e7a e oportunidades.<\/p>\n\n\n\n<h2 class=\"wp-block-heading\">Como \u00e9 a qualidade de vida em Curitiba?<\/h2>\n\n\n\n<p>A qualidade de vida em <strong>Curitiba<\/strong> \u00e9 resultado direto de d\u00e9cadas de planejamento e investimento p\u00fablico eficiente. A cidade apresenta bons \u00edndices de seguran\u00e7a, especialmente em bairros residenciais e \u00e1reas centrais. A rede de sa\u00fade \u00e9 robusta, com destaque para o <strong>Hospital de Cl\u00ednicas da UFPR<\/strong>, refer\u00eancia em atendimento hospitalar e forma\u00e7\u00e3o m\u00e9dica, al\u00e9m de diversas Unidades de Sa\u00fade espalhadas pela cidade.<\/p>\n\n\n\n<p>O transporte p\u00fablico \u00e9 outro ponto forte: o sistema de \u00f4nibus com faixas exclusivas, os \u201cbiarticulados\u201d e os terminais integrados s\u00e3o modelo para outras cidades brasileiras. A infraestrutura urbana \u00e9 moderna, com ruas bem sinalizadas, cal\u00e7adas acess\u00edveis e ciclovias em expans\u00e3o. Al\u00e9m disso, <strong>Curitiba<\/strong> \u00e9 uma cidade limpa, organizada e com excelente oferta de parques e pra\u00e7as.<\/p>\n\n\n<div class=\"wp-block-image\">\n<figure class=\"aligncenter size-large\"><img decoding=\"async\" width=\"1024\" height=\"576\" src=\"https:\/\/www.correiobraziliense.com.br\/cbradar\/wp-content\/uploads\/2025\/04\/curitiba_1744549014194-1024x576.jpg\" alt=\"Viver bem \u00e9 poss\u00edvel em uma das melhores cidades do Brasil\" class=\"wp-image-22942\" srcset=\"https:\/\/www.correiobraziliense.com.br\/cbradar\/wp-content\/uploads\/2025\/04\/curitiba_1744549014194-1024x576.jpg 1024w, https:\/\/www.correiobraziliense.com.br\/cbradar\/wp-content\/uploads\/2025\/04\/curitiba_1744549014194-300x169.jpg 300w, https:\/\/www.correiobraziliense.com.br\/cbradar\/wp-content\/uploads\/2025\/04\/curitiba_1744549014194-768x432.jpg 768w, https:\/\/www.correiobraziliense.com.br\/cbradar\/wp-content\/uploads\/2025\/04\/curitiba_1744549014194-750x422.jpg 750w, https:\/\/www.correiobraziliense.com.br\/cbradar\/wp-content\/uploads\/2025\/04\/curitiba_1744549014194-1140x641.jpg 1140w, https:\/\/www.correiobraziliense.com.br\/cbradar\/wp-content\/uploads\/2025\/04\/curitiba_1744549014194.jpg 1280w\" sizes=\"(max-width: 1024px) 100vw, 1024px\" \/><figcaption class=\"wp-element-caption\"> Curitiba \/\/ Cr\u00e9ditos: depositphotos.com \/ sergio_pulp<\/figcaption><\/figure><\/div>\n\n\n<h2 class=\"wp-block-heading\">Curitiba \u00e9 uma cidade sustent\u00e1vel?<\/h2>\n\n\n\n<p>Sim, <strong>Curitiba<\/strong> \u00e9 refer\u00eancia nacional e internacional em sustentabilidade urbana. A cidade investe continuamente em \u00e1reas verdes e em pol\u00edticas p\u00fablicas ambientais. Conta com mais de 30 parques e bosques, como o <strong>Jardim Bot\u00e2nico<\/strong>, o <strong>Parque Barigui<\/strong> e o <strong>Bosque Alem\u00e3o<\/strong>, que s\u00e3o tanto espa\u00e7os de lazer quanto de conserva\u00e7\u00e3o ambiental.<\/p>\n\n\n\n<p>Al\u00e9m disso, o programa de coleta seletiva da cidade \u00e9 um dos mais antigos e eficientes do pa\u00eds, com ampla participa\u00e7\u00e3o da popula\u00e7\u00e3o. Projetos de mobilidade sustent\u00e1vel, como incentivo ao uso de bicicletas, e campanhas permanentes de educa\u00e7\u00e3o ambiental tornam <strong>Curitiba<\/strong> um exemplo de cidade verde e resiliente.<\/p>\n\n\n\n<h2 class=\"wp-block-heading\">Como \u00e9 a educa\u00e7\u00e3o em Curitiba?<\/h2>\n\n\n\n<p><strong>Curitiba<\/strong> se destaca na \u00e1rea educacional, oferecendo ensino de qualidade desde a educa\u00e7\u00e3o infantil at\u00e9 o ensino superior. A rede municipal conta com escolas bem estruturadas, professores qualificados e programas de inclus\u00e3o e refor\u00e7o escolar. Um dos marcos \u00e9 o programa \u201cLiceu de Of\u00edcios\u201d, voltado para capacita\u00e7\u00e3o t\u00e9cnica e profissional.<\/p>\n\n\n\n<p>Na esfera privada, escolas como o <strong>Col\u00e9gio Positivo<\/strong>, <strong>Dom Bosco<\/strong> e <strong>Marista Paranaense<\/strong> t\u00eam alto desempenho acad\u00eamico. No ensino superior, a cidade abriga institui\u00e7\u00f5es renomadas como a <strong>Universidade Federal do Paran\u00e1 (UFPR)<\/strong> \u2013 a mais antiga do Brasil \u2013, al\u00e9m da <strong>PUC-PR<\/strong> e <strong>UTFPR<\/strong>, oferecendo uma ampla variedade de cursos de gradua\u00e7\u00e3o, p\u00f3s-gradua\u00e7\u00e3o e pesquisa cient\u00edfica.<\/p>\n\n\n<div class=\"wp-block-image\">\n<figure class=\"aligncenter size-large\"><img decoding=\"async\" width=\"1024\" height=\"576\" src=\"https:\/\/www.correiobraziliense.com.br\/cbradar\/wp-content\/uploads\/2025\/02\/Curitiba_1739428701290-1024x576.jpg\" alt=\"\" class=\"wp-image-2182\" srcset=\"https:\/\/www.correiobraziliense.com.br\/cbradar\/wp-content\/uploads\/2025\/02\/Curitiba_1739428701290-1024x576.jpg 1024w, https:\/\/www.correiobraziliense.com.br\/cbradar\/wp-content\/uploads\/2025\/02\/Curitiba_1739428701290-300x169.jpg 300w, https:\/\/www.correiobraziliense.com.br\/cbradar\/wp-content\/uploads\/2025\/02\/Curitiba_1739428701290-768x432.jpg 768w, https:\/\/www.correiobraziliense.com.br\/cbradar\/wp-content\/uploads\/2025\/02\/Curitiba_1739428701290-750x422.jpg 750w, https:\/\/www.correiobraziliense.com.br\/cbradar\/wp-content\/uploads\/2025\/02\/Curitiba_1739428701290-1140x641.jpg 1140w, https:\/\/www.correiobraziliense.com.br\/cbradar\/wp-content\/uploads\/2025\/02\/Curitiba_1739428701290.jpg 1280w\" sizes=\"(max-width: 1024px) 100vw, 1024px\" \/><figcaption class=\"wp-element-caption\">Curitiba \/\/ Cr\u00e9ditos: depositphotos.com \/ alfonsoperez<\/figcaption><\/figure><\/div>\n\n\n<h2 class=\"wp-block-heading\">Como funciona a economia e o mercado de trabalho em Curitiba?<\/h2>\n\n\n\n<p>A economia de <strong>Curitiba<\/strong> \u00e9 diversificada e din\u00e2mica. O setor de servi\u00e7os \u00e9 dominante, com forte presen\u00e7a de tecnologia, comunica\u00e7\u00e3o, design, arquitetura e com\u00e9rcio. A cidade tamb\u00e9m \u00e9 um polo industrial importante, com destaque para as ind\u00fastrias automotiva, metal\u00fargica e de alimentos.<\/p>\n\n\n\n<p>Al\u00e9m disso, <strong>Curitiba<\/strong> abriga centros empresariais e startups, consolidando-se como um dos polos de inova\u00e7\u00e3o do sul do Brasil. O mercado de trabalho oferece boas oportunidades para profissionais qualificados e a cidade investe em programas de capacita\u00e7\u00e3o e empreendedorismo, como o <strong>Vale do Pinh\u00e3o<\/strong>, iniciativa que estimula a economia criativa e tecnol\u00f3gica.<\/p>\n\n\n\n<h2 class=\"wp-block-heading\">Principais pontos tur\u00edsticos de Curitiba?<\/h2>\n\n\n\n<p><strong>Curitiba<\/strong> possui um conjunto encantador de atra\u00e7\u00f5es tur\u00edsticas. O <strong>Jardim Bot\u00e2nico<\/strong>, com sua ic\u00f4nica estufa de vidro, \u00e9 s\u00edmbolo da cidade. O <strong>Museu Oscar Niemeyer<\/strong>, conhecido como \u201cMuseu do Olho\u201d, \u00e9 refer\u00eancia em arte moderna e arquitetura. O <strong>Parque Tangu\u00e1<\/strong> e o <strong>Parque Tingui<\/strong> oferecem paisagens deslumbrantes e contato direto com a natureza.<\/p>\n\n\n\n<p>O <strong>Centro Hist\u00f3rico<\/strong>, com constru\u00e7\u00f5es coloniais, igrejas e pra\u00e7as, preserva a hist\u00f3ria e cultura da cidade. A <strong>\u00d3pera de Arame<\/strong>, com sua estrutura met\u00e1lica e lago ao redor, \u00e9 um dos espa\u00e7os culturais mais impressionantes do pa\u00eds. Para quem gosta de passeios diferenciados, a viagem de trem at\u00e9 Morretes pela <strong>Serra do Mar Paranaense<\/strong> \u00e9 imperd\u00edvel.<\/p>\n\n\n\n<h2 class=\"wp-block-heading\">Vale a pena morar em Curitiba?<\/h2>\n\n\n\n<p>Sim, morar em <strong>Curitiba<\/strong> vale muito a pena para quem busca qualidade de vida, seguran\u00e7a e boas oportunidades. A cidade oferece excelente infraestrutura, educa\u00e7\u00e3o de alto n\u00edvel, atendimento de sa\u00fade eficiente e uma rede de servi\u00e7os diversificada. Os bairros s\u00e3o bem planejados, e h\u00e1 op\u00e7\u00f5es para todos os perfis: desde \u00e1reas mais tranquilas e arborizadas, como o <strong>Batel<\/strong>, at\u00e9 regi\u00f5es mais acess\u00edveis e comerciais, como o <strong>Pinheirinho<\/strong>.<\/p>\n\n\n\n<p>Al\u00e9m disso, o clima mais ameno, o incentivo \u00e0 cultura e os espa\u00e7os p\u00fablicos bem cuidados tornam a cidade ideal para fam\u00edlias, profissionais e estudantes. A mobilidade urbana eficiente tamb\u00e9m facilita a rotina de quem vive ali.<\/p>\n\n\n\n<h2 class=\"wp-block-heading\">Vale a pena visitar Curitiba?<\/h2>\n\n\n\n<p>Sem d\u00favida, visitar <strong>Curitiba<\/strong> \u00e9 uma excelente escolha. A cidade \u00e9 organizada, acolhedora e repleta de atra\u00e7\u00f5es culturais, hist\u00f3ricas e naturais. Seus parques, museus, feiras gastron\u00f4micas e roteiros tem\u00e1ticos agradam turistas de todas as idades.<\/p>\n\n\n\n<p>O calend\u00e1rio cultural inclui eventos como o <strong>Festival de Teatro de Curitiba<\/strong>, um dos maiores da Am\u00e9rica Latina, al\u00e9m de apresenta\u00e7\u00f5es musicais, exposi\u00e7\u00f5es e festas t\u00edpicas que celebram a diversidade \u00e9tnica da popula\u00e7\u00e3o. Seja para um final de semana ou uma viagem mais longa, <strong>Curitiba<\/strong> \u00e9 um destino que surpreende pela inova\u00e7\u00e3o e hospitalidade.<\/p>\n","protected":false},"excerpt":{"rendered":"<p>Curitiba, capital do Paran\u00e1, \u00e9 frequentemente citada como uma das cidades com melhor qualidade de vida no Brasil. Com um planejamento urbano exemplar, \u00e1reas verdes bem distribu\u00eddas e forte investimento em educa\u00e7\u00e3o, a cidade se destaca como refer\u00eancia em sustentabilidade, mobilidade e infraestrutura. Conhecida por sua arquitetura moderna e clima ameno, Curitiba atrai tanto turistas [&hellip;]<\/p>\n","protected":false},"author":8,"featured_media":22941,"comment_status":"open","ping_status":"open","sticky":false,"template":"","format":"standard","meta":{"_yoast_wpseo_focuskw":"viver","_yoast_wpseo_title":"","_yoast_wpseo_metadesc":"Descubra por que essa \u00e9 uma das melhores cidades para viver no Brasil e o que a torna t\u00e3o especial para morar.","jnews-multi-image_gallery":[],"jnews_single_post":{"format":"standard"},"jnews_primary_category":[],"jnews_social_meta":[],"jnews_override_counter":[],"footnotes":""},"categories":[108,111],"tags":[449,247],"class_list":["post-46150","post","type-post","status-publish","format-standard","has-post-thumbnail","hentry","category-cidades","category-turismo","tag-curitiba","tag-qualidade-de-vida"],"yoast_head":"<!-- This site is optimized with the Yoast SEO plugin v24.6 - https:\/\/yoast.com\/wordpress\/plugins\/seo\/ -->\n<title>Viver bem \u00e9 poss\u00edvel em uma das melhores cidades do Brasil - Correio Braziliense - Radar<\/title>\n<meta name=\"description\" content=\"Descubra por que essa \u00e9 uma das melhores cidades para viver no Brasil e o que a torna t\u00e3o especial para morar.\" \/>\n<meta name=\"robots\" content=\"index, follow, max-snippet:-1, max-image-preview:large, max-video-preview:-1\" \/>\n<link rel=\"canonical\" href=\"https:\/\/www.correiobraziliense.com.br\/cbradar\/viver-bem-e-possivel-em-uma-das-melhores-cidades-do-brasil\/\" \/>\n<meta property=\"og:locale\" content=\"pt_BR\" \/>\n<meta property=\"og:type\" content=\"article\" \/>\n<meta property=\"og:title\" content=\"Viver bem \u00e9 poss\u00edvel em uma das melhores cidades do Brasil - Correio Braziliense - Radar\" \/>\n<meta property=\"og:description\" content=\"Descubra por que essa \u00e9 uma das melhores cidades para viver no Brasil e o que a torna t\u00e3o especial para morar.\" \/>\n<meta property=\"og:url\" content=\"https:\/\/www.correiobraziliense.com.br\/cbradar\/viver-bem-e-possivel-em-uma-das-melhores-cidades-do-brasil\/\" \/>\n<meta property=\"og:site_name\" content=\"Correio Braziliense - Radar\" \/>\n<meta property=\"article:published_time\" content=\"2025-06-02T11:23:00+00:00\" \/>\n<meta property=\"og:image\" content=\"https:\/\/www.correiobraziliense.com.br\/cbradar\/wp-content\/uploads\/2025\/04\/curitiba_1744548906015.jpg\" \/>\n\t<meta property=\"og:image:width\" content=\"1279\" \/>\n\t<meta property=\"og:image:height\" content=\"720\" \/>\n\t<meta property=\"og:image:type\" content=\"image\/jpeg\" \/>\n<meta name=\"author\" content=\"Maura Pereira\" \/>\n<meta name=\"twitter:card\" content=\"summary_large_image\" \/>\n<meta name=\"twitter:label1\" content=\"Escrito por\" \/>\n\t<meta name=\"twitter:data1\" content=\"Maura Pereira\" \/>\n\t<meta name=\"twitter:label2\" content=\"Est. tempo de leitura\" \/>\n\t<meta name=\"twitter:data2\" content=\"6 minutos\" \/>\n<!-- \/ Yoast SEO plugin. -->","yoast_head_json":{"title":"Viver bem \u00e9 poss\u00edvel em uma das melhores cidades do Brasil - Correio Braziliense - Radar","description":"Descubra por que essa \u00e9 uma das melhores cidades para viver no Brasil e o que a torna t\u00e3o especial para morar.","robots":{"index":"index","follow":"follow","max-snippet":"max-snippet:-1","max-image-preview":"max-image-preview:large","max-video-preview":"max-video-preview:-1"},"canonical":"https:\/\/www.correiobraziliense.com.br\/cbradar\/viver-bem-e-possivel-em-uma-das-melhores-cidades-do-brasil\/","og_locale":"pt_BR","og_type":"article","og_title":"Viver bem \u00e9 poss\u00edvel em uma das melhores cidades do Brasil - Correio Braziliense - Radar","og_description":"Descubra por que essa \u00e9 uma das melhores cidades para viver no Brasil e o que a torna t\u00e3o especial para morar.","og_url":"https:\/\/www.correiobraziliense.com.br\/cbradar\/viver-bem-e-possivel-em-uma-das-melhores-cidades-do-brasil\/","og_site_name":"Correio Braziliense - Radar","article_published_time":"2025-06-02T11:23:00+00:00","og_image":[{"width":1279,"height":720,"url":"https:\/\/www.correiobraziliense.com.br\/cbradar\/wp-content\/uploads\/2025\/04\/curitiba_1744548906015.jpg","type":"image\/jpeg"}],"author":"Maura Pereira","twitter_card":"summary_large_image","twitter_misc":{"Escrito por":"Maura Pereira","Est. tempo de leitura":"6 minutos"},"schema":{"@context":"https:\/\/schema.org","@graph":[{"@type":"WebPage","@id":"https:\/\/www.correiobraziliense.com.br\/cbradar\/viver-bem-e-possivel-em-uma-das-melhores-cidades-do-brasil\/","url":"https:\/\/www.correiobraziliense.com.br\/cbradar\/viver-bem-e-possivel-em-uma-das-melhores-cidades-do-brasil\/","name":"Viver bem \u00e9 poss\u00edvel em uma das melhores cidades do Brasil - Correio Braziliense - Radar","isPartOf":{"@id":"https:\/\/www.correiobraziliense.com.br\/cbradar\/#website"},"primaryImageOfPage":{"@id":"https:\/\/www.correiobraziliense.com.br\/cbradar\/viver-bem-e-possivel-em-uma-das-melhores-cidades-do-brasil\/#primaryimage"},"image":{"@id":"https:\/\/www.correiobraziliense.com.br\/cbradar\/viver-bem-e-possivel-em-uma-das-melhores-cidades-do-brasil\/#primaryimage"},"thumbnailUrl":"https:\/\/www.correiobraziliense.com.br\/cbradar\/wp-content\/uploads\/2025\/04\/curitiba_1744548906015.jpg","datePublished":"2025-06-02T11:23:00+00:00","author":{"@id":"https:\/\/www.correiobraziliense.com.br\/cbradar\/#\/schema\/person\/4053c651a9bfc785afc6f4cbc9032fd3"},"description":"Descubra por que essa \u00e9 uma das melhores cidades para viver no Brasil e o que a torna t\u00e3o especial para morar.","breadcrumb":{"@id":"https:\/\/www.correiobraziliense.com.br\/cbradar\/viver-bem-e-possivel-em-uma-das-melhores-cidades-do-brasil\/#breadcrumb"},"inLanguage":"pt-BR","potentialAction":[{"@type":"ReadAction","target":["https:\/\/www.correiobraziliense.com.br\/cbradar\/viver-bem-e-possivel-em-uma-das-melhores-cidades-do-brasil\/"]}]},{"@type":"ImageObject","inLanguage":"pt-BR","@id":"https:\/\/www.correiobraziliense.com.br\/cbradar\/viver-bem-e-possivel-em-uma-das-melhores-cidades-do-brasil\/#primaryimage","url":"https:\/\/www.correiobraziliense.com.br\/cbradar\/wp-content\/uploads\/2025\/04\/curitiba_1744548906015.jpg","contentUrl":"https:\/\/www.correiobraziliense.com.br\/cbradar\/wp-content\/uploads\/2025\/04\/curitiba_1744548906015.jpg","width":1279,"height":720,"caption":"Curitiba, PR, \u00e9 capital do estado, conhecida por planejamento urbano e parques extensos. \/\/ Cr\u00e9ditos: depositphotos.com \/ detanan"},{"@type":"BreadcrumbList","@id":"https:\/\/www.correiobraziliense.com.br\/cbradar\/viver-bem-e-possivel-em-uma-das-melhores-cidades-do-brasil\/#breadcrumb","itemListElement":[{"@type":"ListItem","position":1,"name":"In\u00edcio","item":"https:\/\/www.correiobraziliense.com.br\/cbradar\/"},{"@type":"ListItem","position":2,"name":"Viver bem \u00e9 poss\u00edvel em uma das melhores cidades do Brasil"}]},{"@type":"WebSite","@id":"https:\/\/www.correiobraziliense.com.br\/cbradar\/#website","url":"https:\/\/www.correiobraziliense.com.br\/cbradar\/","name":"Correio Braziliense - Radar","description":"Acompanhe as \u00faltimas not\u00edcias e fique bem informado sobre tudo o que acontece no Brasil e no mundo.","potentialAction":[{"@type":"SearchAction","target":{"@type":"EntryPoint","urlTemplate":"https:\/\/www.correiobraziliense.com.br\/cbradar\/?s={search_term_string}"},"query-input":{"@type":"PropertyValueSpecification","valueRequired":true,"valueName":"search_term_string"}}],"inLanguage":"pt-BR"},{"@type":"Person","@id":"https:\/\/www.correiobraziliense.com.br\/cbradar\/#\/schema\/person\/4053c651a9bfc785afc6f4cbc9032fd3","name":"Maura Pereira","image":{"@type":"ImageObject","inLanguage":"pt-BR","@id":"https:\/\/www.correiobraziliense.com.br\/cbradar\/#\/schema\/person\/image\/","url":"https:\/\/secure.gravatar.com\/avatar\/3effd6bdadfa447f15089c7f7144eaa6?s=96&d=mm&r=g","contentUrl":"https:\/\/secure.gravatar.com\/avatar\/3effd6bdadfa447f15089c7f7144eaa6?s=96&d=mm&r=g","caption":"Maura Pereira"},"sameAs":["https:\/\/www.correiobraziliense.com.br\/"],"url":"https:\/\/www.correiobraziliense.com.br\/cbradar\/author\/mauramyth\/"}]}},"_links":{"self":[{"href":"https:\/\/www.correiobraziliense.com.br\/cbradar\/wp-json\/wp\/v2\/posts\/46150","targetHints":{"allow":["GET"]}}],"collection":[{"href":"https:\/\/www.correiobraziliense.com.br\/cbradar\/wp-json\/wp\/v2\/posts"}],"about":[{"href":"https:\/\/www.correiobraziliense.com.br\/cbradar\/wp-json\/wp\/v2\/types\/post"}],"author":[{"embeddable":true,"href":"https:\/\/www.correiobraziliense.com.br\/cbradar\/wp-json\/wp\/v2\/users\/8"}],"replies":[{"embeddable":true,"href":"https:\/\/www.correiobraziliense.com.br\/cbradar\/wp-json\/wp\/v2\/comments?post=46150"}],"version-history":[{"count":8,"href":"https:\/\/www.correiobraziliense.com.br\/cbradar\/wp-json\/wp\/v2\/posts\/46150\/revisions"}],"predecessor-version":[{"id":46588,"href":"https:\/\/www.correiobraziliense.com.br\/cbradar\/wp-json\/wp\/v2\/posts\/46150\/revisions\/46588"}],"wp:featuredmedia":[{"embeddable":true,"href":"https:\/\/www.correiobraziliense.com.br\/cbradar\/wp-json\/wp\/v2\/media\/22941"}],"wp:attachment":[{"href":"https:\/\/www.correiobraziliense.com.br\/cbradar\/wp-json\/wp\/v2\/media?parent=46150"}],"wp:term":[{"taxonomy":"category","embeddable":true,"href":"https:\/\/www.correiobraziliense.com.br\/cbradar\/wp-json\/wp\/v2\/categories?post=46150"},{"taxonomy":"post_tag","embeddable":true,"href":"https:\/\/www.correiobraziliense.com.br\/cbradar\/wp-json\/wp\/v2\/tags?post=46150"}],"curies":[{"name":"wp","href":"https:\/\/api.w.org\/{rel}","templated":true}]}}