{"id":4619,"date":"2025-02-22T10:30:00","date_gmt":"2025-02-22T13:30:00","guid":{"rendered":"https:\/\/www.correiobraziliense.com.br\/cbradar\/?p=4619"},"modified":"2025-06-02T17:56:47","modified_gmt":"2025-06-02T20:56:47","slug":"dia-zero-robert-de-niro-estreia-na-netflix","status":"publish","type":"post","link":"https:\/\/www.correiobraziliense.com.br\/cbradar\/dia-zero-robert-de-niro-estreia-na-netflix\/","title":{"rendered":"&#8216;Dia Zero&#8217;, Robert De Niro, estreia na Netflix"},"content":{"rendered":"\n<p>A <strong>Netflix <\/strong>lan\u00e7a nesta quinta-feira, 20 de fevereiro de 2025, a aguardada miniss\u00e9rie\u00a0<strong>Dia Zero<\/strong>, marcando a estreia de Robert De Niro no universo das s\u00e9ries. Conhecido por sua carreira cinematogr\u00e1fica, De Niro assume o papel de George Mullen, um ex-presidente dos Estados Unidos, em um thriller pol\u00edtico que promete prender a aten\u00e7\u00e3o do p\u00fablico.<\/p>\n\n\n\n<p>Na trama, Mullen lidera a Comiss\u00e3o Dia Zero, uma equipe encarregada de investigar um devastador ataque cibern\u00e9tico que causou caos e milhares de mortes no pa\u00eds. A miniss\u00e9rie aborda temas contempor\u00e2neos, como a desinforma\u00e7\u00e3o e a influ\u00eancia de grandes nomes dos setores de tecnologia, Wall Street e governo, em um cen\u00e1rio de tens\u00e3o e intriga.<\/p>\n\n\n\n<blockquote class=\"instagram-media\" data-instgrm-captioned data-instgrm-permalink=\"https:\/\/www.instagram.com\/p\/DGTF6ADTO5f\/?utm_source=ig_embed&amp;utm_campaign=loading\" data-instgrm-version=\"14\" style=\" background:#FFF; border:0; border-radius:3px; box-shadow:0 0 1px 0 rgba(0,0,0,0.5),0 1px 10px 0 rgba(0,0,0,0.15); margin: 1px; max-width:540px; min-width:326px; padding:0; width:99.375%; width:-webkit-calc(100% - 2px); width:calc(100% - 2px);\"><div style=\"padding:16px;\"> <a href=\"https:\/\/www.instagram.com\/p\/DGTF6ADTO5f\/?utm_source=ig_embed&amp;utm_campaign=loading\" style=\" background:#FFFFFF; line-height:0; padding:0 0; text-align:center; text-decoration:none; width:100%;\" target=\"_blank\"> <div style=\" display: flex; flex-direction: row; align-items: center;\"> <div style=\"background-color: #F4F4F4; border-radius: 50%; flex-grow: 0; height: 40px; margin-right: 14px; width: 40px;\"><\/div> <div style=\"display: flex; flex-direction: column; flex-grow: 1; justify-content: center;\"> <div style=\" background-color: #F4F4F4; border-radius: 4px; flex-grow: 0; height: 14px; margin-bottom: 6px; width: 100px;\"><\/div> <div style=\" background-color: #F4F4F4; border-radius: 4px; flex-grow: 0; height: 14px; width: 60px;\"><\/div><\/div><\/div><div style=\"padding: 19% 0;\"><\/div> <div style=\"display:block; height:50px; margin:0 auto 12px; width:50px;\"><svg width=\"50px\" height=\"50px\" viewBox=\"0 0 60 60\" version=\"1.1\" xmlns=\"https:\/\/www.w3.org\/2000\/svg\" xmlns:xlink=\"https:\/\/www.w3.org\/1999\/xlink\"><g stroke=\"none\" stroke-width=\"1\" fill=\"none\" fill-rule=\"evenodd\"><g transform=\"translate(-511.000000, -20.000000)\" fill=\"#000000\"><g><path d=\"M556.869,30.41 C554.814,30.41 553.148,32.076 553.148,34.131 C553.148,36.186 554.814,37.852 556.869,37.852 C558.924,37.852 560.59,36.186 560.59,34.131 C560.59,32.076 558.924,30.41 556.869,30.41 M541,60.657 C535.114,60.657 530.342,55.887 530.342,50 C530.342,44.114 535.114,39.342 541,39.342 C546.887,39.342 551.658,44.114 551.658,50 C551.658,55.887 546.887,60.657 541,60.657 M541,33.886 C532.1,33.886 524.886,41.1 524.886,50 C524.886,58.899 532.1,66.113 541,66.113 C549.9,66.113 557.115,58.899 557.115,50 C557.115,41.1 549.9,33.886 541,33.886 M565.378,62.101 C565.244,65.022 564.756,66.606 564.346,67.663 C563.803,69.06 563.154,70.057 562.106,71.106 C561.058,72.155 560.06,72.803 558.662,73.347 C557.607,73.757 556.021,74.244 553.102,74.378 C549.944,74.521 548.997,74.552 541,74.552 C533.003,74.552 532.056,74.521 528.898,74.378 C525.979,74.244 524.393,73.757 523.338,73.347 C521.94,72.803 520.942,72.155 519.894,71.106 C518.846,70.057 518.197,69.06 517.654,67.663 C517.244,66.606 516.755,65.022 516.623,62.101 C516.479,58.943 516.448,57.996 516.448,50 C516.448,42.003 516.479,41.056 516.623,37.899 C516.755,34.978 517.244,33.391 517.654,32.338 C518.197,30.938 518.846,29.942 519.894,28.894 C520.942,27.846 521.94,27.196 523.338,26.654 C524.393,26.244 525.979,25.756 528.898,25.623 C532.057,25.479 533.004,25.448 541,25.448 C548.997,25.448 549.943,25.479 553.102,25.623 C556.021,25.756 557.607,26.244 558.662,26.654 C560.06,27.196 561.058,27.846 562.106,28.894 C563.154,29.942 563.803,30.938 564.346,32.338 C564.756,33.391 565.244,34.978 565.378,37.899 C565.522,41.056 565.552,42.003 565.552,50 C565.552,57.996 565.522,58.943 565.378,62.101 M570.82,37.631 C570.674,34.438 570.167,32.258 569.425,30.349 C568.659,28.377 567.633,26.702 565.965,25.035 C564.297,23.368 562.623,22.342 560.652,21.575 C558.743,20.834 556.562,20.326 553.369,20.18 C550.169,20.033 549.148,20 541,20 C532.853,20 531.831,20.033 528.631,20.18 C525.438,20.326 523.257,20.834 521.349,21.575 C519.376,22.342 517.703,23.368 516.035,25.035 C514.368,26.702 513.342,28.377 512.574,30.349 C511.834,32.258 511.326,34.438 511.181,37.631 C511.035,40.831 511,41.851 511,50 C511,58.147 511.035,59.17 511.181,62.369 C511.326,65.562 511.834,67.743 512.574,69.651 C513.342,71.625 514.368,73.296 516.035,74.965 C517.703,76.634 519.376,77.658 521.349,78.425 C523.257,79.167 525.438,79.673 528.631,79.82 C531.831,79.965 532.853,80.001 541,80.001 C549.148,80.001 550.169,79.965 553.369,79.82 C556.562,79.673 558.743,79.167 560.652,78.425 C562.623,77.658 564.297,76.634 565.965,74.965 C567.633,73.296 568.659,71.625 569.425,69.651 C570.167,67.743 570.674,65.562 570.82,62.369 C570.966,59.17 571,58.147 571,50 C571,41.851 570.966,40.831 570.82,37.631\"><\/path><\/g><\/g><\/g><\/svg><\/div><div style=\"padding-top: 8px;\"> <div style=\" color:#3897f0; font-family:Arial,sans-serif; font-size:14px; font-style:normal; font-weight:550; line-height:18px;\">Ver essa foto no Instagram<\/div><\/div><div style=\"padding: 12.5% 0;\"><\/div> <div style=\"display: flex; flex-direction: row; margin-bottom: 14px; align-items: center;\"><div> <div style=\"background-color: #F4F4F4; border-radius: 50%; height: 12.5px; width: 12.5px; transform: translateX(0px) translateY(7px);\"><\/div> <div style=\"background-color: #F4F4F4; height: 12.5px; transform: rotate(-45deg) translateX(3px) translateY(1px); width: 12.5px; flex-grow: 0; margin-right: 14px; margin-left: 2px;\"><\/div> <div style=\"background-color: #F4F4F4; border-radius: 50%; height: 12.5px; width: 12.5px; transform: translateX(9px) translateY(-18px);\"><\/div><\/div><div style=\"margin-left: 8px;\"> <div style=\" background-color: #F4F4F4; border-radius: 50%; flex-grow: 0; height: 20px; width: 20px;\"><\/div> <div style=\" width: 0; height: 0; border-top: 2px solid transparent; border-left: 6px solid #f4f4f4; border-bottom: 2px solid transparent; transform: translateX(16px) translateY(-4px) rotate(30deg)\"><\/div><\/div><div style=\"margin-left: auto;\"> <div style=\" width: 0px; border-top: 8px solid #F4F4F4; border-right: 8px solid transparent; transform: translateY(16px);\"><\/div> <div style=\" background-color: #F4F4F4; flex-grow: 0; height: 12px; width: 16px; transform: translateY(-4px);\"><\/div> <div style=\" width: 0; height: 0; border-top: 8px solid #F4F4F4; border-left: 8px solid transparent; transform: translateY(-4px) translateX(8px);\"><\/div><\/div><\/div> <div style=\"display: flex; flex-direction: column; flex-grow: 1; justify-content: center; margin-bottom: 24px;\"> <div style=\" background-color: #F4F4F4; border-radius: 4px; flex-grow: 0; height: 14px; margin-bottom: 6px; width: 224px;\"><\/div> <div style=\" background-color: #F4F4F4; border-radius: 4px; flex-grow: 0; height: 14px; width: 144px;\"><\/div><\/div><\/a><p style=\" color:#c9c8cd; font-family:Arial,sans-serif; font-size:14px; line-height:17px; margin-bottom:0; margin-top:8px; overflow:hidden; padding:8px 0 7px; text-align:center; text-overflow:ellipsis; white-space:nowrap;\"><a href=\"https:\/\/www.instagram.com\/p\/DGTF6ADTO5f\/?utm_source=ig_embed&amp;utm_campaign=loading\" style=\" color:#c9c8cd; font-family:Arial,sans-serif; font-size:14px; font-style:normal; font-weight:normal; line-height:17px; text-decoration:none;\" target=\"_blank\">Uma publica\u00e7\u00e3o compartilhada por Netflix Brasil (@netflixbrasil)<\/a><\/p><\/div><\/blockquote>\n<script async src=\"\/\/www.instagram.com\/embed.js\"><\/script>\n\n\n\n<h2 class=\"wp-block-heading\"><strong>Quem s\u00e3o os personagens principais de Dia Zero?<\/strong><\/h2>\n\n\n\n<p>Al\u00e9m de Robert De Niro,&nbsp;<em>Dia Zero<\/em>&nbsp;conta com um elenco de peso. Angela Bassett interpreta a presidente Mitchell, uma figura central na resposta ao ataque cibern\u00e9tico. A s\u00e9rie tamb\u00e9m traz Lizzy Caplan, Jesse Plemons, Joan Allen, Connie Britton, Dan Stevens e Matthew Modine, cada um desempenhando pap\u00e9is cruciais na narrativa complexa e cheia de reviravoltas.<\/p>\n\n\n\n<p>O personagem de De Niro, George Mullen, \u00e9 for\u00e7ado a confrontar seus pr\u00f3prios segredos enquanto tenta desvendar a origem do ataque. A din\u00e2mica entre os personagens e suas motiva\u00e7\u00f5es pessoais adiciona camadas de profundidade \u00e0 hist\u00f3ria, explorando as complexidades do poder e da responsabilidade em tempos de crise.<\/p>\n\n\n\n<iframe loading=\"lazy\" width=\"560\" height=\"315\" src=\"https:\/\/www.youtube.com\/embed\/nOgZ3Y43PTQ?si=dcTFvHv3wlqXZBwr\" title=\"YouTube video player\" frameborder=\"0\" allow=\"accelerometer; autoplay; clipboard-write; encrypted-media; gyroscope; picture-in-picture; web-share\" referrerpolicy=\"strict-origin-when-cross-origin\" allowfullscreen><\/iframe>\n\n\n\n<h2 class=\"wp-block-heading\"><strong>Como a produ\u00e7\u00e3o de Dia Zero se destaca no g\u00eanero de thriller pol\u00edtico?<\/strong><\/h2>\n\n\n\n<p>Produzida por Eric Newman e Noah Oppenhien,&nbsp;<strong>Dia Zero<\/strong>&nbsp;se destaca por sua abordagem realista e envolvente dos desafios pol\u00edticos e tecnol\u00f3gicos do mundo moderno. A s\u00e9rie utiliza um enredo bem estruturado para explorar a fragilidade das infraestruturas digitais e a vulnerabilidade das na\u00e7\u00f5es a ataques cibern\u00e9ticos.<\/p>\n\n\n\n<p>Com apenas seis epis\u00f3dios, a miniss\u00e9rie mant\u00e9m um ritmo acelerado, garantindo que cada cena contribua para o desenvolvimento da trama. A produ\u00e7\u00e3o se beneficia de um roteiro afiado e atua\u00e7\u00f5es de alto n\u00edvel, criando uma experi\u00eancia imersiva para o espectador.<\/p>\n\n\n\n<figure class=\"wp-block-image size-large\"><img decoding=\"async\" width=\"1024\" height=\"576\" src=\"https:\/\/www.correiobraziliense.com.br\/cbradar\/wp-content\/uploads\/2025\/02\/Robert-De-Niro-1-1024x576.png\" alt=\"'Dia Zero', Robert De Niro, estreia na Netflix\" class=\"wp-image-4621\" srcset=\"https:\/\/www.correiobraziliense.com.br\/cbradar\/wp-content\/uploads\/2025\/02\/Robert-De-Niro-1-1024x576.png 1024w, https:\/\/www.correiobraziliense.com.br\/cbradar\/wp-content\/uploads\/2025\/02\/Robert-De-Niro-1-300x169.png 300w, https:\/\/www.correiobraziliense.com.br\/cbradar\/wp-content\/uploads\/2025\/02\/Robert-De-Niro-1-768x432.png 768w, https:\/\/www.correiobraziliense.com.br\/cbradar\/wp-content\/uploads\/2025\/02\/Robert-De-Niro-1-750x422.png 750w, https:\/\/www.correiobraziliense.com.br\/cbradar\/wp-content\/uploads\/2025\/02\/Robert-De-Niro-1-1140x641.png 1140w, https:\/\/www.correiobraziliense.com.br\/cbradar\/wp-content\/uploads\/2025\/02\/Robert-De-Niro-1.png 1280w\" sizes=\"(max-width: 1024px) 100vw, 1024px\" \/><figcaption class=\"wp-element-caption\">Dia Zero. Fonte: JoJo Whilden \/ netflix<\/figcaption><\/figure>\n\n\n\n<h2 class=\"wp-block-heading\"><strong>O que esperar do impacto de Dia Zero na carreira de Robert De Niro?<\/strong><\/h2>\n\n\n\n<p>A participa\u00e7\u00e3o de Robert De Niro em&nbsp;<em>Dia Zero<\/em>&nbsp;marca um novo cap\u00edtulo em sua ilustre carreira. Conhecido por suas performances ic\u00f4nicas no cinema, sua transi\u00e7\u00e3o para o formato de miniss\u00e9rie pode abrir novas oportunidades no mundo das produ\u00e7\u00f5es televisivas. A escolha de um papel t\u00e3o relevante e contempor\u00e2neo demonstra a versatilidade do ator e sua capacidade de se adaptar a diferentes g\u00eaneros e formatos.<\/p>\n\n\n\n<p>Com uma narrativa intrigante e um elenco estelar,&nbsp;<strong>Dia Zero<\/strong>&nbsp;tem o potencial de se tornar um marco na televis\u00e3o, atraindo tanto f\u00e3s de thrillers pol\u00edticos quanto admiradores de De Niro. A s\u00e9rie promete n\u00e3o apenas entreter, mas tamb\u00e9m provocar reflex\u00f5es sobre os desafios do mundo moderno.<\/p>\n","protected":false},"excerpt":{"rendered":"<p>Estreia de Robert De Niro em miniss\u00e9rie da Netflix. Conhe\u00e7a a trama do thriller pol\u00edtico Dia Zero, que marca a transi\u00e7\u00e3o do ator para a televis\u00e3o.<\/p>\n","protected":false},"author":3,"featured_media":4620,"comment_status":"open","ping_status":"open","sticky":false,"template":"","format":"standard","meta":{"_yoast_wpseo_focuskw":"Dia Zero Robert De Niro","_yoast_wpseo_title":"%%title%%","_yoast_wpseo_metadesc":"Estreia de Robert De Niro em miniss\u00e9rie da Netflix. Conhe\u00e7a a trama do thriller pol\u00edtico Dia Zero, que marca a transi\u00e7\u00e3o do ator para a televis\u00e3o.","jnews-multi-image_gallery":[],"jnews_single_post":{"format":"standard"},"jnews_primary_category":[],"jnews_social_meta":[],"jnews_override_counter":[],"footnotes":""},"categories":[140],"post_tag":[141,939],"class_list":["post-4619","post","type-post","status-publish","format-standard","has-post-thumbnail","hentry","category-entretenimento","tag-netflix","tag-robert-de-niro"],"yoast_head":"<!-- This site is optimized with the Yoast SEO plugin v24.6 - https:\/\/yoast.com\/wordpress\/plugins\/seo\/ -->\n<title>&#039;Dia Zero&#039;, Robert De Niro, estreia na Netflix<\/title>\n<meta name=\"description\" content=\"Estreia de Robert De Niro em miniss\u00e9rie da Netflix. Conhe\u00e7a a trama do thriller pol\u00edtico Dia Zero, que marca a transi\u00e7\u00e3o do ator para a televis\u00e3o.\" \/>\n<meta name=\"robots\" content=\"index, follow, max-snippet:-1, max-image-preview:large, max-video-preview:-1\" \/>\n<link rel=\"canonical\" href=\"https:\/\/www.correiobraziliense.com.br\/cbradar\/dia-zero-robert-de-niro-estreia-na-netflix\/\" \/>\n<meta property=\"og:locale\" content=\"pt_BR\" \/>\n<meta property=\"og:type\" content=\"article\" \/>\n<meta property=\"og:title\" content=\"&#039;Dia Zero&#039;, Robert De Niro, estreia na Netflix\" \/>\n<meta property=\"og:description\" content=\"Estreia de Robert De Niro em miniss\u00e9rie da Netflix. Conhe\u00e7a a trama do thriller pol\u00edtico Dia Zero, que marca a transi\u00e7\u00e3o do ator para a televis\u00e3o.\" \/>\n<meta property=\"og:url\" content=\"https:\/\/www.correiobraziliense.com.br\/cbradar\/dia-zero-robert-de-niro-estreia-na-netflix\/\" \/>\n<meta property=\"og:site_name\" content=\"Correio Braziliense - Radar\" \/>\n<meta property=\"article:published_time\" content=\"2025-02-22T13:30:00+00:00\" \/>\n<meta property=\"article:modified_time\" content=\"2025-06-02T20:56:47+00:00\" \/>\n<meta property=\"og:image\" content=\"https:\/\/www.correiobraziliense.com.br\/cbradar\/wp-content\/uploads\/2025\/02\/robert-de-niro.png\" \/>\n\t<meta property=\"og:image:width\" content=\"1280\" \/>\n\t<meta property=\"og:image:height\" content=\"720\" \/>\n\t<meta property=\"og:image:type\" content=\"image\/png\" \/>\n<meta name=\"author\" content=\"Larissa Carvalho\" \/>\n<meta name=\"twitter:card\" content=\"summary_large_image\" \/>\n<meta name=\"twitter:label1\" content=\"Escrito por\" \/>\n\t<meta name=\"twitter:data1\" content=\"Larissa Carvalho\" \/>\n\t<meta name=\"twitter:label2\" content=\"Est. tempo de leitura\" \/>\n\t<meta name=\"twitter:data2\" content=\"3 minutos\" \/>\n<!-- \/ Yoast SEO plugin. -->","yoast_head_json":{"title":"'Dia Zero', Robert De Niro, estreia na Netflix","description":"Estreia de Robert De Niro em miniss\u00e9rie da Netflix. Conhe\u00e7a a trama do thriller pol\u00edtico Dia Zero, que marca a transi\u00e7\u00e3o do ator para a televis\u00e3o.","robots":{"index":"index","follow":"follow","max-snippet":"max-snippet:-1","max-image-preview":"max-image-preview:large","max-video-preview":"max-video-preview:-1"},"canonical":"https:\/\/www.correiobraziliense.com.br\/cbradar\/dia-zero-robert-de-niro-estreia-na-netflix\/","og_locale":"pt_BR","og_type":"article","og_title":"'Dia Zero', Robert De Niro, estreia na Netflix","og_description":"Estreia de Robert De Niro em miniss\u00e9rie da Netflix. Conhe\u00e7a a trama do thriller pol\u00edtico Dia Zero, que marca a transi\u00e7\u00e3o do ator para a televis\u00e3o.","og_url":"https:\/\/www.correiobraziliense.com.br\/cbradar\/dia-zero-robert-de-niro-estreia-na-netflix\/","og_site_name":"Correio Braziliense - Radar","article_published_time":"2025-02-22T13:30:00+00:00","article_modified_time":"2025-06-02T20:56:47+00:00","og_image":[{"width":1280,"height":720,"url":"https:\/\/www.correiobraziliense.com.br\/cbradar\/wp-content\/uploads\/2025\/02\/robert-de-niro.png","type":"image\/png"}],"author":"Larissa Carvalho","twitter_card":"summary_large_image","twitter_misc":{"Escrito por":"Larissa Carvalho","Est. tempo de leitura":"3 minutos"},"schema":{"@context":"https:\/\/schema.org","@graph":[{"@type":"WebPage","@id":"https:\/\/www.correiobraziliense.com.br\/cbradar\/dia-zero-robert-de-niro-estreia-na-netflix\/","url":"https:\/\/www.correiobraziliense.com.br\/cbradar\/dia-zero-robert-de-niro-estreia-na-netflix\/","name":"'Dia Zero', Robert De Niro, estreia na Netflix","isPartOf":{"@id":"https:\/\/www.correiobraziliense.com.br\/cbradar\/#website"},"primaryImageOfPage":{"@id":"https:\/\/www.correiobraziliense.com.br\/cbradar\/dia-zero-robert-de-niro-estreia-na-netflix\/#primaryimage"},"image":{"@id":"https:\/\/www.correiobraziliense.com.br\/cbradar\/dia-zero-robert-de-niro-estreia-na-netflix\/#primaryimage"},"thumbnailUrl":"https:\/\/www.correiobraziliense.com.br\/cbradar\/wp-content\/uploads\/2025\/02\/robert-de-niro.png","datePublished":"2025-02-22T13:30:00+00:00","dateModified":"2025-06-02T20:56:47+00:00","author":{"@id":"https:\/\/www.correiobraziliense.com.br\/cbradar\/#\/schema\/person\/58422787644df994b53a19d3e56c1513"},"description":"Estreia de Robert De Niro em miniss\u00e9rie da Netflix. Conhe\u00e7a a trama do thriller pol\u00edtico Dia Zero, que marca a transi\u00e7\u00e3o do ator para a televis\u00e3o.","breadcrumb":{"@id":"https:\/\/www.correiobraziliense.com.br\/cbradar\/dia-zero-robert-de-niro-estreia-na-netflix\/#breadcrumb"},"inLanguage":"pt-BR","potentialAction":[{"@type":"ReadAction","target":["https:\/\/www.correiobraziliense.com.br\/cbradar\/dia-zero-robert-de-niro-estreia-na-netflix\/"]}]},{"@type":"ImageObject","inLanguage":"pt-BR","@id":"https:\/\/www.correiobraziliense.com.br\/cbradar\/dia-zero-robert-de-niro-estreia-na-netflix\/#primaryimage","url":"https:\/\/www.correiobraziliense.com.br\/cbradar\/wp-content\/uploads\/2025\/02\/robert-de-niro.png","contentUrl":"https:\/\/www.correiobraziliense.com.br\/cbradar\/wp-content\/uploads\/2025\/02\/robert-de-niro.png","width":1280,"height":720,"caption":"Dia Zero. Fonte: JoJo Whilden \/ netflix"},{"@type":"BreadcrumbList","@id":"https:\/\/www.correiobraziliense.com.br\/cbradar\/dia-zero-robert-de-niro-estreia-na-netflix\/#breadcrumb","itemListElement":[{"@type":"ListItem","position":1,"name":"In\u00edcio","item":"https:\/\/www.correiobraziliense.com.br\/cbradar\/"},{"@type":"ListItem","position":2,"name":"&#8216;Dia Zero&#8217;, Robert De Niro, estreia na Netflix"}]},{"@type":"WebSite","@id":"https:\/\/www.correiobraziliense.com.br\/cbradar\/#website","url":"https:\/\/www.correiobraziliense.com.br\/cbradar\/","name":"Correio Braziliense - Radar","description":"Acompanhe as \u00faltimas not\u00edcias e fique bem informado sobre tudo o que acontece no Brasil e no mundo.","potentialAction":[{"@type":"SearchAction","target":{"@type":"EntryPoint","urlTemplate":"https:\/\/www.correiobraziliense.com.br\/cbradar\/?s={search_term_string}"},"query-input":{"@type":"PropertyValueSpecification","valueRequired":true,"valueName":"search_term_string"}}],"inLanguage":"pt-BR"},{"@type":"Person","@id":"https:\/\/www.correiobraziliense.com.br\/cbradar\/#\/schema\/person\/58422787644df994b53a19d3e56c1513","name":"Larissa Carvalho","image":{"@type":"ImageObject","inLanguage":"pt-BR","@id":"https:\/\/www.correiobraziliense.com.br\/cbradar\/#\/schema\/person\/image\/","url":"https:\/\/secure.gravatar.com\/avatar\/fe4f91a0de32b52a838d0d612abdc1aa?s=96&d=mm&r=g","contentUrl":"https:\/\/secure.gravatar.com\/avatar\/fe4f91a0de32b52a838d0d612abdc1aa?s=96&d=mm&r=g","caption":"Larissa Carvalho"},"url":"https:\/\/www.correiobraziliense.com.br\/cbradar\/author\/larissamyth\/"}]}},"_links":{"self":[{"href":"https:\/\/www.correiobraziliense.com.br\/cbradar\/wp-json\/wp\/v2\/posts\/4619","targetHints":{"allow":["GET"]}}],"collection":[{"href":"https:\/\/www.correiobraziliense.com.br\/cbradar\/wp-json\/wp\/v2\/posts"}],"about":[{"href":"https:\/\/www.correiobraziliense.com.br\/cbradar\/wp-json\/wp\/v2\/types\/post"}],"author":[{"embeddable":true,"href":"https:\/\/www.correiobraziliense.com.br\/cbradar\/wp-json\/wp\/v2\/users\/3"}],"replies":[{"embeddable":true,"href":"https:\/\/www.correiobraziliense.com.br\/cbradar\/wp-json\/wp\/v2\/comments?post=4619"}],"version-history":[{"count":1,"href":"https:\/\/www.correiobraziliense.com.br\/cbradar\/wp-json\/wp\/v2\/posts\/4619\/revisions"}],"predecessor-version":[{"id":4622,"href":"https:\/\/www.correiobraziliense.com.br\/cbradar\/wp-json\/wp\/v2\/posts\/4619\/revisions\/4622"}],"wp:featuredmedia":[{"embeddable":true,"href":"https:\/\/www.correiobraziliense.com.br\/cbradar\/wp-json\/wp\/v2\/media\/4620"}],"wp:attachment":[{"href":"https:\/\/www.correiobraziliense.com.br\/cbradar\/wp-json\/wp\/v2\/media?parent=4619"}],"wp:term":[{"taxonomy":"category","embeddable":true,"href":"https:\/\/www.correiobraziliense.com.br\/cbradar\/wp-json\/wp\/v2\/categories?post=4619"},{"taxonomy":"post_tag","embeddable":true,"href":"https:\/\/www.correiobraziliense.com.br\/cbradar\/wp-json\/wp\/v2\/post_tag?post=4619"}],"curies":[{"name":"wp","href":"https:\/\/api.w.org\/{rel}","templated":true}]}}