{"id":46299,"date":"2025-06-02T09:50:00","date_gmt":"2025-06-02T12:50:00","guid":{"rendered":"https:\/\/www.correiobraziliense.com.br\/cbradar\/?p=46299"},"modified":"2025-06-02T02:22:58","modified_gmt":"2025-06-02T05:22:58","slug":"2a-temporada-da-serie-de-one-piece-ganha-data-e-trailer-na-netflix","status":"publish","type":"post","link":"https:\/\/www.correiobraziliense.com.br\/cbradar\/2a-temporada-da-serie-de-one-piece-ganha-data-e-trailer-na-netflix\/","title":{"rendered":"2\u00aa temporada da s\u00e9rie de One Piece ganha data e trailer na Netflix!"},"content":{"rendered":"\n<p>A s\u00e9rie live action de&nbsp;<strong><a href=\"https:\/\/www.imdb.com\/pt\/title\/tt11737520\/?ref_=nv_sr_srsg_3_tt_8_nm_0_in_0_q_One%2520Piece\" target=\"_blank\" rel=\"noreferrer noopener\">One Piece<\/a><\/strong>&nbsp;est\u00e1 prestes a retornar \u00e0&nbsp;<a href=\"https:\/\/www.correiobraziliense.com.br\/cbradar\/o-que-o-maior-evento-da-netflix-revelara-no-tudum-2025\/\" target=\"_blank\" rel=\"noreferrer noopener\"><strong>Netflix<\/strong>&nbsp;<\/a>com sua segunda temporada, ap\u00f3s dois anos de espera desde sua estreia. Durante o evento&nbsp;<strong>Tudum 2025<\/strong>, foi anunciado que os novos epis\u00f3dios chegar\u00e3o em 2026, embora a data exata ainda n\u00e3o tenha sido divulgada. Os f\u00e3s est\u00e3o ansiosos para ver como a s\u00e9rie continuar\u00e1 a adaptar o amado mang\u00e1 e anime, trazendo \u00e0 vida momentos ic\u00f4nicos da obra original.<\/p>\n\n\n\n<p>Entre as novidades mais aguardadas est\u00e1 a introdu\u00e7\u00e3o de&nbsp;<strong>Tony Tony Chopper<\/strong>, um personagem querido que promete adicionar uma nova dimens\u00e3o \u00e0 s\u00e9rie. A expectativa \u00e9 de que a nova temporada traga ainda mais a\u00e7\u00e3o e emo\u00e7\u00e3o, ampliando o universo j\u00e1 estabelecido na primeira temporada.<\/p>\n\n\n\n<h2 class=\"wp-block-heading\">Quem \u00e9 &#8216;Tony Tony Chopper&#8217;?<\/h2>\n\n\n\n<p>Tony Tony Chopper \u00e9 um personagem fascinante no universo de One Piece. Ele \u00e9 uma rena que, ap\u00f3s consumir uma Fruta do Diabo do tipo Zoan, adquiriu a capacidade de se transformar em formas humanoides e de se comunicar verbalmente. Al\u00e9m de ser o m\u00e9dico da tripula\u00e7\u00e3o de&nbsp;<strong>Luffy<\/strong>, Chopper \u00e9 conhecido por seu desejo de encontrar uma cura para todas as doen\u00e7as, destacando-se por sua coragem e lealdade.<\/p>\n\n\n\n<p>Na adapta\u00e7\u00e3o live action, Chopper ser\u00e1 trazido \u00e0 vida atrav\u00e9s de sofisticados efeitos visuais, com a captura facial realizada pela atriz&nbsp;<strong>Mikaela Hoover<\/strong>. Este personagem, com sua apar\u00eancia encantadora e personalidade complexa, \u00e9 esperado para ser um dos destaques da nova temporada.<\/p>\n\n\n\n<figure class=\"wp-block-embed aligncenter is-type-video is-provider-youtube wp-block-embed-youtube wp-embed-aspect-16-9 wp-has-aspect-ratio\"><div class=\"wp-block-embed__wrapper\">\n<div class=\"jeg_video_container jeg_video_content\"><iframe loading=\"lazy\" title=\"ONE PIECE: A S\u00e9rie - Temporada 2 | Primeiras imagens de Chopper | Netflix\" width=\"500\" height=\"281\" src=\"https:\/\/www.youtube.com\/embed\/utxt8xW6mfI?feature=oembed\" frameborder=\"0\" allow=\"accelerometer; autoplay; clipboard-write; encrypted-media; gyroscope; picture-in-picture; web-share\" referrerpolicy=\"strict-origin-when-cross-origin\" allowfullscreen><\/iframe><\/div>\n<\/div><\/figure>\n\n\n\n<h2 class=\"wp-block-heading\">Quais s\u00e3o as expectativas para a 2\u00aa temporada?<\/h2>\n\n\n\n<p>A segunda temporada de One Piece promete expandir as aventuras do capit\u00e3o pirata Luffy e sua tripula\u00e7\u00e3o. Ap\u00f3s a adapta\u00e7\u00e3o dos primeiros arcos da&nbsp;<strong>Saga East Blue<\/strong>&nbsp;na temporada inicial, a continua\u00e7\u00e3o deve explorar novos desafios e personagens, incluindo o esperado arco de &#8220;Loguetown&#8221;. Este arco \u00e9 significativo, pois \u00e9 o local onde o lend\u00e1rio Rei dos Piratas,&nbsp;<strong>Gol D. Roger<\/strong>, foi executado.<\/p>\n\n\n\n<p>Os f\u00e3s esperam ver a introdu\u00e7\u00e3o de novos antagonistas, como&nbsp;<strong>Smoker<\/strong>, e o desenvolvimento de tramas emocionantes que mantenham a ess\u00eancia do material original. A s\u00e9rie busca equilibrar a\u00e7\u00e3o, humor e drama, elementos que t\u00eam cativado o p\u00fablico desde o in\u00edcio.<\/p>\n\n\n\n<h2 class=\"wp-block-heading\">O futuro de One Piece na Netflix<\/h2>\n\n\n\n<p>Al\u00e9m da segunda temporada, a Netflix j\u00e1 est\u00e1 planejando uma terceira temporada de One Piece. Embora detalhes sobre os arcos a serem adaptados ainda n\u00e3o tenham sido revelados, a produ\u00e7\u00e3o est\u00e1 em andamento. O ator&nbsp;<strong>Mackenyu Arata<\/strong>, que interpreta&nbsp;<strong>Roronoa Zoro<\/strong>, indicou que as filmagens come\u00e7ariam em breve, aumentando a expectativa dos f\u00e3s por mais aventuras no mundo dos piratas.<\/p>\n\n\n\n<p>Com a primeira temporada dispon\u00edvel na plataforma, a s\u00e9rie cont\u00ednua a atrair novos espectadores e a manter o interesse dos f\u00e3s de longa data. A adapta\u00e7\u00e3o live action de One Piece busca capturar a magia do mang\u00e1 e do anime, oferecendo uma experi\u00eancia visual e narrativa rica para todos os p\u00fablicos.<\/p>\n","protected":false},"excerpt":{"rendered":"<p>A s\u00e9rie live action de&nbsp;One Piece&nbsp;est\u00e1 prestes a retornar \u00e0&nbsp;Netflix&nbsp;com sua segunda temporada, ap\u00f3s dois anos de espera desde sua estreia. Durante o evento&nbsp;Tudum 2025, foi anunciado que os novos epis\u00f3dios chegar\u00e3o em 2026, embora a data exata ainda n\u00e3o tenha sido divulgada. Os f\u00e3s est\u00e3o ansiosos para ver como a s\u00e9rie continuar\u00e1 a adaptar [&hellip;]<\/p>\n","protected":false},"author":8,"featured_media":46344,"comment_status":"open","ping_status":"open","sticky":false,"template":"","format":"standard","meta":{"_yoast_wpseo_focuskw":"one piece","_yoast_wpseo_title":"","_yoast_wpseo_metadesc":"A 2\u00aa temporada de One Piece traz novas datas ao live-action. Veja como os novos personagens ser\u00e3o adaptados para a s\u00e9rie.","jnews-multi-image_gallery":[],"jnews_single_post":{"format":"standard"},"jnews_primary_category":[],"jnews_social_meta":[],"jnews_override_counter":[],"footnotes":""},"categories":[140],"post_tag":[5751,141,1359],"class_list":["post-46299","post","type-post","status-publish","format-standard","has-post-thumbnail","hentry","category-entretenimento","tag-2a-temporada","tag-netflix","tag-one-piece"],"yoast_head":"<!-- This site is optimized with the Yoast SEO plugin v24.6 - https:\/\/yoast.com\/wordpress\/plugins\/seo\/ -->\n<title>2\u00aa temporada da s\u00e9rie de One Piece ganha data e trailer na Netflix! - Correio Braziliense - Radar<\/title>\n<meta name=\"description\" content=\"A 2\u00aa temporada de One Piece traz novas datas ao live-action. Veja como os novos personagens ser\u00e3o adaptados para a s\u00e9rie.\" \/>\n<meta name=\"robots\" content=\"index, follow, max-snippet:-1, max-image-preview:large, max-video-preview:-1\" \/>\n<link rel=\"canonical\" href=\"https:\/\/www.correiobraziliense.com.br\/cbradar\/2a-temporada-da-serie-de-one-piece-ganha-data-e-trailer-na-netflix\/\" \/>\n<meta property=\"og:locale\" content=\"pt_BR\" \/>\n<meta property=\"og:type\" content=\"article\" \/>\n<meta property=\"og:title\" content=\"2\u00aa temporada da s\u00e9rie de One Piece ganha data e trailer na Netflix! - Correio Braziliense - Radar\" \/>\n<meta property=\"og:description\" content=\"A 2\u00aa temporada de One Piece traz novas datas ao live-action. Veja como os novos personagens ser\u00e3o adaptados para a s\u00e9rie.\" \/>\n<meta property=\"og:url\" content=\"https:\/\/www.correiobraziliense.com.br\/cbradar\/2a-temporada-da-serie-de-one-piece-ganha-data-e-trailer-na-netflix\/\" \/>\n<meta property=\"og:site_name\" content=\"Correio Braziliense - Radar\" \/>\n<meta property=\"article:published_time\" content=\"2025-06-02T12:50:00+00:00\" \/>\n<meta property=\"og:image\" content=\"https:\/\/www.correiobraziliense.com.br\/cbradar\/wp-content\/uploads\/2025\/06\/Edicoes-5.png\" \/>\n\t<meta property=\"og:image:width\" content=\"1280\" \/>\n\t<meta property=\"og:image:height\" content=\"720\" \/>\n\t<meta property=\"og:image:type\" content=\"image\/png\" \/>\n<meta name=\"author\" content=\"Maura Pereira\" \/>\n<meta name=\"twitter:card\" content=\"summary_large_image\" \/>\n<meta name=\"twitter:label1\" content=\"Escrito por\" \/>\n\t<meta name=\"twitter:data1\" content=\"Maura Pereira\" \/>\n\t<meta name=\"twitter:label2\" content=\"Est. tempo de leitura\" \/>\n\t<meta name=\"twitter:data2\" content=\"3 minutos\" \/>\n<!-- \/ Yoast SEO plugin. -->","yoast_head_json":{"title":"2\u00aa temporada da s\u00e9rie de One Piece ganha data e trailer na Netflix! - Correio Braziliense - Radar","description":"A 2\u00aa temporada de One Piece traz novas datas ao live-action. Veja como os novos personagens ser\u00e3o adaptados para a s\u00e9rie.","robots":{"index":"index","follow":"follow","max-snippet":"max-snippet:-1","max-image-preview":"max-image-preview:large","max-video-preview":"max-video-preview:-1"},"canonical":"https:\/\/www.correiobraziliense.com.br\/cbradar\/2a-temporada-da-serie-de-one-piece-ganha-data-e-trailer-na-netflix\/","og_locale":"pt_BR","og_type":"article","og_title":"2\u00aa temporada da s\u00e9rie de One Piece ganha data e trailer na Netflix! - Correio Braziliense - Radar","og_description":"A 2\u00aa temporada de One Piece traz novas datas ao live-action. Veja como os novos personagens ser\u00e3o adaptados para a s\u00e9rie.","og_url":"https:\/\/www.correiobraziliense.com.br\/cbradar\/2a-temporada-da-serie-de-one-piece-ganha-data-e-trailer-na-netflix\/","og_site_name":"Correio Braziliense - Radar","article_published_time":"2025-06-02T12:50:00+00:00","og_image":[{"width":1280,"height":720,"url":"https:\/\/www.correiobraziliense.com.br\/cbradar\/wp-content\/uploads\/2025\/06\/Edicoes-5.png","type":"image\/png"}],"author":"Maura Pereira","twitter_card":"summary_large_image","twitter_misc":{"Escrito por":"Maura Pereira","Est. tempo de leitura":"3 minutos"},"schema":{"@context":"https:\/\/schema.org","@graph":[{"@type":"WebPage","@id":"https:\/\/www.correiobraziliense.com.br\/cbradar\/2a-temporada-da-serie-de-one-piece-ganha-data-e-trailer-na-netflix\/","url":"https:\/\/www.correiobraziliense.com.br\/cbradar\/2a-temporada-da-serie-de-one-piece-ganha-data-e-trailer-na-netflix\/","name":"2\u00aa temporada da s\u00e9rie de One Piece ganha data e trailer na Netflix! - Correio Braziliense - Radar","isPartOf":{"@id":"https:\/\/www.correiobraziliense.com.br\/cbradar\/#website"},"primaryImageOfPage":{"@id":"https:\/\/www.correiobraziliense.com.br\/cbradar\/2a-temporada-da-serie-de-one-piece-ganha-data-e-trailer-na-netflix\/#primaryimage"},"image":{"@id":"https:\/\/www.correiobraziliense.com.br\/cbradar\/2a-temporada-da-serie-de-one-piece-ganha-data-e-trailer-na-netflix\/#primaryimage"},"thumbnailUrl":"https:\/\/www.correiobraziliense.com.br\/cbradar\/wp-content\/uploads\/2025\/06\/Edicoes-5.png","datePublished":"2025-06-02T12:50:00+00:00","author":{"@id":"https:\/\/www.correiobraziliense.com.br\/cbradar\/#\/schema\/person\/4053c651a9bfc785afc6f4cbc9032fd3"},"description":"A 2\u00aa temporada de One Piece traz novas datas ao live-action. Veja como os novos personagens ser\u00e3o adaptados para a s\u00e9rie.","breadcrumb":{"@id":"https:\/\/www.correiobraziliense.com.br\/cbradar\/2a-temporada-da-serie-de-one-piece-ganha-data-e-trailer-na-netflix\/#breadcrumb"},"inLanguage":"pt-BR","potentialAction":[{"@type":"ReadAction","target":["https:\/\/www.correiobraziliense.com.br\/cbradar\/2a-temporada-da-serie-de-one-piece-ganha-data-e-trailer-na-netflix\/"]}]},{"@type":"ImageObject","inLanguage":"pt-BR","@id":"https:\/\/www.correiobraziliense.com.br\/cbradar\/2a-temporada-da-serie-de-one-piece-ganha-data-e-trailer-na-netflix\/#primaryimage","url":"https:\/\/www.correiobraziliense.com.br\/cbradar\/wp-content\/uploads\/2025\/06\/Edicoes-5.png","contentUrl":"https:\/\/www.correiobraziliense.com.br\/cbradar\/wp-content\/uploads\/2025\/06\/Edicoes-5.png","width":1280,"height":720,"caption":"One Piece, a s\u00e9rie \/\/ Reprodu\u00e7\u00e3o: IMDb (Foto\/Divulga\u00e7\u00e3o)"},{"@type":"BreadcrumbList","@id":"https:\/\/www.correiobraziliense.com.br\/cbradar\/2a-temporada-da-serie-de-one-piece-ganha-data-e-trailer-na-netflix\/#breadcrumb","itemListElement":[{"@type":"ListItem","position":1,"name":"In\u00edcio","item":"https:\/\/www.correiobraziliense.com.br\/cbradar\/"},{"@type":"ListItem","position":2,"name":"2\u00aa temporada da s\u00e9rie de One Piece ganha data e trailer na Netflix!"}]},{"@type":"WebSite","@id":"https:\/\/www.correiobraziliense.com.br\/cbradar\/#website","url":"https:\/\/www.correiobraziliense.com.br\/cbradar\/","name":"Correio Braziliense - Radar","description":"Acompanhe as \u00faltimas not\u00edcias e fique bem informado sobre tudo o que acontece no Brasil e no mundo.","potentialAction":[{"@type":"SearchAction","target":{"@type":"EntryPoint","urlTemplate":"https:\/\/www.correiobraziliense.com.br\/cbradar\/?s={search_term_string}"},"query-input":{"@type":"PropertyValueSpecification","valueRequired":true,"valueName":"search_term_string"}}],"inLanguage":"pt-BR"},{"@type":"Person","@id":"https:\/\/www.correiobraziliense.com.br\/cbradar\/#\/schema\/person\/4053c651a9bfc785afc6f4cbc9032fd3","name":"Maura Pereira","image":{"@type":"ImageObject","inLanguage":"pt-BR","@id":"https:\/\/www.correiobraziliense.com.br\/cbradar\/#\/schema\/person\/image\/","url":"https:\/\/secure.gravatar.com\/avatar\/3effd6bdadfa447f15089c7f7144eaa6?s=96&d=mm&r=g","contentUrl":"https:\/\/secure.gravatar.com\/avatar\/3effd6bdadfa447f15089c7f7144eaa6?s=96&d=mm&r=g","caption":"Maura Pereira"},"sameAs":["https:\/\/www.correiobraziliense.com.br\/"],"url":"https:\/\/www.correiobraziliense.com.br\/cbradar\/author\/mauramyth\/"}]}},"_links":{"self":[{"href":"https:\/\/www.correiobraziliense.com.br\/cbradar\/wp-json\/wp\/v2\/posts\/46299","targetHints":{"allow":["GET"]}}],"collection":[{"href":"https:\/\/www.correiobraziliense.com.br\/cbradar\/wp-json\/wp\/v2\/posts"}],"about":[{"href":"https:\/\/www.correiobraziliense.com.br\/cbradar\/wp-json\/wp\/v2\/types\/post"}],"author":[{"embeddable":true,"href":"https:\/\/www.correiobraziliense.com.br\/cbradar\/wp-json\/wp\/v2\/users\/8"}],"replies":[{"embeddable":true,"href":"https:\/\/www.correiobraziliense.com.br\/cbradar\/wp-json\/wp\/v2\/comments?post=46299"}],"version-history":[{"count":8,"href":"https:\/\/www.correiobraziliense.com.br\/cbradar\/wp-json\/wp\/v2\/posts\/46299\/revisions"}],"predecessor-version":[{"id":46592,"href":"https:\/\/www.correiobraziliense.com.br\/cbradar\/wp-json\/wp\/v2\/posts\/46299\/revisions\/46592"}],"wp:featuredmedia":[{"embeddable":true,"href":"https:\/\/www.correiobraziliense.com.br\/cbradar\/wp-json\/wp\/v2\/media\/46344"}],"wp:attachment":[{"href":"https:\/\/www.correiobraziliense.com.br\/cbradar\/wp-json\/wp\/v2\/media?parent=46299"}],"wp:term":[{"taxonomy":"category","embeddable":true,"href":"https:\/\/www.correiobraziliense.com.br\/cbradar\/wp-json\/wp\/v2\/categories?post=46299"},{"taxonomy":"post_tag","embeddable":true,"href":"https:\/\/www.correiobraziliense.com.br\/cbradar\/wp-json\/wp\/v2\/post_tag?post=46299"}],"curies":[{"name":"wp","href":"https:\/\/api.w.org\/{rel}","templated":true}]}}