{"id":4639,"date":"2025-02-22T18:50:00","date_gmt":"2025-02-22T21:50:00","guid":{"rendered":"https:\/\/www.correiobraziliense.com.br\/cbradar\/?p=4639"},"modified":"2025-02-21T08:16:07","modified_gmt":"2025-02-21T11:16:07","slug":"esses-iphones-serao-descontinuados-pela-apple-veja-modelos","status":"publish","type":"post","link":"https:\/\/www.correiobraziliense.com.br\/cbradar\/esses-iphones-serao-descontinuados-pela-apple-veja-modelos\/","title":{"rendered":"Esses iphones ser\u00e3o descontinuados pela Apple, veja modelos"},"content":{"rendered":"\n<p>A <strong>Apple <\/strong>revelou recentemente seu mais novo smartphone de entrada, o <strong>iPhone 16e<\/strong>. Este lan\u00e7amento representa uma alternativa mais acess\u00edvel para os consumidores que desejam um dispositivo da marca sem gastar tanto. O iPhone 16e chega ao mercado com um design moderno e caracter\u00edsticas que prometem atrair muitos usu\u00e1rios.<\/p>\n\n\n\n<p>Junto com o an\u00fancio do iPhone 16e, a Apple descontinuou discretamente alguns modelos mais antigos, incluindo o iPhone 14, o iPhone 14 Plus e o iPhone SE de terceira gera\u00e7\u00e3o. Essa decis\u00e3o segue a tend\u00eancia da empresa de renovar sua linha de produtos, eliminando gradualmente dispositivos com tecnologias mais antigas.<\/p>\n\n\n\n<h2 class=\"wp-block-heading\"><strong>O que o iPhone 16e oferece?<\/strong><\/h2>\n\n\n\n<p>O iPhone 16e vem equipado com uma tela OLED de 6,1 polegadas, proporcionando uma experi\u00eancia visual de alta qualidade. Al\u00e9m disso, o dispositivo \u00e9 alimentado pelo chip A18, que garante um desempenho r\u00e1pido e eficiente. O novo modelo tamb\u00e9m inclui o Face ID, substituindo o tradicional bot\u00e3o de In\u00edcio f\u00edsico, e \u00e9 compat\u00edvel com a Apple Intelligence, oferecendo recursos avan\u00e7ados de intelig\u00eancia artificial.<\/p>\n\n\n\n<p>Uma mudan\u00e7a significativa no iPhone 16e \u00e9 a ado\u00e7\u00e3o do padr\u00e3o USB-C para carregamento e transfer\u00eancia de dados. Essa altera\u00e7\u00e3o foi impulsionada por regulamenta\u00e7\u00f5es da Uni\u00e3o Europeia, que exigem que todos os celulares vendidos no bloco utilizem esse padr\u00e3o. Com isso, a Apple finalmente abandona a porta Lightning em seus novos dispositivos.<\/p>\n\n\n\n<figure class=\"wp-block-image size-large\"><img decoding=\"async\" width=\"1024\" height=\"576\" src=\"https:\/\/www.correiobraziliense.com.br\/cbradar\/wp-content\/uploads\/2025\/02\/iphones_1740135571132-1024x576.jpg\" alt=\"Esses iphones ser\u00e3o descontinuados pela Apple, veja modelos\" class=\"wp-image-4641\" srcset=\"https:\/\/www.correiobraziliense.com.br\/cbradar\/wp-content\/uploads\/2025\/02\/iphones_1740135571132-1024x576.jpg 1024w, https:\/\/www.correiobraziliense.com.br\/cbradar\/wp-content\/uploads\/2025\/02\/iphones_1740135571132-300x169.jpg 300w, https:\/\/www.correiobraziliense.com.br\/cbradar\/wp-content\/uploads\/2025\/02\/iphones_1740135571132-768x432.jpg 768w, https:\/\/www.correiobraziliense.com.br\/cbradar\/wp-content\/uploads\/2025\/02\/iphones_1740135571132-750x422.jpg 750w, https:\/\/www.correiobraziliense.com.br\/cbradar\/wp-content\/uploads\/2025\/02\/iphones_1740135571132-1140x641.jpg 1140w, https:\/\/www.correiobraziliense.com.br\/cbradar\/wp-content\/uploads\/2025\/02\/iphones_1740135571132.jpg 1280w\" sizes=\"(max-width: 1024px) 100vw, 1024px\" \/><figcaption class=\"wp-element-caption\">Iphones. Cr\u00e9ditos: depositphotos.com \/ jovannig<\/figcaption><\/figure>\n\n\n\n<h2 class=\"wp-block-heading\"><strong>Por que a Apple descontinuou os modelos anteriores?<\/strong><\/h2>\n\n\n\n<p>A descontinua\u00e7\u00e3o dos modelos iPhone 14, 14 Plus e SE de terceira gera\u00e7\u00e3o faz parte da estrat\u00e9gia da Apple de modernizar sua linha de produtos. Esses modelos ainda utilizavam a porta Lightning e o bot\u00e3o de In\u00edcio f\u00edsico, caracter\u00edsticas que a empresa est\u00e1 eliminando em favor de designs mais modernos e eficientes.<\/p>\n\n\n\n<p>Apesar de serem descontinuados, os consumidores que possuem esses modelos n\u00e3o precisam se preocupar imediatamente. A Apple garantiu que continuar\u00e1 oferecendo suporte de software por alguns anos, mantendo os dispositivos atualizados e seguros. No entanto, \u00e9 importante lembrar que a empresa costuma oferecer atualiza\u00e7\u00f5es por cerca de cinco anos ap\u00f3s o lan\u00e7amento de um modelo.<\/p>\n\n\n\n<h2 class=\"wp-block-heading\"><strong>O que significa para os usu\u00e1rios de iPhones descontinuados?<\/strong><\/h2>\n\n\n\n<p>Para os usu\u00e1rios que ainda possuem um iPhone 14, 14 Plus ou SE de terceira gera\u00e7\u00e3o, a descontinua\u00e7\u00e3o n\u00e3o significa o fim imediato do suporte. A Apple continuar\u00e1 a fornecer atualiza\u00e7\u00f5es de software, garantindo que esses dispositivos permane\u00e7am funcionais e seguros at\u00e9, pelo menos, 2027.<\/p>\n\n\n\n<p>Al\u00e9m disso, os consumidores que desejam adquirir um desses modelos ainda podem encontr\u00e1-los em algumas lojas f\u00edsicas e online, enquanto durarem os estoques. Isso oferece uma oportunidade para aqueles que preferem o design e as funcionalidades dos modelos mais antigos.<\/p>\n\n\n\n<h2 class=\"wp-block-heading\"><strong>O futuro dos iPhones e a transi\u00e7\u00e3o para o USB-C<\/strong><\/h2>\n\n\n\n<p>Com a introdu\u00e7\u00e3o do iPhone 16e e a transi\u00e7\u00e3o para o USB-C, a Apple est\u00e1 se alinhando \u00e0s exig\u00eancias regulat\u00f3rias e \u00e0s expectativas dos consumidores por dispositivos mais modernos e vers\u00e1teis. Essa mudan\u00e7a n\u00e3o apenas padroniza o carregamento e a transfer\u00eancia de dados, mas tamb\u00e9m simplifica a experi\u00eancia do usu\u00e1rio.<\/p>\n\n\n\n<p>\u00c0 medida que a Apple continua a inovar e a atualizar sua linha de produtos, os consumidores podem esperar por dispositivos que n\u00e3o apenas atendem \u00e0s suas necessidades tecnol\u00f3gicas, mas tamb\u00e9m oferecem uma experi\u00eancia de usu\u00e1rio mais integrada e eficiente.<\/p>\n","protected":false},"excerpt":{"rendered":"<p>A Apple lan\u00e7ou um novo smartphone de entrada, o iPhone 16e, oferecendo uma op\u00e7\u00e3o acess\u00edvel aos consumidores. Junto com o an\u00fancio.<\/p>\n","protected":false},"author":3,"featured_media":4640,"comment_status":"open","ping_status":"open","sticky":false,"template":"","format":"standard","meta":{"_yoast_wpseo_focuskw":"iphones descontinuados","_yoast_wpseo_title":"%%title%%","_yoast_wpseo_metadesc":"A Apple lan\u00e7ou um novo smartphone de entrada, o iPhone 16e, oferecendo uma op\u00e7\u00e3o acess\u00edvel aos consumidores. Junto com o an\u00fancio.","jnews-multi-image_gallery":[],"jnews_single_post":{"format":"standard"},"jnews_primary_category":[],"jnews_social_meta":[],"jnews_override_counter":[],"footnotes":""},"categories":[115],"post_tag":[158],"class_list":["post-4639","post","type-post","status-publish","format-standard","has-post-thumbnail","hentry","category-tecnologia","tag-apple"],"yoast_head":"<!-- This site is optimized with the Yoast SEO plugin v24.6 - https:\/\/yoast.com\/wordpress\/plugins\/seo\/ -->\n<title>Esses iphones ser\u00e3o descontinuados pela Apple, veja modelos<\/title>\n<meta name=\"description\" content=\"A Apple lan\u00e7ou um novo smartphone de entrada, o iPhone 16e, oferecendo uma op\u00e7\u00e3o acess\u00edvel aos consumidores. Junto com o an\u00fancio.\" \/>\n<meta name=\"robots\" content=\"index, follow, max-snippet:-1, max-image-preview:large, max-video-preview:-1\" \/>\n<link rel=\"canonical\" href=\"https:\/\/www.correiobraziliense.com.br\/cbradar\/esses-iphones-serao-descontinuados-pela-apple-veja-modelos\/\" \/>\n<meta property=\"og:locale\" content=\"pt_BR\" \/>\n<meta property=\"og:type\" content=\"article\" \/>\n<meta property=\"og:title\" content=\"Esses iphones ser\u00e3o descontinuados pela Apple, veja modelos\" \/>\n<meta property=\"og:description\" content=\"A Apple lan\u00e7ou um novo smartphone de entrada, o iPhone 16e, oferecendo uma op\u00e7\u00e3o acess\u00edvel aos consumidores. Junto com o an\u00fancio.\" \/>\n<meta property=\"og:url\" content=\"https:\/\/www.correiobraziliense.com.br\/cbradar\/esses-iphones-serao-descontinuados-pela-apple-veja-modelos\/\" \/>\n<meta property=\"og:site_name\" content=\"Correio Braziliense - Radar\" \/>\n<meta property=\"article:published_time\" content=\"2025-02-22T21:50:00+00:00\" \/>\n<meta property=\"og:image\" content=\"https:\/\/www.correiobraziliense.com.br\/cbradar\/wp-content\/uploads\/2025\/02\/iphones_1740135537875.jpg\" \/>\n\t<meta property=\"og:image:width\" content=\"1280\" \/>\n\t<meta property=\"og:image:height\" content=\"720\" \/>\n\t<meta property=\"og:image:type\" content=\"image\/jpeg\" \/>\n<meta name=\"author\" content=\"Larissa Carvalho\" \/>\n<meta name=\"twitter:card\" content=\"summary_large_image\" \/>\n<meta name=\"twitter:label1\" content=\"Escrito por\" \/>\n\t<meta name=\"twitter:data1\" content=\"Larissa Carvalho\" \/>\n\t<meta name=\"twitter:label2\" content=\"Est. tempo de leitura\" \/>\n\t<meta name=\"twitter:data2\" content=\"4 minutos\" \/>\n<!-- \/ Yoast SEO plugin. -->","yoast_head_json":{"title":"Esses iphones ser\u00e3o descontinuados pela Apple, veja modelos","description":"A Apple lan\u00e7ou um novo smartphone de entrada, o iPhone 16e, oferecendo uma op\u00e7\u00e3o acess\u00edvel aos consumidores. Junto com o an\u00fancio.","robots":{"index":"index","follow":"follow","max-snippet":"max-snippet:-1","max-image-preview":"max-image-preview:large","max-video-preview":"max-video-preview:-1"},"canonical":"https:\/\/www.correiobraziliense.com.br\/cbradar\/esses-iphones-serao-descontinuados-pela-apple-veja-modelos\/","og_locale":"pt_BR","og_type":"article","og_title":"Esses iphones ser\u00e3o descontinuados pela Apple, veja modelos","og_description":"A Apple lan\u00e7ou um novo smartphone de entrada, o iPhone 16e, oferecendo uma op\u00e7\u00e3o acess\u00edvel aos consumidores. Junto com o an\u00fancio.","og_url":"https:\/\/www.correiobraziliense.com.br\/cbradar\/esses-iphones-serao-descontinuados-pela-apple-veja-modelos\/","og_site_name":"Correio Braziliense - Radar","article_published_time":"2025-02-22T21:50:00+00:00","og_image":[{"width":1280,"height":720,"url":"https:\/\/www.correiobraziliense.com.br\/cbradar\/wp-content\/uploads\/2025\/02\/iphones_1740135537875.jpg","type":"image\/jpeg"}],"author":"Larissa Carvalho","twitter_card":"summary_large_image","twitter_misc":{"Escrito por":"Larissa Carvalho","Est. tempo de leitura":"4 minutos"},"schema":{"@context":"https:\/\/schema.org","@graph":[{"@type":"WebPage","@id":"https:\/\/www.correiobraziliense.com.br\/cbradar\/esses-iphones-serao-descontinuados-pela-apple-veja-modelos\/","url":"https:\/\/www.correiobraziliense.com.br\/cbradar\/esses-iphones-serao-descontinuados-pela-apple-veja-modelos\/","name":"Esses iphones ser\u00e3o descontinuados pela Apple, veja modelos","isPartOf":{"@id":"https:\/\/www.correiobraziliense.com.br\/cbradar\/#website"},"primaryImageOfPage":{"@id":"https:\/\/www.correiobraziliense.com.br\/cbradar\/esses-iphones-serao-descontinuados-pela-apple-veja-modelos\/#primaryimage"},"image":{"@id":"https:\/\/www.correiobraziliense.com.br\/cbradar\/esses-iphones-serao-descontinuados-pela-apple-veja-modelos\/#primaryimage"},"thumbnailUrl":"https:\/\/www.correiobraziliense.com.br\/cbradar\/wp-content\/uploads\/2025\/02\/iphones_1740135537875.jpg","datePublished":"2025-02-22T21:50:00+00:00","author":{"@id":"https:\/\/www.correiobraziliense.com.br\/cbradar\/#\/schema\/person\/58422787644df994b53a19d3e56c1513"},"description":"A Apple lan\u00e7ou um novo smartphone de entrada, o iPhone 16e, oferecendo uma op\u00e7\u00e3o acess\u00edvel aos consumidores. Junto com o an\u00fancio.","breadcrumb":{"@id":"https:\/\/www.correiobraziliense.com.br\/cbradar\/esses-iphones-serao-descontinuados-pela-apple-veja-modelos\/#breadcrumb"},"inLanguage":"pt-BR","potentialAction":[{"@type":"ReadAction","target":["https:\/\/www.correiobraziliense.com.br\/cbradar\/esses-iphones-serao-descontinuados-pela-apple-veja-modelos\/"]}]},{"@type":"ImageObject","inLanguage":"pt-BR","@id":"https:\/\/www.correiobraziliense.com.br\/cbradar\/esses-iphones-serao-descontinuados-pela-apple-veja-modelos\/#primaryimage","url":"https:\/\/www.correiobraziliense.com.br\/cbradar\/wp-content\/uploads\/2025\/02\/iphones_1740135537875.jpg","contentUrl":"https:\/\/www.correiobraziliense.com.br\/cbradar\/wp-content\/uploads\/2025\/02\/iphones_1740135537875.jpg","width":1280,"height":720,"caption":"Lista de iphones que ser\u00e3o descontinuados. Cr\u00e9ditos: depositphotos.com \/ ifeelstock"},{"@type":"BreadcrumbList","@id":"https:\/\/www.correiobraziliense.com.br\/cbradar\/esses-iphones-serao-descontinuados-pela-apple-veja-modelos\/#breadcrumb","itemListElement":[{"@type":"ListItem","position":1,"name":"In\u00edcio","item":"https:\/\/www.correiobraziliense.com.br\/cbradar\/"},{"@type":"ListItem","position":2,"name":"Esses iphones ser\u00e3o descontinuados pela Apple, veja modelos"}]},{"@type":"WebSite","@id":"https:\/\/www.correiobraziliense.com.br\/cbradar\/#website","url":"https:\/\/www.correiobraziliense.com.br\/cbradar\/","name":"Correio Braziliense - Radar","description":"Acompanhe as \u00faltimas not\u00edcias e fique bem informado sobre tudo o que acontece no Brasil e no mundo.","potentialAction":[{"@type":"SearchAction","target":{"@type":"EntryPoint","urlTemplate":"https:\/\/www.correiobraziliense.com.br\/cbradar\/?s={search_term_string}"},"query-input":{"@type":"PropertyValueSpecification","valueRequired":true,"valueName":"search_term_string"}}],"inLanguage":"pt-BR"},{"@type":"Person","@id":"https:\/\/www.correiobraziliense.com.br\/cbradar\/#\/schema\/person\/58422787644df994b53a19d3e56c1513","name":"Larissa Carvalho","image":{"@type":"ImageObject","inLanguage":"pt-BR","@id":"https:\/\/www.correiobraziliense.com.br\/cbradar\/#\/schema\/person\/image\/","url":"https:\/\/secure.gravatar.com\/avatar\/fe4f91a0de32b52a838d0d612abdc1aa?s=96&d=mm&r=g","contentUrl":"https:\/\/secure.gravatar.com\/avatar\/fe4f91a0de32b52a838d0d612abdc1aa?s=96&d=mm&r=g","caption":"Larissa Carvalho"},"url":"https:\/\/www.correiobraziliense.com.br\/cbradar\/author\/larissamyth\/"}]}},"_links":{"self":[{"href":"https:\/\/www.correiobraziliense.com.br\/cbradar\/wp-json\/wp\/v2\/posts\/4639","targetHints":{"allow":["GET"]}}],"collection":[{"href":"https:\/\/www.correiobraziliense.com.br\/cbradar\/wp-json\/wp\/v2\/posts"}],"about":[{"href":"https:\/\/www.correiobraziliense.com.br\/cbradar\/wp-json\/wp\/v2\/types\/post"}],"author":[{"embeddable":true,"href":"https:\/\/www.correiobraziliense.com.br\/cbradar\/wp-json\/wp\/v2\/users\/3"}],"replies":[{"embeddable":true,"href":"https:\/\/www.correiobraziliense.com.br\/cbradar\/wp-json\/wp\/v2\/comments?post=4639"}],"version-history":[{"count":1,"href":"https:\/\/www.correiobraziliense.com.br\/cbradar\/wp-json\/wp\/v2\/posts\/4639\/revisions"}],"predecessor-version":[{"id":4642,"href":"https:\/\/www.correiobraziliense.com.br\/cbradar\/wp-json\/wp\/v2\/posts\/4639\/revisions\/4642"}],"wp:featuredmedia":[{"embeddable":true,"href":"https:\/\/www.correiobraziliense.com.br\/cbradar\/wp-json\/wp\/v2\/media\/4640"}],"wp:attachment":[{"href":"https:\/\/www.correiobraziliense.com.br\/cbradar\/wp-json\/wp\/v2\/media?parent=4639"}],"wp:term":[{"taxonomy":"category","embeddable":true,"href":"https:\/\/www.correiobraziliense.com.br\/cbradar\/wp-json\/wp\/v2\/categories?post=4639"},{"taxonomy":"post_tag","embeddable":true,"href":"https:\/\/www.correiobraziliense.com.br\/cbradar\/wp-json\/wp\/v2\/post_tag?post=4639"}],"curies":[{"name":"wp","href":"https:\/\/api.w.org\/{rel}","templated":true}]}}