{"id":46411,"date":"2025-06-03T12:23:00","date_gmt":"2025-06-03T15:23:00","guid":{"rendered":"https:\/\/www.correiobraziliense.com.br\/cbradar\/?p=46411"},"modified":"2025-06-03T02:17:44","modified_gmt":"2025-06-03T05:17:44","slug":"esse-erro-comum-esta-por-tras-da-acne-que-aparece-depois-dos-30","status":"publish","type":"post","link":"https:\/\/www.correiobraziliense.com.br\/cbradar\/esse-erro-comum-esta-por-tras-da-acne-que-aparece-depois-dos-30\/","title":{"rendered":"Esse erro comum est\u00e1 por tr\u00e1s da acne que aparece depois dos 30"},"content":{"rendered":"\n<p>A <a href=\"https:\/\/pt.wikipedia.org\/wiki\/Acne\" target=\"_blank\" rel=\"noreferrer noopener\"><strong>acne<\/strong> <\/a>\u00e9 classicamente associada \u00e0 <strong>adolesc\u00eancia<\/strong>, um per\u00edodo de intensas mudan\u00e7as hormonais que frequentemente resultam em pele oleosa e o surgimento de cravos e espinhas. No entanto, o que muitas pessoas n\u00e3o sabem \u00e9 que a acne pode persistir ou at\u00e9 mesmo surgir pela primeira vez na <strong>idade adulta<\/strong>, afetando indiv\u00edduos com 25 anos ou mais. Essa condi\u00e7\u00e3o, conhecida como <strong>acne adulta<\/strong>, \u00e9 cada vez mais comum e pode ser t\u00e3o frustrante e impactante para a autoestima quanto a acne juvenil, se n\u00e3o mais, por ser inesperada nessa fase da vida.<\/p>\n\n\n\n<p>A cren\u00e7a de que a acne \u00e9 um problema que &#8220;voc\u00ea cresce e ela passa&#8221; \u00e9 um <strong>mito<\/strong> que precisa ser desmistificado. A acne adulta tem suas pr\u00f3prias particularidades, causas e padr\u00f5es de manifesta\u00e7\u00e3o, que muitas vezes diferem da acne adolescente. Ela pode ser persistente (continuar desde a adolesc\u00eancia), de in\u00edcio tardio (surgir pela primeira vez na idade adulta) ou tardia (reaparecer ap\u00f3s um per\u00edodo de pele clara). Compreender que a acne na idade adulta \u00e9 uma condi\u00e7\u00e3o real e multifatorial \u00e9 o primeiro passo para buscar o diagn\u00f3stico correto e o tratamento adequado, que permita restaurar a <a href=\"https:\/\/www.correiobraziliense.com.br\/cbradar\/um-problema-que-pode-acabar-afetando-o-seu-pequeno-bebe\/\" target=\"_blank\" rel=\"noreferrer noopener\">sa\u00fade <\/a>da pele e a confian\u00e7a.<\/p>\n\n\n\n<h2 class=\"wp-block-heading\">Quais s\u00e3o as principais causas da acne na idade adulta?<\/h2>\n\n\n<div class=\"wp-block-image\">\n<figure class=\"aligncenter size-large\"><img decoding=\"async\" width=\"1024\" height=\"576\" src=\"https:\/\/www.correiobraziliense.com.br\/cbradar\/wp-content\/uploads\/2025\/03\/acne_1742820897789-1024x576.jpg\" alt=\"Esse erro comum est\u00e1 por tr\u00e1s da acne que aparece depois dos 30\" class=\"wp-image-15235\" srcset=\"https:\/\/www.correiobraziliense.com.br\/cbradar\/wp-content\/uploads\/2025\/03\/acne_1742820897789-1024x576.jpg 1024w, https:\/\/www.correiobraziliense.com.br\/cbradar\/wp-content\/uploads\/2025\/03\/acne_1742820897789-300x169.jpg 300w, https:\/\/www.correiobraziliense.com.br\/cbradar\/wp-content\/uploads\/2025\/03\/acne_1742820897789-768x432.jpg 768w, https:\/\/www.correiobraziliense.com.br\/cbradar\/wp-content\/uploads\/2025\/03\/acne_1742820897789-750x422.jpg 750w, https:\/\/www.correiobraziliense.com.br\/cbradar\/wp-content\/uploads\/2025\/03\/acne_1742820897789-1140x641.jpg 1140w, https:\/\/www.correiobraziliense.com.br\/cbradar\/wp-content\/uploads\/2025\/03\/acne_1742820897789.jpg 1280w\" sizes=\"(max-width: 1024px) 100vw, 1024px\" \/><figcaption class=\"wp-element-caption\">Acne &#8211; Cr\u00e9ditos: depositphotos.com \/ IgorVetushko<\/figcaption><\/figure><\/div>\n\n\n<p>As <strong>causas da acne na idade adulta<\/strong> s\u00e3o complexas e frequentemente envolvem uma combina\u00e7\u00e3o de fatores, o que a torna um desafio para o tratamento. Diferente da acne adolescente, que \u00e9 predominantemente hormonal e se manifesta de forma mais difusa, a acne adulta tende a ser mais inflamat\u00f3ria e concentrada em certas \u00e1reas.<\/p>\n\n\n\n<p>As principais causas incluem:<\/p>\n\n\n\n<ul class=\"wp-block-list\">\n<li><strong>Flutua\u00e7\u00f5es hormonais<\/strong>: Este \u00e9 um dos fatores mais significativos. Mulheres s\u00e3o mais propensas \u00e0 acne adulta devido a:\n<ul class=\"wp-block-list\">\n<li><strong>Ciclo menstrual<\/strong>: Varia\u00e7\u00f5es hormonais durante o ciclo podem desencadear surtos.<\/li>\n\n\n\n<li><strong>Gravidez<\/strong>: As altera\u00e7\u00f5es hormonais podem piorar ou causar acne.<\/li>\n\n\n\n<li><strong>S\u00edndrome dos Ov\u00e1rios Polic\u00edsticos (SOP)<\/strong>: Uma condi\u00e7\u00e3o hormonal que frequentemente causa acne, hirsutismo (excesso de pelos) e irregularidades menstruais.<\/li>\n\n\n\n<li><strong>Menopausa e Perimenopausa<\/strong>: Mudan\u00e7as nos n\u00edveis de estrog\u00eanio e progesterona.<\/li>\n<\/ul>\n<\/li>\n\n\n\n<li><strong>Estresse<\/strong>: O <strong>estresse cr\u00f4nico<\/strong> eleva os n\u00edveis de <strong>cortisol<\/strong> e outros horm\u00f4nios que podem estimular as gl\u00e2ndulas seb\u00e1ceas a produzir mais \u00f3leo, piorando a acne.<\/li>\n\n\n\n<li><strong>Gen\u00e9tica<\/strong>: Se seus pais tiveram acne adulta, voc\u00ea pode ter uma predisposi\u00e7\u00e3o maior.<\/li>\n\n\n\n<li><strong>Uso de medicamentos<\/strong>: Certos medicamentos, como corticosteroides, l\u00edtio, anticonvulsivantes e alguns contraceptivos orais, podem desencadear ou agravar a acne.<\/li>\n\n\n\n<li><strong>Produtos cosm\u00e9ticos e capilares<\/strong>: O uso de produtos &#8220;comedog\u00eanicos&#8221; (que obstruem os poros) ou irritantes pode piorar a acne, especialmente em \u00e1reas como testa, linha do cabelo e pesco\u00e7o.<\/li>\n\n\n\n<li><strong>Dieta<\/strong>: Embora a rela\u00e7\u00e3o seja complexa e individual, alguns estudos sugerem que o alto consumo de latic\u00ednios e alimentos com alto \u00edndice glic\u00eamico (ricos em a\u00e7\u00facar e carboidratos refinados) pode estar associado \u00e0 piora da acne em certas pessoas.<\/li>\n\n\n\n<li><strong>Fatores ambientais<\/strong>: Polui\u00e7\u00e3o e umidade excessiva podem contribuir.<\/li>\n<\/ul>\n\n\n\n<p>A identifica\u00e7\u00e3o das causas subjacentes \u00e9 fundamental para um tratamento eficaz.<\/p>\n\n\n\n<h2 class=\"wp-block-heading\">Mitos comuns sobre a acne adulta: desvendando verdades e equ\u00edvocos.<\/h2>\n\n\n\n<p>A <strong>acne adulta<\/strong> \u00e9 cercada por muitos <strong>mitos<\/strong> que podem levar a abordagens ineficazes e frustra\u00e7\u00e3o.<\/p>\n\n\n\n<ul class=\"wp-block-list\">\n<li><strong>Mito 1: &#8220;Acne em adulto significa que sua higiene \u00e9 ruim.&#8221;<\/strong>\n<ul class=\"wp-block-list\">\n<li><strong>Verdade<\/strong>: N\u00e3o tem rela\u00e7\u00e3o. A acne \u00e9 uma condi\u00e7\u00e3o inflamat\u00f3ria complexa, n\u00e3o uma quest\u00e3o de falta de higiene. Lavar o rosto em excesso ou esfregar com for\u00e7a pode, na verdade, irritar a pele e piorar a acne.<\/li>\n<\/ul>\n<\/li>\n\n\n\n<li><strong>Mito 2: &#8220;Apenas adolescentes t\u00eam acne.&#8221;<\/strong>\n<ul class=\"wp-block-list\">\n<li><strong>Verdade<\/strong>: Como abordado, a acne adulta \u00e9 uma realidade crescente, afetando mulheres e homens ap\u00f3s os 25 anos, muitas vezes devido a fatores hormonais e estresse.<\/li>\n<\/ul>\n<\/li>\n\n\n\n<li><strong>Mito 3: &#8220;A acne \u00e9 causada por chocolate e frituras.&#8221;<\/strong>\n<ul class=\"wp-block-list\">\n<li><strong>Verdade (com nuances)<\/strong>: Embora o consumo de alimentos com alto \u00edndice glic\u00eamico e latic\u00ednios possa agravar a acne em algumas pessoas sens\u00edveis, n\u00e3o s\u00e3o a causa prim\u00e1ria. A dieta n\u00e3o \u00e9 o \u00fanico fator, e a rea\u00e7\u00e3o \u00e9 individual.<\/li>\n<\/ul>\n<\/li>\n\n\n\n<li><strong>Mito 4: &#8220;Espremer espinhas ajuda a cur\u00e1-las mais r\u00e1pido.&#8221;<\/strong>\n<ul class=\"wp-block-list\">\n<li><strong>Verdade (muito perigosa)<\/strong>: \u00c9 um <strong>mito<\/strong> altamente prejudicial. Espremer espinhas pode piorar a inflama\u00e7\u00e3o, empurrar bact\u00e9rias mais profundamente na pele, causar cicatrizes, manchas e infec\u00e7\u00f5es. Sempre evite manipular as les\u00f5es.<\/li>\n<\/ul>\n<\/li>\n\n\n\n<li><strong>Mito 5: &#8220;Maquiagem piora a acne, ent\u00e3o \u00e9 melhor n\u00e3o usar.&#8221;<\/strong>\n<ul class=\"wp-block-list\">\n<li><strong>Verdade (com ressalvas)<\/strong>: Se a maquiagem for &#8220;comedog\u00eanica&#8221; ou pesada, pode sim piorar. No entanto, existem maquiagens &#8220;n\u00e3o comedog\u00eanicas&#8221; e &#8220;oil-free&#8221; que podem ser usadas sem agravar a acne, desde que removidas completamente no final do dia.<\/li>\n<\/ul>\n<\/li>\n<\/ul>\n\n\n\n<p>Desmistificar essas cren\u00e7as \u00e9 crucial para adotar uma abordagem de tratamento baseada em evid\u00eancias.<\/p>\n\n\n\n<h2 class=\"wp-block-heading\">Quais s\u00e3o os tratamentos eficazes e cuidados com a pele para a acne adulta?<\/h2>\n\n\n\n<p>O tratamento da <strong>acne adulta<\/strong> deve ser individualizado e, idealmente, orientado por um dermatologista, dada a complexidade de suas causas. A paci\u00eancia e a consist\u00eancia s\u00e3o fundamentais.<\/p>\n\n\n\n<p><strong>Cuidados com a pele (rotina di\u00e1ria):<\/strong><\/p>\n\n\n\n<ol class=\"wp-block-list\">\n<li><strong>Limpeza suave<\/strong>: Lave o rosto duas vezes ao dia com um sabonete suave, espec\u00edfico para pele acneica ou sens\u00edvel. Evite produtos abrasivos ou que ressequem demais.<\/li>\n\n\n\n<li><strong>Hidrata\u00e7\u00e3o<\/strong>: Use um hidratante <strong>n\u00e3o comedog\u00eanico<\/strong> e <strong>oil-free<\/strong>. Muitos tratamentos para acne podem ressecar a pele, e a hidrata\u00e7\u00e3o ajuda a manter a barreira cut\u00e2nea \u00edntegra.<\/li>\n\n\n\n<li><strong>Prote\u00e7\u00e3o solar<\/strong>: Use protetor solar facial com FPS 30 ou superior, <strong>n\u00e3o comedog\u00eanico<\/strong>, diariamente. A exposi\u00e7\u00e3o solar pode piorar as manchas p\u00f3s-inflamat\u00f3rias (hiperpigmenta\u00e7\u00e3o).<\/li>\n\n\n\n<li><strong>Maquiagem e produtos capilares<\/strong>: Opte por produtos rotulados como &#8220;n\u00e3o comedog\u00eanicos&#8221; e &#8220;oil-free&#8221;.<\/li>\n<\/ol>\n\n\n\n<p><strong>Tratamentos t\u00f3picos (muitas vezes prescritos):<\/strong><\/p>\n\n\n\n<ul class=\"wp-block-list\">\n<li><strong>Retinoides t\u00f3picos<\/strong>: Como o <strong>adapaleno<\/strong> ou a <strong>tretino\u00edna<\/strong>. Ajudam a desobstruir os poros, reduzir a forma\u00e7\u00e3o de cravos e espinhas e diminuir a inflama\u00e7\u00e3o. Usar \u00e0 noite.<\/li>\n\n\n\n<li><strong>Per\u00f3xido de benzo\u00edla<\/strong>: Reduz as bact\u00e9rias que causam acne e ajuda a secar as les\u00f5es. Pode causar ressecamento e irrita\u00e7\u00e3o inicial.<\/li>\n\n\n\n<li><strong>\u00c1cido azelaico<\/strong>: Possui propriedades antibacterianas, anti-inflamat\u00f3rias e ajuda a reduzir a vermelhid\u00e3o e as manchas.<\/li>\n\n\n\n<li><strong>Antibi\u00f3ticos t\u00f3picos<\/strong>: Usados em combina\u00e7\u00e3o com outros tratamentos para reduzir bact\u00e9rias e inflama\u00e7\u00e3o.<\/li>\n<\/ul>\n\n\n\n<p><strong>Tratamentos orais (prescritos para casos moderados a severos):<\/strong><\/p>\n\n\n\n<ul class=\"wp-block-list\">\n<li><strong>Antibi\u00f3ticos<\/strong>: Para reduzir bact\u00e9rias e inflama\u00e7\u00e3o. Geralmente usados por um per\u00edodo limitado.<\/li>\n\n\n\n<li><strong>Contraceptivos orais<\/strong>: Para mulheres com acne hormonal, certos tipos de p\u00edlulas podem regular os n\u00edveis hormonais e melhorar a acne.<\/li>\n\n\n\n<li><strong>Espironolactona<\/strong>: Um diur\u00e9tico que tem efeitos antiandrog\u00eanicos, \u00fatil para mulheres com acne hormonal que n\u00e3o respondem a outros tratamentos.<\/li>\n\n\n\n<li><strong>Isotretino\u00edna (Roacutan\u00ae)<\/strong>: Usada em casos de acne severa ou resistente a outros tratamentos. Requer monitoramento m\u00e9dico rigoroso devido aos potenciais efeitos colaterais.<\/li>\n<\/ul>\n\n\n\n<p><strong>Outras abordagens:<\/strong><\/p>\n\n\n\n<ul class=\"wp-block-list\">\n<li><strong>Procedimentos dermatol\u00f3gicos<\/strong>: Peelings qu\u00edmicos, laser e terapias com luz podem complementar o tratamento.<\/li>\n\n\n\n<li><strong>Manejo do estresse<\/strong>: T\u00e9cnicas de relaxamento, exerc\u00edcios e sono adequado podem ajudar a controlar o estresse e, consequentemente, a acne.<\/li>\n<\/ul>\n\n\n\n<p>O tratamento da acne adulta \u00e9 uma jornada que exige paci\u00eancia e, muitas vezes, a combina\u00e7\u00e3o de diferentes abordagens, sempre sob a orienta\u00e7\u00e3o de um dermatologista.<\/p>\n","protected":false},"excerpt":{"rendered":"<p>A acne \u00e9 classicamente associada \u00e0 adolesc\u00eancia, um per\u00edodo de intensas mudan\u00e7as hormonais que frequentemente resultam em pele oleosa e o surgimento de cravos e espinhas. No entanto, o que muitas pessoas n\u00e3o sabem \u00e9 que a acne pode persistir ou at\u00e9 mesmo surgir pela primeira vez na idade adulta, afetando indiv\u00edduos com 25 anos [&hellip;]<\/p>\n","protected":false},"author":11,"featured_media":11165,"comment_status":"open","ping_status":"open","sticky":false,"template":"","format":"standard","meta":{"_yoast_wpseo_focuskw":"Acne","_yoast_wpseo_title":"","_yoast_wpseo_metadesc":"Se a acne voltou ou apareceu agora na fase adulta, esse guia mostra os motivos e as solu\u00e7\u00f5es mais eficazes segundo dermatologistas.","jnews-multi-image_gallery":[],"jnews_single_post":{"format":"standard"},"jnews_primary_category":[],"jnews_social_meta":[],"jnews_override_counter":[],"footnotes":""},"categories":[119],"post_tag":[2341,120,565],"class_list":["post-46411","post","type-post","status-publish","format-standard","has-post-thumbnail","hentry","category-bem-estar","tag-acne","tag-bem-estar","tag-saude"],"yoast_head":"<!-- This site is optimized with the Yoast SEO plugin v24.6 - https:\/\/yoast.com\/wordpress\/plugins\/seo\/ -->\n<title>Esse erro comum est\u00e1 por tr\u00e1s da acne que aparece depois dos 30 - Correio Braziliense - Radar<\/title>\n<meta name=\"description\" content=\"Se a acne voltou ou apareceu agora na fase adulta, esse guia mostra os motivos e as solu\u00e7\u00f5es mais eficazes segundo dermatologistas.\" \/>\n<meta name=\"robots\" content=\"index, follow, max-snippet:-1, max-image-preview:large, max-video-preview:-1\" \/>\n<link rel=\"canonical\" href=\"https:\/\/www.correiobraziliense.com.br\/cbradar\/esse-erro-comum-esta-por-tras-da-acne-que-aparece-depois-dos-30\/\" \/>\n<meta property=\"og:locale\" content=\"pt_BR\" \/>\n<meta property=\"og:type\" content=\"article\" \/>\n<meta property=\"og:title\" content=\"Esse erro comum est\u00e1 por tr\u00e1s da acne que aparece depois dos 30 - Correio Braziliense - Radar\" \/>\n<meta property=\"og:description\" content=\"Se a acne voltou ou apareceu agora na fase adulta, esse guia mostra os motivos e as solu\u00e7\u00f5es mais eficazes segundo dermatologistas.\" \/>\n<meta property=\"og:url\" content=\"https:\/\/www.correiobraziliense.com.br\/cbradar\/esse-erro-comum-esta-por-tras-da-acne-que-aparece-depois-dos-30\/\" \/>\n<meta property=\"og:site_name\" content=\"Correio Braziliense - Radar\" \/>\n<meta property=\"article:published_time\" content=\"2025-06-03T15:23:00+00:00\" \/>\n<meta property=\"og:image\" content=\"https:\/\/www.correiobraziliense.com.br\/cbradar\/wp-content\/uploads\/2025\/03\/acne_1741619019567.jpg\" \/>\n\t<meta property=\"og:image:width\" content=\"1280\" \/>\n\t<meta property=\"og:image:height\" content=\"720\" \/>\n\t<meta property=\"og:image:type\" content=\"image\/jpeg\" \/>\n<meta name=\"author\" content=\"Paulo Custodio\" \/>\n<meta name=\"twitter:card\" content=\"summary_large_image\" \/>\n<meta name=\"twitter:label1\" content=\"Escrito por\" \/>\n\t<meta name=\"twitter:data1\" content=\"Paulo Custodio\" \/>\n\t<meta name=\"twitter:label2\" content=\"Est. tempo de leitura\" \/>\n\t<meta name=\"twitter:data2\" content=\"7 minutos\" \/>\n<!-- \/ Yoast SEO plugin. -->","yoast_head_json":{"title":"Esse erro comum est\u00e1 por tr\u00e1s da acne que aparece depois dos 30 - Correio Braziliense - Radar","description":"Se a acne voltou ou apareceu agora na fase adulta, esse guia mostra os motivos e as solu\u00e7\u00f5es mais eficazes segundo dermatologistas.","robots":{"index":"index","follow":"follow","max-snippet":"max-snippet:-1","max-image-preview":"max-image-preview:large","max-video-preview":"max-video-preview:-1"},"canonical":"https:\/\/www.correiobraziliense.com.br\/cbradar\/esse-erro-comum-esta-por-tras-da-acne-que-aparece-depois-dos-30\/","og_locale":"pt_BR","og_type":"article","og_title":"Esse erro comum est\u00e1 por tr\u00e1s da acne que aparece depois dos 30 - Correio Braziliense - Radar","og_description":"Se a acne voltou ou apareceu agora na fase adulta, esse guia mostra os motivos e as solu\u00e7\u00f5es mais eficazes segundo dermatologistas.","og_url":"https:\/\/www.correiobraziliense.com.br\/cbradar\/esse-erro-comum-esta-por-tras-da-acne-que-aparece-depois-dos-30\/","og_site_name":"Correio Braziliense - Radar","article_published_time":"2025-06-03T15:23:00+00:00","og_image":[{"width":1280,"height":720,"url":"https:\/\/www.correiobraziliense.com.br\/cbradar\/wp-content\/uploads\/2025\/03\/acne_1741619019567.jpg","type":"image\/jpeg"}],"author":"Paulo Custodio","twitter_card":"summary_large_image","twitter_misc":{"Escrito por":"Paulo Custodio","Est. tempo de leitura":"7 minutos"},"schema":{"@context":"https:\/\/schema.org","@graph":[{"@type":"WebPage","@id":"https:\/\/www.correiobraziliense.com.br\/cbradar\/esse-erro-comum-esta-por-tras-da-acne-que-aparece-depois-dos-30\/","url":"https:\/\/www.correiobraziliense.com.br\/cbradar\/esse-erro-comum-esta-por-tras-da-acne-que-aparece-depois-dos-30\/","name":"Esse erro comum est\u00e1 por tr\u00e1s da acne que aparece depois dos 30 - Correio Braziliense - Radar","isPartOf":{"@id":"https:\/\/www.correiobraziliense.com.br\/cbradar\/#website"},"primaryImageOfPage":{"@id":"https:\/\/www.correiobraziliense.com.br\/cbradar\/esse-erro-comum-esta-por-tras-da-acne-que-aparece-depois-dos-30\/#primaryimage"},"image":{"@id":"https:\/\/www.correiobraziliense.com.br\/cbradar\/esse-erro-comum-esta-por-tras-da-acne-que-aparece-depois-dos-30\/#primaryimage"},"thumbnailUrl":"https:\/\/www.correiobraziliense.com.br\/cbradar\/wp-content\/uploads\/2025\/03\/acne_1741619019567.jpg","datePublished":"2025-06-03T15:23:00+00:00","author":{"@id":"https:\/\/www.correiobraziliense.com.br\/cbradar\/#\/schema\/person\/4cec7857301a9a1a2ef249893cd908d3"},"description":"Se a acne voltou ou apareceu agora na fase adulta, esse guia mostra os motivos e as solu\u00e7\u00f5es mais eficazes segundo dermatologistas.","breadcrumb":{"@id":"https:\/\/www.correiobraziliense.com.br\/cbradar\/esse-erro-comum-esta-por-tras-da-acne-que-aparece-depois-dos-30\/#breadcrumb"},"inLanguage":"pt-BR","potentialAction":[{"@type":"ReadAction","target":["https:\/\/www.correiobraziliense.com.br\/cbradar\/esse-erro-comum-esta-por-tras-da-acne-que-aparece-depois-dos-30\/"]}]},{"@type":"ImageObject","inLanguage":"pt-BR","@id":"https:\/\/www.correiobraziliense.com.br\/cbradar\/esse-erro-comum-esta-por-tras-da-acne-que-aparece-depois-dos-30\/#primaryimage","url":"https:\/\/www.correiobraziliense.com.br\/cbradar\/wp-content\/uploads\/2025\/03\/acne_1741619019567.jpg","contentUrl":"https:\/\/www.correiobraziliense.com.br\/cbradar\/wp-content\/uploads\/2025\/03\/acne_1741619019567.jpg","width":1280,"height":720,"caption":"Acne - Cr\u00e9ditos: depositphotos.com \/ serezniy"},{"@type":"BreadcrumbList","@id":"https:\/\/www.correiobraziliense.com.br\/cbradar\/esse-erro-comum-esta-por-tras-da-acne-que-aparece-depois-dos-30\/#breadcrumb","itemListElement":[{"@type":"ListItem","position":1,"name":"In\u00edcio","item":"https:\/\/www.correiobraziliense.com.br\/cbradar\/"},{"@type":"ListItem","position":2,"name":"Esse erro comum est\u00e1 por tr\u00e1s da acne que aparece depois dos 30"}]},{"@type":"WebSite","@id":"https:\/\/www.correiobraziliense.com.br\/cbradar\/#website","url":"https:\/\/www.correiobraziliense.com.br\/cbradar\/","name":"Correio Braziliense - Radar","description":"Acompanhe as \u00faltimas not\u00edcias e fique bem informado sobre tudo o que acontece no Brasil e no mundo.","potentialAction":[{"@type":"SearchAction","target":{"@type":"EntryPoint","urlTemplate":"https:\/\/www.correiobraziliense.com.br\/cbradar\/?s={search_term_string}"},"query-input":{"@type":"PropertyValueSpecification","valueRequired":true,"valueName":"search_term_string"}}],"inLanguage":"pt-BR"},{"@type":"Person","@id":"https:\/\/www.correiobraziliense.com.br\/cbradar\/#\/schema\/person\/4cec7857301a9a1a2ef249893cd908d3","name":"Paulo Custodio","image":{"@type":"ImageObject","inLanguage":"pt-BR","@id":"https:\/\/www.correiobraziliense.com.br\/cbradar\/#\/schema\/person\/image\/","url":"https:\/\/secure.gravatar.com\/avatar\/bcd67168d1534e8fcf4f45c726a87cea?s=96&d=mm&r=g","contentUrl":"https:\/\/secure.gravatar.com\/avatar\/bcd67168d1534e8fcf4f45c726a87cea?s=96&d=mm&r=g","caption":"Paulo Custodio"},"sameAs":["https:\/\/www.correiobraziliense.com.br\/cbradar"],"url":"https:\/\/www.correiobraziliense.com.br\/cbradar\/author\/paulomyth\/"}]}},"_links":{"self":[{"href":"https:\/\/www.correiobraziliense.com.br\/cbradar\/wp-json\/wp\/v2\/posts\/46411","targetHints":{"allow":["GET"]}}],"collection":[{"href":"https:\/\/www.correiobraziliense.com.br\/cbradar\/wp-json\/wp\/v2\/posts"}],"about":[{"href":"https:\/\/www.correiobraziliense.com.br\/cbradar\/wp-json\/wp\/v2\/types\/post"}],"author":[{"embeddable":true,"href":"https:\/\/www.correiobraziliense.com.br\/cbradar\/wp-json\/wp\/v2\/users\/11"}],"replies":[{"embeddable":true,"href":"https:\/\/www.correiobraziliense.com.br\/cbradar\/wp-json\/wp\/v2\/comments?post=46411"}],"version-history":[{"count":3,"href":"https:\/\/www.correiobraziliense.com.br\/cbradar\/wp-json\/wp\/v2\/posts\/46411\/revisions"}],"predecessor-version":[{"id":46524,"href":"https:\/\/www.correiobraziliense.com.br\/cbradar\/wp-json\/wp\/v2\/posts\/46411\/revisions\/46524"}],"wp:featuredmedia":[{"embeddable":true,"href":"https:\/\/www.correiobraziliense.com.br\/cbradar\/wp-json\/wp\/v2\/media\/11165"}],"wp:attachment":[{"href":"https:\/\/www.correiobraziliense.com.br\/cbradar\/wp-json\/wp\/v2\/media?parent=46411"}],"wp:term":[{"taxonomy":"category","embeddable":true,"href":"https:\/\/www.correiobraziliense.com.br\/cbradar\/wp-json\/wp\/v2\/categories?post=46411"},{"taxonomy":"post_tag","embeddable":true,"href":"https:\/\/www.correiobraziliense.com.br\/cbradar\/wp-json\/wp\/v2\/post_tag?post=46411"}],"curies":[{"name":"wp","href":"https:\/\/api.w.org\/{rel}","templated":true}]}}