{"id":4647,"date":"2025-02-22T21:30:00","date_gmt":"2025-02-23T00:30:00","guid":{"rendered":"https:\/\/www.correiobraziliense.com.br\/cbradar\/?p=4647"},"modified":"2025-02-21T23:15:44","modified_gmt":"2025-02-22T02:15:44","slug":"essa-e-a-cidade-do-interior-de-sao-paulo-eleita-entre-as-mais-seguras-do-pais","status":"publish","type":"post","link":"https:\/\/www.correiobraziliense.com.br\/cbradar\/essa-e-a-cidade-do-interior-de-sao-paulo-eleita-entre-as-mais-seguras-do-pais\/","title":{"rendered":"Essa \u00e9 a cidade do interior de S\u00e3o Paulo eleita entre as mais seguras do pa\u00eds"},"content":{"rendered":"\n<p><strong>V\u00e1rzea Paulista<\/strong>, localizada na regi\u00e3o metropolitana de <strong>Jundia\u00ed<\/strong>, tem se destacado como uma das cidades mais seguras do <strong>Brasil<\/strong>. Conhecida tamb\u00e9m como a &#8216;<strong>Cidade das Orqu\u00eddeas<\/strong>&#8216;, devido \u00e0 presen\u00e7a de diversos orquid\u00e1rios, a cidade se orgulha de sua baixa taxa de criminalidade. Com uma taxa de 3,4 assassinatos por 100 mil habitantes, V\u00e1rzea Paulista se posiciona entre as dez cidades mais seguras do pa\u00eds, ao lado de <strong>Arax\u00e1 <\/strong>e <strong>Votorantim<\/strong>.<\/p>\n\n\n\n<p>De acordo com o Anu\u00e1rio 2024 do portal MySide, V\u00e1rzea Paulista ocupa o sexto lugar no ranking nacional de seguran\u00e7a. Este \u00edndice \u00e9 calculado com base no n\u00famero de mortes violentas por 100 mil habitantes, seguindo a metodologia da Organiza\u00e7\u00e3o Mundial da Sa\u00fade. Os dados s\u00e3o fornecidos pelo <strong>Painel de Monitoramento de Mortalidade da Secretaria de Vigil\u00e2ncia em Sa\u00fade e Ambiente do Minist\u00e9rio da Sa\u00fade<\/strong>, complementados pelo<strong> Censo do Instituto Brasileiro de Geografia e Estat\u00edstica<\/strong>.<\/p>\n\n\n\n<h2 class=\"wp-block-heading\"><strong>Quais s\u00e3o as iniciativas de seguran\u00e7a em V\u00e1rzea Paulista?<\/strong><\/h2>\n\n\n\n<p>V\u00e1rzea Paulista tem investido em diversas iniciativas para aprimorar a seguran\u00e7a local. Um dos programas em destaque \u00e9 o &#8216;Bairro mais seguro&#8217;, que promove a integra\u00e7\u00e3o entre a Pol\u00edcia Militar, Pol\u00edcia Civil e a Guarda Municipal. O objetivo \u00e9 aumentar a presen\u00e7a de policiais nas ruas e melhorar a resposta a ocorr\u00eancias, garantindo uma sensa\u00e7\u00e3o de seguran\u00e7a para os moradores.<\/p>\n\n\n\n<p>Al\u00e9m disso, a cidade est\u00e1 implementando o projeto &#8216;Muralha Virtual&#8217;, que utiliza c\u00e2meras de vigil\u00e2ncia para monitorar os bairros. Este sistema visa identificar e resolver problemas de seguran\u00e7a de forma mais r\u00e1pida e eficiente, utilizando tecnologia avan\u00e7ada para prevenir crimes e melhorar a qualidade de vida dos cidad\u00e3os.<\/p>\n\n\n\n<figure class=\"wp-block-image size-large\"><img decoding=\"async\" width=\"1024\" height=\"576\" src=\"https:\/\/www.correiobraziliense.com.br\/cbradar\/wp-content\/uploads\/2025\/02\/Varzea-Paulista-1-1024x576.png\" alt=\"Essa \u00e9 a cidade do interior de S\u00e3o Paulo eleita entre as mais seguras do pa\u00eds\" class=\"wp-image-4648\" srcset=\"https:\/\/www.correiobraziliense.com.br\/cbradar\/wp-content\/uploads\/2025\/02\/Varzea-Paulista-1-1024x576.png 1024w, https:\/\/www.correiobraziliense.com.br\/cbradar\/wp-content\/uploads\/2025\/02\/Varzea-Paulista-1-300x169.png 300w, https:\/\/www.correiobraziliense.com.br\/cbradar\/wp-content\/uploads\/2025\/02\/Varzea-Paulista-1-768x432.png 768w, https:\/\/www.correiobraziliense.com.br\/cbradar\/wp-content\/uploads\/2025\/02\/Varzea-Paulista-1-750x422.png 750w, https:\/\/www.correiobraziliense.com.br\/cbradar\/wp-content\/uploads\/2025\/02\/Varzea-Paulista-1-1140x641.png 1140w, https:\/\/www.correiobraziliense.com.br\/cbradar\/wp-content\/uploads\/2025\/02\/Varzea-Paulista-1.png 1280w\" sizes=\"(max-width: 1024px) 100vw, 1024px\" \/><figcaption class=\"wp-element-caption\">V\u00e1rzea Paulista. Fonte: divulga\u00e7\u00e3o \/ Prefeitura de V\u00e1rzea Paulista<\/figcaption><\/figure>\n\n\n\n<h2 class=\"wp-block-heading\"><strong>Como V\u00e1rzea Paulista se compara a outras cidades?<\/strong><\/h2>\n\n\n\n<p>No contexto estadual, a cidade de Capivari se destaca como a mais segura, segundo o <strong>\u00cdndice de Exposi\u00e7\u00e3o aos Crimes Violentos (IECV)<\/strong>. No entanto, V\u00e1rzea Paulista n\u00e3o fica atr\u00e1s, sendo reconhecida por suas estrat\u00e9gias de seguran\u00e7a inovadoras e eficazes. A combina\u00e7\u00e3o de tecnologia e a colabora\u00e7\u00e3o entre diferentes for\u00e7as de seguran\u00e7a s\u00e3o fatores que contribuem para o sucesso da cidade em manter baixos \u00edndices de criminalidade.<\/p>\n\n\n\n<p>Apesar dos avan\u00e7os, V\u00e1rzea Paulista enfrenta desafios decorrentes do crescimento urbano. A cidade precisa constantemente adaptar suas estrat\u00e9gias de seguran\u00e7a para lidar com as mudan\u00e7as e garantir a prote\u00e7\u00e3o de seus habitantes. Este compromisso cont\u00ednuo com a seguran\u00e7a p\u00fablica \u00e9 o que mant\u00e9m V\u00e1rzea Paulista como um exemplo a ser seguido por outras cidades.<\/p>\n\n\n\n<h2 class=\"wp-block-heading\"><strong>O que o futuro reserva para a seguran\u00e7a em V\u00e1rzea Paulista?<\/strong><\/h2>\n\n\n\n<p>O futuro da seguran\u00e7a em V\u00e1rzea Paulista parece promissor, com a cidade comprometida em continuar investindo em tecnologia e na forma\u00e7\u00e3o de parcerias estrat\u00e9gicas. A implementa\u00e7\u00e3o de sistemas de vigil\u00e2ncia mais sofisticados e a expans\u00e3o de programas de policiamento comunit\u00e1rio s\u00e3o algumas das medidas previstas para os pr\u00f3ximos anos.<\/p>\n\n\n\n<p>Essas iniciativas n\u00e3o apenas refor\u00e7am a seguran\u00e7a, mas tamb\u00e9m promovem uma cultura de colabora\u00e7\u00e3o entre os cidad\u00e3os e as for\u00e7as de seguran\u00e7a. Com um enfoque cont\u00ednuo na inova\u00e7\u00e3o e na adapta\u00e7\u00e3o, V\u00e1rzea Paulista est\u00e1 bem posicionada para enfrentar os desafios futuros e manter sua reputa\u00e7\u00e3o como uma das cidades mais seguras do Brasil.<\/p>\n","protected":false},"excerpt":{"rendered":"<p>Cidade paulista \u00e9 destaque nacional em seguran\u00e7a, ocupando o 6\u00ba lugar no ranking. Conhe\u00e7a as estrat\u00e9gias que fazem da &#8216;Cidade das Orqu\u00eddeas&#8217;.<\/p>\n","protected":false},"author":3,"featured_media":4649,"comment_status":"open","ping_status":"open","sticky":false,"template":"","format":"standard","meta":{"_yoast_wpseo_focuskw":"V\u00e1rzea Paulista","_yoast_wpseo_title":"%%title%%","_yoast_wpseo_metadesc":"Cidade paulista \u00e9 destaque nacional em seguran\u00e7a, ocupando o 6\u00ba lugar no ranking. Conhe\u00e7a as estrat\u00e9gias que fazem da 'Cidade das Orqu\u00eddeas'.","jnews-multi-image_gallery":[],"jnews_single_post":{"format":"standard"},"jnews_primary_category":[],"jnews_social_meta":[],"jnews_override_counter":[],"footnotes":""},"categories":[108],"post_tag":[278,938],"class_list":["post-4647","post","type-post","status-publish","format-standard","has-post-thumbnail","hentry","category-cidades","tag-sao-paulo","tag-varzea-paulista"],"yoast_head":"<!-- This site is optimized with the Yoast SEO plugin v24.6 - https:\/\/yoast.com\/wordpress\/plugins\/seo\/ -->\n<title>Essa \u00e9 a cidade do interior de S\u00e3o Paulo eleita entre as mais seguras do pa\u00eds<\/title>\n<meta name=\"description\" content=\"Cidade paulista \u00e9 destaque nacional em seguran\u00e7a, ocupando o 6\u00ba lugar no ranking. Conhe\u00e7a as estrat\u00e9gias que fazem da &#039;Cidade das Orqu\u00eddeas&#039;.\" \/>\n<meta name=\"robots\" content=\"index, follow, max-snippet:-1, max-image-preview:large, max-video-preview:-1\" \/>\n<link rel=\"canonical\" href=\"https:\/\/www.correiobraziliense.com.br\/cbradar\/essa-e-a-cidade-do-interior-de-sao-paulo-eleita-entre-as-mais-seguras-do-pais\/\" \/>\n<meta property=\"og:locale\" content=\"pt_BR\" \/>\n<meta property=\"og:type\" content=\"article\" \/>\n<meta property=\"og:title\" content=\"Essa \u00e9 a cidade do interior de S\u00e3o Paulo eleita entre as mais seguras do pa\u00eds\" \/>\n<meta property=\"og:description\" content=\"Cidade paulista \u00e9 destaque nacional em seguran\u00e7a, ocupando o 6\u00ba lugar no ranking. Conhe\u00e7a as estrat\u00e9gias que fazem da &#039;Cidade das Orqu\u00eddeas&#039;.\" \/>\n<meta property=\"og:url\" content=\"https:\/\/www.correiobraziliense.com.br\/cbradar\/essa-e-a-cidade-do-interior-de-sao-paulo-eleita-entre-as-mais-seguras-do-pais\/\" \/>\n<meta property=\"og:site_name\" content=\"Correio Braziliense - Radar\" \/>\n<meta property=\"article:published_time\" content=\"2025-02-23T00:30:00+00:00\" \/>\n<meta property=\"og:image\" content=\"https:\/\/www.correiobraziliense.com.br\/cbradar\/wp-content\/uploads\/2025\/02\/cidade_1740135931782.jpg\" \/>\n\t<meta property=\"og:image:width\" content=\"1280\" \/>\n\t<meta property=\"og:image:height\" content=\"720\" \/>\n\t<meta property=\"og:image:type\" content=\"image\/jpeg\" \/>\n<meta name=\"author\" content=\"Larissa Carvalho\" \/>\n<meta name=\"twitter:card\" content=\"summary_large_image\" \/>\n<meta name=\"twitter:label1\" content=\"Escrito por\" \/>\n\t<meta name=\"twitter:data1\" content=\"Larissa Carvalho\" \/>\n\t<meta name=\"twitter:label2\" content=\"Est. tempo de leitura\" \/>\n\t<meta name=\"twitter:data2\" content=\"4 minutos\" \/>\n<!-- \/ Yoast SEO plugin. -->","yoast_head_json":{"title":"Essa \u00e9 a cidade do interior de S\u00e3o Paulo eleita entre as mais seguras do pa\u00eds","description":"Cidade paulista \u00e9 destaque nacional em seguran\u00e7a, ocupando o 6\u00ba lugar no ranking. Conhe\u00e7a as estrat\u00e9gias que fazem da 'Cidade das Orqu\u00eddeas'.","robots":{"index":"index","follow":"follow","max-snippet":"max-snippet:-1","max-image-preview":"max-image-preview:large","max-video-preview":"max-video-preview:-1"},"canonical":"https:\/\/www.correiobraziliense.com.br\/cbradar\/essa-e-a-cidade-do-interior-de-sao-paulo-eleita-entre-as-mais-seguras-do-pais\/","og_locale":"pt_BR","og_type":"article","og_title":"Essa \u00e9 a cidade do interior de S\u00e3o Paulo eleita entre as mais seguras do pa\u00eds","og_description":"Cidade paulista \u00e9 destaque nacional em seguran\u00e7a, ocupando o 6\u00ba lugar no ranking. Conhe\u00e7a as estrat\u00e9gias que fazem da 'Cidade das Orqu\u00eddeas'.","og_url":"https:\/\/www.correiobraziliense.com.br\/cbradar\/essa-e-a-cidade-do-interior-de-sao-paulo-eleita-entre-as-mais-seguras-do-pais\/","og_site_name":"Correio Braziliense - Radar","article_published_time":"2025-02-23T00:30:00+00:00","og_image":[{"width":1280,"height":720,"url":"https:\/\/www.correiobraziliense.com.br\/cbradar\/wp-content\/uploads\/2025\/02\/cidade_1740135931782.jpg","type":"image\/jpeg"}],"author":"Larissa Carvalho","twitter_card":"summary_large_image","twitter_misc":{"Escrito por":"Larissa Carvalho","Est. tempo de leitura":"4 minutos"},"schema":{"@context":"https:\/\/schema.org","@graph":[{"@type":"WebPage","@id":"https:\/\/www.correiobraziliense.com.br\/cbradar\/essa-e-a-cidade-do-interior-de-sao-paulo-eleita-entre-as-mais-seguras-do-pais\/","url":"https:\/\/www.correiobraziliense.com.br\/cbradar\/essa-e-a-cidade-do-interior-de-sao-paulo-eleita-entre-as-mais-seguras-do-pais\/","name":"Essa \u00e9 a cidade do interior de S\u00e3o Paulo eleita entre as mais seguras do pa\u00eds","isPartOf":{"@id":"https:\/\/www.correiobraziliense.com.br\/cbradar\/#website"},"primaryImageOfPage":{"@id":"https:\/\/www.correiobraziliense.com.br\/cbradar\/essa-e-a-cidade-do-interior-de-sao-paulo-eleita-entre-as-mais-seguras-do-pais\/#primaryimage"},"image":{"@id":"https:\/\/www.correiobraziliense.com.br\/cbradar\/essa-e-a-cidade-do-interior-de-sao-paulo-eleita-entre-as-mais-seguras-do-pais\/#primaryimage"},"thumbnailUrl":"https:\/\/www.correiobraziliense.com.br\/cbradar\/wp-content\/uploads\/2025\/02\/cidade_1740135931782.jpg","datePublished":"2025-02-23T00:30:00+00:00","author":{"@id":"https:\/\/www.correiobraziliense.com.br\/cbradar\/#\/schema\/person\/58422787644df994b53a19d3e56c1513"},"description":"Cidade paulista \u00e9 destaque nacional em seguran\u00e7a, ocupando o 6\u00ba lugar no ranking. Conhe\u00e7a as estrat\u00e9gias que fazem da 'Cidade das Orqu\u00eddeas'.","breadcrumb":{"@id":"https:\/\/www.correiobraziliense.com.br\/cbradar\/essa-e-a-cidade-do-interior-de-sao-paulo-eleita-entre-as-mais-seguras-do-pais\/#breadcrumb"},"inLanguage":"pt-BR","potentialAction":[{"@type":"ReadAction","target":["https:\/\/www.correiobraziliense.com.br\/cbradar\/essa-e-a-cidade-do-interior-de-sao-paulo-eleita-entre-as-mais-seguras-do-pais\/"]}]},{"@type":"ImageObject","inLanguage":"pt-BR","@id":"https:\/\/www.correiobraziliense.com.br\/cbradar\/essa-e-a-cidade-do-interior-de-sao-paulo-eleita-entre-as-mais-seguras-do-pais\/#primaryimage","url":"https:\/\/www.correiobraziliense.com.br\/cbradar\/wp-content\/uploads\/2025\/02\/cidade_1740135931782.jpg","contentUrl":"https:\/\/www.correiobraziliense.com.br\/cbradar\/wp-content\/uploads\/2025\/02\/cidade_1740135931782.jpg","width":1280,"height":720,"caption":"Cidade segura de S\u00e3o Paulo. Cr\u00e9ditos: depositphotos.com \/ gyn9037"},{"@type":"BreadcrumbList","@id":"https:\/\/www.correiobraziliense.com.br\/cbradar\/essa-e-a-cidade-do-interior-de-sao-paulo-eleita-entre-as-mais-seguras-do-pais\/#breadcrumb","itemListElement":[{"@type":"ListItem","position":1,"name":"In\u00edcio","item":"https:\/\/www.correiobraziliense.com.br\/cbradar\/"},{"@type":"ListItem","position":2,"name":"Essa \u00e9 a cidade do interior de S\u00e3o Paulo eleita entre as mais seguras do pa\u00eds"}]},{"@type":"WebSite","@id":"https:\/\/www.correiobraziliense.com.br\/cbradar\/#website","url":"https:\/\/www.correiobraziliense.com.br\/cbradar\/","name":"Correio Braziliense - Radar","description":"Acompanhe as \u00faltimas not\u00edcias e fique bem informado sobre tudo o que acontece no Brasil e no mundo.","potentialAction":[{"@type":"SearchAction","target":{"@type":"EntryPoint","urlTemplate":"https:\/\/www.correiobraziliense.com.br\/cbradar\/?s={search_term_string}"},"query-input":{"@type":"PropertyValueSpecification","valueRequired":true,"valueName":"search_term_string"}}],"inLanguage":"pt-BR"},{"@type":"Person","@id":"https:\/\/www.correiobraziliense.com.br\/cbradar\/#\/schema\/person\/58422787644df994b53a19d3e56c1513","name":"Larissa Carvalho","image":{"@type":"ImageObject","inLanguage":"pt-BR","@id":"https:\/\/www.correiobraziliense.com.br\/cbradar\/#\/schema\/person\/image\/","url":"https:\/\/secure.gravatar.com\/avatar\/fe4f91a0de32b52a838d0d612abdc1aa?s=96&d=mm&r=g","contentUrl":"https:\/\/secure.gravatar.com\/avatar\/fe4f91a0de32b52a838d0d612abdc1aa?s=96&d=mm&r=g","caption":"Larissa Carvalho"},"url":"https:\/\/www.correiobraziliense.com.br\/cbradar\/author\/larissamyth\/"}]}},"_links":{"self":[{"href":"https:\/\/www.correiobraziliense.com.br\/cbradar\/wp-json\/wp\/v2\/posts\/4647","targetHints":{"allow":["GET"]}}],"collection":[{"href":"https:\/\/www.correiobraziliense.com.br\/cbradar\/wp-json\/wp\/v2\/posts"}],"about":[{"href":"https:\/\/www.correiobraziliense.com.br\/cbradar\/wp-json\/wp\/v2\/types\/post"}],"author":[{"embeddable":true,"href":"https:\/\/www.correiobraziliense.com.br\/cbradar\/wp-json\/wp\/v2\/users\/3"}],"replies":[{"embeddable":true,"href":"https:\/\/www.correiobraziliense.com.br\/cbradar\/wp-json\/wp\/v2\/comments?post=4647"}],"version-history":[{"count":3,"href":"https:\/\/www.correiobraziliense.com.br\/cbradar\/wp-json\/wp\/v2\/posts\/4647\/revisions"}],"predecessor-version":[{"id":4785,"href":"https:\/\/www.correiobraziliense.com.br\/cbradar\/wp-json\/wp\/v2\/posts\/4647\/revisions\/4785"}],"wp:featuredmedia":[{"embeddable":true,"href":"https:\/\/www.correiobraziliense.com.br\/cbradar\/wp-json\/wp\/v2\/media\/4649"}],"wp:attachment":[{"href":"https:\/\/www.correiobraziliense.com.br\/cbradar\/wp-json\/wp\/v2\/media?parent=4647"}],"wp:term":[{"taxonomy":"category","embeddable":true,"href":"https:\/\/www.correiobraziliense.com.br\/cbradar\/wp-json\/wp\/v2\/categories?post=4647"},{"taxonomy":"post_tag","embeddable":true,"href":"https:\/\/www.correiobraziliense.com.br\/cbradar\/wp-json\/wp\/v2\/post_tag?post=4647"}],"curies":[{"name":"wp","href":"https:\/\/api.w.org\/{rel}","templated":true}]}}