{"id":4660,"date":"2025-02-23T09:30:00","date_gmt":"2025-02-23T12:30:00","guid":{"rendered":"https:\/\/www.correiobraziliense.com.br\/cbradar\/?p=4660"},"modified":"2025-02-22T08:53:37","modified_gmt":"2025-02-22T11:53:37","slug":"essa-e-a-cidade-que-mais-consome-cultura-no-brasil","status":"publish","type":"post","link":"https:\/\/www.correiobraziliense.com.br\/cbradar\/essa-e-a-cidade-que-mais-consome-cultura-no-brasil\/","title":{"rendered":"Essa \u00e9 a cidade que mais consome cultura no Brasil"},"content":{"rendered":"\n<p>Em 2024, uma nova edi\u00e7\u00e3o da pesquisa <strong>Cultura nas Capitais<\/strong> foi lan\u00e7ada, revelando dados significativos sobre os h\u00e1bitos culturais dos moradores de 26 capitais brasileiras e do Distrito Federal. O estudo, conduzido pela <strong>JLeiva Cultura &amp; Esporte<\/strong>, destacou o <strong>Rio de Janeiro<\/strong> como uma cidade com forte engajamento cultural, superando ou igualando a m\u00e9dia nacional em diversas atividades culturais.<\/p>\n\n\n\n<p>O levantamento, que ouviu 1,5 mil cariocas entre fevereiro e abril de 2024, mostrou que a cidade se destaca em v\u00e1rias pr\u00e1ticas culturais, como leitura, cinema, teatro e visitas a locais hist\u00f3ricos. No entanto, o consumo de eventos de dan\u00e7a e saraus ficou abaixo da m\u00e9dia nacional. Esses resultados refletem a influ\u00eancia da escolaridade e a presen\u00e7a de uma infraestrutura cultural robusta na cidade.<\/p>\n\n\n\n<h2 class=\"wp-block-heading\"><strong>Qual o impacto da escolaridade no consumo cultural?<\/strong><\/h2>\n\n\n\n<p>A pesquisa destacou a escolaridade como um fator crucial para o acesso e consumo de atividades culturais. Segundo Jo\u00e3o Leiva, diretor da JLeiva Cultura &amp; Esporte, a educa\u00e7\u00e3o desempenha um papel fundamental na forma\u00e7\u00e3o de h\u00e1bitos culturais. No Rio de Janeiro, a presen\u00e7a de teatros e museus, ampliada por eventos como a Copa do Mundo e os Jogos Ol\u00edmpicos, contribui para esse cen\u00e1rio positivo.<\/p>\n\n\n\n<p>Carla Chiamareli, gerente do Observat\u00f3rio da Funda\u00e7\u00e3o Ita\u00fa, refor\u00e7ou que a forma\u00e7\u00e3o educacional \u00e9 mais determinante para os h\u00e1bitos culturais do que a condi\u00e7\u00e3o socioecon\u00f4mica. Ela destacou a import\u00e2ncia de pol\u00edticas p\u00fablicas que integrem educa\u00e7\u00e3o e cultura, promovendo o acesso igualit\u00e1rio a atividades culturais como um direito constitucional.<\/p>\n\n\n\n<figure class=\"wp-block-image size-large\"><img decoding=\"async\" width=\"1024\" height=\"576\" src=\"https:\/\/www.correiobraziliense.com.br\/cbradar\/wp-content\/uploads\/2025\/02\/Rio-de-Janeiro_1740153221077-1024x576.jpg\" alt=\"Essa \u00e9 a cidade que mais consome cultura no Brasil\" class=\"wp-image-4662\" srcset=\"https:\/\/www.correiobraziliense.com.br\/cbradar\/wp-content\/uploads\/2025\/02\/Rio-de-Janeiro_1740153221077-1024x576.jpg 1024w, https:\/\/www.correiobraziliense.com.br\/cbradar\/wp-content\/uploads\/2025\/02\/Rio-de-Janeiro_1740153221077-300x169.jpg 300w, https:\/\/www.correiobraziliense.com.br\/cbradar\/wp-content\/uploads\/2025\/02\/Rio-de-Janeiro_1740153221077-768x432.jpg 768w, https:\/\/www.correiobraziliense.com.br\/cbradar\/wp-content\/uploads\/2025\/02\/Rio-de-Janeiro_1740153221077-750x422.jpg 750w, https:\/\/www.correiobraziliense.com.br\/cbradar\/wp-content\/uploads\/2025\/02\/Rio-de-Janeiro_1740153221077-1140x641.jpg 1140w, https:\/\/www.correiobraziliense.com.br\/cbradar\/wp-content\/uploads\/2025\/02\/Rio-de-Janeiro_1740153221077.jpg 1280w\" sizes=\"(max-width: 1024px) 100vw, 1024px\" \/><figcaption class=\"wp-element-caption\">Rio de Janeiro. Cr\u00e9ditos: depositphotos.com \/ xura<\/figcaption><\/figure>\n\n\n\n<h2 class=\"wp-block-heading\"><strong>Prefer\u00eancias musicais e participa\u00e7\u00e3o em festas populares<\/strong><\/h2>\n\n\n\n<p>Os cariocas demonstram um gosto musical diversificado, com a M\u00fasica Popular Brasileira (MPB) liderando as prefer\u00eancias, seguida por pagode, gospel e rock. Em compara\u00e7\u00e3o com outras capitais, onde o sertanejo predomina, o Rio de Janeiro se destaca por sua resist\u00eancia a esse g\u00eanero, ficando atr\u00e1s apenas de Recife.<\/p>\n\n\n\n<p>Al\u00e9m disso, a pesquisa revelou que 77% dos entrevistados participaram de festas juninas, enquanto 53% compareceram a blocos de carnaval e 30% assistiram aos desfiles das escolas de samba. A popularidade das festas juninas \u00e9 atribu\u00edda \u00e0 sua dura\u00e7\u00e3o prolongada e \u00e0 distribui\u00e7\u00e3o geogr\u00e1fica mais ampla na cidade.<\/p>\n\n\n\n<h2 class=\"wp-block-heading\"><strong>Desafios e perspectivas para o futuro cultural<\/strong><\/h2>\n\n\n\n<p>Embora o estudo tenha identificado uma retra\u00e7\u00e3o geral nas atividades culturais em compara\u00e7\u00e3o com 2017, o consumo de jogos eletr\u00f4nicos foi uma exce\u00e7\u00e3o. Jo\u00e3o Leiva sugere que fatores socioecon\u00f4micos e mudan\u00e7as de h\u00e1bitos p\u00f3s-pandemia podem estar influenciando essa tend\u00eancia, mas ressalta que uma an\u00e1lise mais precisa s\u00f3 ser\u00e1 poss\u00edvel nos pr\u00f3ximos anos.<\/p>\n\n\n\n<p>O lan\u00e7amento da pesquisa contou com a presen\u00e7a de autoridades culturais e representantes de institui\u00e7\u00f5es parceiras, como o Instituto Cultural Vale e a Funda\u00e7\u00e3o Ita\u00fa. O evento refor\u00e7ou a import\u00e2ncia de continuar investindo em pol\u00edticas culturais que ampliem o acesso e promovam a diversidade cultural nas capitais brasileiras.<\/p>\n","protected":false},"excerpt":{"rendered":"<p>Pesquisa avaliou os h\u00e1bitos culturais de moradores do Rio de Janeiro, destacando a influ\u00eancia da escolaridade e a infraestrutura cultural da cidade.<\/p>\n","protected":false},"author":3,"featured_media":4661,"comment_status":"open","ping_status":"open","sticky":false,"template":"","format":"standard","meta":{"_yoast_wpseo_focuskw":"Rio de Janeiro cultura","_yoast_wpseo_title":"%%title%%","_yoast_wpseo_metadesc":"Pesquisa avaliou os h\u00e1bitos culturais de moradores do Rio de Janeiro, destacando a influ\u00eancia da escolaridade e a infraestrutura cultural da cidade.","jnews-multi-image_gallery":[],"jnews_single_post":{"format":"standard"},"jnews_primary_category":[],"jnews_social_meta":[],"jnews_override_counter":[],"footnotes":""},"categories":[108],"post_tag":[109,792,304],"class_list":["post-4660","post","type-post","status-publish","format-standard","has-post-thumbnail","hentry","category-cidades","tag-cidades","tag-cultura","tag-rio-de-janeiro"],"yoast_head":"<!-- This site is optimized with the Yoast SEO plugin v24.6 - https:\/\/yoast.com\/wordpress\/plugins\/seo\/ -->\n<title>Essa \u00e9 a cidade que mais consome cultura no Brasil<\/title>\n<meta name=\"description\" content=\"Pesquisa avaliou os h\u00e1bitos culturais de moradores do Rio de Janeiro, destacando a influ\u00eancia da escolaridade e a infraestrutura cultural da cidade.\" \/>\n<meta name=\"robots\" content=\"index, follow, max-snippet:-1, max-image-preview:large, max-video-preview:-1\" \/>\n<link rel=\"canonical\" href=\"https:\/\/www.correiobraziliense.com.br\/cbradar\/essa-e-a-cidade-que-mais-consome-cultura-no-brasil\/\" \/>\n<meta property=\"og:locale\" content=\"pt_BR\" \/>\n<meta property=\"og:type\" content=\"article\" \/>\n<meta property=\"og:title\" content=\"Essa \u00e9 a cidade que mais consome cultura no Brasil\" \/>\n<meta property=\"og:description\" content=\"Pesquisa avaliou os h\u00e1bitos culturais de moradores do Rio de Janeiro, destacando a influ\u00eancia da escolaridade e a infraestrutura cultural da cidade.\" \/>\n<meta property=\"og:url\" content=\"https:\/\/www.correiobraziliense.com.br\/cbradar\/essa-e-a-cidade-que-mais-consome-cultura-no-brasil\/\" \/>\n<meta property=\"og:site_name\" content=\"Correio Braziliense - Radar\" \/>\n<meta property=\"article:published_time\" content=\"2025-02-23T12:30:00+00:00\" \/>\n<meta property=\"og:image\" content=\"https:\/\/www.correiobraziliense.com.br\/cbradar\/wp-content\/uploads\/2025\/02\/Rio-de-Janeiro_1740153179674.jpg\" \/>\n\t<meta property=\"og:image:width\" content=\"1280\" \/>\n\t<meta property=\"og:image:height\" content=\"720\" \/>\n\t<meta property=\"og:image:type\" content=\"image\/jpeg\" \/>\n<meta name=\"author\" content=\"Larissa Carvalho\" \/>\n<meta name=\"twitter:card\" content=\"summary_large_image\" \/>\n<meta name=\"twitter:label1\" content=\"Escrito por\" \/>\n\t<meta name=\"twitter:data1\" content=\"Larissa Carvalho\" \/>\n\t<meta name=\"twitter:label2\" content=\"Est. tempo de leitura\" \/>\n\t<meta name=\"twitter:data2\" content=\"3 minutos\" \/>\n<!-- \/ Yoast SEO plugin. -->","yoast_head_json":{"title":"Essa \u00e9 a cidade que mais consome cultura no Brasil","description":"Pesquisa avaliou os h\u00e1bitos culturais de moradores do Rio de Janeiro, destacando a influ\u00eancia da escolaridade e a infraestrutura cultural da cidade.","robots":{"index":"index","follow":"follow","max-snippet":"max-snippet:-1","max-image-preview":"max-image-preview:large","max-video-preview":"max-video-preview:-1"},"canonical":"https:\/\/www.correiobraziliense.com.br\/cbradar\/essa-e-a-cidade-que-mais-consome-cultura-no-brasil\/","og_locale":"pt_BR","og_type":"article","og_title":"Essa \u00e9 a cidade que mais consome cultura no Brasil","og_description":"Pesquisa avaliou os h\u00e1bitos culturais de moradores do Rio de Janeiro, destacando a influ\u00eancia da escolaridade e a infraestrutura cultural da cidade.","og_url":"https:\/\/www.correiobraziliense.com.br\/cbradar\/essa-e-a-cidade-que-mais-consome-cultura-no-brasil\/","og_site_name":"Correio Braziliense - Radar","article_published_time":"2025-02-23T12:30:00+00:00","og_image":[{"width":1280,"height":720,"url":"https:\/\/www.correiobraziliense.com.br\/cbradar\/wp-content\/uploads\/2025\/02\/Rio-de-Janeiro_1740153179674.jpg","type":"image\/jpeg"}],"author":"Larissa Carvalho","twitter_card":"summary_large_image","twitter_misc":{"Escrito por":"Larissa Carvalho","Est. tempo de leitura":"3 minutos"},"schema":{"@context":"https:\/\/schema.org","@graph":[{"@type":"WebPage","@id":"https:\/\/www.correiobraziliense.com.br\/cbradar\/essa-e-a-cidade-que-mais-consome-cultura-no-brasil\/","url":"https:\/\/www.correiobraziliense.com.br\/cbradar\/essa-e-a-cidade-que-mais-consome-cultura-no-brasil\/","name":"Essa \u00e9 a cidade que mais consome cultura no Brasil","isPartOf":{"@id":"https:\/\/www.correiobraziliense.com.br\/cbradar\/#website"},"primaryImageOfPage":{"@id":"https:\/\/www.correiobraziliense.com.br\/cbradar\/essa-e-a-cidade-que-mais-consome-cultura-no-brasil\/#primaryimage"},"image":{"@id":"https:\/\/www.correiobraziliense.com.br\/cbradar\/essa-e-a-cidade-que-mais-consome-cultura-no-brasil\/#primaryimage"},"thumbnailUrl":"https:\/\/www.correiobraziliense.com.br\/cbradar\/wp-content\/uploads\/2025\/02\/Rio-de-Janeiro_1740153179674.jpg","datePublished":"2025-02-23T12:30:00+00:00","author":{"@id":"https:\/\/www.correiobraziliense.com.br\/cbradar\/#\/schema\/person\/58422787644df994b53a19d3e56c1513"},"description":"Pesquisa avaliou os h\u00e1bitos culturais de moradores do Rio de Janeiro, destacando a influ\u00eancia da escolaridade e a infraestrutura cultural da cidade.","breadcrumb":{"@id":"https:\/\/www.correiobraziliense.com.br\/cbradar\/essa-e-a-cidade-que-mais-consome-cultura-no-brasil\/#breadcrumb"},"inLanguage":"pt-BR","potentialAction":[{"@type":"ReadAction","target":["https:\/\/www.correiobraziliense.com.br\/cbradar\/essa-e-a-cidade-que-mais-consome-cultura-no-brasil\/"]}]},{"@type":"ImageObject","inLanguage":"pt-BR","@id":"https:\/\/www.correiobraziliense.com.br\/cbradar\/essa-e-a-cidade-que-mais-consome-cultura-no-brasil\/#primaryimage","url":"https:\/\/www.correiobraziliense.com.br\/cbradar\/wp-content\/uploads\/2025\/02\/Rio-de-Janeiro_1740153179674.jpg","contentUrl":"https:\/\/www.correiobraziliense.com.br\/cbradar\/wp-content\/uploads\/2025\/02\/Rio-de-Janeiro_1740153179674.jpg","width":1280,"height":720,"caption":"Cidade mais cultural do Brasil. Cr\u00e9ditos: depositphotos.com \/ xura"},{"@type":"BreadcrumbList","@id":"https:\/\/www.correiobraziliense.com.br\/cbradar\/essa-e-a-cidade-que-mais-consome-cultura-no-brasil\/#breadcrumb","itemListElement":[{"@type":"ListItem","position":1,"name":"In\u00edcio","item":"https:\/\/www.correiobraziliense.com.br\/cbradar\/"},{"@type":"ListItem","position":2,"name":"Essa \u00e9 a cidade que mais consome cultura no Brasil"}]},{"@type":"WebSite","@id":"https:\/\/www.correiobraziliense.com.br\/cbradar\/#website","url":"https:\/\/www.correiobraziliense.com.br\/cbradar\/","name":"Correio Braziliense - Radar","description":"Acompanhe as \u00faltimas not\u00edcias e fique bem informado sobre tudo o que acontece no Brasil e no mundo.","potentialAction":[{"@type":"SearchAction","target":{"@type":"EntryPoint","urlTemplate":"https:\/\/www.correiobraziliense.com.br\/cbradar\/?s={search_term_string}"},"query-input":{"@type":"PropertyValueSpecification","valueRequired":true,"valueName":"search_term_string"}}],"inLanguage":"pt-BR"},{"@type":"Person","@id":"https:\/\/www.correiobraziliense.com.br\/cbradar\/#\/schema\/person\/58422787644df994b53a19d3e56c1513","name":"Larissa Carvalho","image":{"@type":"ImageObject","inLanguage":"pt-BR","@id":"https:\/\/www.correiobraziliense.com.br\/cbradar\/#\/schema\/person\/image\/","url":"https:\/\/secure.gravatar.com\/avatar\/fe4f91a0de32b52a838d0d612abdc1aa?s=96&d=mm&r=g","contentUrl":"https:\/\/secure.gravatar.com\/avatar\/fe4f91a0de32b52a838d0d612abdc1aa?s=96&d=mm&r=g","caption":"Larissa Carvalho"},"url":"https:\/\/www.correiobraziliense.com.br\/cbradar\/author\/larissamyth\/"}]}},"_links":{"self":[{"href":"https:\/\/www.correiobraziliense.com.br\/cbradar\/wp-json\/wp\/v2\/posts\/4660","targetHints":{"allow":["GET"]}}],"collection":[{"href":"https:\/\/www.correiobraziliense.com.br\/cbradar\/wp-json\/wp\/v2\/posts"}],"about":[{"href":"https:\/\/www.correiobraziliense.com.br\/cbradar\/wp-json\/wp\/v2\/types\/post"}],"author":[{"embeddable":true,"href":"https:\/\/www.correiobraziliense.com.br\/cbradar\/wp-json\/wp\/v2\/users\/3"}],"replies":[{"embeddable":true,"href":"https:\/\/www.correiobraziliense.com.br\/cbradar\/wp-json\/wp\/v2\/comments?post=4660"}],"version-history":[{"count":1,"href":"https:\/\/www.correiobraziliense.com.br\/cbradar\/wp-json\/wp\/v2\/posts\/4660\/revisions"}],"predecessor-version":[{"id":4663,"href":"https:\/\/www.correiobraziliense.com.br\/cbradar\/wp-json\/wp\/v2\/posts\/4660\/revisions\/4663"}],"wp:featuredmedia":[{"embeddable":true,"href":"https:\/\/www.correiobraziliense.com.br\/cbradar\/wp-json\/wp\/v2\/media\/4661"}],"wp:attachment":[{"href":"https:\/\/www.correiobraziliense.com.br\/cbradar\/wp-json\/wp\/v2\/media?parent=4660"}],"wp:term":[{"taxonomy":"category","embeddable":true,"href":"https:\/\/www.correiobraziliense.com.br\/cbradar\/wp-json\/wp\/v2\/categories?post=4660"},{"taxonomy":"post_tag","embeddable":true,"href":"https:\/\/www.correiobraziliense.com.br\/cbradar\/wp-json\/wp\/v2\/post_tag?post=4660"}],"curies":[{"name":"wp","href":"https:\/\/api.w.org\/{rel}","templated":true}]}}