{"id":4669,"date":"2025-02-22T17:30:00","date_gmt":"2025-02-22T20:30:00","guid":{"rendered":"https:\/\/www.correiobraziliense.com.br\/cbradar\/?p=4669"},"modified":"2025-02-22T08:52:09","modified_gmt":"2025-02-22T11:52:09","slug":"caixa-emite-alerta-importante-sobre-o-saque-aniversario","status":"publish","type":"post","link":"https:\/\/www.correiobraziliense.com.br\/cbradar\/caixa-emite-alerta-importante-sobre-o-saque-aniversario\/","title":{"rendered":"Caixa emite alerta importante sobre o saque-anivers\u00e1rio"},"content":{"rendered":"\n<p>O saque-anivers\u00e1rio \u00e9 uma modalidade de retirada do <strong>Fundo de Garantia do Tempo de Servi\u00e7o (FGTS)<\/strong> que permite aos trabalhadores brasileiros acessarem anualmente uma parte de seu saldo no m\u00eas de seu anivers\u00e1rio. Esta op\u00e7\u00e3o foi introduzida para oferecer maior flexibilidade no uso dos recursos do <strong>FGTS<\/strong>, possibilitando que os trabalhadores utilizem parte do saldo para necessidades financeiras imediatas ou para planejamento de longo prazo.<\/p>\n\n\n\n<p>Ao escolher o saque-anivers\u00e1rio, o trabalhador renuncia ao direito de sacar o valor total do FGTS em caso de demiss\u00e3o sem justa causa, mantendo apenas o direito \u00e0 multa rescis\u00f3ria de 40%. Portanto, \u00e9 crucial que essa decis\u00e3o seja tomada com cuidado, considerando as implica\u00e7\u00f5es financeiras e a estabilidade no emprego.<\/p>\n\n\n\n<h2 class=\"wp-block-heading\"><strong>Quem pode participar do saque-anivers\u00e1rio?<\/strong><\/h2>\n\n\n\n<p>Todos os trabalhadores que possuem contas ativas no FGTS podem optar pelo saque-anivers\u00e1rio. No entanto, \u00e9 essencial estar ciente de que essa escolha implica na ren\u00fancia ao saque integral do FGTS em caso de demiss\u00e3o sem justa causa. Apenas a multa de 40% sobre o saldo do FGTS estar\u00e1 dispon\u00edvel nessas circunst\u00e2ncias.<\/p>\n\n\n\n<p>Essa modalidade pode ser especialmente atrativa para aqueles que desejam acessar parte do saldo do FGTS antecipadamente, seja para quitar d\u00edvidas, investir ou realizar outros planos financeiros. A decis\u00e3o de aderir deve ser baseada nas necessidades financeiras individuais e na seguran\u00e7a do emprego.<\/p>\n\n\n\n<figure class=\"wp-block-image size-large\"><img decoding=\"async\" width=\"1024\" height=\"576\" src=\"https:\/\/www.correiobraziliense.com.br\/cbradar\/wp-content\/uploads\/2025\/02\/FGTS_1740157260211-1024x576.jpg\" alt=\"Caixa emite alerta importante sobre o saque-anivers\u00e1rio\" class=\"wp-image-4671\" srcset=\"https:\/\/www.correiobraziliense.com.br\/cbradar\/wp-content\/uploads\/2025\/02\/FGTS_1740157260211-1024x576.jpg 1024w, https:\/\/www.correiobraziliense.com.br\/cbradar\/wp-content\/uploads\/2025\/02\/FGTS_1740157260211-300x169.jpg 300w, https:\/\/www.correiobraziliense.com.br\/cbradar\/wp-content\/uploads\/2025\/02\/FGTS_1740157260211-768x432.jpg 768w, https:\/\/www.correiobraziliense.com.br\/cbradar\/wp-content\/uploads\/2025\/02\/FGTS_1740157260211-750x422.jpg 750w, https:\/\/www.correiobraziliense.com.br\/cbradar\/wp-content\/uploads\/2025\/02\/FGTS_1740157260211-1140x641.jpg 1140w, https:\/\/www.correiobraziliense.com.br\/cbradar\/wp-content\/uploads\/2025\/02\/FGTS_1740157260211.jpg 1280w\" sizes=\"(max-width: 1024px) 100vw, 1024px\" \/><figcaption class=\"wp-element-caption\">Saque-anivers\u00e1rio, FGTS. Cr\u00e9ditos: depositphotos.com \/ rafapress<\/figcaption><\/figure>\n\n\n\n<h2 class=\"wp-block-heading\"><strong>Como funciona o calend\u00e1rio do saque-anivers\u00e1rio?<\/strong><\/h2>\n\n\n\n<p>O saque-anivers\u00e1rio segue um calend\u00e1rio anual que varia conforme o m\u00eas de nascimento do trabalhador. Para o ano de 2025, o cronograma \u00e9 o seguinte:<\/p>\n\n\n\n<ul class=\"wp-block-list\">\n<li>Nascidos em Janeiro: 2 de janeiro a 31 de mar\u00e7o<\/li>\n\n\n\n<li>Nascidos em Fevereiro: 3 de fevereiro a 30 de abril<\/li>\n\n\n\n<li>Nascidos em Mar\u00e7o: 3 de mar\u00e7o a 30 de maio<\/li>\n\n\n\n<li>Nascidos em Abril: 1\u00ba de abril a 30 de junho<\/li>\n\n\n\n<li>Nascidos em Maio: 2 de maio a 31 de julho<\/li>\n\n\n\n<li>Nascidos em Junho: 2 de junho a 29 de agosto<\/li>\n\n\n\n<li>Nascidos em Julho: 1\u00ba de julho a 30 de setembro<\/li>\n\n\n\n<li>Nascidos em Agosto: 1\u00ba de agosto a 31 de outubro<\/li>\n\n\n\n<li>Nascidos em Setembro: 1\u00ba de setembro a 28 de novembro<\/li>\n\n\n\n<li>Nascidos em Outubro: 1\u00ba de outubro a 30 de dezembro<\/li>\n\n\n\n<li>Nascidos em Novembro: 3 de novembro a 30 de janeiro de 2026<\/li>\n\n\n\n<li>Nascidos em Dezembro: 1\u00ba de dezembro a 27 de fevereiro de 2026<\/li>\n<\/ul>\n\n\n\n<h2 class=\"wp-block-heading\"><strong>Como \u00e9 calculado o valor do saque-anivers\u00e1rio?<\/strong><\/h2>\n\n\n\n<p>O valor dispon\u00edvel para saque anualmente \u00e9 calculado com base no saldo total do FGTS do trabalhador, aplicando-se uma al\u00edquota espec\u00edfica e adicionando uma parcela fixa. A tabela a seguir ilustra como esses valores s\u00e3o determinados:<\/p>\n\n\n\n<ul class=\"wp-block-list\">\n<li>At\u00e9 R$ 500,00: Al\u00edquota de 50% sem parcela adicional<\/li>\n\n\n\n<li>De R$ 500,01 a R$ 1.000,00: Al\u00edquota de 40%, parcela de R$ 50,00<\/li>\n\n\n\n<li>De R$ 1.000,01 a R$ 5.000,00: Al\u00edquota de 30%, parcela de R$ 150,00<\/li>\n\n\n\n<li>De R$ 5.000,01 a R$ 10.000,00: Al\u00edquota de 20%, parcela de R$ 650,00<\/li>\n\n\n\n<li>De R$ 10.000,01 a R$ 15.000,00: Al\u00edquota de 15%, parcela de R$ 1.150,00<\/li>\n\n\n\n<li>De R$ 15.000,01 a R$ 20.000,00: Al\u00edquota de 10%, parcela de R$ 1.900,00<\/li>\n\n\n\n<li>Acima de R$ 20.000,00: Al\u00edquota de 5%, parcela de R$ 2.900,00<\/li>\n<\/ul>\n\n\n\n<p>Por exemplo, um trabalhador com saldo de R$ 2.500,00 poder\u00e1 sacar R$ 900,00, calculado pela al\u00edquota de 30% e a adi\u00e7\u00e3o de R$ 150,00 da parcela extra.<\/p>\n\n\n\n<h2 class=\"wp-block-heading\"><strong>Como aderir ao saque-anivers\u00e1rio?<\/strong><\/h2>\n\n\n\n<p>Para aderir ao saque-anivers\u00e1rio, o trabalhador pode seguir um dos seguintes caminhos:<\/p>\n\n\n\n<ol class=\"wp-block-list\">\n<li>Utilizar o aplicativo FGTS, onde a op\u00e7\u00e3o de ades\u00e3o est\u00e1 dispon\u00edvel.<\/li>\n\n\n\n<li>Acessar o site da Caixa Econ\u00f4mica Federal e realizar a ades\u00e3o na \u00e1rea do FGTS.<\/li>\n\n\n\n<li>Ir pessoalmente a uma ag\u00eancia da Caixa Econ\u00f4mica Federal.<\/li>\n<\/ol>\n\n\n\n<p>Ap\u00f3s a ades\u00e3o, o saque ser\u00e1 liberado conforme o calend\u00e1rio e o saldo dispon\u00edvel na conta do FGTS.<\/p>\n\n\n\n<h2 class=\"wp-block-heading\">Aspectos a considerar antes de optar pelo saque-anivers\u00e1rio<\/h2>\n\n\n\n<p>Antes de decidir pelo saque-anivers\u00e1rio, \u00e9 fundamental avaliar os benef\u00edcios e as limita\u00e7\u00f5es dessa escolha:<\/p>\n\n\n\n<ul class=\"wp-block-list\">\n<li><strong>Benef\u00edcios:<\/strong>\u00a0Permite acesso antecipado a parte do saldo do FGTS, \u00fatil para planejamento financeiro ou investimento.<\/li>\n\n\n\n<li><strong>Limita\u00e7\u00f5es:<\/strong>\u00a0Em caso de demiss\u00e3o, o trabalhador n\u00e3o poder\u00e1 sacar o saldo total do FGTS, apenas a multa rescis\u00f3ria.<\/li>\n<\/ul>\n\n\n\n<p>\u00c9 importante que cada trabalhador analise seu perfil financeiro e a estabilidade de seu emprego antes de optar por essa modalidade de saque.<\/p>\n","protected":false},"excerpt":{"rendered":"<p>O saque-anivers\u00e1rio do FGTS permite que trabalhadores brasileiros retirem uma parte do seu saldo anualmente.  <\/p>\n","protected":false},"author":3,"featured_media":4670,"comment_status":"open","ping_status":"open","sticky":false,"template":"","format":"standard","meta":{"_yoast_wpseo_focuskw":"saque-anivers\u00e1rio","_yoast_wpseo_title":"%%title%%","_yoast_wpseo_metadesc":"O saque-anivers\u00e1rio do FGTS permite que trabalhadores brasileiros retirem uma parte do seu saldo anualmente.","jnews-multi-image_gallery":[],"jnews_single_post":{"format":"standard"},"jnews_primary_category":[],"jnews_social_meta":[],"jnews_override_counter":[],"footnotes":""},"categories":[112],"post_tag":[969,970],"class_list":["post-4669","post","type-post","status-publish","format-standard","has-post-thumbnail","hentry","category-curiosidades","tag-caixa","tag-saque-aniversario"],"yoast_head":"<!-- This site is optimized with the Yoast SEO plugin v24.6 - https:\/\/yoast.com\/wordpress\/plugins\/seo\/ -->\n<title>Caixa emite alerta importante sobre o saque-anivers\u00e1rio<\/title>\n<meta name=\"description\" content=\"O saque-anivers\u00e1rio do FGTS permite que trabalhadores brasileiros retirem uma parte do seu saldo anualmente.\" \/>\n<meta name=\"robots\" content=\"index, follow, max-snippet:-1, max-image-preview:large, max-video-preview:-1\" \/>\n<link rel=\"canonical\" href=\"https:\/\/www.correiobraziliense.com.br\/cbradar\/caixa-emite-alerta-importante-sobre-o-saque-aniversario\/\" \/>\n<meta property=\"og:locale\" content=\"pt_BR\" \/>\n<meta property=\"og:type\" content=\"article\" \/>\n<meta property=\"og:title\" content=\"Caixa emite alerta importante sobre o saque-anivers\u00e1rio\" \/>\n<meta property=\"og:description\" content=\"O saque-anivers\u00e1rio do FGTS permite que trabalhadores brasileiros retirem uma parte do seu saldo anualmente.\" \/>\n<meta property=\"og:url\" content=\"https:\/\/www.correiobraziliense.com.br\/cbradar\/caixa-emite-alerta-importante-sobre-o-saque-aniversario\/\" \/>\n<meta property=\"og:site_name\" content=\"Correio Braziliense - Radar\" \/>\n<meta property=\"article:published_time\" content=\"2025-02-22T20:30:00+00:00\" \/>\n<meta property=\"og:image\" content=\"https:\/\/www.correiobraziliense.com.br\/cbradar\/wp-content\/uploads\/2025\/02\/FGTS_1740157139211.jpg\" \/>\n\t<meta property=\"og:image:width\" content=\"1280\" \/>\n\t<meta property=\"og:image:height\" content=\"720\" \/>\n\t<meta property=\"og:image:type\" content=\"image\/jpeg\" \/>\n<meta name=\"author\" content=\"Larissa Carvalho\" \/>\n<meta name=\"twitter:card\" content=\"summary_large_image\" \/>\n<meta name=\"twitter:label1\" content=\"Escrito por\" \/>\n\t<meta name=\"twitter:data1\" content=\"Larissa Carvalho\" \/>\n\t<meta name=\"twitter:label2\" content=\"Est. tempo de leitura\" \/>\n\t<meta name=\"twitter:data2\" content=\"5 minutos\" \/>\n<!-- \/ Yoast SEO plugin. -->","yoast_head_json":{"title":"Caixa emite alerta importante sobre o saque-anivers\u00e1rio","description":"O saque-anivers\u00e1rio do FGTS permite que trabalhadores brasileiros retirem uma parte do seu saldo anualmente.","robots":{"index":"index","follow":"follow","max-snippet":"max-snippet:-1","max-image-preview":"max-image-preview:large","max-video-preview":"max-video-preview:-1"},"canonical":"https:\/\/www.correiobraziliense.com.br\/cbradar\/caixa-emite-alerta-importante-sobre-o-saque-aniversario\/","og_locale":"pt_BR","og_type":"article","og_title":"Caixa emite alerta importante sobre o saque-anivers\u00e1rio","og_description":"O saque-anivers\u00e1rio do FGTS permite que trabalhadores brasileiros retirem uma parte do seu saldo anualmente.","og_url":"https:\/\/www.correiobraziliense.com.br\/cbradar\/caixa-emite-alerta-importante-sobre-o-saque-aniversario\/","og_site_name":"Correio Braziliense - Radar","article_published_time":"2025-02-22T20:30:00+00:00","og_image":[{"width":1280,"height":720,"url":"https:\/\/www.correiobraziliense.com.br\/cbradar\/wp-content\/uploads\/2025\/02\/FGTS_1740157139211.jpg","type":"image\/jpeg"}],"author":"Larissa Carvalho","twitter_card":"summary_large_image","twitter_misc":{"Escrito por":"Larissa Carvalho","Est. tempo de leitura":"5 minutos"},"schema":{"@context":"https:\/\/schema.org","@graph":[{"@type":"WebPage","@id":"https:\/\/www.correiobraziliense.com.br\/cbradar\/caixa-emite-alerta-importante-sobre-o-saque-aniversario\/","url":"https:\/\/www.correiobraziliense.com.br\/cbradar\/caixa-emite-alerta-importante-sobre-o-saque-aniversario\/","name":"Caixa emite alerta importante sobre o saque-anivers\u00e1rio","isPartOf":{"@id":"https:\/\/www.correiobraziliense.com.br\/cbradar\/#website"},"primaryImageOfPage":{"@id":"https:\/\/www.correiobraziliense.com.br\/cbradar\/caixa-emite-alerta-importante-sobre-o-saque-aniversario\/#primaryimage"},"image":{"@id":"https:\/\/www.correiobraziliense.com.br\/cbradar\/caixa-emite-alerta-importante-sobre-o-saque-aniversario\/#primaryimage"},"thumbnailUrl":"https:\/\/www.correiobraziliense.com.br\/cbradar\/wp-content\/uploads\/2025\/02\/FGTS_1740157139211.jpg","datePublished":"2025-02-22T20:30:00+00:00","author":{"@id":"https:\/\/www.correiobraziliense.com.br\/cbradar\/#\/schema\/person\/58422787644df994b53a19d3e56c1513"},"description":"O saque-anivers\u00e1rio do FGTS permite que trabalhadores brasileiros retirem uma parte do seu saldo anualmente.","breadcrumb":{"@id":"https:\/\/www.correiobraziliense.com.br\/cbradar\/caixa-emite-alerta-importante-sobre-o-saque-aniversario\/#breadcrumb"},"inLanguage":"pt-BR","potentialAction":[{"@type":"ReadAction","target":["https:\/\/www.correiobraziliense.com.br\/cbradar\/caixa-emite-alerta-importante-sobre-o-saque-aniversario\/"]}]},{"@type":"ImageObject","inLanguage":"pt-BR","@id":"https:\/\/www.correiobraziliense.com.br\/cbradar\/caixa-emite-alerta-importante-sobre-o-saque-aniversario\/#primaryimage","url":"https:\/\/www.correiobraziliense.com.br\/cbradar\/wp-content\/uploads\/2025\/02\/FGTS_1740157139211.jpg","contentUrl":"https:\/\/www.correiobraziliense.com.br\/cbradar\/wp-content\/uploads\/2025\/02\/FGTS_1740157139211.jpg","width":1280,"height":720,"caption":"Saque-anivers\u00e1rio. Cr\u00e9ditos: depositphotos.com \/ joasouza"},{"@type":"BreadcrumbList","@id":"https:\/\/www.correiobraziliense.com.br\/cbradar\/caixa-emite-alerta-importante-sobre-o-saque-aniversario\/#breadcrumb","itemListElement":[{"@type":"ListItem","position":1,"name":"In\u00edcio","item":"https:\/\/www.correiobraziliense.com.br\/cbradar\/"},{"@type":"ListItem","position":2,"name":"Caixa emite alerta importante sobre o saque-anivers\u00e1rio"}]},{"@type":"WebSite","@id":"https:\/\/www.correiobraziliense.com.br\/cbradar\/#website","url":"https:\/\/www.correiobraziliense.com.br\/cbradar\/","name":"Correio Braziliense - Radar","description":"Acompanhe as \u00faltimas not\u00edcias e fique bem informado sobre tudo o que acontece no Brasil e no mundo.","potentialAction":[{"@type":"SearchAction","target":{"@type":"EntryPoint","urlTemplate":"https:\/\/www.correiobraziliense.com.br\/cbradar\/?s={search_term_string}"},"query-input":{"@type":"PropertyValueSpecification","valueRequired":true,"valueName":"search_term_string"}}],"inLanguage":"pt-BR"},{"@type":"Person","@id":"https:\/\/www.correiobraziliense.com.br\/cbradar\/#\/schema\/person\/58422787644df994b53a19d3e56c1513","name":"Larissa Carvalho","image":{"@type":"ImageObject","inLanguage":"pt-BR","@id":"https:\/\/www.correiobraziliense.com.br\/cbradar\/#\/schema\/person\/image\/","url":"https:\/\/secure.gravatar.com\/avatar\/fe4f91a0de32b52a838d0d612abdc1aa?s=96&d=mm&r=g","contentUrl":"https:\/\/secure.gravatar.com\/avatar\/fe4f91a0de32b52a838d0d612abdc1aa?s=96&d=mm&r=g","caption":"Larissa Carvalho"},"url":"https:\/\/www.correiobraziliense.com.br\/cbradar\/author\/larissamyth\/"}]}},"_links":{"self":[{"href":"https:\/\/www.correiobraziliense.com.br\/cbradar\/wp-json\/wp\/v2\/posts\/4669","targetHints":{"allow":["GET"]}}],"collection":[{"href":"https:\/\/www.correiobraziliense.com.br\/cbradar\/wp-json\/wp\/v2\/posts"}],"about":[{"href":"https:\/\/www.correiobraziliense.com.br\/cbradar\/wp-json\/wp\/v2\/types\/post"}],"author":[{"embeddable":true,"href":"https:\/\/www.correiobraziliense.com.br\/cbradar\/wp-json\/wp\/v2\/users\/3"}],"replies":[{"embeddable":true,"href":"https:\/\/www.correiobraziliense.com.br\/cbradar\/wp-json\/wp\/v2\/comments?post=4669"}],"version-history":[{"count":1,"href":"https:\/\/www.correiobraziliense.com.br\/cbradar\/wp-json\/wp\/v2\/posts\/4669\/revisions"}],"predecessor-version":[{"id":4672,"href":"https:\/\/www.correiobraziliense.com.br\/cbradar\/wp-json\/wp\/v2\/posts\/4669\/revisions\/4672"}],"wp:featuredmedia":[{"embeddable":true,"href":"https:\/\/www.correiobraziliense.com.br\/cbradar\/wp-json\/wp\/v2\/media\/4670"}],"wp:attachment":[{"href":"https:\/\/www.correiobraziliense.com.br\/cbradar\/wp-json\/wp\/v2\/media?parent=4669"}],"wp:term":[{"taxonomy":"category","embeddable":true,"href":"https:\/\/www.correiobraziliense.com.br\/cbradar\/wp-json\/wp\/v2\/categories?post=4669"},{"taxonomy":"post_tag","embeddable":true,"href":"https:\/\/www.correiobraziliense.com.br\/cbradar\/wp-json\/wp\/v2\/post_tag?post=4669"}],"curies":[{"name":"wp","href":"https:\/\/api.w.org\/{rel}","templated":true}]}}