{"id":46828,"date":"2025-06-03T13:03:00","date_gmt":"2025-06-03T16:03:00","guid":{"rendered":"https:\/\/www.correiobraziliense.com.br\/cbradar\/?p=46828"},"modified":"2025-06-02T14:01:31","modified_gmt":"2025-06-02T17:01:31","slug":"tomates-sao-recolhidos-por-risco-de-doenca-grave-e-morte","status":"publish","type":"post","link":"https:\/\/www.correiobraziliense.com.br\/cbradar\/tomates-sao-recolhidos-por-risco-de-doenca-grave-e-morte\/","title":{"rendered":"Tomates s\u00e3o recolhidos por risco de doen\u00e7a grave e morte"},"content":{"rendered":"\n<p>A infec\u00e7\u00e3o por <strong>Salmonella <\/strong>\u00e9 uma preocupa\u00e7\u00e3o crescente no mundo todo, especialmente devido \u00e0 sua capacidade de se espalhar rapidamente atrav\u00e9s de alimentos contaminados. Essa bact\u00e9ria pode causar uma s\u00e9rie de sintomas desagrad\u00e1veis e, em casos mais graves, levar a complica\u00e7\u00f5es s\u00e9rias de sa\u00fade. A Salmonella \u00e9 frequentemente associada a produtos aliment\u00edcios como ovos, carne de aves e, mais recentemente, tomates.<\/p>\n\n\n\n<p>O recente recall de tomates nos <strong>Estados Unidos<\/strong> destacou a gravidade da contamina\u00e7\u00e3o por Salmonella. A <a href=\"https:\/\/www.fda.gov\/\" target=\"_blank\" rel=\"noreferrer noopener\">Food and Drug Administration (FDA)<\/a> atualizou o alerta para o n\u00edvel mais severo, indicando que a exposi\u00e7\u00e3o a esses produtos pode resultar em consequ\u00eancias adversas significativas para a sa\u00fade. Este artigo explora o que \u00e9 a infec\u00e7\u00e3o por Salmonella, seus sintomas, e como prevenir essa contamina\u00e7\u00e3o.<\/p>\n\n\n\n<h2 class=\"wp-block-heading\">Quais s\u00e3o os sintomas da infec\u00e7\u00e3o por Salmonella?<\/h2>\n\n\n\n<p>A infec\u00e7\u00e3o por Salmonella, causada pela bact\u00e9ria do g\u00eanero\u00a0<em>Salmonella<\/em>, pode desencadear uma variedade de sintomas. Os mais comuns incluem febre, diarreia, dor abdominal, calafrios e mal-estar geral. Esses <a href=\"https:\/\/www.correiobraziliense.com.br\/cbradar\/descoberta-a-forma-mais-rapida-de-acabar-com-o-inchaco-abdominal\/\" target=\"_blank\" rel=\"noreferrer noopener\">sintomas <\/a>geralmente aparecem entre 6 e 72 horas ap\u00f3s o consumo de alimentos contaminados, com a maioria dos casos ocorrendo entre 12 e 36 horas.<\/p>\n\n\n<div class=\"wp-block-image\">\n<figure class=\"aligncenter size-large\"><img decoding=\"async\" width=\"1024\" height=\"576\" src=\"https:\/\/www.correiobraziliense.com.br\/cbradar\/wp-content\/uploads\/2025\/06\/tomate_1748882207938-1024x576.jpg\" alt=\"\" class=\"wp-image-46836\" srcset=\"https:\/\/www.correiobraziliense.com.br\/cbradar\/wp-content\/uploads\/2025\/06\/tomate_1748882207938-1024x576.jpg 1024w, https:\/\/www.correiobraziliense.com.br\/cbradar\/wp-content\/uploads\/2025\/06\/tomate_1748882207938-300x169.jpg 300w, https:\/\/www.correiobraziliense.com.br\/cbradar\/wp-content\/uploads\/2025\/06\/tomate_1748882207938-768x432.jpg 768w, https:\/\/www.correiobraziliense.com.br\/cbradar\/wp-content\/uploads\/2025\/06\/tomate_1748882207938-750x422.jpg 750w, https:\/\/www.correiobraziliense.com.br\/cbradar\/wp-content\/uploads\/2025\/06\/tomate_1748882207938-1140x641.jpg 1140w, https:\/\/www.correiobraziliense.com.br\/cbradar\/wp-content\/uploads\/2025\/06\/tomate_1748882207938.jpg 1280w\" sizes=\"(max-width: 1024px) 100vw, 1024px\" \/><figcaption class=\"wp-element-caption\">Tomate &#8211; Cr\u00e9ditos: depositphotos.com \/ AndrewLozovyi<\/figcaption><\/figure><\/div>\n\n\n<p>Embora a maioria das pessoas se recupere sem tratamento espec\u00edfico em cerca de 2 a 7 dias, algumas podem experimentar sintomas mais graves. Em particular, crian\u00e7as pequenas, idosos e pessoas com sistemas imunol\u00f3gicos comprometidos est\u00e3o em maior risco de desenvolver complica\u00e7\u00f5es s\u00e9rias. Em casos raros, a infec\u00e7\u00e3o pode se espalhar para a corrente sangu\u00ednea, exigindo interven\u00e7\u00e3o m\u00e9dica imediata.<\/p>\n\n\n\n<h2 class=\"wp-block-heading\">Como a Salmonella se espalha?<\/h2>\n\n\n\n<p>A Salmonella \u00e9 frequentemente transmitida atrav\u00e9s do consumo de alimentos contaminados. Produtos de origem animal, como carne de aves, ovos e leite, s\u00e3o as fontes mais comuns. No entanto, frutas e vegetais, como os tomates, tamb\u00e9m podem ser contaminados, especialmente se n\u00e3o forem devidamente lavados ou cozidos.<\/p>\n\n\n\n<p>A bact\u00e9ria pode sobreviver por longos per\u00edodos em ambientes secos e \u00famidos, o que aumenta o risco de contamina\u00e7\u00e3o cruzada em cozinhas e \u00e1reas de preparo de alimentos. A pr\u00e1tica de higiene adequada, como lavar as m\u00e3os e utens\u00edlios de cozinha, \u00e9 essencial para prevenir a propaga\u00e7\u00e3o da Salmonella.<\/p>\n\n\n\n<h2 class=\"wp-block-heading\">Como prevenir a infec\u00e7\u00e3o por Salmonella?<\/h2>\n\n\n\n<p>Prevenir a infec\u00e7\u00e3o por Salmonella envolve uma combina\u00e7\u00e3o de pr\u00e1ticas de seguran\u00e7a alimentar e higiene pessoal. Aqui est\u00e3o algumas dicas para reduzir o risco de contamina\u00e7\u00e3o:<\/p>\n\n\n\n<blockquote class=\"instagram-media\" data-instgrm-permalink=\"https:\/\/www.instagram.com\/reel\/DGV2pQNx3Tp\/?utm_source=ig_embed&amp;utm_campaign=loading\" data-instgrm-version=\"14\" style=\" background:#FFF; border:0; border-radius:3px; box-shadow:0 0 1px 0 rgba(0,0,0,0.5),0 1px 10px 0 rgba(0,0,0,0.15); margin: 1px; max-width:540px; min-width:326px; padding:0; width:99.375%; width:-webkit-calc(100% - 2px); width:calc(100% - 2px);\"><div style=\"padding:16px;\"> <a href=\"https:\/\/www.instagram.com\/reel\/DGV2pQNx3Tp\/?utm_source=ig_embed&amp;utm_campaign=loading\" style=\" background:#FFFFFF; line-height:0; padding:0 0; text-align:center; text-decoration:none; width:100%;\" target=\"_blank\"> <div style=\" display: flex; flex-direction: row; align-items: center;\"> <div style=\"background-color: #F4F4F4; border-radius: 50%; flex-grow: 0; height: 40px; margin-right: 14px; width: 40px;\"><\/div> <div style=\"display: flex; flex-direction: column; flex-grow: 1; justify-content: center;\"> <div style=\" background-color: #F4F4F4; border-radius: 4px; flex-grow: 0; height: 14px; margin-bottom: 6px; width: 100px;\"><\/div> <div style=\" background-color: #F4F4F4; border-radius: 4px; flex-grow: 0; height: 14px; width: 60px;\"><\/div><\/div><\/div><div style=\"padding: 19% 0;\"><\/div> <div style=\"display:block; height:50px; margin:0 auto 12px; width:50px;\"><svg width=\"50px\" height=\"50px\" viewBox=\"0 0 60 60\" version=\"1.1\" xmlns=\"https:\/\/www.w3.org\/2000\/svg\" xmlns:xlink=\"https:\/\/www.w3.org\/1999\/xlink\"><g stroke=\"none\" stroke-width=\"1\" fill=\"none\" fill-rule=\"evenodd\"><g transform=\"translate(-511.000000, -20.000000)\" fill=\"#000000\"><g><path d=\"M556.869,30.41 C554.814,30.41 553.148,32.076 553.148,34.131 C553.148,36.186 554.814,37.852 556.869,37.852 C558.924,37.852 560.59,36.186 560.59,34.131 C560.59,32.076 558.924,30.41 556.869,30.41 M541,60.657 C535.114,60.657 530.342,55.887 530.342,50 C530.342,44.114 535.114,39.342 541,39.342 C546.887,39.342 551.658,44.114 551.658,50 C551.658,55.887 546.887,60.657 541,60.657 M541,33.886 C532.1,33.886 524.886,41.1 524.886,50 C524.886,58.899 532.1,66.113 541,66.113 C549.9,66.113 557.115,58.899 557.115,50 C557.115,41.1 549.9,33.886 541,33.886 M565.378,62.101 C565.244,65.022 564.756,66.606 564.346,67.663 C563.803,69.06 563.154,70.057 562.106,71.106 C561.058,72.155 560.06,72.803 558.662,73.347 C557.607,73.757 556.021,74.244 553.102,74.378 C549.944,74.521 548.997,74.552 541,74.552 C533.003,74.552 532.056,74.521 528.898,74.378 C525.979,74.244 524.393,73.757 523.338,73.347 C521.94,72.803 520.942,72.155 519.894,71.106 C518.846,70.057 518.197,69.06 517.654,67.663 C517.244,66.606 516.755,65.022 516.623,62.101 C516.479,58.943 516.448,57.996 516.448,50 C516.448,42.003 516.479,41.056 516.623,37.899 C516.755,34.978 517.244,33.391 517.654,32.338 C518.197,30.938 518.846,29.942 519.894,28.894 C520.942,27.846 521.94,27.196 523.338,26.654 C524.393,26.244 525.979,25.756 528.898,25.623 C532.057,25.479 533.004,25.448 541,25.448 C548.997,25.448 549.943,25.479 553.102,25.623 C556.021,25.756 557.607,26.244 558.662,26.654 C560.06,27.196 561.058,27.846 562.106,28.894 C563.154,29.942 563.803,30.938 564.346,32.338 C564.756,33.391 565.244,34.978 565.378,37.899 C565.522,41.056 565.552,42.003 565.552,50 C565.552,57.996 565.522,58.943 565.378,62.101 M570.82,37.631 C570.674,34.438 570.167,32.258 569.425,30.349 C568.659,28.377 567.633,26.702 565.965,25.035 C564.297,23.368 562.623,22.342 560.652,21.575 C558.743,20.834 556.562,20.326 553.369,20.18 C550.169,20.033 549.148,20 541,20 C532.853,20 531.831,20.033 528.631,20.18 C525.438,20.326 523.257,20.834 521.349,21.575 C519.376,22.342 517.703,23.368 516.035,25.035 C514.368,26.702 513.342,28.377 512.574,30.349 C511.834,32.258 511.326,34.438 511.181,37.631 C511.035,40.831 511,41.851 511,50 C511,58.147 511.035,59.17 511.181,62.369 C511.326,65.562 511.834,67.743 512.574,69.651 C513.342,71.625 514.368,73.296 516.035,74.965 C517.703,76.634 519.376,77.658 521.349,78.425 C523.257,79.167 525.438,79.673 528.631,79.82 C531.831,79.965 532.853,80.001 541,80.001 C549.148,80.001 550.169,79.965 553.369,79.82 C556.562,79.673 558.743,79.167 560.652,78.425 C562.623,77.658 564.297,76.634 565.965,74.965 C567.633,73.296 568.659,71.625 569.425,69.651 C570.167,67.743 570.674,65.562 570.82,62.369 C570.966,59.17 571,58.147 571,50 C571,41.851 570.966,40.831 570.82,37.631\"><\/path><\/g><\/g><\/g><\/svg><\/div><div style=\"padding-top: 8px;\"> <div style=\" color:#3897f0; font-family:Arial,sans-serif; font-size:14px; font-style:normal; font-weight:550; line-height:18px;\">Ver essa foto no Instagram<\/div><\/div><div style=\"padding: 12.5% 0;\"><\/div> <div style=\"display: flex; flex-direction: row; margin-bottom: 14px; align-items: center;\"><div> <div style=\"background-color: #F4F4F4; border-radius: 50%; height: 12.5px; width: 12.5px; transform: translateX(0px) translateY(7px);\"><\/div> <div style=\"background-color: #F4F4F4; height: 12.5px; transform: rotate(-45deg) translateX(3px) translateY(1px); width: 12.5px; flex-grow: 0; margin-right: 14px; margin-left: 2px;\"><\/div> <div style=\"background-color: #F4F4F4; border-radius: 50%; height: 12.5px; width: 12.5px; transform: translateX(9px) translateY(-18px);\"><\/div><\/div><div style=\"margin-left: 8px;\"> <div style=\" background-color: #F4F4F4; border-radius: 50%; flex-grow: 0; height: 20px; width: 20px;\"><\/div> <div style=\" width: 0; height: 0; border-top: 2px solid transparent; border-left: 6px solid #f4f4f4; border-bottom: 2px solid transparent; transform: translateX(16px) translateY(-4px) rotate(30deg)\"><\/div><\/div><div style=\"margin-left: auto;\"> <div style=\" width: 0px; border-top: 8px solid #F4F4F4; border-right: 8px solid transparent; transform: translateY(16px);\"><\/div> <div style=\" background-color: #F4F4F4; flex-grow: 0; height: 12px; width: 16px; transform: translateY(-4px);\"><\/div> <div style=\" width: 0; height: 0; border-top: 8px solid #F4F4F4; border-left: 8px solid transparent; transform: translateY(-4px) translateX(8px);\"><\/div><\/div><\/div> <div style=\"display: flex; flex-direction: column; flex-grow: 1; justify-content: center; margin-bottom: 24px;\"> <div style=\" background-color: #F4F4F4; border-radius: 4px; flex-grow: 0; height: 14px; margin-bottom: 6px; width: 224px;\"><\/div> <div style=\" background-color: #F4F4F4; border-radius: 4px; flex-grow: 0; height: 14px; width: 144px;\"><\/div><\/div><\/a><p style=\" color:#c9c8cd; font-family:Arial,sans-serif; font-size:14px; line-height:17px; margin-bottom:0; margin-top:8px; overflow:hidden; padding:8px 0 7px; text-align:center; text-overflow:ellipsis; white-space:nowrap;\"><a href=\"https:\/\/www.instagram.com\/reel\/DGV2pQNx3Tp\/?utm_source=ig_embed&amp;utm_campaign=loading\" style=\" color:#c9c8cd; font-family:Arial,sans-serif; font-size:14px; font-style:normal; font-weight:normal; line-height:17px; text-decoration:none;\" target=\"_blank\">Uma publica\u00e7\u00e3o compartilhada por Brazil Health (@oficialbrazilhealth)<\/a><\/p><\/div><\/blockquote>\n<script async src=\"\/\/www.instagram.com\/embed.js\"><\/script>\n\n\n\n<ul class=\"wp-block-list\">\n<li><strong>Lave bem as m\u00e3os<\/strong>\u00a0antes e depois de manusear alimentos, especialmente carnes cruas.<\/li>\n\n\n\n<li><strong>Cozinhe bem os alimentos<\/strong>, garantindo que carnes e ovos alcancem temperaturas internas seguras.<\/li>\n\n\n\n<li><strong>Evite a contamina\u00e7\u00e3o cruzada<\/strong>\u00a0usando t\u00e1buas de corte separadas para carnes e vegetais.<\/li>\n\n\n\n<li><strong>Armazene alimentos perec\u00edveis<\/strong>\u00a0em temperaturas adequadas para evitar o crescimento bacteriano.<\/li>\n\n\n\n<li><strong>Lave frutas e vegetais<\/strong>\u00a0antes do consumo, mesmo que a casca n\u00e3o seja consumida.<\/li>\n<\/ul>\n\n\n\n<h2 class=\"wp-block-heading\">Por que a vigil\u00e2ncia \u00e9 importante?<\/h2>\n\n\n\n<p>A vigil\u00e2ncia cont\u00ednua \u00e9 crucial para identificar e controlar surtos de Salmonella. Autoridades de sa\u00fade p\u00fablica, como a FDA nos Estados Unidos, monitoram casos de infec\u00e7\u00e3o e emitem alertas quando necess\u00e1rio. Isso ajuda a proteger o p\u00fablico e a prevenir a dissemina\u00e7\u00e3o da bact\u00e9ria.<\/p>\n\n\n\n<p>No Brasil, a Secretaria de Vigil\u00e2ncia em Sa\u00fade tamb\u00e9m desempenha um papel vital na identifica\u00e7\u00e3o de surtos e na educa\u00e7\u00e3o da popula\u00e7\u00e3o sobre pr\u00e1ticas seguras de manuseio de alimentos. De 2016 a 2019, foram registrados 626 surtos de intoxica\u00e7\u00e3o alimentar no pa\u00eds, com quase 15% dos casos atribu\u00eddos \u00e0 salmonella.<\/p>\n\n\n\n<h2 class=\"wp-block-heading\">Quando procurar ajuda m\u00e9dica?<\/h2>\n\n\n\n<p>Embora muitos casos de infec\u00e7\u00e3o por Salmonella se resolvam sem interven\u00e7\u00e3o m\u00e9dica, \u00e9 importante procurar ajuda se os sintomas forem graves ou persistirem por mais de uma semana. Pessoas em grupos de risco, como crian\u00e7as pequenas e idosos, devem ser monitoradas de perto.<\/p>\n\n\n\n<p>Em caso de suspeita de infec\u00e7\u00e3o, \u00e9 essencial buscar orienta\u00e7\u00e3o m\u00e9dica para diagn\u00f3stico e tratamento adequados. O tratamento pode incluir a reposi\u00e7\u00e3o de fluidos e, em casos mais graves, o uso de antibi\u00f3ticos.<\/p>\n\n\n\n<p>Em resumo, a infec\u00e7\u00e3o por Salmonella \u00e9 uma preocupa\u00e7\u00e3o significativa de sa\u00fade p\u00fablica, mas pode ser evitada com pr\u00e1ticas adequadas de higiene e seguran\u00e7a alimentar. Manter-se informado e vigilante \u00e9 a chave para proteger a sa\u00fade de todos.<\/p>\n\n\n\n<p><\/p>\n","protected":false},"excerpt":{"rendered":"<p>A infec\u00e7\u00e3o por Salmonella \u00e9 uma preocupa\u00e7\u00e3o crescente no mundo todo, especialmente devido \u00e0 sua capacidade de se espalhar rapidamente atrav\u00e9s de alimentos contaminados. Essa bact\u00e9ria pode causar uma s\u00e9rie de sintomas desagrad\u00e1veis e, em casos mais graves, levar a complica\u00e7\u00f5es s\u00e9rias de sa\u00fade. A Salmonella \u00e9 frequentemente associada a produtos aliment\u00edcios como ovos, carne [&hellip;]<\/p>\n","protected":false},"author":14,"featured_media":46834,"comment_status":"open","ping_status":"open","sticky":false,"template":"","format":"standard","meta":{"_yoast_wpseo_focuskw":"Salmonella","_yoast_wpseo_title":"","_yoast_wpseo_metadesc":"FDA alerta para contamina\u00e7\u00e3o de tomates por salmonella. Entenda os perigos, como se proteger e quando buscar ajuda m\u00e9dica.","jnews-multi-image_gallery":[],"jnews_single_post":{"format":"standard"},"jnews_primary_category":[],"jnews_social_meta":[],"jnews_override_counter":[],"footnotes":""},"categories":[4404],"tags":[5803,5802,4418],"class_list":["post-46828","post","type-post","status-publish","format-standard","has-post-thumbnail","hentry","category-saude","tag-alimentos-contaminados","tag-salmonella","tag-saude-publica"],"yoast_head":"<!-- This site is optimized with the Yoast SEO plugin v24.6 - https:\/\/yoast.com\/wordpress\/plugins\/seo\/ -->\n<title>Tomates s\u00e3o recolhidos por risco de doen\u00e7a grave e morte - Correio Braziliense - Radar<\/title>\n<meta name=\"description\" content=\"FDA alerta para contamina\u00e7\u00e3o de tomates por salmonella. Entenda os perigos, como se proteger e quando buscar ajuda m\u00e9dica.\" \/>\n<meta name=\"robots\" content=\"index, follow, max-snippet:-1, max-image-preview:large, max-video-preview:-1\" \/>\n<link rel=\"canonical\" href=\"https:\/\/www.correiobraziliense.com.br\/cbradar\/tomates-sao-recolhidos-por-risco-de-doenca-grave-e-morte\/\" \/>\n<meta property=\"og:locale\" content=\"pt_BR\" \/>\n<meta property=\"og:type\" content=\"article\" \/>\n<meta property=\"og:title\" content=\"Tomates s\u00e3o recolhidos por risco de doen\u00e7a grave e morte - Correio Braziliense - Radar\" \/>\n<meta property=\"og:description\" content=\"FDA alerta para contamina\u00e7\u00e3o de tomates por salmonella. Entenda os perigos, como se proteger e quando buscar ajuda m\u00e9dica.\" \/>\n<meta property=\"og:url\" content=\"https:\/\/www.correiobraziliense.com.br\/cbradar\/tomates-sao-recolhidos-por-risco-de-doenca-grave-e-morte\/\" \/>\n<meta property=\"og:site_name\" content=\"Correio Braziliense - Radar\" \/>\n<meta property=\"article:published_time\" content=\"2025-06-03T16:03:00+00:00\" \/>\n<meta property=\"og:image\" content=\"https:\/\/www.correiobraziliense.com.br\/cbradar\/wp-content\/uploads\/2025\/06\/tomate_1748882129782.jpg\" \/>\n\t<meta property=\"og:image:width\" content=\"1280\" \/>\n\t<meta property=\"og:image:height\" content=\"720\" \/>\n\t<meta property=\"og:image:type\" content=\"image\/jpeg\" \/>\n<meta name=\"author\" content=\"guilherme_saude\" \/>\n<meta name=\"twitter:card\" content=\"summary_large_image\" \/>\n<meta name=\"twitter:label1\" content=\"Escrito por\" \/>\n\t<meta name=\"twitter:data1\" content=\"guilherme_saude\" \/>\n\t<meta name=\"twitter:label2\" content=\"Est. tempo de leitura\" \/>\n\t<meta name=\"twitter:data2\" content=\"5 minutos\" \/>\n<!-- \/ Yoast SEO plugin. -->","yoast_head_json":{"title":"Tomates s\u00e3o recolhidos por risco de doen\u00e7a grave e morte - Correio Braziliense - Radar","description":"FDA alerta para contamina\u00e7\u00e3o de tomates por salmonella. Entenda os perigos, como se proteger e quando buscar ajuda m\u00e9dica.","robots":{"index":"index","follow":"follow","max-snippet":"max-snippet:-1","max-image-preview":"max-image-preview:large","max-video-preview":"max-video-preview:-1"},"canonical":"https:\/\/www.correiobraziliense.com.br\/cbradar\/tomates-sao-recolhidos-por-risco-de-doenca-grave-e-morte\/","og_locale":"pt_BR","og_type":"article","og_title":"Tomates s\u00e3o recolhidos por risco de doen\u00e7a grave e morte - Correio Braziliense - Radar","og_description":"FDA alerta para contamina\u00e7\u00e3o de tomates por salmonella. Entenda os perigos, como se proteger e quando buscar ajuda m\u00e9dica.","og_url":"https:\/\/www.correiobraziliense.com.br\/cbradar\/tomates-sao-recolhidos-por-risco-de-doenca-grave-e-morte\/","og_site_name":"Correio Braziliense - Radar","article_published_time":"2025-06-03T16:03:00+00:00","og_image":[{"width":1280,"height":720,"url":"https:\/\/www.correiobraziliense.com.br\/cbradar\/wp-content\/uploads\/2025\/06\/tomate_1748882129782.jpg","type":"image\/jpeg"}],"author":"guilherme_saude","twitter_card":"summary_large_image","twitter_misc":{"Escrito por":"guilherme_saude","Est. tempo de leitura":"5 minutos"},"schema":{"@context":"https:\/\/schema.org","@graph":[{"@type":"WebPage","@id":"https:\/\/www.correiobraziliense.com.br\/cbradar\/tomates-sao-recolhidos-por-risco-de-doenca-grave-e-morte\/","url":"https:\/\/www.correiobraziliense.com.br\/cbradar\/tomates-sao-recolhidos-por-risco-de-doenca-grave-e-morte\/","name":"Tomates s\u00e3o recolhidos por risco de doen\u00e7a grave e morte - Correio Braziliense - Radar","isPartOf":{"@id":"https:\/\/www.correiobraziliense.com.br\/cbradar\/#website"},"primaryImageOfPage":{"@id":"https:\/\/www.correiobraziliense.com.br\/cbradar\/tomates-sao-recolhidos-por-risco-de-doenca-grave-e-morte\/#primaryimage"},"image":{"@id":"https:\/\/www.correiobraziliense.com.br\/cbradar\/tomates-sao-recolhidos-por-risco-de-doenca-grave-e-morte\/#primaryimage"},"thumbnailUrl":"https:\/\/www.correiobraziliense.com.br\/cbradar\/wp-content\/uploads\/2025\/06\/tomate_1748882129782.jpg","datePublished":"2025-06-03T16:03:00+00:00","author":{"@id":"https:\/\/www.correiobraziliense.com.br\/cbradar\/#\/schema\/person\/5aa4bf3c8fa699c267933611de12978b"},"description":"FDA alerta para contamina\u00e7\u00e3o de tomates por salmonella. Entenda os perigos, como se proteger e quando buscar ajuda m\u00e9dica.","breadcrumb":{"@id":"https:\/\/www.correiobraziliense.com.br\/cbradar\/tomates-sao-recolhidos-por-risco-de-doenca-grave-e-morte\/#breadcrumb"},"inLanguage":"pt-BR","potentialAction":[{"@type":"ReadAction","target":["https:\/\/www.correiobraziliense.com.br\/cbradar\/tomates-sao-recolhidos-por-risco-de-doenca-grave-e-morte\/"]}]},{"@type":"ImageObject","inLanguage":"pt-BR","@id":"https:\/\/www.correiobraziliense.com.br\/cbradar\/tomates-sao-recolhidos-por-risco-de-doenca-grave-e-morte\/#primaryimage","url":"https:\/\/www.correiobraziliense.com.br\/cbradar\/wp-content\/uploads\/2025\/06\/tomate_1748882129782.jpg","contentUrl":"https:\/\/www.correiobraziliense.com.br\/cbradar\/wp-content\/uploads\/2025\/06\/tomate_1748882129782.jpg","width":1280,"height":720,"caption":"Tomate - Cr\u00e9ditos: depositphotos.com \/ VikaKhalabuzar"},{"@type":"BreadcrumbList","@id":"https:\/\/www.correiobraziliense.com.br\/cbradar\/tomates-sao-recolhidos-por-risco-de-doenca-grave-e-morte\/#breadcrumb","itemListElement":[{"@type":"ListItem","position":1,"name":"In\u00edcio","item":"https:\/\/www.correiobraziliense.com.br\/cbradar\/"},{"@type":"ListItem","position":2,"name":"Tomates s\u00e3o recolhidos por risco de doen\u00e7a grave e morte"}]},{"@type":"WebSite","@id":"https:\/\/www.correiobraziliense.com.br\/cbradar\/#website","url":"https:\/\/www.correiobraziliense.com.br\/cbradar\/","name":"Correio Braziliense - Radar","description":"Acompanhe as \u00faltimas not\u00edcias e fique bem informado sobre tudo o que acontece no Brasil e no mundo.","potentialAction":[{"@type":"SearchAction","target":{"@type":"EntryPoint","urlTemplate":"https:\/\/www.correiobraziliense.com.br\/cbradar\/?s={search_term_string}"},"query-input":{"@type":"PropertyValueSpecification","valueRequired":true,"valueName":"search_term_string"}}],"inLanguage":"pt-BR"},{"@type":"Person","@id":"https:\/\/www.correiobraziliense.com.br\/cbradar\/#\/schema\/person\/5aa4bf3c8fa699c267933611de12978b","name":"guilherme_saude","image":{"@type":"ImageObject","inLanguage":"pt-BR","@id":"https:\/\/www.correiobraziliense.com.br\/cbradar\/#\/schema\/person\/image\/","url":"https:\/\/secure.gravatar.com\/avatar\/df9adfb835d344bc0af109d41756253f?s=96&d=mm&r=g","contentUrl":"https:\/\/secure.gravatar.com\/avatar\/df9adfb835d344bc0af109d41756253f?s=96&d=mm&r=g","caption":"guilherme_saude"},"url":"https:\/\/www.correiobraziliense.com.br\/cbradar\/author\/guilherme_saude\/"}]}},"_links":{"self":[{"href":"https:\/\/www.correiobraziliense.com.br\/cbradar\/wp-json\/wp\/v2\/posts\/46828","targetHints":{"allow":["GET"]}}],"collection":[{"href":"https:\/\/www.correiobraziliense.com.br\/cbradar\/wp-json\/wp\/v2\/posts"}],"about":[{"href":"https:\/\/www.correiobraziliense.com.br\/cbradar\/wp-json\/wp\/v2\/types\/post"}],"author":[{"embeddable":true,"href":"https:\/\/www.correiobraziliense.com.br\/cbradar\/wp-json\/wp\/v2\/users\/14"}],"replies":[{"embeddable":true,"href":"https:\/\/www.correiobraziliense.com.br\/cbradar\/wp-json\/wp\/v2\/comments?post=46828"}],"version-history":[{"count":1,"href":"https:\/\/www.correiobraziliense.com.br\/cbradar\/wp-json\/wp\/v2\/posts\/46828\/revisions"}],"predecessor-version":[{"id":46837,"href":"https:\/\/www.correiobraziliense.com.br\/cbradar\/wp-json\/wp\/v2\/posts\/46828\/revisions\/46837"}],"wp:featuredmedia":[{"embeddable":true,"href":"https:\/\/www.correiobraziliense.com.br\/cbradar\/wp-json\/wp\/v2\/media\/46834"}],"wp:attachment":[{"href":"https:\/\/www.correiobraziliense.com.br\/cbradar\/wp-json\/wp\/v2\/media?parent=46828"}],"wp:term":[{"taxonomy":"category","embeddable":true,"href":"https:\/\/www.correiobraziliense.com.br\/cbradar\/wp-json\/wp\/v2\/categories?post=46828"},{"taxonomy":"post_tag","embeddable":true,"href":"https:\/\/www.correiobraziliense.com.br\/cbradar\/wp-json\/wp\/v2\/tags?post=46828"}],"curies":[{"name":"wp","href":"https:\/\/api.w.org\/{rel}","templated":true}]}}