{"id":4694,"date":"2025-02-22T19:50:00","date_gmt":"2025-02-22T22:50:00","guid":{"rendered":"https:\/\/www.correiobraziliense.com.br\/cbradar\/?p=4694"},"modified":"2025-02-22T08:53:00","modified_gmt":"2025-02-22T11:53:00","slug":"ovos-vermelhos-mais-caros-que-os-brancos-entenda-o-motivo","status":"publish","type":"post","link":"https:\/\/www.correiobraziliense.com.br\/cbradar\/ovos-vermelhos-mais-caros-que-os-brancos-entenda-o-motivo\/","title":{"rendered":"Ovos vermelhos mais caros que os brancos? Entenda o motivo"},"content":{"rendered":"\n<p>Os ovos vermelhos, produzidos por galinhas de penas avermelhadas, t\u00eam um custo de produ\u00e7\u00e3o mais elevado em compara\u00e7\u00e3o aos ovos brancos. Isso se deve ao fato de que essas galinhas consomem mais ra\u00e7\u00e3o. Essa diferen\u00e7a no consumo alimentar reflete diretamente no pre\u00e7o final dos ovos vermelhos, tornando-os mais caros para o consumidor.<\/p>\n\n\n\n<p>Al\u00e9m disso, as galinhas caipiras, que tamb\u00e9m produzem ovos vermelhos, s\u00e3o criadas em ambientes abertos, o que influencia o custo de produ\u00e7\u00e3o. Elas dependem da luz solar para manter seu ciclo produtivo, e em per\u00edodos do ano com menos luz, como o inverno, a produ\u00e7\u00e3o diminui, resultando em menor oferta e pre\u00e7os mais altos.<\/p>\n\n\n\n<h2 class=\"wp-block-heading\"><strong>Como a cria\u00e7\u00e3o afeta o pre\u00e7o dos ovos caipiras e org\u00e2nicos?<\/strong><\/h2>\n\n\n\n<p>As galinhas caipiras, que vivem soltas, enfrentam desafios sazonais que afetam sua produtividade. Durante os meses com menos luz solar, a produ\u00e7\u00e3o de ovos diminui, elevando os pre\u00e7os devido \u00e0 menor oferta. Essa cria\u00e7\u00e3o ao ar livre contrasta com a produ\u00e7\u00e3o em granjas, onde as galinhas s\u00e3o mantidas em gaiolas e t\u00eam uma produ\u00e7\u00e3o mais constante.<\/p>\n\n\n\n<p>Os ovos org\u00e2nicos, por sua vez, s\u00e3o influenciados pelo tipo de alimenta\u00e7\u00e3o das galinhas. Elas s\u00e3o alimentadas exclusivamente com produtos naturais, como insetos e milho org\u00e2nico. A produ\u00e7\u00e3o desse milho sem o uso de produtos qu\u00edmicos encarece a alimenta\u00e7\u00e3o, o que se reflete no pre\u00e7o dos ovos org\u00e2nicos.<\/p>\n\n\n\n<figure class=\"wp-block-image size-large\"><img decoding=\"async\" width=\"1024\" height=\"576\" src=\"https:\/\/www.correiobraziliense.com.br\/cbradar\/wp-content\/uploads\/2025\/02\/ovos_1740160231782-1024x576.jpg\" alt=\"Ovos vermelhos mais caros que os brancos? Entenda o motivo\" class=\"wp-image-4698\" srcset=\"https:\/\/www.correiobraziliense.com.br\/cbradar\/wp-content\/uploads\/2025\/02\/ovos_1740160231782-1024x576.jpg 1024w, https:\/\/www.correiobraziliense.com.br\/cbradar\/wp-content\/uploads\/2025\/02\/ovos_1740160231782-300x169.jpg 300w, https:\/\/www.correiobraziliense.com.br\/cbradar\/wp-content\/uploads\/2025\/02\/ovos_1740160231782-768x432.jpg 768w, https:\/\/www.correiobraziliense.com.br\/cbradar\/wp-content\/uploads\/2025\/02\/ovos_1740160231782-750x422.jpg 750w, https:\/\/www.correiobraziliense.com.br\/cbradar\/wp-content\/uploads\/2025\/02\/ovos_1740160231782-1140x642.jpg 1140w, https:\/\/www.correiobraziliense.com.br\/cbradar\/wp-content\/uploads\/2025\/02\/ovos_1740160231782.jpg 1279w\" sizes=\"(max-width: 1024px) 100vw, 1024px\" \/><figcaption class=\"wp-element-caption\">Ovos vermelhos e brancos. Cr\u00e9ditos: depositphotos.com \/ urban_light<\/figcaption><\/figure>\n\n\n\n<h2 class=\"wp-block-heading\"><strong>Existe diferen\u00e7a nutricional entre os tipos de ovos?<\/strong><\/h2>\n\n\n\n<p>Apesar das diferen\u00e7as nos m\u00e9todos de cria\u00e7\u00e3o e alimenta\u00e7\u00e3o, do ponto de vista nutricional, os ovos brancos, vermelhos, caipiras e org\u00e2nicos s\u00e3o bastante similares. Essa equival\u00eancia nutricional \u00e9 confirmada por especialistas, que desmistificam a ideia de que um tipo de ovo \u00e9 mais nutritivo que o outro.<\/p>\n\n\n\n<p>Portanto, a escolha entre os diferentes tipos de ovos pode ser mais uma quest\u00e3o de prefer\u00eancia pessoal ou de considera\u00e7\u00f5es \u00e9ticas e ambientais, em vez de uma diferen\u00e7a significativa no valor nutricional.<\/p>\n\n\n\n<h2 class=\"wp-block-heading\"><strong>Quais fatores influenciam o pre\u00e7o dos ovos?<\/strong><\/h2>\n\n\n\n<p>V\u00e1rios fatores contribuem para o pre\u00e7o dos ovos, incluindo o tipo de galinha, o m\u00e9todo de cria\u00e7\u00e3o e a alimenta\u00e7\u00e3o. As galinhas vermelhas, por exemplo, consomem mais ra\u00e7\u00e3o, o que aumenta o custo de produ\u00e7\u00e3o dos ovos vermelhos. As galinhas caipiras e org\u00e2nicas, por sua vez, t\u00eam custos adicionais devido ao ambiente de cria\u00e7\u00e3o e \u00e0 alimenta\u00e7\u00e3o especial.<\/p>\n\n\n\n<p>Al\u00e9m disso, a sazonalidade e a disponibilidade de luz solar afetam a produ\u00e7\u00e3o das galinhas caipiras, influenciando diretamente a oferta e o pre\u00e7o dos ovos no mercado. Assim, os consumidores podem observar varia\u00e7\u00f5es de pre\u00e7o ao longo do ano, dependendo desses fatores.<\/p>\n","protected":false},"excerpt":{"rendered":"<p>Descubra por que ovos de cores diferentes custam valores diferentes e aprenda sobre os fatores que influenciam os pre\u00e7os dos ovos.<\/p>\n","protected":false},"author":3,"featured_media":4697,"comment_status":"open","ping_status":"open","sticky":false,"template":"","format":"standard","meta":{"_yoast_wpseo_focuskw":"ovos vermelho branco","_yoast_wpseo_title":"%%title%%","_yoast_wpseo_metadesc":"Descubra por que ovos de cores diferentes custam valores diferentes e aprenda sobre os fatores que influenciam os pre\u00e7os dos ovos.","jnews-multi-image_gallery":[],"jnews_single_post":{"format":"standard"},"jnews_primary_category":[],"jnews_social_meta":[],"jnews_override_counter":[],"footnotes":""},"categories":[112],"post_tag":[974],"class_list":["post-4694","post","type-post","status-publish","format-standard","has-post-thumbnail","hentry","category-curiosidades","tag-ovos"],"yoast_head":"<!-- This site is optimized with the Yoast SEO plugin v24.6 - https:\/\/yoast.com\/wordpress\/plugins\/seo\/ -->\n<title>Ovos vermelhos mais caros que os brancos? Entenda o motivo<\/title>\n<meta name=\"description\" content=\"Descubra por que ovos de cores diferentes custam valores diferentes e aprenda sobre os fatores que influenciam os pre\u00e7os dos ovos.\" \/>\n<meta name=\"robots\" content=\"index, follow, max-snippet:-1, max-image-preview:large, max-video-preview:-1\" \/>\n<link rel=\"canonical\" href=\"https:\/\/www.correiobraziliense.com.br\/cbradar\/ovos-vermelhos-mais-caros-que-os-brancos-entenda-o-motivo\/\" \/>\n<meta property=\"og:locale\" content=\"pt_BR\" \/>\n<meta property=\"og:type\" content=\"article\" \/>\n<meta property=\"og:title\" content=\"Ovos vermelhos mais caros que os brancos? Entenda o motivo\" \/>\n<meta property=\"og:description\" content=\"Descubra por que ovos de cores diferentes custam valores diferentes e aprenda sobre os fatores que influenciam os pre\u00e7os dos ovos.\" \/>\n<meta property=\"og:url\" content=\"https:\/\/www.correiobraziliense.com.br\/cbradar\/ovos-vermelhos-mais-caros-que-os-brancos-entenda-o-motivo\/\" \/>\n<meta property=\"og:site_name\" content=\"Correio Braziliense - Radar\" \/>\n<meta property=\"article:published_time\" content=\"2025-02-22T22:50:00+00:00\" \/>\n<meta property=\"og:image\" content=\"https:\/\/www.correiobraziliense.com.br\/cbradar\/wp-content\/uploads\/2025\/02\/ovos_1740160207810.jpg\" \/>\n\t<meta property=\"og:image:width\" content=\"1280\" \/>\n\t<meta property=\"og:image:height\" content=\"720\" \/>\n\t<meta property=\"og:image:type\" content=\"image\/jpeg\" \/>\n<meta name=\"author\" content=\"Larissa Carvalho\" \/>\n<meta name=\"twitter:card\" content=\"summary_large_image\" \/>\n<meta name=\"twitter:label1\" content=\"Escrito por\" \/>\n\t<meta name=\"twitter:data1\" content=\"Larissa Carvalho\" \/>\n\t<meta name=\"twitter:label2\" content=\"Est. tempo de leitura\" \/>\n\t<meta name=\"twitter:data2\" content=\"3 minutos\" \/>\n<!-- \/ Yoast SEO plugin. -->","yoast_head_json":{"title":"Ovos vermelhos mais caros que os brancos? Entenda o motivo","description":"Descubra por que ovos de cores diferentes custam valores diferentes e aprenda sobre os fatores que influenciam os pre\u00e7os dos ovos.","robots":{"index":"index","follow":"follow","max-snippet":"max-snippet:-1","max-image-preview":"max-image-preview:large","max-video-preview":"max-video-preview:-1"},"canonical":"https:\/\/www.correiobraziliense.com.br\/cbradar\/ovos-vermelhos-mais-caros-que-os-brancos-entenda-o-motivo\/","og_locale":"pt_BR","og_type":"article","og_title":"Ovos vermelhos mais caros que os brancos? Entenda o motivo","og_description":"Descubra por que ovos de cores diferentes custam valores diferentes e aprenda sobre os fatores que influenciam os pre\u00e7os dos ovos.","og_url":"https:\/\/www.correiobraziliense.com.br\/cbradar\/ovos-vermelhos-mais-caros-que-os-brancos-entenda-o-motivo\/","og_site_name":"Correio Braziliense - Radar","article_published_time":"2025-02-22T22:50:00+00:00","og_image":[{"width":1280,"height":720,"url":"https:\/\/www.correiobraziliense.com.br\/cbradar\/wp-content\/uploads\/2025\/02\/ovos_1740160207810.jpg","type":"image\/jpeg"}],"author":"Larissa Carvalho","twitter_card":"summary_large_image","twitter_misc":{"Escrito por":"Larissa Carvalho","Est. tempo de leitura":"3 minutos"},"schema":{"@context":"https:\/\/schema.org","@graph":[{"@type":"WebPage","@id":"https:\/\/www.correiobraziliense.com.br\/cbradar\/ovos-vermelhos-mais-caros-que-os-brancos-entenda-o-motivo\/","url":"https:\/\/www.correiobraziliense.com.br\/cbradar\/ovos-vermelhos-mais-caros-que-os-brancos-entenda-o-motivo\/","name":"Ovos vermelhos mais caros que os brancos? Entenda o motivo","isPartOf":{"@id":"https:\/\/www.correiobraziliense.com.br\/cbradar\/#website"},"primaryImageOfPage":{"@id":"https:\/\/www.correiobraziliense.com.br\/cbradar\/ovos-vermelhos-mais-caros-que-os-brancos-entenda-o-motivo\/#primaryimage"},"image":{"@id":"https:\/\/www.correiobraziliense.com.br\/cbradar\/ovos-vermelhos-mais-caros-que-os-brancos-entenda-o-motivo\/#primaryimage"},"thumbnailUrl":"https:\/\/www.correiobraziliense.com.br\/cbradar\/wp-content\/uploads\/2025\/02\/ovos_1740160207810.jpg","datePublished":"2025-02-22T22:50:00+00:00","author":{"@id":"https:\/\/www.correiobraziliense.com.br\/cbradar\/#\/schema\/person\/58422787644df994b53a19d3e56c1513"},"description":"Descubra por que ovos de cores diferentes custam valores diferentes e aprenda sobre os fatores que influenciam os pre\u00e7os dos ovos.","breadcrumb":{"@id":"https:\/\/www.correiobraziliense.com.br\/cbradar\/ovos-vermelhos-mais-caros-que-os-brancos-entenda-o-motivo\/#breadcrumb"},"inLanguage":"pt-BR","potentialAction":[{"@type":"ReadAction","target":["https:\/\/www.correiobraziliense.com.br\/cbradar\/ovos-vermelhos-mais-caros-que-os-brancos-entenda-o-motivo\/"]}]},{"@type":"ImageObject","inLanguage":"pt-BR","@id":"https:\/\/www.correiobraziliense.com.br\/cbradar\/ovos-vermelhos-mais-caros-que-os-brancos-entenda-o-motivo\/#primaryimage","url":"https:\/\/www.correiobraziliense.com.br\/cbradar\/wp-content\/uploads\/2025\/02\/ovos_1740160207810.jpg","contentUrl":"https:\/\/www.correiobraziliense.com.br\/cbradar\/wp-content\/uploads\/2025\/02\/ovos_1740160207810.jpg","width":1280,"height":720,"caption":"Ovos vermelhos e brancos. Cr\u00e9ditos: depositphotos.com \/ WhiteBearStudio"},{"@type":"BreadcrumbList","@id":"https:\/\/www.correiobraziliense.com.br\/cbradar\/ovos-vermelhos-mais-caros-que-os-brancos-entenda-o-motivo\/#breadcrumb","itemListElement":[{"@type":"ListItem","position":1,"name":"In\u00edcio","item":"https:\/\/www.correiobraziliense.com.br\/cbradar\/"},{"@type":"ListItem","position":2,"name":"Ovos vermelhos mais caros que os brancos? Entenda o motivo"}]},{"@type":"WebSite","@id":"https:\/\/www.correiobraziliense.com.br\/cbradar\/#website","url":"https:\/\/www.correiobraziliense.com.br\/cbradar\/","name":"Correio Braziliense - Radar","description":"Acompanhe as \u00faltimas not\u00edcias e fique bem informado sobre tudo o que acontece no Brasil e no mundo.","potentialAction":[{"@type":"SearchAction","target":{"@type":"EntryPoint","urlTemplate":"https:\/\/www.correiobraziliense.com.br\/cbradar\/?s={search_term_string}"},"query-input":{"@type":"PropertyValueSpecification","valueRequired":true,"valueName":"search_term_string"}}],"inLanguage":"pt-BR"},{"@type":"Person","@id":"https:\/\/www.correiobraziliense.com.br\/cbradar\/#\/schema\/person\/58422787644df994b53a19d3e56c1513","name":"Larissa Carvalho","image":{"@type":"ImageObject","inLanguage":"pt-BR","@id":"https:\/\/www.correiobraziliense.com.br\/cbradar\/#\/schema\/person\/image\/","url":"https:\/\/secure.gravatar.com\/avatar\/fe4f91a0de32b52a838d0d612abdc1aa?s=96&d=mm&r=g","contentUrl":"https:\/\/secure.gravatar.com\/avatar\/fe4f91a0de32b52a838d0d612abdc1aa?s=96&d=mm&r=g","caption":"Larissa Carvalho"},"url":"https:\/\/www.correiobraziliense.com.br\/cbradar\/author\/larissamyth\/"}]}},"_links":{"self":[{"href":"https:\/\/www.correiobraziliense.com.br\/cbradar\/wp-json\/wp\/v2\/posts\/4694","targetHints":{"allow":["GET"]}}],"collection":[{"href":"https:\/\/www.correiobraziliense.com.br\/cbradar\/wp-json\/wp\/v2\/posts"}],"about":[{"href":"https:\/\/www.correiobraziliense.com.br\/cbradar\/wp-json\/wp\/v2\/types\/post"}],"author":[{"embeddable":true,"href":"https:\/\/www.correiobraziliense.com.br\/cbradar\/wp-json\/wp\/v2\/users\/3"}],"replies":[{"embeddable":true,"href":"https:\/\/www.correiobraziliense.com.br\/cbradar\/wp-json\/wp\/v2\/comments?post=4694"}],"version-history":[{"count":1,"href":"https:\/\/www.correiobraziliense.com.br\/cbradar\/wp-json\/wp\/v2\/posts\/4694\/revisions"}],"predecessor-version":[{"id":4699,"href":"https:\/\/www.correiobraziliense.com.br\/cbradar\/wp-json\/wp\/v2\/posts\/4694\/revisions\/4699"}],"wp:featuredmedia":[{"embeddable":true,"href":"https:\/\/www.correiobraziliense.com.br\/cbradar\/wp-json\/wp\/v2\/media\/4697"}],"wp:attachment":[{"href":"https:\/\/www.correiobraziliense.com.br\/cbradar\/wp-json\/wp\/v2\/media?parent=4694"}],"wp:term":[{"taxonomy":"category","embeddable":true,"href":"https:\/\/www.correiobraziliense.com.br\/cbradar\/wp-json\/wp\/v2\/categories?post=4694"},{"taxonomy":"post_tag","embeddable":true,"href":"https:\/\/www.correiobraziliense.com.br\/cbradar\/wp-json\/wp\/v2\/post_tag?post=4694"}],"curies":[{"name":"wp","href":"https:\/\/api.w.org\/{rel}","templated":true}]}}