{"id":47068,"date":"2025-06-03T15:50:00","date_gmt":"2025-06-03T18:50:00","guid":{"rendered":"https:\/\/www.correiobraziliense.com.br\/cbradar\/?p=47068"},"modified":"2025-06-02T16:49:48","modified_gmt":"2025-06-02T19:49:48","slug":"a-beleza-escondida-da-joia-serrana-que-encanta-o-rio-de-janeiro","status":"publish","type":"post","link":"https:\/\/www.correiobraziliense.com.br\/cbradar\/a-beleza-escondida-da-joia-serrana-que-encanta-o-rio-de-janeiro\/","title":{"rendered":"A joia escondida rica em qualidade de vida nas montanhas do Rio de Janeiro"},"content":{"rendered":"\n<p>Localizada na regi\u00e3o serrana do estado do <strong><a href=\"https:\/\/www.correiobraziliense.com.br\/cbradar\/cidade-no-interior-do-rio-de-janeiro-e-uma-das-melhores-para-se-viver\/\" target=\"_blank\" rel=\"noreferrer noopener\">Rio de Janeiro<\/a><\/strong>, <strong>Teres\u00f3polis<\/strong> \u00e9 uma cidade encantadora que combina o charme do clima de montanha com uma infraestrutura urbana acolhedora e funcional. Rodeada por belas paisagens, como o <strong>Parque Nacional da Serra dos \u00d3rg\u00e3os<\/strong>, a cidade se destaca n\u00e3o apenas pelo turismo, mas tamb\u00e9m pela excelente qualidade de vida, seguran\u00e7a e oportunidades educacionais. Um destino que atrai fam\u00edlias, estudantes e quem busca tranquilidade sem abrir m\u00e3o da praticidade.<\/p>\n\n\n\n<h2 class=\"wp-block-heading\">Como \u00e9 a qualidade de vida em Teres\u00f3polis?<\/h2>\n\n\n\n<p>A qualidade de vida em <strong><a href=\"https:\/\/www.teresopolis.rj.gov.br\/\" target=\"_blank\" rel=\"noreferrer noopener\">Teres\u00f3polis<\/a><\/strong> \u00e9 um dos principais atrativos da cidade. Com clima ameno durante boa parte do ano e ar puro, o bem-estar da popula\u00e7\u00e3o \u00e9 favorecido tanto pela natureza quanto pelos servi\u00e7os oferecidos. A seguran\u00e7a \u00e9 relativamente alta, especialmente em compara\u00e7\u00e3o com a capital fluminense, sendo um dos fatores que mais atrai novos moradores.<\/p>\n\n\n\n<p>Na \u00e1rea da sa\u00fade, <strong>Teres\u00f3polis<\/strong> conta com hospitais p\u00fablicos e privados, al\u00e9m de unidades de atendimento b\u00e1sico distribu\u00eddas por diferentes bairros. O sistema de transporte \u00e9 funcional, com linhas de \u00f4nibus que interligam os principais pontos da cidade, e a mobilidade \u00e9 refor\u00e7ada pela malha vi\u00e1ria que liga o munic\u00edpio \u00e0 <strong>BR-116<\/strong>.<\/p>\n\n\n\n<p>A infraestrutura urbana \u00e9 bem desenvolvida, com saneamento b\u00e1sico em boa parte do territ\u00f3rio, ilumina\u00e7\u00e3o p\u00fablica eficiente e \u00e1reas de lazer, como pra\u00e7as, centros esportivos e parques. Para quem busca tranquilidade sem abrir m\u00e3o da qualidade nos servi\u00e7os, a cidade \u00e9 uma escolha acertada.<\/p>\n\n\n<div class=\"wp-block-image\">\n<figure class=\"aligncenter size-large\"><img decoding=\"async\" width=\"1024\" height=\"576\" src=\"https:\/\/www.correiobraziliense.com.br\/cbradar\/wp-content\/uploads\/2025\/06\/Teresopolis_1748893258114-1024x576.jpg\" alt=\"A joia escondida com qualidade de vida nas montanhas do Rio de Janeiro\" class=\"wp-image-47122\" srcset=\"https:\/\/www.correiobraziliense.com.br\/cbradar\/wp-content\/uploads\/2025\/06\/Teresopolis_1748893258114-1024x576.jpg 1024w, https:\/\/www.correiobraziliense.com.br\/cbradar\/wp-content\/uploads\/2025\/06\/Teresopolis_1748893258114-300x169.jpg 300w, https:\/\/www.correiobraziliense.com.br\/cbradar\/wp-content\/uploads\/2025\/06\/Teresopolis_1748893258114-768x432.jpg 768w, https:\/\/www.correiobraziliense.com.br\/cbradar\/wp-content\/uploads\/2025\/06\/Teresopolis_1748893258114-750x422.jpg 750w, https:\/\/www.correiobraziliense.com.br\/cbradar\/wp-content\/uploads\/2025\/06\/Teresopolis_1748893258114-1140x641.jpg 1140w, https:\/\/www.correiobraziliense.com.br\/cbradar\/wp-content\/uploads\/2025\/06\/Teresopolis_1748893258114.jpg 1280w\" sizes=\"(max-width: 1024px) 100vw, 1024px\" \/><figcaption class=\"wp-element-caption\">Teres\u00f3polis \/\/ Cr\u00e9ditos: depositphotos.com \/ Ranimiro<\/figcaption><\/figure><\/div>\n\n\n<h2 class=\"wp-block-heading\">Teres\u00f3polis investe em sustentabilidade?<\/h2>\n\n\n\n<p>Sim. A preserva\u00e7\u00e3o ambiental sempre foi uma pauta importante para <strong>Teres\u00f3polis<\/strong>, especialmente por sua localiza\u00e7\u00e3o privilegiada dentro da <strong>Mata Atl\u00e2ntica<\/strong>. O munic\u00edpio abriga grande parte do <strong>Parque Nacional da Serra dos \u00d3rg\u00e3os<\/strong>, que protege ecossistemas \u00fanicos e promove atividades de educa\u00e7\u00e3o ambiental.<\/p>\n\n\n\n<p>Al\u00e9m disso, a cidade desenvolve projetos de reciclagem, hortas comunit\u00e1rias e campanhas de conscientiza\u00e7\u00e3o sobre o descarte correto de res\u00edduos. A coleta seletiva est\u00e1 em expans\u00e3o e h\u00e1 incentivo \u00e0 utiliza\u00e7\u00e3o de energias limpas em propriedades rurais e estabelecimentos comerciais.<\/p>\n\n\n\n<h2 class=\"wp-block-heading\">Educa\u00e7\u00e3o de qualidade e estruturada<\/h2>\n\n\n\n<p>A cidade possui uma rede educacional bem estruturada, que vai da educa\u00e7\u00e3o infantil ao ensino superior. As escolas p\u00fablicas municipais e estaduais atendem grande parte da popula\u00e7\u00e3o com qualidade e programas complementares de refor\u00e7o e cultura.<\/p>\n\n\n\n<p>No setor privado, h\u00e1 col\u00e9gios renomados, como o <strong>Col\u00e9gio George March<\/strong>, que se destacam pelo ensino bil\u00edngue e propostas pedag\u00f3gicas inovadoras. J\u00e1 no ensino superior, o destaque \u00e9 a <strong>Universidade Est\u00e1cio de S\u00e1<\/strong>, campus <strong>Teres\u00f3polis<\/strong>, al\u00e9m da presen\u00e7a da <strong>FESO (Funda\u00e7\u00e3o Educacional Serra dos \u00d3rg\u00e3os)<\/strong>, com cursos nas \u00e1reas de sa\u00fade, administra\u00e7\u00e3o e direito.<\/p>\n\n\n\n<p>A cidade tamb\u00e9m oferece cursos t\u00e9cnicos e programas de capacita\u00e7\u00e3o profissional, fortalecendo o desenvolvimento dos jovens e adultos que buscam inser\u00e7\u00e3o no mercado de trabalho.<\/p>\n\n\n\n<h2 class=\"wp-block-heading\">Qual \u00e9 a qualidade da economia e o mercado de trabalho em Teres\u00f3polis?<\/h2>\n\n\n\n<p>A economia de <strong>Teres\u00f3polis<\/strong> \u00e9 diversificada. O setor de servi\u00e7os \u00e9 o mais forte, impulsionado pelo turismo, com\u00e9rcio local e gastronomia. A cidade tamb\u00e9m possui um setor rural ativo, com destaque para o cultivo de hortali\u00e7as, flores e produ\u00e7\u00e3o de queijos artesanais.<\/p>\n\n\n\n<p>Nos \u00faltimos anos, houve crescimento nas \u00e1reas de tecnologia e educa\u00e7\u00e3o, criando novas vagas e oportunidades. Empreendedores encontram na cidade um bom ambiente para investir, especialmente no ramo de turismo ecol\u00f3gico, alimenta\u00e7\u00e3o e hospedagem.<\/p>\n\n\n\n<p>A proximidade com o <strong>Rio de Janeiro<\/strong> facilita parcerias e o escoamento de produtos agr\u00edcolas e artesanais. A cidade ainda investe em feiras, eventos de neg\u00f3cios e cursos profissionalizantes para fortalecer o mercado local.<\/p>\n\n\n\n<h2 class=\"wp-block-heading\">Principais pontos tur\u00edsticos de Teres\u00f3polis?<\/h2>\n\n\n\n<p><strong>Teres\u00f3polis<\/strong> oferece atrativos tanto para quem busca tranquilidade quanto para os apaixonados por aventura. O principal destaque \u00e9 o <strong>Parque Nacional da Serra dos \u00d3rg\u00e3os<\/strong>, com trilhas como a famosa <strong>Travessia Petr\u00f3polis-Teres\u00f3polis<\/strong>, mirantes e cachoeiras.<\/p>\n\n\n\n<p>Outros pontos imperd\u00edveis incluem o <strong>Mirante do Soberbo<\/strong>, de onde \u00e9 poss\u00edvel ver o <strong>Dedo de Deus<\/strong>, s\u00edmbolo natural da cidade; a <strong>Feirinha do Alto<\/strong>, com artesanato e produtos locais; e o <strong>Parque Natural Municipal Montanhas de Teres\u00f3polis<\/strong>.<\/p>\n\n\n\n<p>A cidade tamb\u00e9m abriga o <strong>CT da CBF (Confedera\u00e7\u00e3o Brasileira de Futebol)<\/strong>, que recebe a Sele\u00e7\u00e3o Brasileira para treinamentos e \u00e9 motivo de orgulho local.<\/p>\n\n\n\n<h2 class=\"wp-block-heading\">Vale a pena morar em Teres\u00f3polis?<\/h2>\n\n\n\n<p>Morar em <strong>Teres\u00f3polis<\/strong> \u00e9 ideal para quem busca qualidade de vida em meio \u00e0 natureza, sem abrir m\u00e3o de infraestrutura e servi\u00e7os urbanos. A cidade \u00e9 segura, oferece boas escolas, atendimento de sa\u00fade eficiente e op\u00e7\u00f5es de lazer para todas as idades.<\/p>\n\n\n\n<p>O custo de vida \u00e9 equilibrado, especialmente em compara\u00e7\u00e3o com grandes centros urbanos. Para fam\u00edlias, aposentados e profissionais em home office, a cidade \u00e9 uma alternativa cada vez mais atraente.<\/p>\n\n\n\n<h2 class=\"wp-block-heading\">Vale a pena visitar Teres\u00f3polis?<\/h2>\n\n\n\n<p>Sem d\u00favida. Visitar <strong>Teres\u00f3polis<\/strong> \u00e9 mergulhar em paisagens de tirar o f\u00f4lego, experimentar a culin\u00e1ria local e respirar o ar puro das montanhas. A cidade \u00e9 perfeita para um fim de semana rom\u00e2ntico, aventuras ao ar livre ou um roteiro cultural.<\/p>\n\n\n\n<p>Com excelente estrutura hoteleira, clima agrad\u00e1vel e atra\u00e7\u00f5es para todas as idades, <strong>Teres\u00f3polis<\/strong> \u00e9 um dos melhores destinos da regi\u00e3o serrana fluminense \u2014 e sempre deixa vontade de voltar.<\/p>\n","protected":false},"excerpt":{"rendered":"<p>Localizada na regi\u00e3o serrana do estado do Rio de Janeiro, Teres\u00f3polis \u00e9 uma cidade encantadora que combina o charme do clima de montanha com uma infraestrutura urbana acolhedora e funcional. Rodeada por belas paisagens, como o Parque Nacional da Serra dos \u00d3rg\u00e3os, a cidade se destaca n\u00e3o apenas pelo turismo, mas tamb\u00e9m pela excelente qualidade [&hellip;]<\/p>\n","protected":false},"author":8,"featured_media":47124,"comment_status":"open","ping_status":"open","sticky":false,"template":"","format":"standard","meta":{"jnews-multi-image_gallery":[],"jnews_single_post":{"format":"standard"},"jnews_primary_category":[],"jnews_social_meta":[],"jnews_override_counter":[],"footnotes":""},"categories":[108,111],"post_tag":[247,304,5565],"class_list":["post-47068","post","type-post","status-publish","format-standard","has-post-thumbnail","hentry","category-cidades","category-turismo","tag-qualidade-de-vida","tag-rio-de-janeiro","tag-teresopolis"],"yoast_head":"<!-- This site is optimized with the Yoast SEO plugin v24.6 - https:\/\/yoast.com\/wordpress\/plugins\/seo\/ -->\n<title>A joia escondida rica em qualidade de vida nas montanhas do Rio de Janeiro - Correio Braziliense - Radar<\/title>\n<meta name=\"description\" content=\"O Rio de Janeiro guarda uma j\u00f3ia serrana imperd\u00edvel para quem busca charme, natureza, qualidade de vida e sossego nas montanhas.\" \/>\n<meta name=\"robots\" content=\"index, follow, max-snippet:-1, max-image-preview:large, max-video-preview:-1\" \/>\n<link rel=\"canonical\" href=\"https:\/\/www.correiobraziliense.com.br\/cbradar\/a-beleza-escondida-da-joia-serrana-que-encanta-o-rio-de-janeiro\/\" \/>\n<meta property=\"og:locale\" content=\"pt_BR\" \/>\n<meta property=\"og:type\" content=\"article\" \/>\n<meta property=\"og:title\" content=\"A joia escondida rica em qualidade de vida nas montanhas do Rio de Janeiro - Correio Braziliense - Radar\" \/>\n<meta property=\"og:description\" content=\"O Rio de Janeiro guarda uma j\u00f3ia serrana imperd\u00edvel para quem busca charme, natureza, qualidade de vida e sossego nas montanhas.\" \/>\n<meta property=\"og:url\" content=\"https:\/\/www.correiobraziliense.com.br\/cbradar\/a-beleza-escondida-da-joia-serrana-que-encanta-o-rio-de-janeiro\/\" \/>\n<meta property=\"og:site_name\" content=\"Correio Braziliense - Radar\" \/>\n<meta property=\"article:published_time\" content=\"2025-06-03T18:50:00+00:00\" \/>\n<meta property=\"og:image\" content=\"https:\/\/www.correiobraziliense.com.br\/cbradar\/wp-content\/uploads\/2025\/06\/Teresopolis_1748893354542.jpg\" \/>\n\t<meta property=\"og:image:width\" content=\"1280\" \/>\n\t<meta property=\"og:image:height\" content=\"720\" \/>\n\t<meta property=\"og:image:type\" content=\"image\/jpeg\" \/>\n<meta name=\"author\" content=\"Maura Pereira\" \/>\n<meta name=\"twitter:card\" content=\"summary_large_image\" \/>\n<meta name=\"twitter:label1\" content=\"Escrito por\" \/>\n\t<meta name=\"twitter:data1\" content=\"Maura Pereira\" \/>\n\t<meta name=\"twitter:label2\" content=\"Est. tempo de leitura\" \/>\n\t<meta name=\"twitter:data2\" content=\"5 minutos\" \/>\n<!-- \/ Yoast SEO plugin. -->","yoast_head_json":{"title":"A joia escondida rica em qualidade de vida nas montanhas do Rio de Janeiro - Correio Braziliense - Radar","description":"O Rio de Janeiro guarda uma j\u00f3ia serrana imperd\u00edvel para quem busca charme, natureza, qualidade de vida e sossego nas montanhas.","robots":{"index":"index","follow":"follow","max-snippet":"max-snippet:-1","max-image-preview":"max-image-preview:large","max-video-preview":"max-video-preview:-1"},"canonical":"https:\/\/www.correiobraziliense.com.br\/cbradar\/a-beleza-escondida-da-joia-serrana-que-encanta-o-rio-de-janeiro\/","og_locale":"pt_BR","og_type":"article","og_title":"A joia escondida rica em qualidade de vida nas montanhas do Rio de Janeiro - Correio Braziliense - Radar","og_description":"O Rio de Janeiro guarda uma j\u00f3ia serrana imperd\u00edvel para quem busca charme, natureza, qualidade de vida e sossego nas montanhas.","og_url":"https:\/\/www.correiobraziliense.com.br\/cbradar\/a-beleza-escondida-da-joia-serrana-que-encanta-o-rio-de-janeiro\/","og_site_name":"Correio Braziliense - Radar","article_published_time":"2025-06-03T18:50:00+00:00","og_image":[{"width":1280,"height":720,"url":"https:\/\/www.correiobraziliense.com.br\/cbradar\/wp-content\/uploads\/2025\/06\/Teresopolis_1748893354542.jpg","type":"image\/jpeg"}],"author":"Maura Pereira","twitter_card":"summary_large_image","twitter_misc":{"Escrito por":"Maura Pereira","Est. tempo de leitura":"5 minutos"},"schema":{"@context":"https:\/\/schema.org","@graph":[{"@type":"WebPage","@id":"https:\/\/www.correiobraziliense.com.br\/cbradar\/a-beleza-escondida-da-joia-serrana-que-encanta-o-rio-de-janeiro\/","url":"https:\/\/www.correiobraziliense.com.br\/cbradar\/a-beleza-escondida-da-joia-serrana-que-encanta-o-rio-de-janeiro\/","name":"A joia escondida rica em qualidade de vida nas montanhas do Rio de Janeiro - Correio Braziliense - Radar","isPartOf":{"@id":"https:\/\/www.correiobraziliense.com.br\/cbradar\/#website"},"primaryImageOfPage":{"@id":"https:\/\/www.correiobraziliense.com.br\/cbradar\/a-beleza-escondida-da-joia-serrana-que-encanta-o-rio-de-janeiro\/#primaryimage"},"image":{"@id":"https:\/\/www.correiobraziliense.com.br\/cbradar\/a-beleza-escondida-da-joia-serrana-que-encanta-o-rio-de-janeiro\/#primaryimage"},"thumbnailUrl":"https:\/\/www.correiobraziliense.com.br\/cbradar\/wp-content\/uploads\/2025\/06\/Teresopolis_1748893354542.jpg","datePublished":"2025-06-03T18:50:00+00:00","author":{"@id":"https:\/\/www.correiobraziliense.com.br\/cbradar\/#\/schema\/person\/4053c651a9bfc785afc6f4cbc9032fd3"},"description":"O Rio de Janeiro guarda uma j\u00f3ia serrana imperd\u00edvel para quem busca charme, natureza, qualidade de vida e sossego nas montanhas.","breadcrumb":{"@id":"https:\/\/www.correiobraziliense.com.br\/cbradar\/a-beleza-escondida-da-joia-serrana-que-encanta-o-rio-de-janeiro\/#breadcrumb"},"inLanguage":"pt-BR","potentialAction":[{"@type":"ReadAction","target":["https:\/\/www.correiobraziliense.com.br\/cbradar\/a-beleza-escondida-da-joia-serrana-que-encanta-o-rio-de-janeiro\/"]}]},{"@type":"ImageObject","inLanguage":"pt-BR","@id":"https:\/\/www.correiobraziliense.com.br\/cbradar\/a-beleza-escondida-da-joia-serrana-que-encanta-o-rio-de-janeiro\/#primaryimage","url":"https:\/\/www.correiobraziliense.com.br\/cbradar\/wp-content\/uploads\/2025\/06\/Teresopolis_1748893354542.jpg","contentUrl":"https:\/\/www.correiobraziliense.com.br\/cbradar\/wp-content\/uploads\/2025\/06\/Teresopolis_1748893354542.jpg","width":1280,"height":720,"caption":"Desperte aventuras em Teres\u00f3polis, onde trilhas \u00e9picas, cachoeiras frescas e ar puro convidam a reconectar com natureza e paz serrana! \/\/ Cr\u00e9ditos: depositphotos.com \/ Ranimiro"},{"@type":"BreadcrumbList","@id":"https:\/\/www.correiobraziliense.com.br\/cbradar\/a-beleza-escondida-da-joia-serrana-que-encanta-o-rio-de-janeiro\/#breadcrumb","itemListElement":[{"@type":"ListItem","position":1,"name":"In\u00edcio","item":"https:\/\/www.correiobraziliense.com.br\/cbradar\/"},{"@type":"ListItem","position":2,"name":"A joia escondida rica em qualidade de vida nas montanhas do Rio de Janeiro"}]},{"@type":"WebSite","@id":"https:\/\/www.correiobraziliense.com.br\/cbradar\/#website","url":"https:\/\/www.correiobraziliense.com.br\/cbradar\/","name":"Correio Braziliense - Radar","description":"Acompanhe as \u00faltimas not\u00edcias e fique bem informado sobre tudo o que acontece no Brasil e no mundo.","potentialAction":[{"@type":"SearchAction","target":{"@type":"EntryPoint","urlTemplate":"https:\/\/www.correiobraziliense.com.br\/cbradar\/?s={search_term_string}"},"query-input":{"@type":"PropertyValueSpecification","valueRequired":true,"valueName":"search_term_string"}}],"inLanguage":"pt-BR"},{"@type":"Person","@id":"https:\/\/www.correiobraziliense.com.br\/cbradar\/#\/schema\/person\/4053c651a9bfc785afc6f4cbc9032fd3","name":"Maura Pereira","image":{"@type":"ImageObject","inLanguage":"pt-BR","@id":"https:\/\/www.correiobraziliense.com.br\/cbradar\/#\/schema\/person\/image\/","url":"https:\/\/secure.gravatar.com\/avatar\/3effd6bdadfa447f15089c7f7144eaa6?s=96&d=mm&r=g","contentUrl":"https:\/\/secure.gravatar.com\/avatar\/3effd6bdadfa447f15089c7f7144eaa6?s=96&d=mm&r=g","caption":"Maura Pereira"},"sameAs":["https:\/\/www.correiobraziliense.com.br\/"],"url":"https:\/\/www.correiobraziliense.com.br\/cbradar\/author\/mauramyth\/"}]}},"_links":{"self":[{"href":"https:\/\/www.correiobraziliense.com.br\/cbradar\/wp-json\/wp\/v2\/posts\/47068","targetHints":{"allow":["GET"]}}],"collection":[{"href":"https:\/\/www.correiobraziliense.com.br\/cbradar\/wp-json\/wp\/v2\/posts"}],"about":[{"href":"https:\/\/www.correiobraziliense.com.br\/cbradar\/wp-json\/wp\/v2\/types\/post"}],"author":[{"embeddable":true,"href":"https:\/\/www.correiobraziliense.com.br\/cbradar\/wp-json\/wp\/v2\/users\/8"}],"replies":[{"embeddable":true,"href":"https:\/\/www.correiobraziliense.com.br\/cbradar\/wp-json\/wp\/v2\/comments?post=47068"}],"version-history":[{"count":11,"href":"https:\/\/www.correiobraziliense.com.br\/cbradar\/wp-json\/wp\/v2\/posts\/47068\/revisions"}],"predecessor-version":[{"id":47139,"href":"https:\/\/www.correiobraziliense.com.br\/cbradar\/wp-json\/wp\/v2\/posts\/47068\/revisions\/47139"}],"wp:featuredmedia":[{"embeddable":true,"href":"https:\/\/www.correiobraziliense.com.br\/cbradar\/wp-json\/wp\/v2\/media\/47124"}],"wp:attachment":[{"href":"https:\/\/www.correiobraziliense.com.br\/cbradar\/wp-json\/wp\/v2\/media?parent=47068"}],"wp:term":[{"taxonomy":"category","embeddable":true,"href":"https:\/\/www.correiobraziliense.com.br\/cbradar\/wp-json\/wp\/v2\/categories?post=47068"},{"taxonomy":"post_tag","embeddable":true,"href":"https:\/\/www.correiobraziliense.com.br\/cbradar\/wp-json\/wp\/v2\/post_tag?post=47068"}],"curies":[{"name":"wp","href":"https:\/\/api.w.org\/{rel}","templated":true}]}}