{"id":4715,"date":"2025-02-23T10:30:00","date_gmt":"2025-02-23T13:30:00","guid":{"rendered":"https:\/\/www.correiobraziliense.com.br\/cbradar\/?p=4715"},"modified":"2025-02-22T08:53:49","modified_gmt":"2025-02-22T11:53:49","slug":"paradise-sucesso-da-disney-tera-2a-temporada","status":"publish","type":"post","link":"https:\/\/www.correiobraziliense.com.br\/cbradar\/paradise-sucesso-da-disney-tera-2a-temporada\/","title":{"rendered":"Paradise, sucesso da Disney, ter\u00e1 2\u00aa temporada"},"content":{"rendered":"\n<p>A Disney revelou que a s\u00e9rie&nbsp;<strong>Paradise<\/strong>&nbsp;ter\u00e1 uma segunda temporada, uma not\u00edcia que muitos f\u00e3s aguardavam ansiosamente. A primeira temporada foi um sucesso, atraindo uma audi\u00eancia global e estabelecendo a s\u00e9rie como um dos destaques do servi\u00e7o de streaming da Disney.<\/p>\n\n\n\n<p>Desenvolvida por Dan Fogelman, conhecido por criar hist\u00f3rias emocionantes,&nbsp;<strong>Paradise<\/strong>&nbsp;combina drama e mist\u00e9rio de maneira envolvente. A s\u00e9rie conquistou o p\u00fablico com sua narrativa intrigante e personagens cativantes, garantindo seu lugar como uma das produ\u00e7\u00f5es mais comentadas da plataforma.<\/p>\n\n\n\n<h2 class=\"wp-block-heading\"><strong>Quando come\u00e7am as filmagens da nova temporada?<\/strong><\/h2>\n\n\n\n<p>Segundo informa\u00e7\u00f5es recentes, as filmagens da nova temporada de&nbsp;<strong>Paradise<\/strong>&nbsp;est\u00e3o programadas para come\u00e7ar em breve. A equipe de produ\u00e7\u00e3o est\u00e1 atualmente na fase de pr\u00e9-produ\u00e7\u00e3o, trabalhando nos detalhes do roteiro e na sele\u00e7\u00e3o do elenco. Dan Fogelman, com sua habilidade em criar enredos complexos, promete trazer novos desafios e surpresas para os personagens.<\/p>\n\n\n\n<p>O elenco, que inclui atores renomados como Sterling K. Brown, Julianne Nicholson e James Marsden, est\u00e1 preparado para retornar e explorar novas facetas de seus personagens, enquanto a trama continua a se desenrolar de maneira inesperada.<\/p>\n\n\n\n<iframe loading=\"lazy\" width=\"560\" height=\"315\" src=\"https:\/\/www.youtube.com\/embed\/CYXXmTsb_1I?si=Ht8bj6itnTxZNpUB\" title=\"YouTube video player\" frameborder=\"0\" allow=\"accelerometer; autoplay; clipboard-write; encrypted-media; gyroscope; picture-in-picture; web-share\" referrerpolicy=\"strict-origin-when-cross-origin\" allowfullscreen><\/iframe>\n\n\n\n<h2 class=\"wp-block-heading\"><strong>O Que Esperar da Segunda temporada de Paradise?<\/strong><\/h2>\n\n\n\n<p>A s\u00e9rie&nbsp;<strong>Paradise<\/strong>&nbsp;se passa em uma comunidade que, \u00e0 primeira vista, parece perfeita, habitada por indiv\u00edduos influentes e poderosos. No entanto, sob a superf\u00edcie de tranquilidade e luxo, existem segredos obscuros que come\u00e7am a emergir quando um assassinato choca a comunidade. Este evento desencadeia uma investiga\u00e7\u00e3o intensa, revelando tens\u00f5es e mist\u00e9rios que desafiam as apar\u00eancias.<\/p>\n\n\n\n<p>A narrativa da s\u00e9rie \u00e9 conhecida por manter os espectadores em suspense, misturando elementos de mist\u00e9rio com um drama humano profundo. A expectativa \u00e9 que a nova temporada continue a explorar esses temas, oferecendo mais reviravoltas e revela\u00e7\u00f5es surpreendentes.<\/p>\n\n\n\n<figure class=\"wp-block-image size-large\"><img decoding=\"async\" width=\"1024\" height=\"576\" src=\"https:\/\/www.correiobraziliense.com.br\/cbradar\/wp-content\/uploads\/2025\/02\/paradise-2-1024x576.png\" alt=\"Paradise, sucesso da Disney, ter\u00e1 2\u00aa temporada\" class=\"wp-image-4719\" srcset=\"https:\/\/www.correiobraziliense.com.br\/cbradar\/wp-content\/uploads\/2025\/02\/paradise-2-1024x576.png 1024w, https:\/\/www.correiobraziliense.com.br\/cbradar\/wp-content\/uploads\/2025\/02\/paradise-2-300x169.png 300w, https:\/\/www.correiobraziliense.com.br\/cbradar\/wp-content\/uploads\/2025\/02\/paradise-2-768x432.png 768w, https:\/\/www.correiobraziliense.com.br\/cbradar\/wp-content\/uploads\/2025\/02\/paradise-2-750x422.png 750w, https:\/\/www.correiobraziliense.com.br\/cbradar\/wp-content\/uploads\/2025\/02\/paradise-2-1140x641.png 1140w, https:\/\/www.correiobraziliense.com.br\/cbradar\/wp-content\/uploads\/2025\/02\/paradise-2.png 1280w\" sizes=\"(max-width: 1024px) 100vw, 1024px\" \/><figcaption class=\"wp-element-caption\">Paradise. Fonte: reprodu\u00e7\u00e3o \/ Disney+<\/figcaption><\/figure>\n\n\n\n<h2 class=\"wp-block-heading\"><strong>Como acompanhar as atualiza\u00e7\u00f5es de Paradise?<\/strong><\/h2>\n\n\n\n<p>Para os f\u00e3s que desejam acompanhar todas as novidades sobre&nbsp;<strong>Paradise<\/strong>, \u00e9 recomend\u00e1vel seguir as redes sociais e plataformas de not\u00edcias dedicadas \u00e0 s\u00e9rie. Atualiza\u00e7\u00f5es frequentes podem ser encontradas em canais como WhatsApp, Google News, Twitter\/X, Instagram, Facebook e TikTok, garantindo que os espectadores n\u00e3o percam nenhum detalhe sobre a nova temporada.<\/p>\n","protected":false},"excerpt":{"rendered":"<p>A Disney anunciou uma segunda temporada da s\u00e9rie Paradise. As filmagens est\u00e3o para come\u00e7ar em breve. Confira as novidades!<\/p>\n","protected":false},"author":3,"featured_media":4718,"comment_status":"open","ping_status":"open","sticky":false,"template":"","format":"standard","meta":{"_yoast_wpseo_focuskw":"Paradise","_yoast_wpseo_title":"%%title%%","_yoast_wpseo_metadesc":"A Disney anunciou uma segunda temporada da s\u00e9rie Paradise. As filmagens est\u00e3o para come\u00e7ar em breve. Confira as novidades!","jnews-multi-image_gallery":[],"jnews_single_post":{"format":"standard"},"jnews_primary_category":[],"jnews_social_meta":[],"jnews_override_counter":[],"footnotes":""},"categories":[140],"post_tag":[977,976,568],"class_list":["post-4715","post","type-post","status-publish","format-standard","has-post-thumbnail","hentry","category-entretenimento","tag-disney","tag-paradise","tag-series-e-filmes"],"yoast_head":"<!-- This site is optimized with the Yoast SEO plugin v24.6 - https:\/\/yoast.com\/wordpress\/plugins\/seo\/ -->\n<title>Paradise, sucesso da Disney, ter\u00e1 2\u00aa temporada<\/title>\n<meta name=\"description\" content=\"A Disney anunciou uma segunda temporada da s\u00e9rie Paradise. As filmagens est\u00e3o para come\u00e7ar em breve. Confira as novidades!\" \/>\n<meta name=\"robots\" content=\"index, follow, max-snippet:-1, max-image-preview:large, max-video-preview:-1\" \/>\n<link rel=\"canonical\" href=\"https:\/\/www.correiobraziliense.com.br\/cbradar\/paradise-sucesso-da-disney-tera-2a-temporada\/\" \/>\n<meta property=\"og:locale\" content=\"pt_BR\" \/>\n<meta property=\"og:type\" content=\"article\" \/>\n<meta property=\"og:title\" content=\"Paradise, sucesso da Disney, ter\u00e1 2\u00aa temporada\" \/>\n<meta property=\"og:description\" content=\"A Disney anunciou uma segunda temporada da s\u00e9rie Paradise. As filmagens est\u00e3o para come\u00e7ar em breve. Confira as novidades!\" \/>\n<meta property=\"og:url\" content=\"https:\/\/www.correiobraziliense.com.br\/cbradar\/paradise-sucesso-da-disney-tera-2a-temporada\/\" \/>\n<meta property=\"og:site_name\" content=\"Correio Braziliense - Radar\" \/>\n<meta property=\"article:published_time\" content=\"2025-02-23T13:30:00+00:00\" \/>\n<meta property=\"og:image\" content=\"https:\/\/www.correiobraziliense.com.br\/cbradar\/wp-content\/uploads\/2025\/02\/paradise.png\" \/>\n\t<meta property=\"og:image:width\" content=\"1280\" \/>\n\t<meta property=\"og:image:height\" content=\"720\" \/>\n\t<meta property=\"og:image:type\" content=\"image\/png\" \/>\n<meta name=\"author\" content=\"Larissa Carvalho\" \/>\n<meta name=\"twitter:card\" content=\"summary_large_image\" \/>\n<meta name=\"twitter:label1\" content=\"Escrito por\" \/>\n\t<meta name=\"twitter:data1\" content=\"Larissa Carvalho\" \/>\n\t<meta name=\"twitter:label2\" content=\"Est. tempo de leitura\" \/>\n\t<meta name=\"twitter:data2\" content=\"3 minutos\" \/>\n<!-- \/ Yoast SEO plugin. -->","yoast_head_json":{"title":"Paradise, sucesso da Disney, ter\u00e1 2\u00aa temporada","description":"A Disney anunciou uma segunda temporada da s\u00e9rie Paradise. As filmagens est\u00e3o para come\u00e7ar em breve. Confira as novidades!","robots":{"index":"index","follow":"follow","max-snippet":"max-snippet:-1","max-image-preview":"max-image-preview:large","max-video-preview":"max-video-preview:-1"},"canonical":"https:\/\/www.correiobraziliense.com.br\/cbradar\/paradise-sucesso-da-disney-tera-2a-temporada\/","og_locale":"pt_BR","og_type":"article","og_title":"Paradise, sucesso da Disney, ter\u00e1 2\u00aa temporada","og_description":"A Disney anunciou uma segunda temporada da s\u00e9rie Paradise. As filmagens est\u00e3o para come\u00e7ar em breve. Confira as novidades!","og_url":"https:\/\/www.correiobraziliense.com.br\/cbradar\/paradise-sucesso-da-disney-tera-2a-temporada\/","og_site_name":"Correio Braziliense - Radar","article_published_time":"2025-02-23T13:30:00+00:00","og_image":[{"width":1280,"height":720,"url":"https:\/\/www.correiobraziliense.com.br\/cbradar\/wp-content\/uploads\/2025\/02\/paradise.png","type":"image\/png"}],"author":"Larissa Carvalho","twitter_card":"summary_large_image","twitter_misc":{"Escrito por":"Larissa Carvalho","Est. tempo de leitura":"3 minutos"},"schema":{"@context":"https:\/\/schema.org","@graph":[{"@type":"WebPage","@id":"https:\/\/www.correiobraziliense.com.br\/cbradar\/paradise-sucesso-da-disney-tera-2a-temporada\/","url":"https:\/\/www.correiobraziliense.com.br\/cbradar\/paradise-sucesso-da-disney-tera-2a-temporada\/","name":"Paradise, sucesso da Disney, ter\u00e1 2\u00aa temporada","isPartOf":{"@id":"https:\/\/www.correiobraziliense.com.br\/cbradar\/#website"},"primaryImageOfPage":{"@id":"https:\/\/www.correiobraziliense.com.br\/cbradar\/paradise-sucesso-da-disney-tera-2a-temporada\/#primaryimage"},"image":{"@id":"https:\/\/www.correiobraziliense.com.br\/cbradar\/paradise-sucesso-da-disney-tera-2a-temporada\/#primaryimage"},"thumbnailUrl":"https:\/\/www.correiobraziliense.com.br\/cbradar\/wp-content\/uploads\/2025\/02\/paradise.png","datePublished":"2025-02-23T13:30:00+00:00","author":{"@id":"https:\/\/www.correiobraziliense.com.br\/cbradar\/#\/schema\/person\/58422787644df994b53a19d3e56c1513"},"description":"A Disney anunciou uma segunda temporada da s\u00e9rie Paradise. As filmagens est\u00e3o para come\u00e7ar em breve. Confira as novidades!","breadcrumb":{"@id":"https:\/\/www.correiobraziliense.com.br\/cbradar\/paradise-sucesso-da-disney-tera-2a-temporada\/#breadcrumb"},"inLanguage":"pt-BR","potentialAction":[{"@type":"ReadAction","target":["https:\/\/www.correiobraziliense.com.br\/cbradar\/paradise-sucesso-da-disney-tera-2a-temporada\/"]}]},{"@type":"ImageObject","inLanguage":"pt-BR","@id":"https:\/\/www.correiobraziliense.com.br\/cbradar\/paradise-sucesso-da-disney-tera-2a-temporada\/#primaryimage","url":"https:\/\/www.correiobraziliense.com.br\/cbradar\/wp-content\/uploads\/2025\/02\/paradise.png","contentUrl":"https:\/\/www.correiobraziliense.com.br\/cbradar\/wp-content\/uploads\/2025\/02\/paradise.png","width":1280,"height":720,"caption":"Paradise. Fonte: reprodu\u00e7\u00e3o \/ Disney+"},{"@type":"BreadcrumbList","@id":"https:\/\/www.correiobraziliense.com.br\/cbradar\/paradise-sucesso-da-disney-tera-2a-temporada\/#breadcrumb","itemListElement":[{"@type":"ListItem","position":1,"name":"In\u00edcio","item":"https:\/\/www.correiobraziliense.com.br\/cbradar\/"},{"@type":"ListItem","position":2,"name":"Paradise, sucesso da Disney, ter\u00e1 2\u00aa temporada"}]},{"@type":"WebSite","@id":"https:\/\/www.correiobraziliense.com.br\/cbradar\/#website","url":"https:\/\/www.correiobraziliense.com.br\/cbradar\/","name":"Correio Braziliense - Radar","description":"Acompanhe as \u00faltimas not\u00edcias e fique bem informado sobre tudo o que acontece no Brasil e no mundo.","potentialAction":[{"@type":"SearchAction","target":{"@type":"EntryPoint","urlTemplate":"https:\/\/www.correiobraziliense.com.br\/cbradar\/?s={search_term_string}"},"query-input":{"@type":"PropertyValueSpecification","valueRequired":true,"valueName":"search_term_string"}}],"inLanguage":"pt-BR"},{"@type":"Person","@id":"https:\/\/www.correiobraziliense.com.br\/cbradar\/#\/schema\/person\/58422787644df994b53a19d3e56c1513","name":"Larissa Carvalho","image":{"@type":"ImageObject","inLanguage":"pt-BR","@id":"https:\/\/www.correiobraziliense.com.br\/cbradar\/#\/schema\/person\/image\/","url":"https:\/\/secure.gravatar.com\/avatar\/fe4f91a0de32b52a838d0d612abdc1aa?s=96&d=mm&r=g","contentUrl":"https:\/\/secure.gravatar.com\/avatar\/fe4f91a0de32b52a838d0d612abdc1aa?s=96&d=mm&r=g","caption":"Larissa Carvalho"},"url":"https:\/\/www.correiobraziliense.com.br\/cbradar\/author\/larissamyth\/"}]}},"_links":{"self":[{"href":"https:\/\/www.correiobraziliense.com.br\/cbradar\/wp-json\/wp\/v2\/posts\/4715","targetHints":{"allow":["GET"]}}],"collection":[{"href":"https:\/\/www.correiobraziliense.com.br\/cbradar\/wp-json\/wp\/v2\/posts"}],"about":[{"href":"https:\/\/www.correiobraziliense.com.br\/cbradar\/wp-json\/wp\/v2\/types\/post"}],"author":[{"embeddable":true,"href":"https:\/\/www.correiobraziliense.com.br\/cbradar\/wp-json\/wp\/v2\/users\/3"}],"replies":[{"embeddable":true,"href":"https:\/\/www.correiobraziliense.com.br\/cbradar\/wp-json\/wp\/v2\/comments?post=4715"}],"version-history":[{"count":1,"href":"https:\/\/www.correiobraziliense.com.br\/cbradar\/wp-json\/wp\/v2\/posts\/4715\/revisions"}],"predecessor-version":[{"id":4720,"href":"https:\/\/www.correiobraziliense.com.br\/cbradar\/wp-json\/wp\/v2\/posts\/4715\/revisions\/4720"}],"wp:featuredmedia":[{"embeddable":true,"href":"https:\/\/www.correiobraziliense.com.br\/cbradar\/wp-json\/wp\/v2\/media\/4718"}],"wp:attachment":[{"href":"https:\/\/www.correiobraziliense.com.br\/cbradar\/wp-json\/wp\/v2\/media?parent=4715"}],"wp:term":[{"taxonomy":"category","embeddable":true,"href":"https:\/\/www.correiobraziliense.com.br\/cbradar\/wp-json\/wp\/v2\/categories?post=4715"},{"taxonomy":"post_tag","embeddable":true,"href":"https:\/\/www.correiobraziliense.com.br\/cbradar\/wp-json\/wp\/v2\/post_tag?post=4715"}],"curies":[{"name":"wp","href":"https:\/\/api.w.org\/{rel}","templated":true}]}}