{"id":47310,"date":"2025-06-04T07:30:00","date_gmt":"2025-06-04T10:30:00","guid":{"rendered":"https:\/\/www.correiobraziliense.com.br\/cbradar\/?p=47310"},"modified":"2025-06-04T06:40:27","modified_gmt":"2025-06-04T09:40:27","slug":"essa-cidade-do-interior-pode-ser-o-proximo-xodo-dos-baianos","status":"publish","type":"post","link":"https:\/\/www.correiobraziliense.com.br\/cbradar\/essa-cidade-do-interior-pode-ser-o-proximo-xodo-dos-baianos\/","title":{"rendered":"Essa cidade do interior pode ser o pr\u00f3ximo xod\u00f3 dos baianos"},"content":{"rendered":"\n<p>Localizada no centro-sul do estado da <strong><a href=\"https:\/\/www.correiobraziliense.com.br\/cbradar\/essa-cidadezinha-no-interior-da-bahia-tem-ruas-floridas-o-ano-inteiro\/\" target=\"_blank\" rel=\"noreferrer noopener\">Bahia<\/a><\/strong>, <strong><a href=\"https:\/\/www.jequie.ba.gov.br\/\" target=\"_blank\" rel=\"noreferrer noopener\">Jequi\u00e9<\/a><\/strong> \u00e9 um munic\u00edpio conhecido por suas altas temperaturas, que lhe renderam o apelido de &#8220;Cidade Sol&#8221;. Com mais de 150 mil habitantes, segundo dados do <strong>IBGE<\/strong>, a cidade se destaca por sua posi\u00e7\u00e3o estrat\u00e9gica entre importantes rotas rodovi\u00e1rias, conectando o litoral ao interior baiano. Jequi\u00e9 \u00e9 uma cidade que mistura hist\u00f3ria, economia em expans\u00e3o e acesso a servi\u00e7os essenciais, sendo um polo regional de com\u00e9rcio, educa\u00e7\u00e3o e sa\u00fade.<\/p>\n\n\n\n<h2 class=\"wp-block-heading\">Como \u00e9 a qualidade de vida em Jequi\u00e9?<\/h2>\n\n\n\n<p>Jequi\u00e9 oferece uma estrutura urbana razoavelmente desenvolvida, com servi\u00e7os de sa\u00fade p\u00fablica atendendo \u00e0 demanda local e regional. O munic\u00edpio possui hospitais e unidades de pronto atendimento, com destaque para o <strong>Hospital Geral Prado Valadares<\/strong>, refer\u00eancia em diversas especialidades m\u00e9dicas.<\/p>\n\n\n\n<p>A seguran\u00e7a p\u00fablica \u00e9 moderada, com atua\u00e7\u00e3o das pol\u00edcias <strong>Militar<\/strong> e <strong>Civil<\/strong>, al\u00e9m de programas de preven\u00e7\u00e3o. No quesito transporte, a cidade conta com linhas de \u00f4nibus urbanos e \u00e9 cortada pela <strong>BR-116<\/strong>, facilitando o escoamento de produtos e o acesso a outras regi\u00f5es do estado.<\/p>\n\n\n\n<p>A infraestrutura urbana est\u00e1 em processo de amplia\u00e7\u00e3o, com obras de pavimenta\u00e7\u00e3o e melhorias na ilumina\u00e7\u00e3o p\u00fablica. Jequi\u00e9 tamb\u00e9m possui espa\u00e7os de lazer e pr\u00e1ticas esportivas, como a <strong>Avenida Tote Lomanto<\/strong> e a <strong>Barragem da Pedra<\/strong>, que s\u00e3o frequentados pela popula\u00e7\u00e3o nos finais de semana.<\/p>\n\n\n\n<h2 class=\"wp-block-heading\">Jequi\u00e9 tem iniciativas de sustentabilidade?<\/h2>\n\n\n\n<p>Apesar dos desafios comuns \u00e0s cidades do semi\u00e1rido baiano, Jequi\u00e9 tem buscado ampliar sua consci\u00eancia ambiental. A gest\u00e3o municipal e movimentos locais v\u00eam promovendo a\u00e7\u00f5es de educa\u00e7\u00e3o ambiental, coleta seletiva e recupera\u00e7\u00e3o de \u00e1reas verdes, como o <strong>Parque do Cururupeba<\/strong>. Ainda que as pol\u00edticas p\u00fablicas em sustentabilidade sejam incipientes, h\u00e1 um crescente interesse pela preserva\u00e7\u00e3o dos recursos naturais, especialmente em rela\u00e7\u00e3o ao <strong>Rio Jequiezinho<\/strong>.<\/p>\n\n\n\n<figure class=\"wp-block-image size-large\"><img decoding=\"async\" width=\"1024\" height=\"576\" src=\"https:\/\/www.correiobraziliense.com.br\/cbradar\/wp-content\/uploads\/2025\/06\/Jequie-3-1024x576.png\" alt=\"Essa cidade do interior pode ser o pr\u00f3ximo xod\u00f3 dos baianos\" class=\"wp-image-47315\" srcset=\"https:\/\/www.correiobraziliense.com.br\/cbradar\/wp-content\/uploads\/2025\/06\/Jequie-3-1024x576.png 1024w, https:\/\/www.correiobraziliense.com.br\/cbradar\/wp-content\/uploads\/2025\/06\/Jequie-3-300x169.png 300w, https:\/\/www.correiobraziliense.com.br\/cbradar\/wp-content\/uploads\/2025\/06\/Jequie-3-768x432.png 768w, https:\/\/www.correiobraziliense.com.br\/cbradar\/wp-content\/uploads\/2025\/06\/Jequie-3-750x422.png 750w, https:\/\/www.correiobraziliense.com.br\/cbradar\/wp-content\/uploads\/2025\/06\/Jequie-3-1140x641.png 1140w, https:\/\/www.correiobraziliense.com.br\/cbradar\/wp-content\/uploads\/2025\/06\/Jequie-3.png 1280w\" sizes=\"(max-width: 1024px) 100vw, 1024px\" \/><figcaption class=\"wp-element-caption\">Jequi\u00e9 &#8211; Cr\u00e9ditos: Wikimedia Commons<\/figcaption><\/figure>\n\n\n\n<h2 class=\"wp-block-heading\">Como \u00e9 a educa\u00e7\u00e3o em Jequi\u00e9?<\/h2>\n\n\n\n<p>A educa\u00e7\u00e3o em Jequi\u00e9 \u00e9 um dos pontos fortes da cidade, com diversas escolas p\u00fablicas e privadas que atendem desde a educa\u00e7\u00e3o infantil at\u00e9 o ensino m\u00e9dio. O munic\u00edpio \u00e9 sede de um campus da <strong>Universidade Estadual do Sudoeste da Bahia (UESB)<\/strong>, o que atrai estudantes de toda a regi\u00e3o.<\/p>\n\n\n\n<p>Al\u00e9m da UESB, h\u00e1 unidades do <strong>Instituto Federal da Bahia (IFBA)<\/strong> e faculdades privadas, ampliando o acesso ao ensino superior e t\u00e9cnico. A presen\u00e7a dessas institui\u00e7\u00f5es contribui para a forma\u00e7\u00e3o de m\u00e3o de obra qualificada e para o desenvolvimento cultural local.<\/p>\n\n\n\n<h2 class=\"wp-block-heading\">Como \u00e9 a economia e o mercado de trabalho em Jequi\u00e9?<\/h2>\n\n\n\n<p>A economia de Jequi\u00e9 \u00e9 diversificada, com forte presen\u00e7a do com\u00e9rcio, servi\u00e7os, ind\u00fastria t\u00eaxil e agricultura. A cidade \u00e9 considerada um importante polo comercial do sudoeste baiano, sendo refer\u00eancia para munic\u00edpios vizinhos. As feiras livres, lojas de atacado e supermercados movimentam a economia diariamente.<\/p>\n\n\n\n<p>O setor industrial tamb\u00e9m se destaca, com destaque para empresas ligadas \u00e0 confec\u00e7\u00e3o e ao beneficiamento de produtos agr\u00edcolas. A gera\u00e7\u00e3o de empregos formais est\u00e1 em expans\u00e3o, especialmente em \u00e1reas como educa\u00e7\u00e3o, sa\u00fade e log\u00edstica.<\/p>\n\n\n\n<p>Jequi\u00e9 possui ainda voca\u00e7\u00e3o para o empreendedorismo, com incentivo a pequenos neg\u00f3cios e presen\u00e7a de cooperativas. O mercado de trabalho \u00e9 din\u00e2mico, com oportunidades em diferentes setores, embora a informalidade ainda seja uma realidade para parte da popula\u00e7\u00e3o.<\/p>\n\n\n\n<figure class=\"wp-block-image size-large\"><img decoding=\"async\" width=\"1024\" height=\"576\" src=\"https:\/\/www.correiobraziliense.com.br\/cbradar\/wp-content\/uploads\/2025\/06\/Jequie-2-1024x576.png\" alt=\"Essa cidade do interior pode ser o pr\u00f3ximo xod\u00f3 dos baianos\" class=\"wp-image-47316\" srcset=\"https:\/\/www.correiobraziliense.com.br\/cbradar\/wp-content\/uploads\/2025\/06\/Jequie-2-1024x576.png 1024w, https:\/\/www.correiobraziliense.com.br\/cbradar\/wp-content\/uploads\/2025\/06\/Jequie-2-300x169.png 300w, https:\/\/www.correiobraziliense.com.br\/cbradar\/wp-content\/uploads\/2025\/06\/Jequie-2-768x432.png 768w, https:\/\/www.correiobraziliense.com.br\/cbradar\/wp-content\/uploads\/2025\/06\/Jequie-2-750x422.png 750w, https:\/\/www.correiobraziliense.com.br\/cbradar\/wp-content\/uploads\/2025\/06\/Jequie-2-1140x641.png 1140w, https:\/\/www.correiobraziliense.com.br\/cbradar\/wp-content\/uploads\/2025\/06\/Jequie-2.png 1280w\" sizes=\"(max-width: 1024px) 100vw, 1024px\" \/><figcaption class=\"wp-element-caption\">Jequi\u00e9 &#8211; Cr\u00e9ditos: Wikimedia Commons<\/figcaption><\/figure>\n\n\n\n<h2 class=\"wp-block-heading\">Principais pontos tur\u00edsticos de Jequi\u00e9?<\/h2>\n\n\n\n<ul class=\"wp-block-list\">\n<li><strong>Barragem da Pedra<\/strong>: ponto de lazer e turismo ecol\u00f3gico, ideal para passeios e pr\u00e1tica de esportes aqu\u00e1ticos.<\/li>\n\n\n\n<li><strong>Catedral de Santo Ant\u00f4nio<\/strong>: um dos cart\u00f5es-postais da cidade, com arquitetura imponente e valor hist\u00f3rico.<\/li>\n\n\n\n<li><strong>Avenida Tote Lomanto<\/strong>: principal \u00e1rea de lazer da cidade, com cal\u00e7ad\u00e3o e eventos culturais.<\/li>\n\n\n\n<li><strong>Centro de Cultura ACM<\/strong>: espa\u00e7o para exposi\u00e7\u00f5es, teatro e manifesta\u00e7\u00f5es art\u00edsticas.<\/li>\n\n\n\n<li><strong>Parque do Cururupeba<\/strong>: \u00e1rea verde em recupera\u00e7\u00e3o, ideal para caminhadas e contato com a natureza.<\/li>\n\n\n\n<li><strong>Feira Livre<\/strong>: atrativo para quem deseja conhecer a gastronomia e o artesanato locais.<\/li>\n<\/ul>\n\n\n\n<h2 class=\"wp-block-heading\">Vale a pena morar em Jequi\u00e9?<\/h2>\n\n\n\n<p>Morar em Jequi\u00e9 pode ser uma \u00f3tima escolha para quem busca qualidade de vida no interior da Bahia, com acesso a servi\u00e7os essenciais, educa\u00e7\u00e3o de qualidade e um custo de vida mais acess\u00edvel que nas capitais. A cidade tem desafios t\u00edpicos de munic\u00edpios de m\u00e9dio porte, como o calor intenso e a necessidade de melhorias em infraestrutura, mas oferece boas oportunidades de trabalho e estudo, al\u00e9m de um estilo de vida mais tranquilo.<\/p>\n\n\n\n<h2 class=\"wp-block-heading\">Vale a pena visitar Jequi\u00e9?<\/h2>\n\n\n\n<p>Sim, Jequi\u00e9 \u00e9 uma excelente op\u00e7\u00e3o para quem deseja explorar o interior baiano com autenticidade. A cidade combina belezas naturais, cultura local, gastronomia t\u00edpica e um clima acolhedor. Seja para uma visita r\u00e1pida ou como ponto de apoio para explorar a regi\u00e3o, Jequi\u00e9 surpreende por sua diversidade e hospitalidade.<\/p>\n","protected":false},"excerpt":{"rendered":"<p>Clima quente, boa infraestrutura, ensino superior e cultura regional fazem deste destino baiano uma op\u00e7\u00e3o vibrante e acolhedora.<\/p>\n","protected":false},"author":3,"featured_media":47317,"comment_status":"open","ping_status":"open","sticky":false,"template":"","format":"standard","meta":{"_yoast_wpseo_focuskw":"Jequi\u00e9","_yoast_wpseo_title":"%%title%%","_yoast_wpseo_metadesc":"Clima quente, boa infraestrutura, ensino superior e cultura regional fazem deste destino baiano uma op\u00e7\u00e3o vibrante e acolhedora.","jnews-multi-image_gallery":[],"jnews_single_post":{"format":"standard"},"jnews_primary_category":[],"jnews_social_meta":[],"jnews_override_counter":[],"footnotes":""},"categories":[108],"tags":[109],"class_list":["post-47310","post","type-post","status-publish","format-standard","has-post-thumbnail","hentry","category-cidades","tag-cidades"],"yoast_head":"<!-- This site is optimized with the Yoast SEO plugin v24.6 - https:\/\/yoast.com\/wordpress\/plugins\/seo\/ -->\n<title>Essa cidade do interior pode ser o pr\u00f3ximo xod\u00f3 dos baianos<\/title>\n<meta name=\"description\" content=\"Clima quente, boa infraestrutura, ensino superior e cultura regional fazem deste destino baiano uma op\u00e7\u00e3o vibrante e acolhedora.\" \/>\n<meta name=\"robots\" content=\"index, follow, max-snippet:-1, max-image-preview:large, max-video-preview:-1\" \/>\n<link rel=\"canonical\" href=\"https:\/\/www.correiobraziliense.com.br\/cbradar\/essa-cidade-do-interior-pode-ser-o-proximo-xodo-dos-baianos\/\" \/>\n<meta property=\"og:locale\" content=\"pt_BR\" \/>\n<meta property=\"og:type\" content=\"article\" \/>\n<meta property=\"og:title\" content=\"Essa cidade do interior pode ser o pr\u00f3ximo xod\u00f3 dos baianos\" \/>\n<meta property=\"og:description\" content=\"Clima quente, boa infraestrutura, ensino superior e cultura regional fazem deste destino baiano uma op\u00e7\u00e3o vibrante e acolhedora.\" \/>\n<meta property=\"og:url\" content=\"https:\/\/www.correiobraziliense.com.br\/cbradar\/essa-cidade-do-interior-pode-ser-o-proximo-xodo-dos-baianos\/\" \/>\n<meta property=\"og:site_name\" content=\"Correio Braziliense - Radar\" \/>\n<meta property=\"article:published_time\" content=\"2025-06-04T10:30:00+00:00\" \/>\n<meta property=\"og:image\" content=\"https:\/\/www.correiobraziliense.com.br\/cbradar\/wp-content\/uploads\/2025\/06\/Jequie.png\" \/>\n\t<meta property=\"og:image:width\" content=\"1280\" \/>\n\t<meta property=\"og:image:height\" content=\"720\" \/>\n\t<meta property=\"og:image:type\" content=\"image\/png\" \/>\n<meta name=\"author\" content=\"Larissa Carvalho\" \/>\n<meta name=\"twitter:card\" content=\"summary_large_image\" \/>\n<meta name=\"twitter:label1\" content=\"Escrito por\" \/>\n\t<meta name=\"twitter:data1\" content=\"Larissa Carvalho\" \/>\n\t<meta name=\"twitter:label2\" content=\"Est. tempo de leitura\" \/>\n\t<meta name=\"twitter:data2\" content=\"5 minutos\" \/>\n<!-- \/ Yoast SEO plugin. -->","yoast_head_json":{"title":"Essa cidade do interior pode ser o pr\u00f3ximo xod\u00f3 dos baianos","description":"Clima quente, boa infraestrutura, ensino superior e cultura regional fazem deste destino baiano uma op\u00e7\u00e3o vibrante e acolhedora.","robots":{"index":"index","follow":"follow","max-snippet":"max-snippet:-1","max-image-preview":"max-image-preview:large","max-video-preview":"max-video-preview:-1"},"canonical":"https:\/\/www.correiobraziliense.com.br\/cbradar\/essa-cidade-do-interior-pode-ser-o-proximo-xodo-dos-baianos\/","og_locale":"pt_BR","og_type":"article","og_title":"Essa cidade do interior pode ser o pr\u00f3ximo xod\u00f3 dos baianos","og_description":"Clima quente, boa infraestrutura, ensino superior e cultura regional fazem deste destino baiano uma op\u00e7\u00e3o vibrante e acolhedora.","og_url":"https:\/\/www.correiobraziliense.com.br\/cbradar\/essa-cidade-do-interior-pode-ser-o-proximo-xodo-dos-baianos\/","og_site_name":"Correio Braziliense - Radar","article_published_time":"2025-06-04T10:30:00+00:00","og_image":[{"width":1280,"height":720,"url":"https:\/\/www.correiobraziliense.com.br\/cbradar\/wp-content\/uploads\/2025\/06\/Jequie.png","type":"image\/png"}],"author":"Larissa Carvalho","twitter_card":"summary_large_image","twitter_misc":{"Escrito por":"Larissa Carvalho","Est. tempo de leitura":"5 minutos"},"schema":{"@context":"https:\/\/schema.org","@graph":[{"@type":"WebPage","@id":"https:\/\/www.correiobraziliense.com.br\/cbradar\/essa-cidade-do-interior-pode-ser-o-proximo-xodo-dos-baianos\/","url":"https:\/\/www.correiobraziliense.com.br\/cbradar\/essa-cidade-do-interior-pode-ser-o-proximo-xodo-dos-baianos\/","name":"Essa cidade do interior pode ser o pr\u00f3ximo xod\u00f3 dos baianos","isPartOf":{"@id":"https:\/\/www.correiobraziliense.com.br\/cbradar\/#website"},"primaryImageOfPage":{"@id":"https:\/\/www.correiobraziliense.com.br\/cbradar\/essa-cidade-do-interior-pode-ser-o-proximo-xodo-dos-baianos\/#primaryimage"},"image":{"@id":"https:\/\/www.correiobraziliense.com.br\/cbradar\/essa-cidade-do-interior-pode-ser-o-proximo-xodo-dos-baianos\/#primaryimage"},"thumbnailUrl":"https:\/\/www.correiobraziliense.com.br\/cbradar\/wp-content\/uploads\/2025\/06\/Jequie.png","datePublished":"2025-06-04T10:30:00+00:00","author":{"@id":"https:\/\/www.correiobraziliense.com.br\/cbradar\/#\/schema\/person\/58422787644df994b53a19d3e56c1513"},"description":"Clima quente, boa infraestrutura, ensino superior e cultura regional fazem deste destino baiano uma op\u00e7\u00e3o vibrante e acolhedora.","breadcrumb":{"@id":"https:\/\/www.correiobraziliense.com.br\/cbradar\/essa-cidade-do-interior-pode-ser-o-proximo-xodo-dos-baianos\/#breadcrumb"},"inLanguage":"pt-BR","potentialAction":[{"@type":"ReadAction","target":["https:\/\/www.correiobraziliense.com.br\/cbradar\/essa-cidade-do-interior-pode-ser-o-proximo-xodo-dos-baianos\/"]}]},{"@type":"ImageObject","inLanguage":"pt-BR","@id":"https:\/\/www.correiobraziliense.com.br\/cbradar\/essa-cidade-do-interior-pode-ser-o-proximo-xodo-dos-baianos\/#primaryimage","url":"https:\/\/www.correiobraziliense.com.br\/cbradar\/wp-content\/uploads\/2025\/06\/Jequie.png","contentUrl":"https:\/\/www.correiobraziliense.com.br\/cbradar\/wp-content\/uploads\/2025\/06\/Jequie.png","width":1280,"height":720,"caption":"Jequi\u00e9. Fonte: Ivo Leandro, Public domain, via Wikimedia Commons"},{"@type":"BreadcrumbList","@id":"https:\/\/www.correiobraziliense.com.br\/cbradar\/essa-cidade-do-interior-pode-ser-o-proximo-xodo-dos-baianos\/#breadcrumb","itemListElement":[{"@type":"ListItem","position":1,"name":"In\u00edcio","item":"https:\/\/www.correiobraziliense.com.br\/cbradar\/"},{"@type":"ListItem","position":2,"name":"Essa cidade do interior pode ser o pr\u00f3ximo xod\u00f3 dos baianos"}]},{"@type":"WebSite","@id":"https:\/\/www.correiobraziliense.com.br\/cbradar\/#website","url":"https:\/\/www.correiobraziliense.com.br\/cbradar\/","name":"Correio Braziliense - Radar","description":"Acompanhe as \u00faltimas not\u00edcias e fique bem informado sobre tudo o que acontece no Brasil e no mundo.","potentialAction":[{"@type":"SearchAction","target":{"@type":"EntryPoint","urlTemplate":"https:\/\/www.correiobraziliense.com.br\/cbradar\/?s={search_term_string}"},"query-input":{"@type":"PropertyValueSpecification","valueRequired":true,"valueName":"search_term_string"}}],"inLanguage":"pt-BR"},{"@type":"Person","@id":"https:\/\/www.correiobraziliense.com.br\/cbradar\/#\/schema\/person\/58422787644df994b53a19d3e56c1513","name":"Larissa Carvalho","image":{"@type":"ImageObject","inLanguage":"pt-BR","@id":"https:\/\/www.correiobraziliense.com.br\/cbradar\/#\/schema\/person\/image\/","url":"https:\/\/secure.gravatar.com\/avatar\/fe4f91a0de32b52a838d0d612abdc1aa?s=96&d=mm&r=g","contentUrl":"https:\/\/secure.gravatar.com\/avatar\/fe4f91a0de32b52a838d0d612abdc1aa?s=96&d=mm&r=g","caption":"Larissa Carvalho"},"url":"https:\/\/www.correiobraziliense.com.br\/cbradar\/author\/larissamyth\/"}]}},"_links":{"self":[{"href":"https:\/\/www.correiobraziliense.com.br\/cbradar\/wp-json\/wp\/v2\/posts\/47310","targetHints":{"allow":["GET"]}}],"collection":[{"href":"https:\/\/www.correiobraziliense.com.br\/cbradar\/wp-json\/wp\/v2\/posts"}],"about":[{"href":"https:\/\/www.correiobraziliense.com.br\/cbradar\/wp-json\/wp\/v2\/types\/post"}],"author":[{"embeddable":true,"href":"https:\/\/www.correiobraziliense.com.br\/cbradar\/wp-json\/wp\/v2\/users\/3"}],"replies":[{"embeddable":true,"href":"https:\/\/www.correiobraziliense.com.br\/cbradar\/wp-json\/wp\/v2\/comments?post=47310"}],"version-history":[{"count":4,"href":"https:\/\/www.correiobraziliense.com.br\/cbradar\/wp-json\/wp\/v2\/posts\/47310\/revisions"}],"predecessor-version":[{"id":47868,"href":"https:\/\/www.correiobraziliense.com.br\/cbradar\/wp-json\/wp\/v2\/posts\/47310\/revisions\/47868"}],"wp:featuredmedia":[{"embeddable":true,"href":"https:\/\/www.correiobraziliense.com.br\/cbradar\/wp-json\/wp\/v2\/media\/47317"}],"wp:attachment":[{"href":"https:\/\/www.correiobraziliense.com.br\/cbradar\/wp-json\/wp\/v2\/media?parent=47310"}],"wp:term":[{"taxonomy":"category","embeddable":true,"href":"https:\/\/www.correiobraziliense.com.br\/cbradar\/wp-json\/wp\/v2\/categories?post=47310"},{"taxonomy":"post_tag","embeddable":true,"href":"https:\/\/www.correiobraziliense.com.br\/cbradar\/wp-json\/wp\/v2\/tags?post=47310"}],"curies":[{"name":"wp","href":"https:\/\/api.w.org\/{rel}","templated":true}]}}