{"id":47371,"date":"2025-06-07T19:23:00","date_gmt":"2025-06-07T22:23:00","guid":{"rendered":"https:\/\/www.correiobraziliense.com.br\/cbradar\/?p=47371"},"modified":"2025-06-05T00:03:38","modified_gmt":"2025-06-05T03:03:38","slug":"sua-mente-nao-para-o-segredo-para-a-calma-esta-nos-seus-passos","status":"publish","type":"post","link":"https:\/\/www.correiobraziliense.com.br\/cbradar\/sua-mente-nao-para-o-segredo-para-a-calma-esta-nos-seus-passos\/","title":{"rendered":"Sua mente n\u00e3o para? O segredo para a calma est\u00e1 nos seus passos"},"content":{"rendered":"\n<p>Em meio \u00e0 agita\u00e7\u00e3o da vida moderna, encontrar tempo e espa\u00e7o para a <strong>medita\u00e7\u00e3o<\/strong> formal, sentada em sil\u00eancio, pode ser um desafio. No entanto, a <a href=\"https:\/\/www.correiobraziliense.com.br\/cbradar\/isso-fara-voce-desenvolver-o-seu-equilibrio-de-uma-maneira-impressionante\/\" target=\"_blank\" rel=\"noreferrer noopener\">pr\u00e1tica <\/a>de <strong><a href=\"https:\/\/pt.wikipedia.org\/wiki\/Aten\u00e7\u00e3o_plena\" target=\"_blank\" rel=\"noreferrer noopener\">mindfulness<\/a><\/strong> n\u00e3o se limita a um tapete de yoga; ela pode ser integrada ao nosso dia a dia, transformando atividades rotineiras em oportunidades para cultivar a aten\u00e7\u00e3o plena. A <strong>medita\u00e7\u00e3o caminhada<\/strong>, tamb\u00e9m conhecida como <em>walking meditation<\/em>, \u00e9 um exemplo poderoso e acess\u00edvel dessa integra\u00e7\u00e3o. Ela permite que a pessoa se conecte com sua <strong>mente<\/strong> e <strong>corpo<\/strong> enquanto est\u00e1 em <strong>movimento<\/strong>.<\/p>\n\n\n\n<p>Para muitos, a ideia de meditar em movimento \u00e9 intrigante. N\u00e3o se trata de uma caminhada apressada ou com um objetivo espec\u00edfico, mas sim de um passeio intencional, onde cada passo, cada sensa\u00e7\u00e3o e cada percep\u00e7\u00e3o se tornam o foco da aten\u00e7\u00e3o. Essa pr\u00e1tica oferece uma alternativa para aqueles que acham dif\u00edcil ficar parados em medita\u00e7\u00f5es sentadas, e \u00e9 particularmente ben\u00e9fica para aliviar o estresse, aumentar a consci\u00eancia corporal e promover um senso de calma e presen\u00e7a, mesmo em ambientes externos e movimentados.<\/p>\n\n\n\n<h2 class=\"wp-block-heading\">Como a medita\u00e7\u00e3o caminhada conecta a mente e o corpo em movimento?<\/h2>\n\n\n<div class=\"wp-block-image\">\n<figure class=\"aligncenter size-large\"><img decoding=\"async\" width=\"1024\" height=\"576\" src=\"https:\/\/www.correiobraziliense.com.br\/cbradar\/wp-content\/uploads\/2025\/04\/caminhada_1743514314846-1024x576.jpg\" alt=\"Sua mente n\u00e3o para? O segredo para a calma est\u00e1 nos seus passos\" class=\"wp-image-17832\" srcset=\"https:\/\/www.correiobraziliense.com.br\/cbradar\/wp-content\/uploads\/2025\/04\/caminhada_1743514314846-1024x576.jpg 1024w, https:\/\/www.correiobraziliense.com.br\/cbradar\/wp-content\/uploads\/2025\/04\/caminhada_1743514314846-300x169.jpg 300w, https:\/\/www.correiobraziliense.com.br\/cbradar\/wp-content\/uploads\/2025\/04\/caminhada_1743514314846-768x432.jpg 768w, https:\/\/www.correiobraziliense.com.br\/cbradar\/wp-content\/uploads\/2025\/04\/caminhada_1743514314846-750x422.jpg 750w, https:\/\/www.correiobraziliense.com.br\/cbradar\/wp-content\/uploads\/2025\/04\/caminhada_1743514314846-1140x641.jpg 1140w, https:\/\/www.correiobraziliense.com.br\/cbradar\/wp-content\/uploads\/2025\/04\/caminhada_1743514314846.jpg 1280w\" sizes=\"(max-width: 1024px) 100vw, 1024px\" \/><figcaption class=\"wp-element-caption\">Caminhada &#8211; Cr\u00e9ditos: depositphotos.com \/ blasbike<\/figcaption><\/figure><\/div>\n\n\n<p>A ess\u00eancia da <strong>medita\u00e7\u00e3o caminhada<\/strong> reside na capacidade de trazer a aten\u00e7\u00e3o plena para o ato de caminhar, transformando um movimento autom\u00e1tico em uma experi\u00eancia consciente. Essa pr\u00e1tica cria uma ponte entre a <strong>mente<\/strong> e o <strong>corpo<\/strong> atrav\u00e9s da observa\u00e7\u00e3o das sensa\u00e7\u00f5es f\u00edsicas e do ambiente.<\/p>\n\n\n\n<ul class=\"wp-block-list\">\n<li><strong>Aten\u00e7\u00e3o \u00e0s sensa\u00e7\u00f5es corporais<\/strong>: O foco principal \u00e9 nas sensa\u00e7\u00f5es dos p\u00e9s tocando o ch\u00e3o, o movimento das pernas, o balan\u00e7o dos bra\u00e7os, a sensa\u00e7\u00e3o do vento na pele. Ao direcionar a aten\u00e7\u00e3o para essas sensa\u00e7\u00f5es, voc\u00ea se ancora no presente, afastando a mente de pensamentos ansiosos ou preocupa\u00e7\u00f5es.<\/li>\n\n\n\n<li><strong>Consci\u00eancia da respira\u00e7\u00e3o<\/strong>: Observe o ritmo da sua respira\u00e7\u00e3o enquanto caminha. Sinta o ar entrando e saindo, e como a respira\u00e7\u00e3o se ajusta ao seu passo. Isso ajuda a acalmar o sistema nervoso.<\/li>\n\n\n\n<li><strong>Percep\u00e7\u00e3o do ambiente<\/strong>: Permita-se notar os detalhes do seu entorno \u2013 as cores das \u00e1rvores, o som dos p\u00e1ssaros, o cheiro das flores. N\u00e3o \u00e9 para julgar ou analisar, mas apenas para observar com curiosidade e abertura.<\/li>\n\n\n\n<li><strong>Quebra de padr\u00f5es autom\u00e1ticos<\/strong>: Muitas vezes, caminhamos no &#8220;piloto autom\u00e1tico&#8221;. A medita\u00e7\u00e3o caminhada quebra esse padr\u00e3o, tornando o movimento mais deliberado e consciente, o que melhora a <strong>coordena\u00e7\u00e3o<\/strong> e a <strong>propriocep\u00e7\u00e3o<\/strong>.<\/li>\n<\/ul>\n\n\n\n<p>Essa conex\u00e3o profunda com o corpo e o ambiente cultiva uma sensa\u00e7\u00e3o de presen\u00e7a que se estende para al\u00e9m da caminhada, impactando positivamente a vida di\u00e1ria.<\/p>\n\n\n\n<h2 class=\"wp-block-heading\">Quais s\u00e3o os benef\u00edcios da medita\u00e7\u00e3o caminhada para o bem-estar mental?<\/h2>\n\n\n\n<p>A <strong>medita\u00e7\u00e3o caminhada<\/strong> oferece uma s\u00e9rie de benef\u00edcios not\u00e1veis para o <strong>bem-estar mental<\/strong>, sendo uma ferramenta eficaz para lidar com os desafios do dia a dia.<\/p>\n\n\n\n<ul class=\"wp-block-list\">\n<li><strong>Redu\u00e7\u00e3o do estresse e ansiedade<\/strong>: O movimento r\u00edtmico da caminhada, combinado com a aten\u00e7\u00e3o plena, ativa o sistema nervoso parassimp\u00e1tico, diminuindo os n\u00edveis de <strong>cortisol<\/strong> (o horm\u00f4nio do estresse) e promovendo o relaxamento.<\/li>\n\n\n\n<li><strong>Melhora do humor<\/strong>: A atividade f\u00edsica libera <strong>endorfinas<\/strong>, neurotransmissores associados \u00e0 sensa\u00e7\u00e3o de prazer e bem-estar. O contato com a natureza (se praticada ao ar livre) tamb\u00e9m tem um efeito positivo no humor.<\/li>\n\n\n\n<li><strong>Aumento da clareza mental e foco<\/strong>: Ao desviar a aten\u00e7\u00e3o de pensamentos dispersos para as sensa\u00e7\u00f5es do corpo e do ambiente, a mente se acalma e se torna mais clara, melhorando a <strong>concentra\u00e7\u00e3o<\/strong>.<\/li>\n\n\n\n<li><strong>Combate \u00e0 rumina\u00e7\u00e3o<\/strong>: Ajuda a quebrar o ciclo de pensamentos repetitivos e negativos, ancorando a mente no momento presente.<\/li>\n\n\n\n<li><strong>Est\u00edmulo \u00e0 criatividade<\/strong>: Longe das distra\u00e7\u00f5es, a mente tem espa\u00e7o para divagar de forma mais livre e criativa.<\/li>\n\n\n\n<li><strong>Melhora da qualidade do sono<\/strong>: O exerc\u00edcio suave e a redu\u00e7\u00e3o do estresse contribuem para um sono mais reparador.<\/li>\n<\/ul>\n\n\n\n<p>A pr\u00e1tica regular da medita\u00e7\u00e3o caminhada pode ser um ref\u00fagio para a mente em meio a uma rotina agitada.<\/p>\n\n\n\n<h2 class=\"wp-block-heading\">Como praticar a medita\u00e7\u00e3o caminhada: um guia passo a passo?<\/h2>\n\n\n\n<p>A <strong>medita\u00e7\u00e3o caminhada<\/strong> pode ser praticada em qualquer lugar \u2013 no parque, na rua, ou at\u00e9 mesmo em um corredor de sua casa. O importante \u00e9 a inten\u00e7\u00e3o e a aten\u00e7\u00e3o.<\/p>\n\n\n\n<ol class=\"wp-block-list\">\n<li><strong>Escolha seu local<\/strong>: Um ambiente tranquilo e seguro \u00e9 ideal para iniciantes, mas voc\u00ea pode praticar em qualquer lugar.<\/li>\n\n\n\n<li><strong>Defina a dura\u00e7\u00e3o<\/strong>: Comece com 5 a 10 minutos e aumente gradualmente para 20, 30 minutos ou mais.<\/li>\n\n\n\n<li><strong>Postura<\/strong>: Mantenha uma postura ereta, mas relaxada. Ombros para tr\u00e1s e para baixo, olhar suavemente \u00e0 frente (n\u00e3o fixo, para n\u00e3o trope\u00e7ar).<\/li>\n\n\n\n<li><strong>Conecte-se com os p\u00e9s<\/strong>:\n<ul class=\"wp-block-list\">\n<li>Comece sentindo o contato dos seus p\u00e9s com o ch\u00e3o. Observe o calcanhar tocando, a sola rolando, e os dedos empurrando.<\/li>\n\n\n\n<li>Sinta o peso do corpo se deslocando de um p\u00e9 para o outro.<\/li>\n<\/ul>\n<\/li>\n\n\n\n<li><strong>Perceba o movimento<\/strong>:\n<ul class=\"wp-block-list\">\n<li>Observe o balan\u00e7o das suas pernas e bra\u00e7os.<\/li>\n\n\n\n<li>Sinta como todo o corpo se move em conjunto com cada passo.<\/li>\n<\/ul>\n<\/li>\n\n\n\n<li><strong>Aten\u00e7\u00e3o \u00e0 respira\u00e7\u00e3o<\/strong>:\n<ul class=\"wp-block-list\">\n<li>Sinta o ar entrando e saindo do corpo.<\/li>\n\n\n\n<li>Perceba como sua respira\u00e7\u00e3o se ajusta ao ritmo da sua caminhada. N\u00e3o tente control\u00e1-la, apenas observe.<\/li>\n<\/ul>\n<\/li>\n\n\n\n<li><strong>Explore os sentidos<\/strong>:\n<ul class=\"wp-block-list\">\n<li>Permita-se notar os sons ao redor, os cheiros, as cores e as texturas. N\u00e3o se apegue a eles, apenas observe.<\/li>\n\n\n\n<li>Se a mente divagar (e ela vai divagar), gentilmente traga sua aten\u00e7\u00e3o de volta para as sensa\u00e7\u00f5es dos seus p\u00e9s e da sua respira\u00e7\u00e3o.<\/li>\n<\/ul>\n<\/li>\n\n\n\n<li><strong>Ritmo<\/strong>: Caminhe em um ritmo natural, n\u00e3o apressado. Voc\u00ea pode come\u00e7ar mais devagar para aprimorar a percep\u00e7\u00e3o e, ent\u00e3o, acelerar um pouco, mantendo a aten\u00e7\u00e3o plena.<\/li>\n<\/ol>\n\n\n\n<p>A pr\u00e1tica regular torna essa t\u00e9cnica mais acess\u00edvel e os benef\u00edcios mais profundos.<\/p>\n\n\n\n<h2 class=\"wp-block-heading\">Dicas para integrar a medita\u00e7\u00e3o caminhada no dia a dia<\/h2>\n\n\n\n<p>Integrar a <strong>medita\u00e7\u00e3o caminhada<\/strong> \u00e0 sua rotina pode ser mais f\u00e1cil do que parece, transformando momentos comuns em oportunidades de <strong>mindfulness<\/strong>.<\/p>\n\n\n\n<ul class=\"wp-block-list\">\n<li><strong>Pequenas pausas<\/strong>: Use-a para ir almo\u00e7ar, buscar um caf\u00e9, ou durante um momento de descanso no trabalho.<\/li>\n\n\n\n<li><strong>Rotas di\u00e1rias<\/strong>: Transforme seu trajeto para o trabalho, a escola ou o supermercado em uma medita\u00e7\u00e3o caminhada.<\/li>\n\n\n\n<li><strong>Na natureza<\/strong>: Se poss\u00edvel, pratique em parques, trilhas ou \u00e1reas verdes. O contato com a <strong>natureza<\/strong> potencializa os benef\u00edcios.<\/li>\n\n\n\n<li><strong>Sem distra\u00e7\u00f5es<\/strong>: Tente deixar o celular de lado ou, se precisar dele para seguran\u00e7a, mantenha-o no bolso. Evite fones de ouvido que o isole do ambiente.<\/li>\n\n\n\n<li><strong>Seja paciente<\/strong>: N\u00e3o se frustre se sua mente divagar. \u00c9 um processo cont\u00ednuo de trazer a aten\u00e7\u00e3o de volta.<\/li>\n\n\n\n<li><strong>Combine com outros exerc\u00edcios<\/strong>: Pode ser uma \u00f3tima forma de aquecimento ou desaquecimento para um treino mais intenso, ou uma alternativa em dias de menor energia.<\/li>\n<\/ul>\n\n\n\n<p>A <strong>medita\u00e7\u00e3o caminhada<\/strong> \u00e9 uma maneira simples e eficaz de cultivar a <strong>aten\u00e7\u00e3o plena<\/strong>, reduzir o estresse e conectar-se profundamente com seu corpo e com o mundo ao seu redor, passo a passo, a cada momento.<\/p>\n","protected":false},"excerpt":{"rendered":"<p>Em meio \u00e0 agita\u00e7\u00e3o da vida moderna, encontrar tempo e espa\u00e7o para a medita\u00e7\u00e3o formal, sentada em sil\u00eancio, pode ser um desafio. No entanto, a pr\u00e1tica de mindfulness n\u00e3o se limita a um tapete de yoga; ela pode ser integrada ao nosso dia a dia, transformando atividades rotineiras em oportunidades para cultivar a aten\u00e7\u00e3o plena. [&hellip;]<\/p>\n","protected":false},"author":11,"featured_media":12474,"comment_status":"open","ping_status":"open","sticky":false,"template":"","format":"standard","meta":{"_yoast_wpseo_focuskw":"medita\u00e7\u00e3o caminhada","_yoast_wpseo_title":"","_yoast_wpseo_metadesc":"Meditar em movimento \u00e9 poss\u00edvel! Aprenda os benef\u00edcios da walking meditation para sua clareza mental. Essa mudan\u00e7a pode impactar voc\u00ea.","jnews-multi-image_gallery":[],"jnews_single_post":{"format":"standard"},"jnews_primary_category":[],"jnews_social_meta":[],"jnews_override_counter":[],"footnotes":""},"categories":[119],"post_tag":[812,120,565],"class_list":["post-47371","post","type-post","status-publish","format-standard","has-post-thumbnail","hentry","category-bem-estar","tag-ansiedade","tag-bem-estar","tag-saude"],"yoast_head":"<!-- This site is optimized with the Yoast SEO plugin v24.6 - https:\/\/yoast.com\/wordpress\/plugins\/seo\/ -->\n<title>Sua mente n\u00e3o para? O segredo para a calma est\u00e1 nos seus passos - Correio Braziliense - Radar<\/title>\n<meta name=\"description\" content=\"Meditar em movimento \u00e9 poss\u00edvel! Aprenda os benef\u00edcios da walking meditation para sua clareza mental. Essa mudan\u00e7a pode impactar voc\u00ea.\" \/>\n<meta name=\"robots\" content=\"index, follow, max-snippet:-1, max-image-preview:large, max-video-preview:-1\" \/>\n<link rel=\"canonical\" href=\"https:\/\/www.correiobraziliense.com.br\/cbradar\/sua-mente-nao-para-o-segredo-para-a-calma-esta-nos-seus-passos\/\" \/>\n<meta property=\"og:locale\" content=\"pt_BR\" \/>\n<meta property=\"og:type\" content=\"article\" \/>\n<meta property=\"og:title\" content=\"Sua mente n\u00e3o para? O segredo para a calma est\u00e1 nos seus passos - Correio Braziliense - Radar\" \/>\n<meta property=\"og:description\" content=\"Meditar em movimento \u00e9 poss\u00edvel! Aprenda os benef\u00edcios da walking meditation para sua clareza mental. Essa mudan\u00e7a pode impactar voc\u00ea.\" \/>\n<meta property=\"og:url\" content=\"https:\/\/www.correiobraziliense.com.br\/cbradar\/sua-mente-nao-para-o-segredo-para-a-calma-esta-nos-seus-passos\/\" \/>\n<meta property=\"og:site_name\" content=\"Correio Braziliense - Radar\" \/>\n<meta property=\"article:published_time\" content=\"2025-06-07T22:23:00+00:00\" \/>\n<meta property=\"og:image\" content=\"https:\/\/www.correiobraziliense.com.br\/cbradar\/wp-content\/uploads\/2025\/03\/ansiedade_1741955871743.jpg\" \/>\n\t<meta property=\"og:image:width\" content=\"1280\" \/>\n\t<meta property=\"og:image:height\" content=\"720\" \/>\n\t<meta property=\"og:image:type\" content=\"image\/jpeg\" \/>\n<meta name=\"author\" content=\"Paulo Custodio\" \/>\n<meta name=\"twitter:card\" content=\"summary_large_image\" \/>\n<meta name=\"twitter:label1\" content=\"Escrito por\" \/>\n\t<meta name=\"twitter:data1\" content=\"Paulo Custodio\" \/>\n\t<meta name=\"twitter:label2\" content=\"Est. tempo de leitura\" \/>\n\t<meta name=\"twitter:data2\" content=\"7 minutos\" \/>\n<!-- \/ Yoast SEO plugin. -->","yoast_head_json":{"title":"Sua mente n\u00e3o para? O segredo para a calma est\u00e1 nos seus passos - Correio Braziliense - Radar","description":"Meditar em movimento \u00e9 poss\u00edvel! Aprenda os benef\u00edcios da walking meditation para sua clareza mental. Essa mudan\u00e7a pode impactar voc\u00ea.","robots":{"index":"index","follow":"follow","max-snippet":"max-snippet:-1","max-image-preview":"max-image-preview:large","max-video-preview":"max-video-preview:-1"},"canonical":"https:\/\/www.correiobraziliense.com.br\/cbradar\/sua-mente-nao-para-o-segredo-para-a-calma-esta-nos-seus-passos\/","og_locale":"pt_BR","og_type":"article","og_title":"Sua mente n\u00e3o para? O segredo para a calma est\u00e1 nos seus passos - Correio Braziliense - Radar","og_description":"Meditar em movimento \u00e9 poss\u00edvel! Aprenda os benef\u00edcios da walking meditation para sua clareza mental. Essa mudan\u00e7a pode impactar voc\u00ea.","og_url":"https:\/\/www.correiobraziliense.com.br\/cbradar\/sua-mente-nao-para-o-segredo-para-a-calma-esta-nos-seus-passos\/","og_site_name":"Correio Braziliense - Radar","article_published_time":"2025-06-07T22:23:00+00:00","og_image":[{"width":1280,"height":720,"url":"https:\/\/www.correiobraziliense.com.br\/cbradar\/wp-content\/uploads\/2025\/03\/ansiedade_1741955871743.jpg","type":"image\/jpeg"}],"author":"Paulo Custodio","twitter_card":"summary_large_image","twitter_misc":{"Escrito por":"Paulo Custodio","Est. tempo de leitura":"7 minutos"},"schema":{"@context":"https:\/\/schema.org","@graph":[{"@type":"WebPage","@id":"https:\/\/www.correiobraziliense.com.br\/cbradar\/sua-mente-nao-para-o-segredo-para-a-calma-esta-nos-seus-passos\/","url":"https:\/\/www.correiobraziliense.com.br\/cbradar\/sua-mente-nao-para-o-segredo-para-a-calma-esta-nos-seus-passos\/","name":"Sua mente n\u00e3o para? O segredo para a calma est\u00e1 nos seus passos - Correio Braziliense - Radar","isPartOf":{"@id":"https:\/\/www.correiobraziliense.com.br\/cbradar\/#website"},"primaryImageOfPage":{"@id":"https:\/\/www.correiobraziliense.com.br\/cbradar\/sua-mente-nao-para-o-segredo-para-a-calma-esta-nos-seus-passos\/#primaryimage"},"image":{"@id":"https:\/\/www.correiobraziliense.com.br\/cbradar\/sua-mente-nao-para-o-segredo-para-a-calma-esta-nos-seus-passos\/#primaryimage"},"thumbnailUrl":"https:\/\/www.correiobraziliense.com.br\/cbradar\/wp-content\/uploads\/2025\/03\/ansiedade_1741955871743.jpg","datePublished":"2025-06-07T22:23:00+00:00","author":{"@id":"https:\/\/www.correiobraziliense.com.br\/cbradar\/#\/schema\/person\/4cec7857301a9a1a2ef249893cd908d3"},"description":"Meditar em movimento \u00e9 poss\u00edvel! Aprenda os benef\u00edcios da walking meditation para sua clareza mental. Essa mudan\u00e7a pode impactar voc\u00ea.","breadcrumb":{"@id":"https:\/\/www.correiobraziliense.com.br\/cbradar\/sua-mente-nao-para-o-segredo-para-a-calma-esta-nos-seus-passos\/#breadcrumb"},"inLanguage":"pt-BR","potentialAction":[{"@type":"ReadAction","target":["https:\/\/www.correiobraziliense.com.br\/cbradar\/sua-mente-nao-para-o-segredo-para-a-calma-esta-nos-seus-passos\/"]}]},{"@type":"ImageObject","inLanguage":"pt-BR","@id":"https:\/\/www.correiobraziliense.com.br\/cbradar\/sua-mente-nao-para-o-segredo-para-a-calma-esta-nos-seus-passos\/#primaryimage","url":"https:\/\/www.correiobraziliense.com.br\/cbradar\/wp-content\/uploads\/2025\/03\/ansiedade_1741955871743.jpg","contentUrl":"https:\/\/www.correiobraziliense.com.br\/cbradar\/wp-content\/uploads\/2025\/03\/ansiedade_1741955871743.jpg","width":1280,"height":720,"caption":"Homem no banco - Cr\u00e9ditos: depositphotos.com \/ ikurucan"},{"@type":"BreadcrumbList","@id":"https:\/\/www.correiobraziliense.com.br\/cbradar\/sua-mente-nao-para-o-segredo-para-a-calma-esta-nos-seus-passos\/#breadcrumb","itemListElement":[{"@type":"ListItem","position":1,"name":"In\u00edcio","item":"https:\/\/www.correiobraziliense.com.br\/cbradar\/"},{"@type":"ListItem","position":2,"name":"Sua mente n\u00e3o para? O segredo para a calma est\u00e1 nos seus passos"}]},{"@type":"WebSite","@id":"https:\/\/www.correiobraziliense.com.br\/cbradar\/#website","url":"https:\/\/www.correiobraziliense.com.br\/cbradar\/","name":"Correio Braziliense - Radar","description":"Acompanhe as \u00faltimas not\u00edcias e fique bem informado sobre tudo o que acontece no Brasil e no mundo.","potentialAction":[{"@type":"SearchAction","target":{"@type":"EntryPoint","urlTemplate":"https:\/\/www.correiobraziliense.com.br\/cbradar\/?s={search_term_string}"},"query-input":{"@type":"PropertyValueSpecification","valueRequired":true,"valueName":"search_term_string"}}],"inLanguage":"pt-BR"},{"@type":"Person","@id":"https:\/\/www.correiobraziliense.com.br\/cbradar\/#\/schema\/person\/4cec7857301a9a1a2ef249893cd908d3","name":"Paulo Custodio","image":{"@type":"ImageObject","inLanguage":"pt-BR","@id":"https:\/\/www.correiobraziliense.com.br\/cbradar\/#\/schema\/person\/image\/","url":"https:\/\/secure.gravatar.com\/avatar\/bcd67168d1534e8fcf4f45c726a87cea?s=96&d=mm&r=g","contentUrl":"https:\/\/secure.gravatar.com\/avatar\/bcd67168d1534e8fcf4f45c726a87cea?s=96&d=mm&r=g","caption":"Paulo Custodio"},"sameAs":["https:\/\/www.correiobraziliense.com.br\/cbradar"],"url":"https:\/\/www.correiobraziliense.com.br\/cbradar\/author\/paulomyth\/"}]}},"_links":{"self":[{"href":"https:\/\/www.correiobraziliense.com.br\/cbradar\/wp-json\/wp\/v2\/posts\/47371","targetHints":{"allow":["GET"]}}],"collection":[{"href":"https:\/\/www.correiobraziliense.com.br\/cbradar\/wp-json\/wp\/v2\/posts"}],"about":[{"href":"https:\/\/www.correiobraziliense.com.br\/cbradar\/wp-json\/wp\/v2\/types\/post"}],"author":[{"embeddable":true,"href":"https:\/\/www.correiobraziliense.com.br\/cbradar\/wp-json\/wp\/v2\/users\/11"}],"replies":[{"embeddable":true,"href":"https:\/\/www.correiobraziliense.com.br\/cbradar\/wp-json\/wp\/v2\/comments?post=47371"}],"version-history":[{"count":2,"href":"https:\/\/www.correiobraziliense.com.br\/cbradar\/wp-json\/wp\/v2\/posts\/47371\/revisions"}],"predecessor-version":[{"id":47429,"href":"https:\/\/www.correiobraziliense.com.br\/cbradar\/wp-json\/wp\/v2\/posts\/47371\/revisions\/47429"}],"wp:featuredmedia":[{"embeddable":true,"href":"https:\/\/www.correiobraziliense.com.br\/cbradar\/wp-json\/wp\/v2\/media\/12474"}],"wp:attachment":[{"href":"https:\/\/www.correiobraziliense.com.br\/cbradar\/wp-json\/wp\/v2\/media?parent=47371"}],"wp:term":[{"taxonomy":"category","embeddable":true,"href":"https:\/\/www.correiobraziliense.com.br\/cbradar\/wp-json\/wp\/v2\/categories?post=47371"},{"taxonomy":"post_tag","embeddable":true,"href":"https:\/\/www.correiobraziliense.com.br\/cbradar\/wp-json\/wp\/v2\/post_tag?post=47371"}],"curies":[{"name":"wp","href":"https:\/\/api.w.org\/{rel}","templated":true}]}}