{"id":47565,"date":"2025-06-04T22:50:00","date_gmt":"2025-06-05T01:50:00","guid":{"rendered":"https:\/\/www.correiobraziliense.com.br\/cbradar\/?p=47565"},"modified":"2025-06-03T14:49:52","modified_gmt":"2025-06-03T17:49:52","slug":"essa-cidade-do-litoral-tem-qualidade-de-vida-e-oportunidades","status":"publish","type":"post","link":"https:\/\/www.correiobraziliense.com.br\/cbradar\/essa-cidade-do-litoral-tem-qualidade-de-vida-e-oportunidades\/","title":{"rendered":"Essa cidade do litoral tem qualidade de vida e oportunidades"},"content":{"rendered":"\n<p>Situada na regi\u00e3o metropolitana de <strong>Salvador<\/strong>, no estado da <strong><a href=\"https:\/\/www.correiobraziliense.com.br\/cbradar\/essa-cidadezinha-no-interior-da-bahia-tem-ruas-floridas-o-ano-inteiro\/\" target=\"_blank\" rel=\"noreferrer noopener\">Bahia<\/a><\/strong>, <strong><a href=\"https:\/\/www.camacari.ba.gov.br\/\" target=\"_blank\" rel=\"noreferrer noopener\">Cama\u00e7ari<\/a><\/strong> \u00e9 uma das cidades mais din\u00e2micas do Nordeste brasileiro. Com uma popula\u00e7\u00e3o de aproximadamente 300 mil habitantes, o munic\u00edpio se destaca por seu polo industrial, belas praias e infraestrutura urbana em expans\u00e3o. A cidade atrai moradores em busca de oportunidades econ\u00f4micas e estilo de vida equilibrado entre o urbano e o litor\u00e2neo.<\/p>\n\n\n\n<h2 class=\"wp-block-heading\">Como \u00e9 a qualidade de vida em Cama\u00e7ari?<\/h2>\n\n\n\n<p>Cama\u00e7ari possui boa qualidade de vida para seus moradores, com acesso a servi\u00e7os de sa\u00fade, educa\u00e7\u00e3o e transporte. Destaque para o <strong>Hospital Geral de Cama\u00e7ari<\/strong>, que atende toda a regi\u00e3o, e a rede de unidades b\u00e1sicas de sa\u00fade. A seguran\u00e7a \u00e9 monitorada por sistemas de videomonitoramento e pela atua\u00e7\u00e3o integrada das pol\u00edcias Civil e Militar.<\/p>\n\n\n\n<p>O transporte urbano \u00e9 eficiente, com linhas integradas que ligam bairros, centros comerciais e polos industriais. A cidade tamb\u00e9m possui ciclovias, pra\u00e7as requalificadas e equipamentos p\u00fablicos voltados ao esporte e lazer.<\/p>\n\n\n\n<h2 class=\"wp-block-heading\">Cama\u00e7ari tem iniciativas de sustentabilidade?<\/h2>\n\n\n\n<p>Sim. A cidade investe em projetos voltados \u00e0 sustentabilidade, como o &#8220;<strong>Cama\u00e7ari Mais Verde<\/strong>&#8220;, que promove a arboriza\u00e7\u00e3o urbana, a preserva\u00e7\u00e3o de nascentes e a educa\u00e7\u00e3o ambiental em escolas. Tamb\u00e9m h\u00e1 iniciativas de coleta seletiva, hortas comunit\u00e1rias e campanhas de conscientiza\u00e7\u00e3o sobre o descarte adequado de res\u00edduos.<\/p>\n\n\n\n<p>A gest\u00e3o ambiental tamb\u00e9m atua junto ao polo industrial, buscando reduzir impactos e fiscalizar o cumprimento de normas ambientais.<\/p>\n\n\n\n<figure class=\"wp-block-image size-large\"><img decoding=\"async\" width=\"1024\" height=\"576\" src=\"https:\/\/www.correiobraziliense.com.br\/cbradar\/wp-content\/uploads\/2025\/06\/Camacari-3-1024x576.png\" alt=\"Essa cidade do litoral tem qualidade de vida e oportunidades\" class=\"wp-image-47566\" srcset=\"https:\/\/www.correiobraziliense.com.br\/cbradar\/wp-content\/uploads\/2025\/06\/Camacari-3-1024x576.png 1024w, https:\/\/www.correiobraziliense.com.br\/cbradar\/wp-content\/uploads\/2025\/06\/Camacari-3-300x169.png 300w, https:\/\/www.correiobraziliense.com.br\/cbradar\/wp-content\/uploads\/2025\/06\/Camacari-3-768x432.png 768w, https:\/\/www.correiobraziliense.com.br\/cbradar\/wp-content\/uploads\/2025\/06\/Camacari-3-750x422.png 750w, https:\/\/www.correiobraziliense.com.br\/cbradar\/wp-content\/uploads\/2025\/06\/Camacari-3-1140x641.png 1140w, https:\/\/www.correiobraziliense.com.br\/cbradar\/wp-content\/uploads\/2025\/06\/Camacari-3.png 1280w\" sizes=\"(max-width: 1024px) 100vw, 1024px\" \/><figcaption class=\"wp-element-caption\">Cama\u00e7ari. Fonte: Public domain, via Wikimedia Commons<\/figcaption><\/figure>\n\n\n\n<h2 class=\"wp-block-heading\">Como \u00e9 a educa\u00e7\u00e3o em Cama\u00e7ari?<\/h2>\n\n\n\n<p>A educa\u00e7\u00e3o \u00e9 um dos pilares da cidade. Cama\u00e7ari possui uma rede de ensino p\u00fablica e privada bem distribu\u00edda, desde a educa\u00e7\u00e3o infantil at\u00e9 o ensino m\u00e9dio. No ensino superior, h\u00e1 um campus da <strong>Universidade do Estado da Bahia (UNEB)<\/strong>, al\u00e9m de faculdades como a <strong>Est\u00e1cio<\/strong>, <strong>Pit\u00e1goras<\/strong> e unidades do <strong>SENAI<\/strong> e <strong>SENAC<\/strong> para forma\u00e7\u00e3o t\u00e9cnica.<\/p>\n\n\n\n<p>A prefeitura tamb\u00e9m desenvolve programas de refor\u00e7o escolar e qualifica\u00e7\u00e3o de professores, al\u00e9m de investir na moderniza\u00e7\u00e3o das unidades escolares.<\/p>\n\n\n\n<h2 class=\"wp-block-heading\">Como \u00e9 a economia e o mercado de trabalho em Cama\u00e7ari?<\/h2>\n\n\n\n<p>Cama\u00e7ari abriga um dos maiores polos industriais do <strong>Brasil<\/strong>, com empresas dos setores automotivo, qu\u00edmico, petroqu\u00edmico e log\u00edstico. O <strong>Polo Industrial de Cama\u00e7ari<\/strong> \u00e9 respons\u00e1vel por uma parte significativa do PIB baiano e gera milhares de empregos diretos e indiretos.<\/p>\n\n\n\n<p>Al\u00e9m da ind\u00fastria, o com\u00e9rcio, a constru\u00e7\u00e3o civil e o setor de servi\u00e7os t\u00eam expressiva participa\u00e7\u00e3o na economia local. A cidade tamb\u00e9m tem se destacado como destino para investimentos imobili\u00e1rios e possui programas de incentivo ao empreendedorismo.<\/p>\n\n\n\n<figure class=\"wp-block-image size-large\"><img decoding=\"async\" width=\"1024\" height=\"576\" src=\"https:\/\/www.correiobraziliense.com.br\/cbradar\/wp-content\/uploads\/2025\/06\/Camacari-2-1024x576.png\" alt=\"Essa cidade do litoral tem qualidade de vida e oportunidades\" class=\"wp-image-47567\" srcset=\"https:\/\/www.correiobraziliense.com.br\/cbradar\/wp-content\/uploads\/2025\/06\/Camacari-2-1024x576.png 1024w, https:\/\/www.correiobraziliense.com.br\/cbradar\/wp-content\/uploads\/2025\/06\/Camacari-2-300x169.png 300w, https:\/\/www.correiobraziliense.com.br\/cbradar\/wp-content\/uploads\/2025\/06\/Camacari-2-768x432.png 768w, https:\/\/www.correiobraziliense.com.br\/cbradar\/wp-content\/uploads\/2025\/06\/Camacari-2-750x422.png 750w, https:\/\/www.correiobraziliense.com.br\/cbradar\/wp-content\/uploads\/2025\/06\/Camacari-2-1140x641.png 1140w, https:\/\/www.correiobraziliense.com.br\/cbradar\/wp-content\/uploads\/2025\/06\/Camacari-2.png 1280w\" sizes=\"(max-width: 1024px) 100vw, 1024px\" \/><figcaption class=\"wp-element-caption\">Cama\u00e7ari. Fonte: Jp199527, CC BY-SA 4.0, via Wikimedia Commons<\/figcaption><\/figure>\n\n\n\n<h2 class=\"wp-block-heading\">Principais pontos tur\u00edsticos de Cama\u00e7ari?<\/h2>\n\n\n\n<ul class=\"wp-block-list\">\n<li><strong>Praia de Arembepe<\/strong>: famosa por sua vila hippie e belezas naturais.<\/li>\n\n\n\n<li><strong>Praia de Guarajuba<\/strong>: uma das mais visitadas do litoral norte baiano, com infraestrutura e \u00e1guas cristalinas.<\/li>\n\n\n\n<li><strong>Praia de Jau\u00e1<\/strong>: ideal para banho e esportes aqu\u00e1ticos.<\/li>\n\n\n\n<li><strong>Parque das Dunas de Abrantes<\/strong>: \u00e1rea de prote\u00e7\u00e3o ambiental com trilhas ecol\u00f3gicas.<\/li>\n\n\n\n<li><strong>Feira de Monte Gordo<\/strong>: ponto tradicional de cultura e gastronomia local.<\/li>\n\n\n\n<li><strong>Igreja Matriz de Cama\u00e7ari<\/strong>: marco hist\u00f3rico e arquitet\u00f4nico do centro da cidade.<\/li>\n<\/ul>\n\n\n\n<h2 class=\"wp-block-heading\">Vale a pena morar em Cama\u00e7ari?<\/h2>\n\n\n\n<p>Sim. Cama\u00e7ari oferece uma combina\u00e7\u00e3o atrativa de oportunidades profissionais, infraestrutura urbana e proximidade com praias bel\u00edssimas. \u00c9 uma boa op\u00e7\u00e3o tanto para quem trabalha na regi\u00e3o metropolitana quanto para quem busca um estilo de vida mais tranquilo sem abrir m\u00e3o de estrutura e mobilidade.<\/p>\n\n\n\n<h2 class=\"wp-block-heading\">Vale a pena visitar Cama\u00e7ari?<\/h2>\n\n\n\n<p>Sem d\u00favida. Com diversas op\u00e7\u00f5es de praias, cultura regional, boa gastronomia e acessos f\u00e1ceis, Cama\u00e7ari \u00e9 um excelente destino para explorar o litoral norte da Bahia. A cidade surpreende por seu potencial tur\u00edstico ainda pouco explorado em rela\u00e7\u00e3o aos grandes centros.<\/p>\n","protected":false},"excerpt":{"rendered":"<p>Cidade industrial com praias deslumbrantes, boa educa\u00e7\u00e3o e qualidade de vida. Um destino para viver e crescer na Bahia.<\/p>\n","protected":false},"author":3,"featured_media":47568,"comment_status":"open","ping_status":"open","sticky":false,"template":"","format":"standard","meta":{"_yoast_wpseo_focuskw":"Cama\u00e7ari","_yoast_wpseo_title":"%%title%%","_yoast_wpseo_metadesc":"Cidade industrial com praias deslumbrantes, boa educa\u00e7\u00e3o e qualidade de vida. Um destino para viver e crescer na Bahia.","jnews-multi-image_gallery":[],"jnews_single_post":{"format":"standard"},"jnews_primary_category":[],"jnews_social_meta":[],"jnews_override_counter":[],"footnotes":""},"categories":[108],"tags":[109],"class_list":["post-47565","post","type-post","status-publish","format-standard","has-post-thumbnail","hentry","category-cidades","tag-cidades"],"yoast_head":"<!-- This site is optimized with the Yoast SEO plugin v24.6 - https:\/\/yoast.com\/wordpress\/plugins\/seo\/ -->\n<title>Essa cidade do litoral tem qualidade de vida e oportunidades<\/title>\n<meta name=\"description\" content=\"Cidade industrial com praias deslumbrantes, boa educa\u00e7\u00e3o e qualidade de vida. Um destino para viver e crescer na Bahia.\" \/>\n<meta name=\"robots\" content=\"index, follow, max-snippet:-1, max-image-preview:large, max-video-preview:-1\" \/>\n<link rel=\"canonical\" href=\"https:\/\/www.correiobraziliense.com.br\/cbradar\/essa-cidade-do-litoral-tem-qualidade-de-vida-e-oportunidades\/\" \/>\n<meta property=\"og:locale\" content=\"pt_BR\" \/>\n<meta property=\"og:type\" content=\"article\" \/>\n<meta property=\"og:title\" content=\"Essa cidade do litoral tem qualidade de vida e oportunidades\" \/>\n<meta property=\"og:description\" content=\"Cidade industrial com praias deslumbrantes, boa educa\u00e7\u00e3o e qualidade de vida. Um destino para viver e crescer na Bahia.\" \/>\n<meta property=\"og:url\" content=\"https:\/\/www.correiobraziliense.com.br\/cbradar\/essa-cidade-do-litoral-tem-qualidade-de-vida-e-oportunidades\/\" \/>\n<meta property=\"og:site_name\" content=\"Correio Braziliense - Radar\" \/>\n<meta property=\"article:published_time\" content=\"2025-06-05T01:50:00+00:00\" \/>\n<meta property=\"og:image\" content=\"https:\/\/www.correiobraziliense.com.br\/cbradar\/wp-content\/uploads\/2025\/06\/Camacari.png\" \/>\n\t<meta property=\"og:image:width\" content=\"1280\" \/>\n\t<meta property=\"og:image:height\" content=\"720\" \/>\n\t<meta property=\"og:image:type\" content=\"image\/png\" \/>\n<meta name=\"author\" content=\"Larissa Carvalho\" \/>\n<meta name=\"twitter:card\" content=\"summary_large_image\" \/>\n<meta name=\"twitter:label1\" content=\"Escrito por\" \/>\n\t<meta name=\"twitter:data1\" content=\"Larissa Carvalho\" \/>\n\t<meta name=\"twitter:label2\" content=\"Est. tempo de leitura\" \/>\n\t<meta name=\"twitter:data2\" content=\"4 minutos\" \/>\n<!-- \/ Yoast SEO plugin. -->","yoast_head_json":{"title":"Essa cidade do litoral tem qualidade de vida e oportunidades","description":"Cidade industrial com praias deslumbrantes, boa educa\u00e7\u00e3o e qualidade de vida. Um destino para viver e crescer na Bahia.","robots":{"index":"index","follow":"follow","max-snippet":"max-snippet:-1","max-image-preview":"max-image-preview:large","max-video-preview":"max-video-preview:-1"},"canonical":"https:\/\/www.correiobraziliense.com.br\/cbradar\/essa-cidade-do-litoral-tem-qualidade-de-vida-e-oportunidades\/","og_locale":"pt_BR","og_type":"article","og_title":"Essa cidade do litoral tem qualidade de vida e oportunidades","og_description":"Cidade industrial com praias deslumbrantes, boa educa\u00e7\u00e3o e qualidade de vida. Um destino para viver e crescer na Bahia.","og_url":"https:\/\/www.correiobraziliense.com.br\/cbradar\/essa-cidade-do-litoral-tem-qualidade-de-vida-e-oportunidades\/","og_site_name":"Correio Braziliense - Radar","article_published_time":"2025-06-05T01:50:00+00:00","og_image":[{"width":1280,"height":720,"url":"https:\/\/www.correiobraziliense.com.br\/cbradar\/wp-content\/uploads\/2025\/06\/Camacari.png","type":"image\/png"}],"author":"Larissa Carvalho","twitter_card":"summary_large_image","twitter_misc":{"Escrito por":"Larissa Carvalho","Est. tempo de leitura":"4 minutos"},"schema":{"@context":"https:\/\/schema.org","@graph":[{"@type":"WebPage","@id":"https:\/\/www.correiobraziliense.com.br\/cbradar\/essa-cidade-do-litoral-tem-qualidade-de-vida-e-oportunidades\/","url":"https:\/\/www.correiobraziliense.com.br\/cbradar\/essa-cidade-do-litoral-tem-qualidade-de-vida-e-oportunidades\/","name":"Essa cidade do litoral tem qualidade de vida e oportunidades","isPartOf":{"@id":"https:\/\/www.correiobraziliense.com.br\/cbradar\/#website"},"primaryImageOfPage":{"@id":"https:\/\/www.correiobraziliense.com.br\/cbradar\/essa-cidade-do-litoral-tem-qualidade-de-vida-e-oportunidades\/#primaryimage"},"image":{"@id":"https:\/\/www.correiobraziliense.com.br\/cbradar\/essa-cidade-do-litoral-tem-qualidade-de-vida-e-oportunidades\/#primaryimage"},"thumbnailUrl":"https:\/\/www.correiobraziliense.com.br\/cbradar\/wp-content\/uploads\/2025\/06\/Camacari.png","datePublished":"2025-06-05T01:50:00+00:00","author":{"@id":"https:\/\/www.correiobraziliense.com.br\/cbradar\/#\/schema\/person\/58422787644df994b53a19d3e56c1513"},"description":"Cidade industrial com praias deslumbrantes, boa educa\u00e7\u00e3o e qualidade de vida. Um destino para viver e crescer na Bahia.","breadcrumb":{"@id":"https:\/\/www.correiobraziliense.com.br\/cbradar\/essa-cidade-do-litoral-tem-qualidade-de-vida-e-oportunidades\/#breadcrumb"},"inLanguage":"pt-BR","potentialAction":[{"@type":"ReadAction","target":["https:\/\/www.correiobraziliense.com.br\/cbradar\/essa-cidade-do-litoral-tem-qualidade-de-vida-e-oportunidades\/"]}]},{"@type":"ImageObject","inLanguage":"pt-BR","@id":"https:\/\/www.correiobraziliense.com.br\/cbradar\/essa-cidade-do-litoral-tem-qualidade-de-vida-e-oportunidades\/#primaryimage","url":"https:\/\/www.correiobraziliense.com.br\/cbradar\/wp-content\/uploads\/2025\/06\/Camacari.png","contentUrl":"https:\/\/www.correiobraziliense.com.br\/cbradar\/wp-content\/uploads\/2025\/06\/Camacari.png","width":1280,"height":720,"caption":"Cama\u00e7ari. Fonte: Gilclei, Copyrighted free use, via Wikimedia Commons"},{"@type":"BreadcrumbList","@id":"https:\/\/www.correiobraziliense.com.br\/cbradar\/essa-cidade-do-litoral-tem-qualidade-de-vida-e-oportunidades\/#breadcrumb","itemListElement":[{"@type":"ListItem","position":1,"name":"In\u00edcio","item":"https:\/\/www.correiobraziliense.com.br\/cbradar\/"},{"@type":"ListItem","position":2,"name":"Essa cidade do litoral tem qualidade de vida e oportunidades"}]},{"@type":"WebSite","@id":"https:\/\/www.correiobraziliense.com.br\/cbradar\/#website","url":"https:\/\/www.correiobraziliense.com.br\/cbradar\/","name":"Correio Braziliense - Radar","description":"Acompanhe as \u00faltimas not\u00edcias e fique bem informado sobre tudo o que acontece no Brasil e no mundo.","potentialAction":[{"@type":"SearchAction","target":{"@type":"EntryPoint","urlTemplate":"https:\/\/www.correiobraziliense.com.br\/cbradar\/?s={search_term_string}"},"query-input":{"@type":"PropertyValueSpecification","valueRequired":true,"valueName":"search_term_string"}}],"inLanguage":"pt-BR"},{"@type":"Person","@id":"https:\/\/www.correiobraziliense.com.br\/cbradar\/#\/schema\/person\/58422787644df994b53a19d3e56c1513","name":"Larissa Carvalho","image":{"@type":"ImageObject","inLanguage":"pt-BR","@id":"https:\/\/www.correiobraziliense.com.br\/cbradar\/#\/schema\/person\/image\/","url":"https:\/\/secure.gravatar.com\/avatar\/fe4f91a0de32b52a838d0d612abdc1aa?s=96&d=mm&r=g","contentUrl":"https:\/\/secure.gravatar.com\/avatar\/fe4f91a0de32b52a838d0d612abdc1aa?s=96&d=mm&r=g","caption":"Larissa Carvalho"},"url":"https:\/\/www.correiobraziliense.com.br\/cbradar\/author\/larissamyth\/"}]}},"_links":{"self":[{"href":"https:\/\/www.correiobraziliense.com.br\/cbradar\/wp-json\/wp\/v2\/posts\/47565","targetHints":{"allow":["GET"]}}],"collection":[{"href":"https:\/\/www.correiobraziliense.com.br\/cbradar\/wp-json\/wp\/v2\/posts"}],"about":[{"href":"https:\/\/www.correiobraziliense.com.br\/cbradar\/wp-json\/wp\/v2\/types\/post"}],"author":[{"embeddable":true,"href":"https:\/\/www.correiobraziliense.com.br\/cbradar\/wp-json\/wp\/v2\/users\/3"}],"replies":[{"embeddable":true,"href":"https:\/\/www.correiobraziliense.com.br\/cbradar\/wp-json\/wp\/v2\/comments?post=47565"}],"version-history":[{"count":1,"href":"https:\/\/www.correiobraziliense.com.br\/cbradar\/wp-json\/wp\/v2\/posts\/47565\/revisions"}],"predecessor-version":[{"id":47569,"href":"https:\/\/www.correiobraziliense.com.br\/cbradar\/wp-json\/wp\/v2\/posts\/47565\/revisions\/47569"}],"wp:featuredmedia":[{"embeddable":true,"href":"https:\/\/www.correiobraziliense.com.br\/cbradar\/wp-json\/wp\/v2\/media\/47568"}],"wp:attachment":[{"href":"https:\/\/www.correiobraziliense.com.br\/cbradar\/wp-json\/wp\/v2\/media?parent=47565"}],"wp:term":[{"taxonomy":"category","embeddable":true,"href":"https:\/\/www.correiobraziliense.com.br\/cbradar\/wp-json\/wp\/v2\/categories?post=47565"},{"taxonomy":"post_tag","embeddable":true,"href":"https:\/\/www.correiobraziliense.com.br\/cbradar\/wp-json\/wp\/v2\/tags?post=47565"}],"curies":[{"name":"wp","href":"https:\/\/api.w.org\/{rel}","templated":true}]}}