{"id":47670,"date":"2025-06-05T08:43:00","date_gmt":"2025-06-05T11:43:00","guid":{"rendered":"https:\/\/www.correiobraziliense.com.br\/cbradar\/?p=47670"},"modified":"2025-06-03T17:50:00","modified_gmt":"2025-06-03T20:50:00","slug":"quando-o-vermifugo-e-realmente-necessario-veja-o-que-diz-a-medicina","status":"publish","type":"post","link":"https:\/\/www.correiobraziliense.com.br\/cbradar\/quando-o-vermifugo-e-realmente-necessario-veja-o-que-diz-a-medicina\/","title":{"rendered":"Quando o Verm\u00edfugo \u00e9 realmente necess\u00e1rio? Veja o que diz a medicina"},"content":{"rendered":"\n<p>H\u00e1 algumas d\u00e9cadas, era comum administrar rem\u00e9dios contra vermes regularmente em crian\u00e7as, com o objetivo de proteg\u00ea-las de parasitas. Essa pr\u00e1tica criou a cren\u00e7a de que o uso peri\u00f3dico de <strong>Verm\u00edfugos <\/strong>\u00e9 necess\u00e1rio para manter a <a href=\"https:\/\/www.correiobraziliense.com.br\/cbradar\/como-aliviar-hemorroidas-em-casa-de-forma-definitiva\/\" target=\"_blank\" rel=\"noreferrer noopener\">sa\u00fade<\/a>. No entanto, essa abordagem n\u00e3o \u00e9 mais recomendada e pode trazer riscos \u00e0 sa\u00fade.<\/p>\n\n\n\n<p>O uso indiscriminado de Verm\u00edfugos , sem orienta\u00e7\u00e3o m\u00e9dica, pode resultar em efeitos colaterais indesejados e prejudicar o equil\u00edbrio da microbiota intestinal. Este artigo explora as raz\u00f5es pelas quais o uso de Verm\u00edfugos deve ser feito com cautela e sob prescri\u00e7\u00e3o m\u00e9dica.<\/p>\n\n\n\n<h2 class=\"wp-block-heading\">Por que o uso de Verm\u00edfugos n\u00e3o \u00e9 mais necess\u00e1rio?<\/h2>\n\n\n\n<p>No passado, a administra\u00e7\u00e3o de Verm\u00edfugos era justificada pela falta de saneamento b\u00e1sico adequado, que aumentava o risco de contamina\u00e7\u00e3o por parasitas. Em \u00e1reas urbanas, onde o saneamento \u00e9 eficiente, o risco de infec\u00e7\u00e3o por vermes \u00e9 significativamente reduzido. Portanto, o uso regular de Verm\u00edfugos sem prescri\u00e7\u00e3o n\u00e3o \u00e9 mais necess\u00e1rio.<\/p>\n\n\n\n<p>Al\u00e9m disso, a cren\u00e7a de que o uso de Verm\u00edfugos pode &#8220;limpar o corpo de impurezas&#8221; n\u00e3o tem base cient\u00edfica. A pr\u00e1tica de ingerir esses medicamentos sem necessidade pode ser prejudicial \u00e0 sa\u00fade, especialmente quando n\u00e3o h\u00e1 evid\u00eancias de infec\u00e7\u00e3o por parasitas.<\/p>\n\n\n\n<h2 class=\"wp-block-heading\">Quais s\u00e3o os riscos do uso indiscriminado de Verm\u00edfugos?<\/h2>\n\n\n\n<p>O uso de Verm\u00edfugos sem indica\u00e7\u00e3o m\u00e9dica pode expor o indiv\u00edduo a efeitos colaterais, como desconforto g\u00e1strico, n\u00e1useas, tontura e sonol\u00eancia. Al\u00e9m disso, esses medicamentos podem alterar a microbiota intestinal, que desempenha um papel crucial na regula\u00e7\u00e3o do sistema imunol\u00f3gico e na absor\u00e7\u00e3o de nutrientes.<\/p>\n\n\n\n<p>Estudos associam o desequil\u00edbrio da microbiota a problemas de sa\u00fade, como dist\u00farbios intestinais, obesidade, depress\u00e3o e at\u00e9 doen\u00e7as card\u00edacas e c\u00e2ncer. Portanto, \u00e9 essencial que o uso de Verm\u00edfugos seja restrito a casos em que h\u00e1 indica\u00e7\u00e3o m\u00e9dica clara.<\/p>\n\n\n\n<h2 class=\"wp-block-heading\">Quem realmente precisa de tratamento regular com Verm\u00edfugos?<\/h2>\n\n\n\n<p>De acordo com a <a href=\"https:\/\/www.paho.org\/pt\/brasil\" target=\"_blank\" rel=\"noreferrer noopener\">Organiza\u00e7\u00e3o Mundial da Sa\u00fade (OMS)<\/a>, o tratamento preventivo com Verm\u00edfugos \u00e9 recomendado em \u00e1reas end\u00eamicas, onde a preval\u00eancia de infec\u00e7\u00f5es por helmintos \u00e9 alta. Nessas regi\u00f5es, o tratamento regular pode melhorar a sa\u00fade e o desenvolvimento cognitivo de crian\u00e7as em idade escolar e pr\u00e9-escolar.<\/p>\n\n\n<div class=\"wp-block-image\">\n<figure class=\"aligncenter size-large\"><img decoding=\"async\" width=\"1024\" height=\"576\" src=\"https:\/\/www.correiobraziliense.com.br\/cbradar\/wp-content\/uploads\/2025\/06\/Vermifugos-_1748980331903-1024x576.jpg\" alt=\"\" class=\"wp-image-47672\" srcset=\"https:\/\/www.correiobraziliense.com.br\/cbradar\/wp-content\/uploads\/2025\/06\/Vermifugos-_1748980331903-1024x576.jpg 1024w, https:\/\/www.correiobraziliense.com.br\/cbradar\/wp-content\/uploads\/2025\/06\/Vermifugos-_1748980331903-300x169.jpg 300w, https:\/\/www.correiobraziliense.com.br\/cbradar\/wp-content\/uploads\/2025\/06\/Vermifugos-_1748980331903-768x432.jpg 768w, https:\/\/www.correiobraziliense.com.br\/cbradar\/wp-content\/uploads\/2025\/06\/Vermifugos-_1748980331903-750x422.jpg 750w, https:\/\/www.correiobraziliense.com.br\/cbradar\/wp-content\/uploads\/2025\/06\/Vermifugos-_1748980331903-1140x641.jpg 1140w, https:\/\/www.correiobraziliense.com.br\/cbradar\/wp-content\/uploads\/2025\/06\/Vermifugos-_1748980331903.jpg 1280w\" sizes=\"(max-width: 1024px) 100vw, 1024px\" \/><figcaption class=\"wp-element-caption\">Verm\u00edfugos -Cr\u00e9ditos: depositphotos.com \/ sidneydealmeida<\/figcaption><\/figure><\/div>\n\n\n<p>Em \u00e1reas com mais de 20% de preval\u00eancia de helmintos, o tratamento \u00e9 recomendado uma vez por ano. Em regi\u00f5es com mais de 50% de preval\u00eancia, o tratamento deve ser realizado duas vezes ao ano. Isso ajuda a prevenir desnutri\u00e7\u00e3o e anemia por defici\u00eancia de ferro, al\u00e9m de melhorar o crescimento e a frequ\u00eancia escolar das crian\u00e7as.<\/p>\n\n\n\n<h2 class=\"wp-block-heading\">O que fazer se houver suspeita de verminose?<\/h2>\n\n\n\n<p>Se houver suspeita de verminose, como diarreia, dor abdominal, cansa\u00e7o constante ou presen\u00e7a de pontos brancos nas fezes, \u00e9 fundamental procurar orienta\u00e7\u00e3o m\u00e9dica. O diagn\u00f3stico adequado e o tratamento prescrito por um profissional de sa\u00fade s\u00e3o essenciais para garantir a efic\u00e1cia e a seguran\u00e7a do tratamento.<\/p>\n\n\n\n<p>Em caso de d\u00favidas ou sintomas persistentes, a consulta m\u00e9dica \u00e9 o melhor caminho para esclarecer a situa\u00e7\u00e3o e evitar o uso desnecess\u00e1rio de medicamentos.<\/p>\n\n\n\n<p>Portanto, \u00e9 importante que a popula\u00e7\u00e3o esteja ciente dos riscos associados ao uso desnecess\u00e1rio de Verm\u00edfugos e busque sempre orienta\u00e7\u00e3o profissional antes de iniciar qualquer tratamento.<\/p>\n\n\n<a href=\"https:\/\/www.instagram.com\/dra.annaluisabf\/\" target=\"_blank\" rel=\"noopener\" style=\"text-decoration: none; color: inherit;\">\n    <span style=\"display: inline-block; border: 1px solid #ccc; border-radius: 10px; padding: 15px; max-width: 550px; font-family: sans-serif; box-shadow: 0 2px 5px rgba(0,0,0,0.1); width: 100%;\">\n\n      <!-- T\u00edtulo -->\n      <span style=\"display: block; margin: 0 0 15px 0; font-weight: bold; color: #2c3e50; text-align: center;\">\n        Entre em contato:\n      <\/span>\n\n      <!-- Linha do perfil -->\n      <span style=\"display: flex; align-items: center; gap: 15px;\">\n        <img decoding=\"async\"\n          src=\"https:\/\/www.correiobraziliense.com.br\/cbradar\/wp-content\/uploads\/2025\/08\/dra_anna_luisa.jpeg\"\n          alt=\"Foto da Dra. Anna Lu\u00edsa\"\n          style=\"border-radius: 50%; width: 80px; height: 80px; object-fit: cover;\"\n        \/>\n        <span style=\"display: flex; flex-direction: column;\">\n          <span style=\"font-size: 18px; font-weight: 700; color: #2c3e50;\">Dra. Anna Lu\u00edsa Barbosa Fernandes<\/span>\n          <span style=\"color: #555;\">CRM-GO 33.271<\/span>\n        <\/span>\n      <\/span>\n\n      <!-- Redes -->\n      <span style=\"display: flex; align-items: center; gap: 10px; margin-top: 12px;\">\n        <img decoding=\"async\" src=\"https:\/\/cdn-icons-png.flaticon.com\/24\/1384\/1384063.png\" alt=\"Instagram\" width=\"24\" height=\"24\" \/>\n        <span style=\"text-decoration: underline; color: #2c3e50;\">@dra.annaluisabf<\/span>\n      <\/span>\n\n    <\/span>\n  <\/a>","protected":false},"excerpt":{"rendered":"<p>H\u00e1 algumas d\u00e9cadas, era comum administrar rem\u00e9dios contra vermes regularmente em crian\u00e7as, com o objetivo de proteg\u00ea-las de parasitas. Essa pr\u00e1tica criou a cren\u00e7a de que o uso peri\u00f3dico de Verm\u00edfugos \u00e9 necess\u00e1rio para manter a sa\u00fade. No entanto, essa abordagem n\u00e3o \u00e9 mais recomendada e pode trazer riscos \u00e0 sa\u00fade. O uso indiscriminado de [&hellip;]<\/p>\n","protected":false},"author":14,"featured_media":47671,"comment_status":"open","ping_status":"open","sticky":false,"template":"","format":"standard","meta":{"_yoast_wpseo_focuskw":"Verm\u00edfugos","_yoast_wpseo_title":"","_yoast_wpseo_metadesc":"O uso de verm\u00edfugos frequente n\u00e3o \u00e9 mais recomendado. Descubra os riscos e os crit\u00e9rios da OMS para o tratamento em \u00e1reas end\u00eamicas.","jnews-multi-image_gallery":[],"jnews_single_post":{"format":"standard"},"jnews_primary_category":[],"jnews_social_meta":[],"jnews_override_counter":[],"footnotes":""},"categories":[4404],"tags":[5894,565,5893],"class_list":["post-47670","post","type-post","status-publish","format-standard","has-post-thumbnail","hentry","category-saude","tag-parasitas-intestinais","tag-saude","tag-vermifugos"],"yoast_head":"<!-- This site is optimized with the Yoast SEO plugin v24.6 - https:\/\/yoast.com\/wordpress\/plugins\/seo\/ -->\n<title>Quando o Verm\u00edfugo \u00e9 realmente necess\u00e1rio? Veja o que diz a medicina - Correio Braziliense - Radar<\/title>\n<meta name=\"description\" content=\"O uso de verm\u00edfugos frequente n\u00e3o \u00e9 mais recomendado. Descubra os riscos e os crit\u00e9rios da OMS para o tratamento em \u00e1reas end\u00eamicas.\" \/>\n<meta name=\"robots\" content=\"index, follow, max-snippet:-1, max-image-preview:large, max-video-preview:-1\" \/>\n<link rel=\"canonical\" href=\"https:\/\/www.correiobraziliense.com.br\/cbradar\/quando-o-vermifugo-e-realmente-necessario-veja-o-que-diz-a-medicina\/\" \/>\n<meta property=\"og:locale\" content=\"pt_BR\" \/>\n<meta property=\"og:type\" content=\"article\" \/>\n<meta property=\"og:title\" content=\"Quando o Verm\u00edfugo \u00e9 realmente necess\u00e1rio? Veja o que diz a medicina - Correio Braziliense - Radar\" \/>\n<meta property=\"og:description\" content=\"O uso de verm\u00edfugos frequente n\u00e3o \u00e9 mais recomendado. Descubra os riscos e os crit\u00e9rios da OMS para o tratamento em \u00e1reas end\u00eamicas.\" \/>\n<meta property=\"og:url\" content=\"https:\/\/www.correiobraziliense.com.br\/cbradar\/quando-o-vermifugo-e-realmente-necessario-veja-o-que-diz-a-medicina\/\" \/>\n<meta property=\"og:site_name\" content=\"Correio Braziliense - Radar\" \/>\n<meta property=\"article:published_time\" content=\"2025-06-05T11:43:00+00:00\" \/>\n<meta property=\"og:image\" content=\"https:\/\/www.correiobraziliense.com.br\/cbradar\/wp-content\/uploads\/2025\/06\/Vermifugos-_1748980295900.jpg\" \/>\n\t<meta property=\"og:image:width\" content=\"1280\" \/>\n\t<meta property=\"og:image:height\" content=\"720\" \/>\n\t<meta property=\"og:image:type\" content=\"image\/jpeg\" \/>\n<meta name=\"author\" content=\"guilherme_saude\" \/>\n<meta name=\"twitter:card\" content=\"summary_large_image\" \/>\n<meta name=\"twitter:label1\" content=\"Escrito por\" \/>\n\t<meta name=\"twitter:data1\" content=\"guilherme_saude\" \/>\n\t<meta name=\"twitter:label2\" content=\"Est. tempo de leitura\" \/>\n\t<meta name=\"twitter:data2\" content=\"4 minutos\" \/>\n<!-- \/ Yoast SEO plugin. -->","yoast_head_json":{"title":"Quando o Verm\u00edfugo \u00e9 realmente necess\u00e1rio? Veja o que diz a medicina - Correio Braziliense - Radar","description":"O uso de verm\u00edfugos frequente n\u00e3o \u00e9 mais recomendado. Descubra os riscos e os crit\u00e9rios da OMS para o tratamento em \u00e1reas end\u00eamicas.","robots":{"index":"index","follow":"follow","max-snippet":"max-snippet:-1","max-image-preview":"max-image-preview:large","max-video-preview":"max-video-preview:-1"},"canonical":"https:\/\/www.correiobraziliense.com.br\/cbradar\/quando-o-vermifugo-e-realmente-necessario-veja-o-que-diz-a-medicina\/","og_locale":"pt_BR","og_type":"article","og_title":"Quando o Verm\u00edfugo \u00e9 realmente necess\u00e1rio? Veja o que diz a medicina - Correio Braziliense - Radar","og_description":"O uso de verm\u00edfugos frequente n\u00e3o \u00e9 mais recomendado. Descubra os riscos e os crit\u00e9rios da OMS para o tratamento em \u00e1reas end\u00eamicas.","og_url":"https:\/\/www.correiobraziliense.com.br\/cbradar\/quando-o-vermifugo-e-realmente-necessario-veja-o-que-diz-a-medicina\/","og_site_name":"Correio Braziliense - Radar","article_published_time":"2025-06-05T11:43:00+00:00","og_image":[{"width":1280,"height":720,"url":"https:\/\/www.correiobraziliense.com.br\/cbradar\/wp-content\/uploads\/2025\/06\/Vermifugos-_1748980295900.jpg","type":"image\/jpeg"}],"author":"guilherme_saude","twitter_card":"summary_large_image","twitter_misc":{"Escrito por":"guilherme_saude","Est. tempo de leitura":"4 minutos"},"schema":{"@context":"https:\/\/schema.org","@graph":[{"@type":"WebPage","@id":"https:\/\/www.correiobraziliense.com.br\/cbradar\/quando-o-vermifugo-e-realmente-necessario-veja-o-que-diz-a-medicina\/","url":"https:\/\/www.correiobraziliense.com.br\/cbradar\/quando-o-vermifugo-e-realmente-necessario-veja-o-que-diz-a-medicina\/","name":"Quando o Verm\u00edfugo \u00e9 realmente necess\u00e1rio? Veja o que diz a medicina - Correio Braziliense - Radar","isPartOf":{"@id":"https:\/\/www.correiobraziliense.com.br\/cbradar\/#website"},"primaryImageOfPage":{"@id":"https:\/\/www.correiobraziliense.com.br\/cbradar\/quando-o-vermifugo-e-realmente-necessario-veja-o-que-diz-a-medicina\/#primaryimage"},"image":{"@id":"https:\/\/www.correiobraziliense.com.br\/cbradar\/quando-o-vermifugo-e-realmente-necessario-veja-o-que-diz-a-medicina\/#primaryimage"},"thumbnailUrl":"https:\/\/www.correiobraziliense.com.br\/cbradar\/wp-content\/uploads\/2025\/06\/Vermifugos-_1748980295900.jpg","datePublished":"2025-06-05T11:43:00+00:00","author":{"@id":"https:\/\/www.correiobraziliense.com.br\/cbradar\/#\/schema\/person\/5aa4bf3c8fa699c267933611de12978b"},"description":"O uso de verm\u00edfugos frequente n\u00e3o \u00e9 mais recomendado. Descubra os riscos e os crit\u00e9rios da OMS para o tratamento em \u00e1reas end\u00eamicas.","breadcrumb":{"@id":"https:\/\/www.correiobraziliense.com.br\/cbradar\/quando-o-vermifugo-e-realmente-necessario-veja-o-que-diz-a-medicina\/#breadcrumb"},"inLanguage":"pt-BR","potentialAction":[{"@type":"ReadAction","target":["https:\/\/www.correiobraziliense.com.br\/cbradar\/quando-o-vermifugo-e-realmente-necessario-veja-o-que-diz-a-medicina\/"]}]},{"@type":"ImageObject","inLanguage":"pt-BR","@id":"https:\/\/www.correiobraziliense.com.br\/cbradar\/quando-o-vermifugo-e-realmente-necessario-veja-o-que-diz-a-medicina\/#primaryimage","url":"https:\/\/www.correiobraziliense.com.br\/cbradar\/wp-content\/uploads\/2025\/06\/Vermifugos-_1748980295900.jpg","contentUrl":"https:\/\/www.correiobraziliense.com.br\/cbradar\/wp-content\/uploads\/2025\/06\/Vermifugos-_1748980295900.jpg","width":1280,"height":720,"caption":"Verm\u00edfugo - Cr\u00e9ditos: depositphotos.com \/ sidneydealmeida"},{"@type":"BreadcrumbList","@id":"https:\/\/www.correiobraziliense.com.br\/cbradar\/quando-o-vermifugo-e-realmente-necessario-veja-o-que-diz-a-medicina\/#breadcrumb","itemListElement":[{"@type":"ListItem","position":1,"name":"In\u00edcio","item":"https:\/\/www.correiobraziliense.com.br\/cbradar\/"},{"@type":"ListItem","position":2,"name":"Quando o Verm\u00edfugo \u00e9 realmente necess\u00e1rio? Veja o que diz a medicina"}]},{"@type":"WebSite","@id":"https:\/\/www.correiobraziliense.com.br\/cbradar\/#website","url":"https:\/\/www.correiobraziliense.com.br\/cbradar\/","name":"Correio Braziliense - Radar","description":"Acompanhe as \u00faltimas not\u00edcias e fique bem informado sobre tudo o que acontece no Brasil e no mundo.","potentialAction":[{"@type":"SearchAction","target":{"@type":"EntryPoint","urlTemplate":"https:\/\/www.correiobraziliense.com.br\/cbradar\/?s={search_term_string}"},"query-input":{"@type":"PropertyValueSpecification","valueRequired":true,"valueName":"search_term_string"}}],"inLanguage":"pt-BR"},{"@type":"Person","@id":"https:\/\/www.correiobraziliense.com.br\/cbradar\/#\/schema\/person\/5aa4bf3c8fa699c267933611de12978b","name":"guilherme_saude","image":{"@type":"ImageObject","inLanguage":"pt-BR","@id":"https:\/\/www.correiobraziliense.com.br\/cbradar\/#\/schema\/person\/image\/","url":"https:\/\/secure.gravatar.com\/avatar\/df9adfb835d344bc0af109d41756253f?s=96&d=mm&r=g","contentUrl":"https:\/\/secure.gravatar.com\/avatar\/df9adfb835d344bc0af109d41756253f?s=96&d=mm&r=g","caption":"guilherme_saude"},"url":"https:\/\/www.correiobraziliense.com.br\/cbradar\/author\/guilherme_saude\/"}]}},"_links":{"self":[{"href":"https:\/\/www.correiobraziliense.com.br\/cbradar\/wp-json\/wp\/v2\/posts\/47670","targetHints":{"allow":["GET"]}}],"collection":[{"href":"https:\/\/www.correiobraziliense.com.br\/cbradar\/wp-json\/wp\/v2\/posts"}],"about":[{"href":"https:\/\/www.correiobraziliense.com.br\/cbradar\/wp-json\/wp\/v2\/types\/post"}],"author":[{"embeddable":true,"href":"https:\/\/www.correiobraziliense.com.br\/cbradar\/wp-json\/wp\/v2\/users\/14"}],"replies":[{"embeddable":true,"href":"https:\/\/www.correiobraziliense.com.br\/cbradar\/wp-json\/wp\/v2\/comments?post=47670"}],"version-history":[{"count":1,"href":"https:\/\/www.correiobraziliense.com.br\/cbradar\/wp-json\/wp\/v2\/posts\/47670\/revisions"}],"predecessor-version":[{"id":47674,"href":"https:\/\/www.correiobraziliense.com.br\/cbradar\/wp-json\/wp\/v2\/posts\/47670\/revisions\/47674"}],"wp:featuredmedia":[{"embeddable":true,"href":"https:\/\/www.correiobraziliense.com.br\/cbradar\/wp-json\/wp\/v2\/media\/47671"}],"wp:attachment":[{"href":"https:\/\/www.correiobraziliense.com.br\/cbradar\/wp-json\/wp\/v2\/media?parent=47670"}],"wp:term":[{"taxonomy":"category","embeddable":true,"href":"https:\/\/www.correiobraziliense.com.br\/cbradar\/wp-json\/wp\/v2\/categories?post=47670"},{"taxonomy":"post_tag","embeddable":true,"href":"https:\/\/www.correiobraziliense.com.br\/cbradar\/wp-json\/wp\/v2\/tags?post=47670"}],"curies":[{"name":"wp","href":"https:\/\/api.w.org\/{rel}","templated":true}]}}