{"id":47771,"date":"2025-06-05T13:23:00","date_gmt":"2025-06-05T16:23:00","guid":{"rendered":"https:\/\/www.correiobraziliense.com.br\/cbradar\/?p=47771"},"modified":"2025-06-04T01:12:07","modified_gmt":"2025-06-04T04:12:07","slug":"esta-pratica-simples-tem-mudado-vidas-na-terceira-idade","status":"publish","type":"post","link":"https:\/\/www.correiobraziliense.com.br\/cbradar\/esta-pratica-simples-tem-mudado-vidas-na-terceira-idade\/","title":{"rendered":"Esta pr\u00e1tica simples tem mudado vidas na terceira idade"},"content":{"rendered":"\n<p>A <strong>terceira idade<\/strong> \u00e9 uma fase da vida que, embora possa trazer sabedoria e <a href=\"https:\/\/www.correiobraziliense.com.br\/cbradar\/essa-pratica-virou-rotina-entre-quem-quer-vencer-a-ansiedade-sem-remedio\/\" target=\"_blank\" rel=\"noreferrer noopener\">experi\u00eancias<\/a>, tamb\u00e9m apresenta desafios como a perda de autonomia, o isolamento social e, por vezes, o decl\u00ednio cognitivo. Manter a mente ativa e o esp\u00edrito engajado \u00e9 crucial para preservar a qualidade de vida e o bem-estar. \u00c9 nesse cen\u00e1rio que a <a href=\"https:\/\/pt.wikipedia.org\/wiki\/Arteterapia\" target=\"_blank\" rel=\"noreferrer noopener\"><strong>arteterapia<\/strong> <\/a>surge como um recurso valioso e multifacetado, oferecendo uma abordagem n\u00e3o farmacol\u00f3gica para estimular a <strong>criatividade<\/strong> e promover o <strong>bem-estar cognitivo<\/strong> em idosos.<\/p>\n\n\n\n<p>A arteterapia vai al\u00e9m da simples cria\u00e7\u00e3o de obras de arte; ela utiliza o processo criativo como uma ferramenta terap\u00eautica para explorar emo\u00e7\u00f5es, reduzir o estresse, melhorar a comunica\u00e7\u00e3o e desenvolver habilidades. Ela n\u00e3o exige talentos art\u00edsticos pr\u00e9vios, tornando-a acess\u00edvel a todos, independentemente de suas capacidades. A \u00eanfase est\u00e1 na experi\u00eancia do fazer e no processo de express\u00e3o, e n\u00e3o no resultado final. Compreender o potencial transformador da arteterapia \u00e9 o primeiro passo para integrar essa pr\u00e1tica rica e significativa na vida dos idosos, proporcionando um caminho para a vitalidade mental e emocional.<\/p>\n\n\n\n<h2 class=\"wp-block-heading\">Como a arteterapia estimula a criatividade e a express\u00e3o emocional?<\/h2>\n\n\n<div class=\"wp-block-image\">\n<figure class=\"aligncenter size-large\"><img decoding=\"async\" width=\"1024\" height=\"576\" src=\"https:\/\/www.correiobraziliense.com.br\/cbradar\/wp-content\/uploads\/2025\/06\/idoso-arte_1749006915970-1024x576.jpg\" alt=\"Esta pr\u00e1tica simples tem mudado vidas na terceira idade\" class=\"wp-image-47815\" srcset=\"https:\/\/www.correiobraziliense.com.br\/cbradar\/wp-content\/uploads\/2025\/06\/idoso-arte_1749006915970-1024x576.jpg 1024w, https:\/\/www.correiobraziliense.com.br\/cbradar\/wp-content\/uploads\/2025\/06\/idoso-arte_1749006915970-300x169.jpg 300w, https:\/\/www.correiobraziliense.com.br\/cbradar\/wp-content\/uploads\/2025\/06\/idoso-arte_1749006915970-768x432.jpg 768w, https:\/\/www.correiobraziliense.com.br\/cbradar\/wp-content\/uploads\/2025\/06\/idoso-arte_1749006915970-750x422.jpg 750w, https:\/\/www.correiobraziliense.com.br\/cbradar\/wp-content\/uploads\/2025\/06\/idoso-arte_1749006915970-1140x641.jpg 1140w, https:\/\/www.correiobraziliense.com.br\/cbradar\/wp-content\/uploads\/2025\/06\/idoso-arte_1749006915970.jpg 1280w\" sizes=\"(max-width: 1024px) 100vw, 1024px\" \/><figcaption class=\"wp-element-caption\">Idosos &#8211; Cr\u00e9ditos: depositphotos.com \/ ArturVerkhovetskiy<\/figcaption><\/figure><\/div>\n\n\n<p>A <strong>arteterapia<\/strong> \u00e9 inerentemente uma pr\u00e1tica que nutre a <strong>criatividade<\/strong> e facilita a <strong>express\u00e3o emocional<\/strong>, aspectos que muitas vezes podem ser suprimidos ou negligenciados na terceira idade.<\/p>\n\n\n\n<ul class=\"wp-block-list\">\n<li><strong>Libera\u00e7\u00e3o de emo\u00e7\u00f5es<\/strong>: Atrav\u00e9s das cores, formas e texturas, os idosos encontram um canal seguro e n\u00e3o verbal para expressar sentimentos complexos, como tristeza, luto, alegria ou frustra\u00e7\u00e3o, que podem ser dif\u00edceis de verbalizar. A cria\u00e7\u00e3o art\u00edstica atua como uma linguagem para o mundo interior.<\/li>\n\n\n\n<li><strong>Est\u00edmulo \u00e0 imagina\u00e7\u00e3o<\/strong>: A arteterapia convida \u00e0 explora\u00e7\u00e3o de novas ideias e possibilidades, tirando a mente da rotina e ativando a imagina\u00e7\u00e3o. Isso pode reacender paix\u00f5es e descobertas.<\/li>\n\n\n\n<li><strong>Redu\u00e7\u00e3o da inibi\u00e7\u00e3o<\/strong>: Muitas vezes, a experi\u00eancia art\u00edstica na inf\u00e2ncia ou juventude foi associada a julgamentos de &#8220;certo ou errado&#8221;. A arteterapia para idosos enfatiza o processo, n\u00e3o o produto, removendo a press\u00e3o por perfei\u00e7\u00e3o e encorajando a livre express\u00e3o.<\/li>\n\n\n\n<li><strong>Desenvolvimento de novas perspectivas<\/strong>: O ato de criar pode oferecer novas formas de ver um problema ou situa\u00e7\u00e3o, promovendo a resili\u00eancia e a capacidade de adapta\u00e7\u00e3o.<\/li>\n<\/ul>\n\n\n\n<p>Essa liberdade de express\u00e3o criativa contribui significativamente para o bem-estar emocional, oferecendo um senso de prop\u00f3sito e realiza\u00e7\u00e3o.<\/p>\n\n\n\n<h2 class=\"wp-block-heading\">Quais os benef\u00edcios da arteterapia para o bem-estar cognitivo?<\/h2>\n\n\n\n<p>A <strong>arteterapia<\/strong> \u00e9 uma ferramenta poderosa para o <strong>bem-estar cognitivo<\/strong> na <strong>terceira idade<\/strong>, atuando como um &#8220;treino cerebral&#8221; que estimula diversas fun\u00e7\u00f5es.<\/p>\n\n\n\n<ul class=\"wp-block-list\">\n<li><strong>Estimula\u00e7\u00e3o da mem\u00f3ria<\/strong>: Ao envolver-se em atividades art\u00edsticas, os idosos podem reviver mem\u00f3rias, sejam elas visuais, t\u00e1teis ou emocionais, associadas a cores, objetos ou t\u00e9cnicas. Isso exercita a <strong>mem\u00f3ria<\/strong> de longo prazo e a mem\u00f3ria de trabalho.<\/li>\n\n\n\n<li><strong>Melhora da concentra\u00e7\u00e3o e aten\u00e7\u00e3o<\/strong>: A cria\u00e7\u00e3o art\u00edstica exige foco e aten\u00e7\u00e3o aos detalhes, ajudando a aprimorar essas habilidades cognitivas.<\/li>\n\n\n\n<li><strong>Desenvolvimento da coordena\u00e7\u00e3o motora fina<\/strong>: Atividades como pintar, desenhar, modelar argila ou tecer requerem precis\u00e3o nos movimentos das m\u00e3os e dedos, o que estimula a <strong>coordena\u00e7\u00e3o motora fina<\/strong> e a destreza. Isso \u00e9 crucial para manter a independ\u00eancia em tarefas di\u00e1rias.<\/li>\n\n\n\n<li><strong>Resolu\u00e7\u00e3o de problemas<\/strong>: O processo de cria\u00e7\u00e3o art\u00edstica muitas vezes envolve desafios (como combinar cores, arranjar elementos, resolver um espa\u00e7o na tela), que estimulam o pensamento cr\u00edtico e as habilidades de resolu\u00e7\u00e3o de problemas.<\/li>\n\n\n\n<li><strong>Estimula\u00e7\u00e3o sensorial<\/strong>: A manipula\u00e7\u00e3o de diferentes materiais (argila, tintas, tecidos) ativa m\u00faltiplos sentidos, o que \u00e9 ben\u00e9fico para a percep\u00e7\u00e3o sensorial e a cogni\u00e7\u00e3o.<\/li>\n\n\n\n<li><strong>Comunica\u00e7\u00e3o n\u00e3o verbal<\/strong>: Para idosos com dificuldades de comunica\u00e7\u00e3o verbal (devido a AVC, dem\u00eancia leve, etc.), a arte oferece uma via alternativa e expressiva.<\/li>\n<\/ul>\n\n\n\n<p>A combina\u00e7\u00e3o desses est\u00edmulos cognitivos ajuda a preservar as fun\u00e7\u00f5es cerebrais e a retardar o decl\u00ednio cognitivo associado ao envelhecimento.<\/p>\n\n\n\n<h2 class=\"wp-block-heading\">Que tipos de atividades arteterap\u00eauticas s\u00e3o indicadas para idosos?<\/h2>\n\n\n\n<p>A diversidade de atividades na <strong>arteterapia<\/strong> permite que cada idoso encontre uma forma de express\u00e3o que ressoe com seus interesses e habilidades. N\u00e3o h\u00e1 &#8220;certo ou errado&#8221;; o importante \u00e9 a participa\u00e7\u00e3o.<\/p>\n\n\n\n<ul class=\"wp-block-list\">\n<li><strong>Pintura e desenho<\/strong>:\n<ul class=\"wp-block-list\">\n<li>T\u00e9cnicas com tinta (aquarela, guache, acr\u00edlica), l\u00e1pis de cor, giz de cera, carv\u00e3o.<\/li>\n\n\n\n<li>Estimulam a criatividade, a express\u00e3o de cores e formas, e a coordena\u00e7\u00e3o motora.<\/li>\n<\/ul>\n<\/li>\n\n\n\n<li><strong>Modelagem (argila, massa de modelar)<\/strong>:\n<ul class=\"wp-block-list\">\n<li>Permite a express\u00e3o tridimensional, estimula o tato e a coordena\u00e7\u00e3o motora fina.<\/li>\n\n\n\n<li>Pode ser terap\u00eautico para liberar tens\u00f5es e reviver mem\u00f3rias t\u00e1teis.<\/li>\n<\/ul>\n<\/li>\n\n\n\n<li><strong>Colagem<\/strong>:\n<ul class=\"wp-block-list\">\n<li>Utiliza\u00e7\u00e3o de recortes de revistas, fotos, tecidos para criar novas imagens.<\/li>\n\n\n\n<li>Estimula a criatividade, a composi\u00e7\u00e3o e a conta\u00e7\u00e3o de hist\u00f3rias visuais.<\/li>\n<\/ul>\n<\/li>\n\n\n\n<li><strong>Cria\u00e7\u00e3o de mandalas<\/strong>:\n<ul class=\"wp-block-list\">\n<li>Desenhar ou colorir mandalas (formas geom\u00e9tricas conc\u00eantricas) pode ser uma pr\u00e1tica meditativa e relaxante, que promove o foco.<\/li>\n<\/ul>\n<\/li>\n\n\n\n<li><strong>Artesanato com diferentes materiais<\/strong>:\n<ul class=\"wp-block-list\">\n<li>Tric\u00f4, croch\u00ea, bordado, <em>quilling<\/em> (t\u00e9cnica de enrolar papel), cria\u00e7\u00e3o de joias com mi\u00e7angas.<\/li>\n\n\n\n<li>Aprimoram a coordena\u00e7\u00e3o motora fina, a paci\u00eancia e a concentra\u00e7\u00e3o.<\/li>\n<\/ul>\n<\/li>\n\n\n\n<li><strong>M\u00fasica e dan\u00e7a (como complemento)<\/strong>:\n<ul class=\"wp-block-list\">\n<li>Embora a arteterapia seja focada nas artes visuais, a m\u00fasica (cantar, tocar instrumentos simples) e a dan\u00e7a (movimentos livres) s\u00e3o formas de express\u00e3o art\u00edstica que tamb\u00e9m podem ser integradas para promover o bem-estar e a cogni\u00e7\u00e3o.<\/li>\n<\/ul>\n<\/li>\n<\/ul>\n\n\n\n<p>A escolha da atividade deve considerar o n\u00edvel de mobilidade e interesse de cada idoso, garantindo uma experi\u00eancia prazerosa e inclusiva.<\/p>\n\n\n\n<h2 class=\"wp-block-heading\">Dicas para integrar a arteterapia na rotina de idosos e buscar apoio<\/h2>\n\n\n\n<p>Para integrar a <strong>arteterapia<\/strong> na rotina de <strong>idosos<\/strong> e maximizar seus benef\u00edcios, algumas dicas pr\u00e1ticas s\u00e3o importantes.<\/p>\n\n\n\n<ul class=\"wp-block-list\">\n<li><strong>Procure um arteterapeuta qualificado<\/strong>: Idealmente, a arteterapia deve ser conduzida por um profissional certificado, especialmente se houver quest\u00f5es emocionais ou cognitivas espec\u00edficas a serem trabalhadas.<\/li>\n\n\n\n<li><strong>Crie um espa\u00e7o convidativo<\/strong>: Tenha um local onde os materiais art\u00edsticos estejam acess\u00edveis e onde o idoso se sinta confort\u00e1vel para criar, sem julgamento.<\/li>\n\n\n\n<li><strong>Comece simples<\/strong>: N\u00e3o \u00e9 preciso comprar muitos materiais caros. Comece com l\u00e1pis de cor e papel, e observe o interesse.<\/li>\n\n\n\n<li><strong>Incentive, n\u00e3o critique<\/strong>: O foco \u00e9 o processo criativo e a express\u00e3o, n\u00e3o a perfei\u00e7\u00e3o t\u00e9cnica. Elogie o esfor\u00e7o e a dedica\u00e7\u00e3o.<\/li>\n\n\n\n<li><strong>Participe com o idoso<\/strong>: Se poss\u00edvel, envolva-se na atividade junto com ele. Isso fortalece o v\u00ednculo e pode ser inspirador.<\/li>\n\n\n\n<li><strong>Ofere\u00e7a variedade<\/strong>: Proponha diferentes tipos de materiais e atividades para manter o interesse e estimular diferentes habilidades.<\/li>\n\n\n\n<li><strong>Grupos de arteterapia<\/strong>: A participa\u00e7\u00e3o em grupos pode proporcionar um ambiente social e colaborativo, combatendo o isolamento.<\/li>\n\n\n\n<li><strong>Adapte conforme a necessidade<\/strong>: Para idosos com mobilidade limitada, adapte a posi\u00e7\u00e3o ou os materiais (ex: tintas mais f\u00e1ceis de manusear, suportes para as m\u00e3os).<\/li>\n\n\n\n<li><strong>Estimule a conversa\u00e7\u00e3o<\/strong>: Durante e ap\u00f3s a cria\u00e7\u00e3o, converse sobre o que o idoso sentiu, o que ele expressou, as cores que usou. Isso estimula a linguagem e a reflex\u00e3o.<\/li>\n<\/ul>\n\n\n\n<p>A <strong>arteterapia<\/strong> \u00e9 um caminho enriquecedor para a <strong>terceira idade<\/strong>, capaz de estimular a <strong>criatividade<\/strong>, aprimorar o <strong>bem-estar cognitivo<\/strong> e proporcionar uma vida com mais significado, alegria e conex\u00e3o. \u00c9 uma celebra\u00e7\u00e3o da capacidade humana de criar e se expressar em todas as fases da vida.<\/p>\n","protected":false},"excerpt":{"rendered":"<p>A terceira idade \u00e9 uma fase da vida que, embora possa trazer sabedoria e experi\u00eancias, tamb\u00e9m apresenta desafios como a perda de autonomia, o isolamento social e, por vezes, o decl\u00ednio cognitivo. Manter a mente ativa e o esp\u00edrito engajado \u00e9 crucial para preservar a qualidade de vida e o bem-estar. \u00c9 nesse cen\u00e1rio que [&hellip;]<\/p>\n","protected":false},"author":11,"featured_media":9529,"comment_status":"open","ping_status":"open","sticky":false,"template":"","format":"standard","meta":{"_yoast_wpseo_focuskw":"arteterapia","_yoast_wpseo_title":"","_yoast_wpseo_metadesc":"Uma atividade simples e criativa pode melhorar o humor, a cogni\u00e7\u00e3o e at\u00e9 a coordena\u00e7\u00e3o de idosos. Veja como aplicar a arteterapia no dia a dia.","jnews-multi-image_gallery":[],"jnews_single_post":{"format":"standard"},"jnews_primary_category":[],"jnews_social_meta":[],"jnews_override_counter":[],"footnotes":""},"categories":[119],"post_tag":[120,565,201],"class_list":["post-47771","post","type-post","status-publish","format-standard","has-post-thumbnail","hentry","category-bem-estar","tag-bem-estar","tag-saude","tag-terceira-idade"],"yoast_head":"<!-- This site is optimized with the Yoast SEO plugin v24.6 - https:\/\/yoast.com\/wordpress\/plugins\/seo\/ -->\n<title>Esta pr\u00e1tica simples tem mudado vidas na terceira idade - Correio Braziliense - Radar<\/title>\n<meta name=\"description\" content=\"Uma atividade simples e criativa pode melhorar o humor, a cogni\u00e7\u00e3o e at\u00e9 a coordena\u00e7\u00e3o de idosos. Veja como aplicar a arteterapia no dia a dia.\" \/>\n<meta name=\"robots\" content=\"index, follow, max-snippet:-1, max-image-preview:large, max-video-preview:-1\" \/>\n<link rel=\"canonical\" href=\"https:\/\/www.correiobraziliense.com.br\/cbradar\/esta-pratica-simples-tem-mudado-vidas-na-terceira-idade\/\" \/>\n<meta property=\"og:locale\" content=\"pt_BR\" \/>\n<meta property=\"og:type\" content=\"article\" \/>\n<meta property=\"og:title\" content=\"Esta pr\u00e1tica simples tem mudado vidas na terceira idade - Correio Braziliense - Radar\" \/>\n<meta property=\"og:description\" content=\"Uma atividade simples e criativa pode melhorar o humor, a cogni\u00e7\u00e3o e at\u00e9 a coordena\u00e7\u00e3o de idosos. Veja como aplicar a arteterapia no dia a dia.\" \/>\n<meta property=\"og:url\" content=\"https:\/\/www.correiobraziliense.com.br\/cbradar\/esta-pratica-simples-tem-mudado-vidas-na-terceira-idade\/\" \/>\n<meta property=\"og:site_name\" content=\"Correio Braziliense - Radar\" \/>\n<meta property=\"article:published_time\" content=\"2025-06-05T16:23:00+00:00\" \/>\n<meta property=\"og:image\" content=\"https:\/\/www.correiobraziliense.com.br\/cbradar\/wp-content\/uploads\/2025\/03\/idosa_1741267808201.jpg\" \/>\n\t<meta property=\"og:image:width\" content=\"1280\" \/>\n\t<meta property=\"og:image:height\" content=\"720\" \/>\n\t<meta property=\"og:image:type\" content=\"image\/jpeg\" \/>\n<meta name=\"author\" content=\"Paulo Custodio\" \/>\n<meta name=\"twitter:card\" content=\"summary_large_image\" \/>\n<meta name=\"twitter:label1\" content=\"Escrito por\" \/>\n\t<meta name=\"twitter:data1\" content=\"Paulo Custodio\" \/>\n\t<meta name=\"twitter:label2\" content=\"Est. tempo de leitura\" \/>\n\t<meta name=\"twitter:data2\" content=\"7 minutos\" \/>\n<!-- \/ Yoast SEO plugin. -->","yoast_head_json":{"title":"Esta pr\u00e1tica simples tem mudado vidas na terceira idade - Correio Braziliense - Radar","description":"Uma atividade simples e criativa pode melhorar o humor, a cogni\u00e7\u00e3o e at\u00e9 a coordena\u00e7\u00e3o de idosos. Veja como aplicar a arteterapia no dia a dia.","robots":{"index":"index","follow":"follow","max-snippet":"max-snippet:-1","max-image-preview":"max-image-preview:large","max-video-preview":"max-video-preview:-1"},"canonical":"https:\/\/www.correiobraziliense.com.br\/cbradar\/esta-pratica-simples-tem-mudado-vidas-na-terceira-idade\/","og_locale":"pt_BR","og_type":"article","og_title":"Esta pr\u00e1tica simples tem mudado vidas na terceira idade - Correio Braziliense - Radar","og_description":"Uma atividade simples e criativa pode melhorar o humor, a cogni\u00e7\u00e3o e at\u00e9 a coordena\u00e7\u00e3o de idosos. Veja como aplicar a arteterapia no dia a dia.","og_url":"https:\/\/www.correiobraziliense.com.br\/cbradar\/esta-pratica-simples-tem-mudado-vidas-na-terceira-idade\/","og_site_name":"Correio Braziliense - Radar","article_published_time":"2025-06-05T16:23:00+00:00","og_image":[{"width":1280,"height":720,"url":"https:\/\/www.correiobraziliense.com.br\/cbradar\/wp-content\/uploads\/2025\/03\/idosa_1741267808201.jpg","type":"image\/jpeg"}],"author":"Paulo Custodio","twitter_card":"summary_large_image","twitter_misc":{"Escrito por":"Paulo Custodio","Est. tempo de leitura":"7 minutos"},"schema":{"@context":"https:\/\/schema.org","@graph":[{"@type":"WebPage","@id":"https:\/\/www.correiobraziliense.com.br\/cbradar\/esta-pratica-simples-tem-mudado-vidas-na-terceira-idade\/","url":"https:\/\/www.correiobraziliense.com.br\/cbradar\/esta-pratica-simples-tem-mudado-vidas-na-terceira-idade\/","name":"Esta pr\u00e1tica simples tem mudado vidas na terceira idade - Correio Braziliense - Radar","isPartOf":{"@id":"https:\/\/www.correiobraziliense.com.br\/cbradar\/#website"},"primaryImageOfPage":{"@id":"https:\/\/www.correiobraziliense.com.br\/cbradar\/esta-pratica-simples-tem-mudado-vidas-na-terceira-idade\/#primaryimage"},"image":{"@id":"https:\/\/www.correiobraziliense.com.br\/cbradar\/esta-pratica-simples-tem-mudado-vidas-na-terceira-idade\/#primaryimage"},"thumbnailUrl":"https:\/\/www.correiobraziliense.com.br\/cbradar\/wp-content\/uploads\/2025\/03\/idosa_1741267808201.jpg","datePublished":"2025-06-05T16:23:00+00:00","author":{"@id":"https:\/\/www.correiobraziliense.com.br\/cbradar\/#\/schema\/person\/4cec7857301a9a1a2ef249893cd908d3"},"description":"Uma atividade simples e criativa pode melhorar o humor, a cogni\u00e7\u00e3o e at\u00e9 a coordena\u00e7\u00e3o de idosos. Veja como aplicar a arteterapia no dia a dia.","breadcrumb":{"@id":"https:\/\/www.correiobraziliense.com.br\/cbradar\/esta-pratica-simples-tem-mudado-vidas-na-terceira-idade\/#breadcrumb"},"inLanguage":"pt-BR","potentialAction":[{"@type":"ReadAction","target":["https:\/\/www.correiobraziliense.com.br\/cbradar\/esta-pratica-simples-tem-mudado-vidas-na-terceira-idade\/"]}]},{"@type":"ImageObject","inLanguage":"pt-BR","@id":"https:\/\/www.correiobraziliense.com.br\/cbradar\/esta-pratica-simples-tem-mudado-vidas-na-terceira-idade\/#primaryimage","url":"https:\/\/www.correiobraziliense.com.br\/cbradar\/wp-content\/uploads\/2025\/03\/idosa_1741267808201.jpg","contentUrl":"https:\/\/www.correiobraziliense.com.br\/cbradar\/wp-content\/uploads\/2025\/03\/idosa_1741267808201.jpg","width":1280,"height":720,"caption":"Idosa - Cr\u00e9ditos: depositphotos.com \/ serezniy"},{"@type":"BreadcrumbList","@id":"https:\/\/www.correiobraziliense.com.br\/cbradar\/esta-pratica-simples-tem-mudado-vidas-na-terceira-idade\/#breadcrumb","itemListElement":[{"@type":"ListItem","position":1,"name":"In\u00edcio","item":"https:\/\/www.correiobraziliense.com.br\/cbradar\/"},{"@type":"ListItem","position":2,"name":"Esta pr\u00e1tica simples tem mudado vidas na terceira idade"}]},{"@type":"WebSite","@id":"https:\/\/www.correiobraziliense.com.br\/cbradar\/#website","url":"https:\/\/www.correiobraziliense.com.br\/cbradar\/","name":"Correio Braziliense - Radar","description":"Acompanhe as \u00faltimas not\u00edcias e fique bem informado sobre tudo o que acontece no Brasil e no mundo.","potentialAction":[{"@type":"SearchAction","target":{"@type":"EntryPoint","urlTemplate":"https:\/\/www.correiobraziliense.com.br\/cbradar\/?s={search_term_string}"},"query-input":{"@type":"PropertyValueSpecification","valueRequired":true,"valueName":"search_term_string"}}],"inLanguage":"pt-BR"},{"@type":"Person","@id":"https:\/\/www.correiobraziliense.com.br\/cbradar\/#\/schema\/person\/4cec7857301a9a1a2ef249893cd908d3","name":"Paulo Custodio","image":{"@type":"ImageObject","inLanguage":"pt-BR","@id":"https:\/\/www.correiobraziliense.com.br\/cbradar\/#\/schema\/person\/image\/","url":"https:\/\/secure.gravatar.com\/avatar\/bcd67168d1534e8fcf4f45c726a87cea?s=96&d=mm&r=g","contentUrl":"https:\/\/secure.gravatar.com\/avatar\/bcd67168d1534e8fcf4f45c726a87cea?s=96&d=mm&r=g","caption":"Paulo Custodio"},"sameAs":["https:\/\/www.correiobraziliense.com.br\/cbradar"],"url":"https:\/\/www.correiobraziliense.com.br\/cbradar\/author\/paulomyth\/"}]}},"_links":{"self":[{"href":"https:\/\/www.correiobraziliense.com.br\/cbradar\/wp-json\/wp\/v2\/posts\/47771","targetHints":{"allow":["GET"]}}],"collection":[{"href":"https:\/\/www.correiobraziliense.com.br\/cbradar\/wp-json\/wp\/v2\/posts"}],"about":[{"href":"https:\/\/www.correiobraziliense.com.br\/cbradar\/wp-json\/wp\/v2\/types\/post"}],"author":[{"embeddable":true,"href":"https:\/\/www.correiobraziliense.com.br\/cbradar\/wp-json\/wp\/v2\/users\/11"}],"replies":[{"embeddable":true,"href":"https:\/\/www.correiobraziliense.com.br\/cbradar\/wp-json\/wp\/v2\/comments?post=47771"}],"version-history":[{"count":2,"href":"https:\/\/www.correiobraziliense.com.br\/cbradar\/wp-json\/wp\/v2\/posts\/47771\/revisions"}],"predecessor-version":[{"id":47820,"href":"https:\/\/www.correiobraziliense.com.br\/cbradar\/wp-json\/wp\/v2\/posts\/47771\/revisions\/47820"}],"wp:featuredmedia":[{"embeddable":true,"href":"https:\/\/www.correiobraziliense.com.br\/cbradar\/wp-json\/wp\/v2\/media\/9529"}],"wp:attachment":[{"href":"https:\/\/www.correiobraziliense.com.br\/cbradar\/wp-json\/wp\/v2\/media?parent=47771"}],"wp:term":[{"taxonomy":"category","embeddable":true,"href":"https:\/\/www.correiobraziliense.com.br\/cbradar\/wp-json\/wp\/v2\/categories?post=47771"},{"taxonomy":"post_tag","embeddable":true,"href":"https:\/\/www.correiobraziliense.com.br\/cbradar\/wp-json\/wp\/v2\/post_tag?post=47771"}],"curies":[{"name":"wp","href":"https:\/\/api.w.org\/{rel}","templated":true}]}}